{"id":26596,"date":"2026-03-13T10:19:42","date_gmt":"2026-03-13T10:19:42","guid":{"rendered":"https:\/\/www.press7.tv\/?p=26596"},"modified":"2026-03-13T10:19:42","modified_gmt":"2026-03-13T10:19:42","slug":"konjufca-mirepret-heqjen-e-fusnotes-per-kosoven","status":"publish","type":"post","link":"https:\/\/www.press7.tv\/?p=26596","title":{"rendered":"Konjufca mir\u00ebpret heqjen e fusnot\u00ebs p\u00ebr Kosov\u00ebn"},"content":{"rendered":"\n    <div class=\"xs_social_share_widget xs_share_url before_content \t\tmain_content  wslu-style-2 wslu-share-box-shaped wslu-fill-colored wslu-share-m-5 wslu-none wslu-share-vertical wslu-theme-font-no wslu-main_content\">\n\n\t\t\n        <ul>\n\t\t\t        <\/ul>\n    <\/div> \n<p>Komiteti i rajoneve i Bashkimit Evropian ka vendosur t\u00eb heq\u00eb asteriskun dhe fusnot\u00ebn nga p\u00ebrdorimi p\u00ebr Kosov\u00ebn n\u00eb dokumentet e tij zyrtare, me q\u00ebllim q\u00eb terminologjia t\u00eb harmonizohet me at\u00eb t\u00eb Parlamenti Evropian.<\/p>\n<p>Lidhur me k\u00ebt\u00eb zhvillim ka reaguar n\u00eb rrjetin social X z\u00ebvend\u00ebskryeministri i par\u00eb dhe ministri i Pun\u00ebve t\u00eb Jashtme, Glauk Konjufca.<\/p>\n<p>Ai e ka mir\u00ebpritur vendimin e Komitetit t\u00eb rajoneve p\u00ebr t\u00eb nd\u00ebrprer\u00eb p\u00ebrdorimin e termit \u201cKosova*\u201d dhe fusnot\u00ebs shoq\u00ebruese n\u00eb dokumentet publike, duke theksuar se ky hap e afron k\u00ebt\u00eb institucion me q\u00ebndrimin e Parlamentit Evropian dhe sjell m\u00eb shum\u00eb qart\u00ebsi institucionale n\u00eb lidhje me perspektiv\u00ebn evropiane t\u00eb Kosov\u00ebs.<\/p>\n<p>\u201cNe mir\u00ebpresim vendimin e Komitetit t\u00eb rajoneve p\u00ebr t\u00eb nd\u00ebrprer\u00eb p\u00ebrdorimin e \u2018Kosovo*\u2019 dhe fusnot\u00ebs shoq\u00ebruese n\u00eb dokumentet e tij publike. Ky hap e rreshton Komitetin me Parlamentin Evropian dhe pasqyron nj\u00eb qart\u00ebsi m\u00eb t\u00eb madhe institucionale sa i p\u00ebrket perspektiv\u00ebs evropiane t\u00eb Kosov\u00ebs\u201d, ka shkruar ai.<\/p>\n<p>Konjufca gjithashtu ka shprehur fal\u00ebnderim t\u00eb ve\u00e7ant\u00eb p\u00ebr Gillian Coughlanin, kryetare e Grupit t\u00eb pun\u00ebs p\u00ebr Kosov\u00ebn n\u00eb Komitetin e rajoneve dhe raportuese p\u00ebr zgjerimin, p\u00ebr mb\u00ebshtetjen e saj parimore dhe angazhimin e vazhduesh\u00ebm p\u00ebr Kosov\u00ebn.<\/p>\n","protected":false},"excerpt":{"rendered":"<p>Komiteti i rajoneve i Bashkimit Evropian ka vendosur t\u00eb heq\u00eb asteriskun dhe fusnot\u00ebn nga p\u00ebrdorimi p\u00ebr Kosov\u00ebn n\u00eb dokumentet e tij zyrtare, me q\u00ebllim q\u00eb terminologjia t\u00eb harmonizohet me at\u00eb t\u00eb Parlamenti Evropian. Lidhur me k\u00ebt\u00eb zhvillim ka reaguar n\u00eb rrjetin social X z\u00ebvend\u00ebskryeministri i par\u00eb dhe ministri i Pun\u00ebve t\u00eb Jashtme, Glauk Konjufca. Ai [&hellip;]<\/p>\n","protected":false},"author":8,"featured_media":26597,"comment_status":"closed","ping_status":"closed","sticky":false,"template":"","format":"standard","meta":{"footnotes":""},"categories":[215,213],"tags":[],"class_list":["post-26596","post","type-post","status-publish","format-standard","has-post-thumbnail","hentry","category-kosove","category-lajme"],"yoast_head":"<!-- This site is optimized with the Yoast SEO plugin v25.1 - https:\/\/yoast.com\/wordpress\/plugins\/seo\/ -->\n<title>Konjufca mir\u00ebpret heqjen e fusnot\u00ebs p\u00ebr Kosov\u00ebn - press7.tv<\/title>\n<meta name=\"robots\" content=\"index, follow, max-snippet:-1, max-image-preview:large, max-video-preview:-1\" \/>\n<link rel=\"canonical\" href=\"https:\/\/www.press7.tv\/?p=26596\" \/>\n<meta property=\"og:locale\" content=\"en_US\" \/>\n<meta property=\"og:type\" content=\"article\" \/>\n<meta property=\"og:title\" content=\"Konjufca mir\u00ebpret heqjen e fusnot\u00ebs p\u00ebr Kosov\u00ebn - press7.tv\" \/>\n<meta property=\"og:description\" content=\"Komiteti i rajoneve i Bashkimit Evropian ka vendosur t\u00eb heq\u00eb asteriskun dhe fusnot\u00ebn nga p\u00ebrdorimi p\u00ebr Kosov\u00ebn n\u00eb dokumentet e tij zyrtare, me q\u00ebllim q\u00eb terminologjia t\u00eb harmonizohet me at\u00eb t\u00eb Parlamenti Evropian. Lidhur me k\u00ebt\u00eb zhvillim ka reaguar n\u00eb rrjetin social X z\u00ebvend\u00ebskryeministri i par\u00eb dhe ministri i Pun\u00ebve t\u00eb Jashtme, Glauk Konjufca. Ai [&hellip;]\" \/>\n<meta property=\"og:url\" content=\"https:\/\/www.press7.tv\/?p=26596\" \/>\n<meta property=\"og:site_name\" content=\"press7.tv\" \/>\n<meta property=\"article:publisher\" content=\"https:\/\/www.facebook.com\/press7.tv\" \/>\n<meta property=\"article:published_time\" content=\"2026-03-13T10:19:42+00:00\" \/>\n<meta property=\"og:image\" content=\"https:\/\/www.press7.tv\/wp-content\/uploads\/2026\/03\/IMG_7716.avif\" \/>\n\t<meta property=\"og:image:width\" content=\"1106\" \/>\n\t<meta property=\"og:image:height\" content=\"649\" \/>\n\t<meta property=\"og:image:type\" content=\"image\/jpeg\" \/>\n<meta name=\"author\" content=\"gazetar2\" \/>\n<meta name=\"twitter:card\" content=\"summary_large_image\" \/>\n<meta name=\"twitter:label1\" content=\"Written by\" \/>\n\t<meta name=\"twitter:data1\" content=\"gazetar2\" \/>\n\t<meta name=\"twitter:label2\" content=\"Est. reading time\" \/>\n\t<meta name=\"twitter:data2\" content=\"1 minute\" \/>\n<script type=\"application\/ld+json\" class=\"yoast-schema-graph\">{\"@context\":\"https:\/\/schema.org\",\"@graph\":[{\"@type\":\"Article\",\"@id\":\"https:\/\/www.press7.tv\/?p=26596#article\",\"isPartOf\":{\"@id\":\"https:\/\/www.press7.tv\/?p=26596\"},\"author\":{\"name\":\"gazetar2\",\"@id\":\"https:\/\/www.news33.tv\/#\/schema\/person\/5a04a38a23ccdba82f9bd665cd8f9efa\"},\"headline\":\"Konjufca mir\u00ebpret heqjen e fusnot\u00ebs p\u00ebr Kosov\u00ebn\",\"datePublished\":\"2026-03-13T10:19:42+00:00\",\"mainEntityOfPage\":{\"@id\":\"https:\/\/www.press7.tv\/?p=26596\"},\"wordCount\":239,\"publisher\":{\"@id\":\"https:\/\/www.news33.tv\/#organization\"},\"image\":{\"@id\":\"https:\/\/www.press7.tv\/?p=26596#primaryimage\"},\"thumbnailUrl\":\"https:\/\/www.press7.tv\/wp-content\/uploads\/2026\/03\/IMG_7716.avif\",\"articleSection\":[\"Kosov\u00eb\",\"Lajme\"],\"inLanguage\":\"en-US\"},{\"@type\":\"WebPage\",\"@id\":\"https:\/\/www.press7.tv\/?p=26596\",\"url\":\"https:\/\/www.press7.tv\/?p=26596\",\"name\":\"Konjufca mir\u00ebpret heqjen e fusnot\u00ebs p\u00ebr Kosov\u00ebn - press7.tv\",\"isPartOf\":{\"@id\":\"https:\/\/www.news33.tv\/#website\"},\"primaryImageOfPage\":{\"@id\":\"https:\/\/www.press7.tv\/?p=26596#primaryimage\"},\"image\":{\"@id\":\"https:\/\/www.press7.tv\/?p=26596#primaryimage\"},\"thumbnailUrl\":\"https:\/\/www.press7.tv\/wp-content\/uploads\/2026\/03\/IMG_7716.avif\",\"datePublished\":\"2026-03-13T10:19:42+00:00\",\"breadcrumb\":{\"@id\":\"https:\/\/www.press7.tv\/?p=26596#breadcrumb\"},\"inLanguage\":\"en-US\",\"potentialAction\":[{\"@type\":\"ReadAction\",\"target\":[\"https:\/\/www.press7.tv\/?p=26596\"]}]},{\"@type\":\"ImageObject\",\"inLanguage\":\"en-US\",\"@id\":\"https:\/\/www.press7.tv\/?p=26596#primaryimage\",\"url\":\"https:\/\/www.press7.tv\/wp-content\/uploads\/2026\/03\/IMG_7716.avif\",\"contentUrl\":\"https:\/\/www.press7.tv\/wp-content\/uploads\/2026\/03\/IMG_7716.avif\",\"width\":1106,\"height\":649,\"caption\":\"Screenshot\"},{\"@type\":\"BreadcrumbList\",\"@id\":\"https:\/\/www.press7.tv\/?p=26596#breadcrumb\",\"itemListElement\":[{\"@type\":\"ListItem\",\"position\":1,\"name\":\"Home\",\"item\":\"https:\/\/www.press7.tv\/\"},{\"@type\":\"ListItem\",\"position\":2,\"name\":\"Konjufca mir\u00ebpret heqjen e fusnot\u00ebs p\u00ebr Kosov\u00ebn\"}]},{\"@type\":\"WebSite\",\"@id\":\"https:\/\/www.news33.tv\/#website\",\"url\":\"https:\/\/www.news33.tv\/\",\"name\":\"News33.tv Media\",\"description\":\"Media\",\"publisher\":{\"@id\":\"https:\/\/www.news33.tv\/#organization\"},\"potentialAction\":[{\"@type\":\"SearchAction\",\"target\":{\"@type\":\"EntryPoint\",\"urlTemplate\":\"https:\/\/www.news33.tv\/?s={search_term_string}\"},\"query-input\":{\"@type\":\"PropertyValueSpecification\",\"valueRequired\":true,\"valueName\":\"search_term_string\"}}],\"inLanguage\":\"en-US\"},{\"@type\":\"Organization\",\"@id\":\"https:\/\/www.news33.tv\/#organization\",\"name\":\"News33.tv Media\",\"url\":\"https:\/\/www.news33.tv\/\",\"logo\":{\"@type\":\"ImageObject\",\"inLanguage\":\"en-US\",\"@id\":\"https:\/\/www.news33.tv\/#\/schema\/logo\/image\/\",\"url\":\"https:\/\/www.press7.tv\/wp-content\/uploads\/2024\/02\/logo-news33-black.png\",\"contentUrl\":\"https:\/\/www.press7.tv\/wp-content\/uploads\/2024\/02\/logo-news33-black.png\",\"width\":180,\"height\":37,\"caption\":\"News33.tv Media\"},\"image\":{\"@id\":\"https:\/\/www.news33.tv\/#\/schema\/logo\/image\/\"},\"sameAs\":[\"https:\/\/www.facebook.com\/press7.tv\"]},{\"@type\":\"Person\",\"@id\":\"https:\/\/www.news33.tv\/#\/schema\/person\/5a04a38a23ccdba82f9bd665cd8f9efa\",\"name\":\"gazetar2\",\"image\":{\"@type\":\"ImageObject\",\"inLanguage\":\"en-US\",\"@id\":\"https:\/\/www.news33.tv\/#\/schema\/person\/image\/\",\"url\":\"https:\/\/www.press7.tv\/wp-content\/litespeed\/avatar\/41975e402c3049d9ddb03adca8f7a883.jpg?ver=1777169572\",\"contentUrl\":\"https:\/\/www.press7.tv\/wp-content\/litespeed\/avatar\/41975e402c3049d9ddb03adca8f7a883.jpg?ver=1777169572\",\"caption\":\"gazetar2\"},\"url\":\"https:\/\/www.press7.tv\/?author=8\"}]}<\/script>\n<!-- \/ Yoast SEO plugin. -->","yoast_head_json":{"title":"Konjufca mir\u00ebpret heqjen e fusnot\u00ebs p\u00ebr Kosov\u00ebn - press7.tv","robots":{"index":"index","follow":"follow","max-snippet":"max-snippet:-1","max-image-preview":"max-image-preview:large","max-video-preview":"max-video-preview:-1"},"canonical":"https:\/\/www.press7.tv\/?p=26596","og_locale":"en_US","og_type":"article","og_title":"Konjufca mir\u00ebpret heqjen e fusnot\u00ebs p\u00ebr Kosov\u00ebn - press7.tv","og_description":"Komiteti i rajoneve i Bashkimit Evropian ka vendosur t\u00eb heq\u00eb asteriskun dhe fusnot\u00ebn nga p\u00ebrdorimi p\u00ebr Kosov\u00ebn n\u00eb dokumentet e tij zyrtare, me q\u00ebllim q\u00eb terminologjia t\u00eb harmonizohet me at\u00eb t\u00eb Parlamenti Evropian. Lidhur me k\u00ebt\u00eb zhvillim ka reaguar n\u00eb rrjetin social X z\u00ebvend\u00ebskryeministri i par\u00eb dhe ministri i Pun\u00ebve t\u00eb Jashtme, Glauk Konjufca. Ai [&hellip;]","og_url":"https:\/\/www.press7.tv\/?p=26596","og_site_name":"press7.tv","article_publisher":"https:\/\/www.facebook.com\/press7.tv","article_published_time":"2026-03-13T10:19:42+00:00","og_image":[{"width":1106,"height":649,"url":"https:\/\/www.press7.tv\/wp-content\/uploads\/2026\/03\/IMG_7716.avif","type":"image\/jpeg"}],"author":"gazetar2","twitter_card":"summary_large_image","twitter_misc":{"Written by":"gazetar2","Est. reading time":"1 minute"},"schema":{"@context":"https:\/\/schema.org","@graph":[{"@type":"Article","@id":"https:\/\/www.press7.tv\/?p=26596#article","isPartOf":{"@id":"https:\/\/www.press7.tv\/?p=26596"},"author":{"name":"gazetar2","@id":"https:\/\/www.news33.tv\/#\/schema\/person\/5a04a38a23ccdba82f9bd665cd8f9efa"},"headline":"Konjufca mir\u00ebpret heqjen e fusnot\u00ebs p\u00ebr Kosov\u00ebn","datePublished":"2026-03-13T10:19:42+00:00","mainEntityOfPage":{"@id":"https:\/\/www.press7.tv\/?p=26596"},"wordCount":239,"publisher":{"@id":"https:\/\/www.news33.tv\/#organization"},"image":{"@id":"https:\/\/www.press7.tv\/?p=26596#primaryimage"},"thumbnailUrl":"https:\/\/www.press7.tv\/wp-content\/uploads\/2026\/03\/IMG_7716.avif","articleSection":["Kosov\u00eb","Lajme"],"inLanguage":"en-US"},{"@type":"WebPage","@id":"https:\/\/www.press7.tv\/?p=26596","url":"https:\/\/www.press7.tv\/?p=26596","name":"Konjufca mir\u00ebpret heqjen e fusnot\u00ebs p\u00ebr Kosov\u00ebn - press7.tv","isPartOf":{"@id":"https:\/\/www.news33.tv\/#website"},"primaryImageOfPage":{"@id":"https:\/\/www.press7.tv\/?p=26596#primaryimage"},"image":{"@id":"https:\/\/www.press7.tv\/?p=26596#primaryimage"},"thumbnailUrl":"https:\/\/www.press7.tv\/wp-content\/uploads\/2026\/03\/IMG_7716.avif","datePublished":"2026-03-13T10:19:42+00:00","breadcrumb":{"@id":"https:\/\/www.press7.tv\/?p=26596#breadcrumb"},"inLanguage":"en-US","potentialAction":[{"@type":"ReadAction","target":["https:\/\/www.press7.tv\/?p=26596"]}]},{"@type":"ImageObject","inLanguage":"en-US","@id":"https:\/\/www.press7.tv\/?p=26596#primaryimage","url":"https:\/\/www.press7.tv\/wp-content\/uploads\/2026\/03\/IMG_7716.avif","contentUrl":"https:\/\/www.press7.tv\/wp-content\/uploads\/2026\/03\/IMG_7716.avif","width":1106,"height":649,"caption":"Screenshot"},{"@type":"BreadcrumbList","@id":"https:\/\/www.press7.tv\/?p=26596#breadcrumb","itemListElement":[{"@type":"ListItem","position":1,"name":"Home","item":"https:\/\/www.press7.tv\/"},{"@type":"ListItem","position":2,"name":"Konjufca mir\u00ebpret heqjen e fusnot\u00ebs p\u00ebr Kosov\u00ebn"}]},{"@type":"WebSite","@id":"https:\/\/www.news33.tv\/#website","url":"https:\/\/www.news33.tv\/","name":"News33.tv Media","description":"Media","publisher":{"@id":"https:\/\/www.news33.tv\/#organization"},"potentialAction":[{"@type":"SearchAction","target":{"@type":"EntryPoint","urlTemplate":"https:\/\/www.news33.tv\/?s={search_term_string}"},"query-input":{"@type":"PropertyValueSpecification","valueRequired":true,"valueName":"search_term_string"}}],"inLanguage":"en-US"},{"@type":"Organization","@id":"https:\/\/www.news33.tv\/#organization","name":"News33.tv Media","url":"https:\/\/www.news33.tv\/","logo":{"@type":"ImageObject","inLanguage":"en-US","@id":"https:\/\/www.news33.tv\/#\/schema\/logo\/image\/","url":"https:\/\/www.press7.tv\/wp-content\/uploads\/2024\/02\/logo-news33-black.png","contentUrl":"https:\/\/www.press7.tv\/wp-content\/uploads\/2024\/02\/logo-news33-black.png","width":180,"height":37,"caption":"News33.tv Media"},"image":{"@id":"https:\/\/www.news33.tv\/#\/schema\/logo\/image\/"},"sameAs":["https:\/\/www.facebook.com\/press7.tv"]},{"@type":"Person","@id":"https:\/\/www.news33.tv\/#\/schema\/person\/5a04a38a23ccdba82f9bd665cd8f9efa","name":"gazetar2","image":{"@type":"ImageObject","inLanguage":"en-US","@id":"https:\/\/www.news33.tv\/#\/schema\/person\/image\/","url":"https:\/\/www.press7.tv\/wp-content\/litespeed\/avatar\/41975e402c3049d9ddb03adca8f7a883.jpg?ver=1777169572","contentUrl":"https:\/\/www.press7.tv\/wp-content\/litespeed\/avatar\/41975e402c3049d9ddb03adca8f7a883.jpg?ver=1777169572","caption":"gazetar2"},"url":"https:\/\/www.press7.tv\/?author=8"}]}},"amp_enabled":true,"_links":{"self":[{"href":"https:\/\/www.press7.tv\/index.php?rest_route=\/wp\/v2\/posts\/26596","targetHints":{"allow":["GET"]}}],"collection":[{"href":"https:\/\/www.press7.tv\/index.php?rest_route=\/wp\/v2\/posts"}],"about":[{"href":"https:\/\/www.press7.tv\/index.php?rest_route=\/wp\/v2\/types\/post"}],"author":[{"embeddable":true,"href":"https:\/\/www.press7.tv\/index.php?rest_route=\/wp\/v2\/users\/8"}],"replies":[{"embeddable":true,"href":"https:\/\/www.press7.tv\/index.php?rest_route=%2Fwp%2Fv2%2Fcomments&post=26596"}],"version-history":[{"count":1,"href":"https:\/\/www.press7.tv\/index.php?rest_route=\/wp\/v2\/posts\/26596\/revisions"}],"predecessor-version":[{"id":26598,"href":"https:\/\/www.press7.tv\/index.php?rest_route=\/wp\/v2\/posts\/26596\/revisions\/26598"}],"wp:featuredmedia":[{"embeddable":true,"href":"https:\/\/www.press7.tv\/index.php?rest_route=\/wp\/v2\/media\/26597"}],"wp:attachment":[{"href":"https:\/\/www.press7.tv\/index.php?rest_route=%2Fwp%2Fv2%2Fmedia&parent=26596"}],"wp:term":[{"taxonomy":"category","embeddable":true,"href":"https:\/\/www.press7.tv\/index.php?rest_route=%2Fwp%2Fv2%2Fcategories&post=26596"},{"taxonomy":"post_tag","embeddable":true,"href":"https:\/\/www.press7.tv\/index.php?rest_route=%2Fwp%2Fv2%2Ftags&post=26596"}],"curies":[{"name":"wp","href":"https:\/\/api.w.org\/{rel}","templated":true}]}}