{"id":26593,"date":"2026-03-12T21:24:46","date_gmt":"2026-03-12T21:24:46","guid":{"rendered":"https:\/\/www.press7.tv\/?p=26593"},"modified":"2026-03-12T21:24:46","modified_gmt":"2026-03-12T21:24:46","slug":"qoku-shovinisti-kostadinovski-po-e-fundos-edhe-me-shume-drejtesine","status":"publish","type":"post","link":"https:\/\/www.press7.tv\/?p=26593","title":{"rendered":"Qoku: Shovinisti Kostadinovski po e fundos edhe m\u00eb shum\u00eb drejt\u00ebsin\u00eb"},"content":{"rendered":"\n    <div class=\"xs_social_share_widget xs_share_url before_content \t\tmain_content  wslu-style-2 wslu-share-box-shaped wslu-fill-colored wslu-share-m-5 wslu-none wslu-share-vertical wslu-theme-font-no wslu-main_content\">\n\n\t\t\n        <ul>\n\t\t\t        <\/ul>\n    <\/div> \n<p>Deputeti i koalicionit VLEN, Bekim Qoku, ka reaguar ashp\u00ebr ndaj kryetarit t\u00eb Gjykata Kushtetuese e Maqedonis\u00eb s\u00eb Veriut, Darko Kostadinovski, duke e cil\u00ebsuar at\u00eb si pjes\u00eb t\u00eb nj\u00eb sistemi t\u00eb kapur dhe t\u00eb prishur t\u00eb drejt\u00ebsis\u00eb n\u00eb vend.<\/p>\n<p>Sipas Qokut, Kostadinovski \u00ebsht\u00eb nj\u00eb nga mbetjet m\u00eb tipike t\u00eb nj\u00eb sistemi gjyq\u00ebsor q\u00eb p\u00ebr vite me radh\u00eb \u00ebsht\u00eb nd\u00ebrtuar dhe mbrojtur nga Bashkimi Demokratik p\u00ebr Integrim (BDI), nd\u00ebrsa sot gjyq\u00ebsori n\u00eb Maqedonia e Veriut renditet nd\u00ebr m\u00eb t\u00eb korruptuarit n\u00eb Evrop\u00eb.<\/p>\n<p>Ai thekson se Kostadinovski \u00ebsht\u00eb zgjedhur n\u00eb koh\u00ebn e legjislatur\u00ebs s\u00eb kaluar, kur \u2013 sipas tij \u2013 politika vendoste se kush do ta interpretonte Kushtetut\u00ebn. Qoku p\u00ebrmend edhe faktin se ish-kryetari i k\u00ebsaj gjykate sot \u00ebsht\u00eb deputet n\u00eb radh\u00ebt e BDI-s\u00eb, duke shtuar se me k\u00ebt\u00eb standard nuk do t\u00eb ishte befasi n\u00ebse edhe Kostadinovski nj\u00eb dit\u00eb do t\u00eb p\u00ebrfundonte n\u00eb listat e tyre p\u00ebr deputet.<\/p>\n<p>Deputeti i VLEN-it thekson se figura t\u00eb tilla, q\u00eb sipas tij jan\u00eb t\u00eb paafta dhe t\u00eb d\u00ebmshme p\u00ebr shoq\u00ebrin\u00eb, nuk duhet t\u00eb drejtojn\u00eb institucione kaq t\u00eb r\u00ebnd\u00ebsishme.<\/p>\n<p>\u201cShovinisti Darko Kostadinovski po e njollos edhe m\u00eb shum\u00eb k\u00ebt\u00eb gjyq\u00ebsor q\u00eb mezi po mbahet n\u00eb k\u00ebmb\u00eb\u201d, thuhet n\u00eb reagimin e Qokut. (INA)<\/p>\n","protected":false},"excerpt":{"rendered":"<p>Deputeti i koalicionit VLEN, Bekim Qoku, ka reaguar ashp\u00ebr ndaj kryetarit t\u00eb Gjykata Kushtetuese e Maqedonis\u00eb s\u00eb Veriut, Darko Kostadinovski, duke e cil\u00ebsuar at\u00eb si pjes\u00eb t\u00eb nj\u00eb sistemi t\u00eb kapur dhe t\u00eb prishur t\u00eb drejt\u00ebsis\u00eb n\u00eb vend. Sipas Qokut, Kostadinovski \u00ebsht\u00eb nj\u00eb nga mbetjet m\u00eb tipike t\u00eb nj\u00eb sistemi gjyq\u00ebsor q\u00eb p\u00ebr vite me [&hellip;]<\/p>\n","protected":false},"author":8,"featured_media":26594,"comment_status":"closed","ping_status":"closed","sticky":false,"template":"","format":"standard","meta":{"footnotes":""},"categories":[214],"tags":[],"class_list":["post-26593","post","type-post","status-publish","format-standard","has-post-thumbnail","hentry","category-maqedoni"],"yoast_head":"<!-- This site is optimized with the Yoast SEO plugin v25.1 - https:\/\/yoast.com\/wordpress\/plugins\/seo\/ -->\n<title>Qoku: Shovinisti Kostadinovski po e fundos edhe m\u00eb shum\u00eb drejt\u00ebsin\u00eb - press7.tv<\/title>\n<meta name=\"robots\" content=\"index, follow, max-snippet:-1, max-image-preview:large, max-video-preview:-1\" \/>\n<link rel=\"canonical\" href=\"https:\/\/www.press7.tv\/?p=26593\" \/>\n<meta property=\"og:locale\" content=\"en_US\" \/>\n<meta property=\"og:type\" content=\"article\" \/>\n<meta property=\"og:title\" content=\"Qoku: Shovinisti Kostadinovski po e fundos edhe m\u00eb shum\u00eb drejt\u00ebsin\u00eb - press7.tv\" \/>\n<meta property=\"og:description\" content=\"Deputeti i koalicionit VLEN, Bekim Qoku, ka reaguar ashp\u00ebr ndaj kryetarit t\u00eb Gjykata Kushtetuese e Maqedonis\u00eb s\u00eb Veriut, Darko Kostadinovski, duke e cil\u00ebsuar at\u00eb si pjes\u00eb t\u00eb nj\u00eb sistemi t\u00eb kapur dhe t\u00eb prishur t\u00eb drejt\u00ebsis\u00eb n\u00eb vend. Sipas Qokut, Kostadinovski \u00ebsht\u00eb nj\u00eb nga mbetjet m\u00eb tipike t\u00eb nj\u00eb sistemi gjyq\u00ebsor q\u00eb p\u00ebr vite me [&hellip;]\" \/>\n<meta property=\"og:url\" content=\"https:\/\/www.press7.tv\/?p=26593\" \/>\n<meta property=\"og:site_name\" content=\"press7.tv\" \/>\n<meta property=\"article:publisher\" content=\"https:\/\/www.facebook.com\/press7.tv\" \/>\n<meta property=\"article:published_time\" content=\"2026-03-12T21:24:46+00:00\" \/>\n<meta property=\"og:image\" content=\"https:\/\/www.press7.tv\/wp-content\/uploads\/2026\/03\/IMG_7709.avif\" \/>\n\t<meta property=\"og:image:width\" content=\"1092\" \/>\n\t<meta property=\"og:image:height\" content=\"686\" \/>\n\t<meta property=\"og:image:type\" content=\"image\/jpeg\" \/>\n<meta name=\"author\" content=\"gazetar2\" \/>\n<meta name=\"twitter:card\" content=\"summary_large_image\" \/>\n<meta name=\"twitter:label1\" content=\"Written by\" \/>\n\t<meta name=\"twitter:data1\" content=\"gazetar2\" \/>\n<script type=\"application\/ld+json\" class=\"yoast-schema-graph\">{\"@context\":\"https:\/\/schema.org\",\"@graph\":[{\"@type\":\"Article\",\"@id\":\"https:\/\/www.press7.tv\/?p=26593#article\",\"isPartOf\":{\"@id\":\"https:\/\/www.press7.tv\/?p=26593\"},\"author\":{\"name\":\"gazetar2\",\"@id\":\"https:\/\/www.news33.tv\/#\/schema\/person\/5a04a38a23ccdba82f9bd665cd8f9efa\"},\"headline\":\"Qoku: Shovinisti Kostadinovski po e fundos edhe m\u00eb shum\u00eb drejt\u00ebsin\u00eb\",\"datePublished\":\"2026-03-12T21:24:46+00:00\",\"mainEntityOfPage\":{\"@id\":\"https:\/\/www.press7.tv\/?p=26593\"},\"wordCount\":233,\"publisher\":{\"@id\":\"https:\/\/www.news33.tv\/#organization\"},\"image\":{\"@id\":\"https:\/\/www.press7.tv\/?p=26593#primaryimage\"},\"thumbnailUrl\":\"https:\/\/www.press7.tv\/wp-content\/uploads\/2026\/03\/IMG_7709.avif\",\"articleSection\":[\"Maqedoni\"],\"inLanguage\":\"en-US\"},{\"@type\":\"WebPage\",\"@id\":\"https:\/\/www.press7.tv\/?p=26593\",\"url\":\"https:\/\/www.press7.tv\/?p=26593\",\"name\":\"Qoku: Shovinisti Kostadinovski po e fundos edhe m\u00eb shum\u00eb drejt\u00ebsin\u00eb - press7.tv\",\"isPartOf\":{\"@id\":\"https:\/\/www.news33.tv\/#website\"},\"primaryImageOfPage\":{\"@id\":\"https:\/\/www.press7.tv\/?p=26593#primaryimage\"},\"image\":{\"@id\":\"https:\/\/www.press7.tv\/?p=26593#primaryimage\"},\"thumbnailUrl\":\"https:\/\/www.press7.tv\/wp-content\/uploads\/2026\/03\/IMG_7709.avif\",\"datePublished\":\"2026-03-12T21:24:46+00:00\",\"breadcrumb\":{\"@id\":\"https:\/\/www.press7.tv\/?p=26593#breadcrumb\"},\"inLanguage\":\"en-US\",\"potentialAction\":[{\"@type\":\"ReadAction\",\"target\":[\"https:\/\/www.press7.tv\/?p=26593\"]}]},{\"@type\":\"ImageObject\",\"inLanguage\":\"en-US\",\"@id\":\"https:\/\/www.press7.tv\/?p=26593#primaryimage\",\"url\":\"https:\/\/www.press7.tv\/wp-content\/uploads\/2026\/03\/IMG_7709.avif\",\"contentUrl\":\"https:\/\/www.press7.tv\/wp-content\/uploads\/2026\/03\/IMG_7709.avif\",\"width\":1092,\"height\":686,\"caption\":\"Screenshot\"},{\"@type\":\"BreadcrumbList\",\"@id\":\"https:\/\/www.press7.tv\/?p=26593#breadcrumb\",\"itemListElement\":[{\"@type\":\"ListItem\",\"position\":1,\"name\":\"Home\",\"item\":\"https:\/\/www.press7.tv\/\"},{\"@type\":\"ListItem\",\"position\":2,\"name\":\"Qoku: Shovinisti Kostadinovski po e fundos edhe m\u00eb shum\u00eb drejt\u00ebsin\u00eb\"}]},{\"@type\":\"WebSite\",\"@id\":\"https:\/\/www.news33.tv\/#website\",\"url\":\"https:\/\/www.news33.tv\/\",\"name\":\"News33.tv Media\",\"description\":\"Media\",\"publisher\":{\"@id\":\"https:\/\/www.news33.tv\/#organization\"},\"potentialAction\":[{\"@type\":\"SearchAction\",\"target\":{\"@type\":\"EntryPoint\",\"urlTemplate\":\"https:\/\/www.news33.tv\/?s={search_term_string}\"},\"query-input\":{\"@type\":\"PropertyValueSpecification\",\"valueRequired\":true,\"valueName\":\"search_term_string\"}}],\"inLanguage\":\"en-US\"},{\"@type\":\"Organization\",\"@id\":\"https:\/\/www.news33.tv\/#organization\",\"name\":\"News33.tv Media\",\"url\":\"https:\/\/www.news33.tv\/\",\"logo\":{\"@type\":\"ImageObject\",\"inLanguage\":\"en-US\",\"@id\":\"https:\/\/www.news33.tv\/#\/schema\/logo\/image\/\",\"url\":\"https:\/\/www.press7.tv\/wp-content\/uploads\/2024\/02\/logo-news33-black.png\",\"contentUrl\":\"https:\/\/www.press7.tv\/wp-content\/uploads\/2024\/02\/logo-news33-black.png\",\"width\":180,\"height\":37,\"caption\":\"News33.tv Media\"},\"image\":{\"@id\":\"https:\/\/www.news33.tv\/#\/schema\/logo\/image\/\"},\"sameAs\":[\"https:\/\/www.facebook.com\/press7.tv\"]},{\"@type\":\"Person\",\"@id\":\"https:\/\/www.news33.tv\/#\/schema\/person\/5a04a38a23ccdba82f9bd665cd8f9efa\",\"name\":\"gazetar2\",\"image\":{\"@type\":\"ImageObject\",\"inLanguage\":\"en-US\",\"@id\":\"https:\/\/www.news33.tv\/#\/schema\/person\/image\/\",\"url\":\"https:\/\/www.press7.tv\/wp-content\/litespeed\/avatar\/41975e402c3049d9ddb03adca8f7a883.jpg?ver=1777169572\",\"contentUrl\":\"https:\/\/www.press7.tv\/wp-content\/litespeed\/avatar\/41975e402c3049d9ddb03adca8f7a883.jpg?ver=1777169572\",\"caption\":\"gazetar2\"},\"url\":\"https:\/\/www.press7.tv\/?author=8\"}]}<\/script>\n<!-- \/ Yoast SEO plugin. -->","yoast_head_json":{"title":"Qoku: Shovinisti Kostadinovski po e fundos edhe m\u00eb shum\u00eb drejt\u00ebsin\u00eb - press7.tv","robots":{"index":"index","follow":"follow","max-snippet":"max-snippet:-1","max-image-preview":"max-image-preview:large","max-video-preview":"max-video-preview:-1"},"canonical":"https:\/\/www.press7.tv\/?p=26593","og_locale":"en_US","og_type":"article","og_title":"Qoku: Shovinisti Kostadinovski po e fundos edhe m\u00eb shum\u00eb drejt\u00ebsin\u00eb - press7.tv","og_description":"Deputeti i koalicionit VLEN, Bekim Qoku, ka reaguar ashp\u00ebr ndaj kryetarit t\u00eb Gjykata Kushtetuese e Maqedonis\u00eb s\u00eb Veriut, Darko Kostadinovski, duke e cil\u00ebsuar at\u00eb si pjes\u00eb t\u00eb nj\u00eb sistemi t\u00eb kapur dhe t\u00eb prishur t\u00eb drejt\u00ebsis\u00eb n\u00eb vend. Sipas Qokut, Kostadinovski \u00ebsht\u00eb nj\u00eb nga mbetjet m\u00eb tipike t\u00eb nj\u00eb sistemi gjyq\u00ebsor q\u00eb p\u00ebr vite me [&hellip;]","og_url":"https:\/\/www.press7.tv\/?p=26593","og_site_name":"press7.tv","article_publisher":"https:\/\/www.facebook.com\/press7.tv","article_published_time":"2026-03-12T21:24:46+00:00","og_image":[{"width":1092,"height":686,"url":"https:\/\/www.press7.tv\/wp-content\/uploads\/2026\/03\/IMG_7709.avif","type":"image\/jpeg"}],"author":"gazetar2","twitter_card":"summary_large_image","twitter_misc":{"Written by":"gazetar2"},"schema":{"@context":"https:\/\/schema.org","@graph":[{"@type":"Article","@id":"https:\/\/www.press7.tv\/?p=26593#article","isPartOf":{"@id":"https:\/\/www.press7.tv\/?p=26593"},"author":{"name":"gazetar2","@id":"https:\/\/www.news33.tv\/#\/schema\/person\/5a04a38a23ccdba82f9bd665cd8f9efa"},"headline":"Qoku: Shovinisti Kostadinovski po e fundos edhe m\u00eb shum\u00eb drejt\u00ebsin\u00eb","datePublished":"2026-03-12T21:24:46+00:00","mainEntityOfPage":{"@id":"https:\/\/www.press7.tv\/?p=26593"},"wordCount":233,"publisher":{"@id":"https:\/\/www.news33.tv\/#organization"},"image":{"@id":"https:\/\/www.press7.tv\/?p=26593#primaryimage"},"thumbnailUrl":"https:\/\/www.press7.tv\/wp-content\/uploads\/2026\/03\/IMG_7709.avif","articleSection":["Maqedoni"],"inLanguage":"en-US"},{"@type":"WebPage","@id":"https:\/\/www.press7.tv\/?p=26593","url":"https:\/\/www.press7.tv\/?p=26593","name":"Qoku: Shovinisti Kostadinovski po e fundos edhe m\u00eb shum\u00eb drejt\u00ebsin\u00eb - press7.tv","isPartOf":{"@id":"https:\/\/www.news33.tv\/#website"},"primaryImageOfPage":{"@id":"https:\/\/www.press7.tv\/?p=26593#primaryimage"},"image":{"@id":"https:\/\/www.press7.tv\/?p=26593#primaryimage"},"thumbnailUrl":"https:\/\/www.press7.tv\/wp-content\/uploads\/2026\/03\/IMG_7709.avif","datePublished":"2026-03-12T21:24:46+00:00","breadcrumb":{"@id":"https:\/\/www.press7.tv\/?p=26593#breadcrumb"},"inLanguage":"en-US","potentialAction":[{"@type":"ReadAction","target":["https:\/\/www.press7.tv\/?p=26593"]}]},{"@type":"ImageObject","inLanguage":"en-US","@id":"https:\/\/www.press7.tv\/?p=26593#primaryimage","url":"https:\/\/www.press7.tv\/wp-content\/uploads\/2026\/03\/IMG_7709.avif","contentUrl":"https:\/\/www.press7.tv\/wp-content\/uploads\/2026\/03\/IMG_7709.avif","width":1092,"height":686,"caption":"Screenshot"},{"@type":"BreadcrumbList","@id":"https:\/\/www.press7.tv\/?p=26593#breadcrumb","itemListElement":[{"@type":"ListItem","position":1,"name":"Home","item":"https:\/\/www.press7.tv\/"},{"@type":"ListItem","position":2,"name":"Qoku: Shovinisti Kostadinovski po e fundos edhe m\u00eb shum\u00eb drejt\u00ebsin\u00eb"}]},{"@type":"WebSite","@id":"https:\/\/www.news33.tv\/#website","url":"https:\/\/www.news33.tv\/","name":"News33.tv Media","description":"Media","publisher":{"@id":"https:\/\/www.news33.tv\/#organization"},"potentialAction":[{"@type":"SearchAction","target":{"@type":"EntryPoint","urlTemplate":"https:\/\/www.news33.tv\/?s={search_term_string}"},"query-input":{"@type":"PropertyValueSpecification","valueRequired":true,"valueName":"search_term_string"}}],"inLanguage":"en-US"},{"@type":"Organization","@id":"https:\/\/www.news33.tv\/#organization","name":"News33.tv Media","url":"https:\/\/www.news33.tv\/","logo":{"@type":"ImageObject","inLanguage":"en-US","@id":"https:\/\/www.news33.tv\/#\/schema\/logo\/image\/","url":"https:\/\/www.press7.tv\/wp-content\/uploads\/2024\/02\/logo-news33-black.png","contentUrl":"https:\/\/www.press7.tv\/wp-content\/uploads\/2024\/02\/logo-news33-black.png","width":180,"height":37,"caption":"News33.tv Media"},"image":{"@id":"https:\/\/www.news33.tv\/#\/schema\/logo\/image\/"},"sameAs":["https:\/\/www.facebook.com\/press7.tv"]},{"@type":"Person","@id":"https:\/\/www.news33.tv\/#\/schema\/person\/5a04a38a23ccdba82f9bd665cd8f9efa","name":"gazetar2","image":{"@type":"ImageObject","inLanguage":"en-US","@id":"https:\/\/www.news33.tv\/#\/schema\/person\/image\/","url":"https:\/\/www.press7.tv\/wp-content\/litespeed\/avatar\/41975e402c3049d9ddb03adca8f7a883.jpg?ver=1777169572","contentUrl":"https:\/\/www.press7.tv\/wp-content\/litespeed\/avatar\/41975e402c3049d9ddb03adca8f7a883.jpg?ver=1777169572","caption":"gazetar2"},"url":"https:\/\/www.press7.tv\/?author=8"}]}},"amp_enabled":true,"_links":{"self":[{"href":"https:\/\/www.press7.tv\/index.php?rest_route=\/wp\/v2\/posts\/26593","targetHints":{"allow":["GET"]}}],"collection":[{"href":"https:\/\/www.press7.tv\/index.php?rest_route=\/wp\/v2\/posts"}],"about":[{"href":"https:\/\/www.press7.tv\/index.php?rest_route=\/wp\/v2\/types\/post"}],"author":[{"embeddable":true,"href":"https:\/\/www.press7.tv\/index.php?rest_route=\/wp\/v2\/users\/8"}],"replies":[{"embeddable":true,"href":"https:\/\/www.press7.tv\/index.php?rest_route=%2Fwp%2Fv2%2Fcomments&post=26593"}],"version-history":[{"count":1,"href":"https:\/\/www.press7.tv\/index.php?rest_route=\/wp\/v2\/posts\/26593\/revisions"}],"predecessor-version":[{"id":26595,"href":"https:\/\/www.press7.tv\/index.php?rest_route=\/wp\/v2\/posts\/26593\/revisions\/26595"}],"wp:featuredmedia":[{"embeddable":true,"href":"https:\/\/www.press7.tv\/index.php?rest_route=\/wp\/v2\/media\/26594"}],"wp:attachment":[{"href":"https:\/\/www.press7.tv\/index.php?rest_route=%2Fwp%2Fv2%2Fmedia&parent=26593"}],"wp:term":[{"taxonomy":"category","embeddable":true,"href":"https:\/\/www.press7.tv\/index.php?rest_route=%2Fwp%2Fv2%2Fcategories&post=26593"},{"taxonomy":"post_tag","embeddable":true,"href":"https:\/\/www.press7.tv\/index.php?rest_route=%2Fwp%2Fv2%2Ftags&post=26593"}],"curies":[{"name":"wp","href":"https:\/\/api.w.org\/{rel}","templated":true}]}}