{"id":26587,"date":"2026-03-12T16:57:53","date_gmt":"2026-03-12T16:57:53","guid":{"rendered":"https:\/\/www.press7.tv\/?p=26587"},"modified":"2026-03-12T16:57:53","modified_gmt":"2026-03-12T16:57:53","slug":"thirrje-per-organet-e-sigurise-se-kosoves-milaim-zeka-del-ne-ballinen-e-gazetes-serbe-duke-e-lidhur-kryeministrin-kurti-dhe-kosoven-me-akte-kriminale-kurti-planifikonte-te-vriste-grenellin","status":"publish","type":"post","link":"https:\/\/www.press7.tv\/?p=26587","title":{"rendered":"Thirrje p\u00ebr organet e siguris\u00eb s\u00eb Kosov\u00ebs \u2013 Milaim Zeka del n\u00eb ballin\u00ebn e gazet\u00ebs serbe, duke e lidhur kryeministrin Kurti dhe Kosov\u00ebn me akte kriminale: Kurti planifikonte t\u00eb vriste Grenellin"},"content":{"rendered":"\n    <div class=\"xs_social_share_widget xs_share_url before_content \t\tmain_content  wslu-style-2 wslu-share-box-shaped wslu-fill-colored wslu-share-m-5 wslu-none wslu-share-vertical wslu-theme-font-no wslu-main_content\">\n\n\t\t\n        <ul>\n\t\t\t        <\/ul>\n    <\/div> \n<p>Lufta hibride e Serbis\u00eb \u00ebsht\u00eb alarm p\u00ebr sigurin\u00eb komb\u00ebtare! Thirrje publike p\u00ebr organet e siguris\u00eb q\u00eb t\u00eb merren me k\u00ebt\u00eb person!<\/p>\n<p>\u00cbsht\u00eb skandaloze dhe alarmante q\u00eb nj\u00eb njeri, me emrin Milaim Zeka, t\u00eb cilin shqiptar\u00ebt e njohin shum\u00eb mir\u00eb e u del p\u00ebrnat\u00eb n\u00eb media, del k\u00ebsaj radhe n\u00eb nj\u00eb media serbe, n\u00eb ballin\u00ebn e saj kryesore dhe thot\u00eb se Albin Kurti ka planifikuar vrasje t\u00eb Richard Grenellit.<\/p>\n<p>T\u00eb gith\u00eb e din\u00eb se profesioni i tij i v\u00ebrtet\u00eb \u00ebsht\u00eb baltosja dhe lajmet e rrem\u00eb, por k\u00ebt\u00eb radh\u00eb ai ka kaluar \u00e7do kufi.<\/p>\n<p>Ashtu si n\u00eb \u00e7do vend normal, pas k\u00ebsaj deklarate, me t\u00eb do t\u00eb duhej t\u00eb merrej policia, prokuroria e Kosov\u00ebs dhe t\u00eb gjitha organet e siguris\u00eb.<\/p>\n<p>K\u00ebtu kemi t\u00eb b\u00ebjm\u00eb me nj\u00eb p\u00ebrpjekje t\u00eb rrezikshme t\u00eb tij, n\u00eb bashk\u00ebpunim me aparatin e propagand\u00ebs serbe, q\u00eb ta lidh\u00eb kryeministrin e Kosov\u00ebs me akte kriminale, t\u00eb cilat n\u00eb fakt, vet\u00ebm shteti serb ka qen\u00eb i aft\u00eb t\u2019i kryej\u00eb n\u00eb histori.<\/p>\n<p>Kjo \u00ebsht\u00eb p\u00ebrpjekje p\u00ebr ta lidhur Kosov\u00ebn me veprimtari kriminale, terroriste dhe kjo propagand\u00eb i p\u00ebrshtatet shum\u00eb interesave t\u00eb shtetit serb p\u00ebr ta d\u00ebmtuar reputacionin e Kosov\u00ebs nd\u00ebrkomb\u00ebtarisht.<\/p>\n<p>Ja \u00e7far\u00eb shkruan Milaim Zeka n\u00eb gazet\u00ebn serbe ALO:<\/p>\n<p>\u201cGazetari Milaim Zeka paraqiti pretendime serioze se an\u00ebtar\u00eb t\u00eb t\u00eb ashtuquajturave milici militante t\u00eb Kurtit jan\u00eb incizuar fshehurazi duke folur p\u00ebr nj\u00eb plan p\u00ebr t\u00eb organizuar nj\u00eb atentat ndaj Grenellit gjat\u00eb ardhjes s\u00eb tij n\u00eb Kosov\u00eb dhe Metohi\u201d, shkruan gazeta serbe q\u00eb njihet edhe si megafon i presidentit serb, Aleksandar Vu\u00e7iq.<\/p>\n<p>I b\u00ebjm\u00eb thirrje organeve t\u00eb siguris\u00eb s\u00eb Kosov\u00ebs q\u00eb t\u00eb merren me k\u00ebt\u00eb person dhe me propogand\u00ebn e tij kund\u00ebr interesave t\u00eb Kosov\u00ebs.<\/p>\n","protected":false},"excerpt":{"rendered":"<p>Lufta hibride e Serbis\u00eb \u00ebsht\u00eb alarm p\u00ebr sigurin\u00eb komb\u00ebtare! Thirrje publike p\u00ebr organet e siguris\u00eb q\u00eb t\u00eb merren me k\u00ebt\u00eb person! \u00cbsht\u00eb skandaloze dhe alarmante q\u00eb nj\u00eb njeri, me emrin Milaim Zeka, t\u00eb cilin shqiptar\u00ebt e njohin shum\u00eb mir\u00eb e u del p\u00ebrnat\u00eb n\u00eb media, del k\u00ebsaj radhe n\u00eb nj\u00eb media serbe, n\u00eb ballin\u00ebn e [&hellip;]<\/p>\n","protected":false},"author":8,"featured_media":26588,"comment_status":"closed","ping_status":"closed","sticky":false,"template":"","format":"standard","meta":{"footnotes":""},"categories":[215,213],"tags":[],"class_list":["post-26587","post","type-post","status-publish","format-standard","has-post-thumbnail","hentry","category-kosove","category-lajme"],"yoast_head":"<!-- This site is optimized with the Yoast SEO plugin v25.1 - https:\/\/yoast.com\/wordpress\/plugins\/seo\/ -->\n<title>Thirrje p\u00ebr organet e siguris\u00eb s\u00eb Kosov\u00ebs \u2013 Milaim Zeka del n\u00eb ballin\u00ebn e gazet\u00ebs serbe, duke e lidhur kryeministrin Kurti dhe Kosov\u00ebn me akte kriminale: Kurti planifikonte t\u00eb vriste Grenellin - press7.tv<\/title>\n<meta name=\"robots\" content=\"index, follow, max-snippet:-1, max-image-preview:large, max-video-preview:-1\" \/>\n<link rel=\"canonical\" href=\"https:\/\/www.press7.tv\/?p=26587\" \/>\n<meta property=\"og:locale\" content=\"en_US\" \/>\n<meta property=\"og:type\" content=\"article\" \/>\n<meta property=\"og:title\" content=\"Thirrje p\u00ebr organet e siguris\u00eb s\u00eb Kosov\u00ebs \u2013 Milaim Zeka del n\u00eb ballin\u00ebn e gazet\u00ebs serbe, duke e lidhur kryeministrin Kurti dhe Kosov\u00ebn me akte kriminale: Kurti planifikonte t\u00eb vriste Grenellin - press7.tv\" \/>\n<meta property=\"og:description\" content=\"Lufta hibride e Serbis\u00eb \u00ebsht\u00eb alarm p\u00ebr sigurin\u00eb komb\u00ebtare! Thirrje publike p\u00ebr organet e siguris\u00eb q\u00eb t\u00eb merren me k\u00ebt\u00eb person! \u00cbsht\u00eb skandaloze dhe alarmante q\u00eb nj\u00eb njeri, me emrin Milaim Zeka, t\u00eb cilin shqiptar\u00ebt e njohin shum\u00eb mir\u00eb e u del p\u00ebrnat\u00eb n\u00eb media, del k\u00ebsaj radhe n\u00eb nj\u00eb media serbe, n\u00eb ballin\u00ebn e [&hellip;]\" \/>\n<meta property=\"og:url\" content=\"https:\/\/www.press7.tv\/?p=26587\" \/>\n<meta property=\"og:site_name\" content=\"press7.tv\" \/>\n<meta property=\"article:publisher\" content=\"https:\/\/www.facebook.com\/press7.tv\" \/>\n<meta property=\"article:published_time\" content=\"2026-03-12T16:57:53+00:00\" \/>\n<meta property=\"og:image\" content=\"https:\/\/www.press7.tv\/wp-content\/uploads\/2026\/03\/IMG_7695.avif\" \/>\n\t<meta property=\"og:image:width\" content=\"899\" \/>\n\t<meta property=\"og:image:height\" content=\"500\" \/>\n\t<meta property=\"og:image:type\" content=\"image\/jpeg\" \/>\n<meta name=\"author\" content=\"gazetar2\" \/>\n<meta name=\"twitter:card\" content=\"summary_large_image\" \/>\n<meta name=\"twitter:label1\" content=\"Written by\" \/>\n\t<meta name=\"twitter:data1\" content=\"gazetar2\" \/>\n<script type=\"application\/ld+json\" class=\"yoast-schema-graph\">{\"@context\":\"https:\/\/schema.org\",\"@graph\":[{\"@type\":\"Article\",\"@id\":\"https:\/\/www.press7.tv\/?p=26587#article\",\"isPartOf\":{\"@id\":\"https:\/\/www.press7.tv\/?p=26587\"},\"author\":{\"name\":\"gazetar2\",\"@id\":\"https:\/\/www.news33.tv\/#\/schema\/person\/5a04a38a23ccdba82f9bd665cd8f9efa\"},\"headline\":\"Thirrje p\u00ebr organet e siguris\u00eb s\u00eb Kosov\u00ebs \u2013 Milaim Zeka del n\u00eb ballin\u00ebn e gazet\u00ebs serbe, duke e lidhur kryeministrin Kurti dhe Kosov\u00ebn me akte kriminale: Kurti planifikonte t\u00eb vriste Grenellin\",\"datePublished\":\"2026-03-12T16:57:53+00:00\",\"mainEntityOfPage\":{\"@id\":\"https:\/\/www.press7.tv\/?p=26587\"},\"wordCount\":346,\"publisher\":{\"@id\":\"https:\/\/www.news33.tv\/#organization\"},\"image\":{\"@id\":\"https:\/\/www.press7.tv\/?p=26587#primaryimage\"},\"thumbnailUrl\":\"https:\/\/www.press7.tv\/wp-content\/uploads\/2026\/03\/IMG_7695.avif\",\"articleSection\":[\"Kosov\u00eb\",\"Lajme\"],\"inLanguage\":\"en-US\"},{\"@type\":\"WebPage\",\"@id\":\"https:\/\/www.press7.tv\/?p=26587\",\"url\":\"https:\/\/www.press7.tv\/?p=26587\",\"name\":\"Thirrje p\u00ebr organet e siguris\u00eb s\u00eb Kosov\u00ebs \u2013 Milaim Zeka del n\u00eb ballin\u00ebn e gazet\u00ebs serbe, duke e lidhur kryeministrin Kurti dhe Kosov\u00ebn me akte kriminale: Kurti planifikonte t\u00eb vriste Grenellin - press7.tv\",\"isPartOf\":{\"@id\":\"https:\/\/www.news33.tv\/#website\"},\"primaryImageOfPage\":{\"@id\":\"https:\/\/www.press7.tv\/?p=26587#primaryimage\"},\"image\":{\"@id\":\"https:\/\/www.press7.tv\/?p=26587#primaryimage\"},\"thumbnailUrl\":\"https:\/\/www.press7.tv\/wp-content\/uploads\/2026\/03\/IMG_7695.avif\",\"datePublished\":\"2026-03-12T16:57:53+00:00\",\"breadcrumb\":{\"@id\":\"https:\/\/www.press7.tv\/?p=26587#breadcrumb\"},\"inLanguage\":\"en-US\",\"potentialAction\":[{\"@type\":\"ReadAction\",\"target\":[\"https:\/\/www.press7.tv\/?p=26587\"]}]},{\"@type\":\"ImageObject\",\"inLanguage\":\"en-US\",\"@id\":\"https:\/\/www.press7.tv\/?p=26587#primaryimage\",\"url\":\"https:\/\/www.press7.tv\/wp-content\/uploads\/2026\/03\/IMG_7695.avif\",\"contentUrl\":\"https:\/\/www.press7.tv\/wp-content\/uploads\/2026\/03\/IMG_7695.avif\",\"width\":899,\"height\":500},{\"@type\":\"BreadcrumbList\",\"@id\":\"https:\/\/www.press7.tv\/?p=26587#breadcrumb\",\"itemListElement\":[{\"@type\":\"ListItem\",\"position\":1,\"name\":\"Home\",\"item\":\"https:\/\/www.press7.tv\/\"},{\"@type\":\"ListItem\",\"position\":2,\"name\":\"Thirrje p\u00ebr organet e siguris\u00eb s\u00eb Kosov\u00ebs \u2013 Milaim Zeka del n\u00eb ballin\u00ebn e gazet\u00ebs serbe, duke e lidhur kryeministrin Kurti dhe Kosov\u00ebn me akte kriminale: Kurti planifikonte t\u00eb vriste Grenellin\"}]},{\"@type\":\"WebSite\",\"@id\":\"https:\/\/www.news33.tv\/#website\",\"url\":\"https:\/\/www.news33.tv\/\",\"name\":\"News33.tv Media\",\"description\":\"Media\",\"publisher\":{\"@id\":\"https:\/\/www.news33.tv\/#organization\"},\"potentialAction\":[{\"@type\":\"SearchAction\",\"target\":{\"@type\":\"EntryPoint\",\"urlTemplate\":\"https:\/\/www.news33.tv\/?s={search_term_string}\"},\"query-input\":{\"@type\":\"PropertyValueSpecification\",\"valueRequired\":true,\"valueName\":\"search_term_string\"}}],\"inLanguage\":\"en-US\"},{\"@type\":\"Organization\",\"@id\":\"https:\/\/www.news33.tv\/#organization\",\"name\":\"News33.tv Media\",\"url\":\"https:\/\/www.news33.tv\/\",\"logo\":{\"@type\":\"ImageObject\",\"inLanguage\":\"en-US\",\"@id\":\"https:\/\/www.news33.tv\/#\/schema\/logo\/image\/\",\"url\":\"https:\/\/www.press7.tv\/wp-content\/uploads\/2024\/02\/logo-news33-black.png\",\"contentUrl\":\"https:\/\/www.press7.tv\/wp-content\/uploads\/2024\/02\/logo-news33-black.png\",\"width\":180,\"height\":37,\"caption\":\"News33.tv Media\"},\"image\":{\"@id\":\"https:\/\/www.news33.tv\/#\/schema\/logo\/image\/\"},\"sameAs\":[\"https:\/\/www.facebook.com\/press7.tv\"]},{\"@type\":\"Person\",\"@id\":\"https:\/\/www.news33.tv\/#\/schema\/person\/5a04a38a23ccdba82f9bd665cd8f9efa\",\"name\":\"gazetar2\",\"image\":{\"@type\":\"ImageObject\",\"inLanguage\":\"en-US\",\"@id\":\"https:\/\/www.news33.tv\/#\/schema\/person\/image\/\",\"url\":\"https:\/\/www.press7.tv\/wp-content\/litespeed\/avatar\/41975e402c3049d9ddb03adca8f7a883.jpg?ver=1777169572\",\"contentUrl\":\"https:\/\/www.press7.tv\/wp-content\/litespeed\/avatar\/41975e402c3049d9ddb03adca8f7a883.jpg?ver=1777169572\",\"caption\":\"gazetar2\"},\"url\":\"https:\/\/www.press7.tv\/?author=8\"}]}<\/script>\n<!-- \/ Yoast SEO plugin. -->","yoast_head_json":{"title":"Thirrje p\u00ebr organet e siguris\u00eb s\u00eb Kosov\u00ebs \u2013 Milaim Zeka del n\u00eb ballin\u00ebn e gazet\u00ebs serbe, duke e lidhur kryeministrin Kurti dhe Kosov\u00ebn me akte kriminale: Kurti planifikonte t\u00eb vriste Grenellin - press7.tv","robots":{"index":"index","follow":"follow","max-snippet":"max-snippet:-1","max-image-preview":"max-image-preview:large","max-video-preview":"max-video-preview:-1"},"canonical":"https:\/\/www.press7.tv\/?p=26587","og_locale":"en_US","og_type":"article","og_title":"Thirrje p\u00ebr organet e siguris\u00eb s\u00eb Kosov\u00ebs \u2013 Milaim Zeka del n\u00eb ballin\u00ebn e gazet\u00ebs serbe, duke e lidhur kryeministrin Kurti dhe Kosov\u00ebn me akte kriminale: Kurti planifikonte t\u00eb vriste Grenellin - press7.tv","og_description":"Lufta hibride e Serbis\u00eb \u00ebsht\u00eb alarm p\u00ebr sigurin\u00eb komb\u00ebtare! Thirrje publike p\u00ebr organet e siguris\u00eb q\u00eb t\u00eb merren me k\u00ebt\u00eb person! \u00cbsht\u00eb skandaloze dhe alarmante q\u00eb nj\u00eb njeri, me emrin Milaim Zeka, t\u00eb cilin shqiptar\u00ebt e njohin shum\u00eb mir\u00eb e u del p\u00ebrnat\u00eb n\u00eb media, del k\u00ebsaj radhe n\u00eb nj\u00eb media serbe, n\u00eb ballin\u00ebn e [&hellip;]","og_url":"https:\/\/www.press7.tv\/?p=26587","og_site_name":"press7.tv","article_publisher":"https:\/\/www.facebook.com\/press7.tv","article_published_time":"2026-03-12T16:57:53+00:00","og_image":[{"width":899,"height":500,"url":"https:\/\/www.press7.tv\/wp-content\/uploads\/2026\/03\/IMG_7695.avif","type":"image\/jpeg"}],"author":"gazetar2","twitter_card":"summary_large_image","twitter_misc":{"Written by":"gazetar2"},"schema":{"@context":"https:\/\/schema.org","@graph":[{"@type":"Article","@id":"https:\/\/www.press7.tv\/?p=26587#article","isPartOf":{"@id":"https:\/\/www.press7.tv\/?p=26587"},"author":{"name":"gazetar2","@id":"https:\/\/www.news33.tv\/#\/schema\/person\/5a04a38a23ccdba82f9bd665cd8f9efa"},"headline":"Thirrje p\u00ebr organet e siguris\u00eb s\u00eb Kosov\u00ebs \u2013 Milaim Zeka del n\u00eb ballin\u00ebn e gazet\u00ebs serbe, duke e lidhur kryeministrin Kurti dhe Kosov\u00ebn me akte kriminale: Kurti planifikonte t\u00eb vriste Grenellin","datePublished":"2026-03-12T16:57:53+00:00","mainEntityOfPage":{"@id":"https:\/\/www.press7.tv\/?p=26587"},"wordCount":346,"publisher":{"@id":"https:\/\/www.news33.tv\/#organization"},"image":{"@id":"https:\/\/www.press7.tv\/?p=26587#primaryimage"},"thumbnailUrl":"https:\/\/www.press7.tv\/wp-content\/uploads\/2026\/03\/IMG_7695.avif","articleSection":["Kosov\u00eb","Lajme"],"inLanguage":"en-US"},{"@type":"WebPage","@id":"https:\/\/www.press7.tv\/?p=26587","url":"https:\/\/www.press7.tv\/?p=26587","name":"Thirrje p\u00ebr organet e siguris\u00eb s\u00eb Kosov\u00ebs \u2013 Milaim Zeka del n\u00eb ballin\u00ebn e gazet\u00ebs serbe, duke e lidhur kryeministrin Kurti dhe Kosov\u00ebn me akte kriminale: Kurti planifikonte t\u00eb vriste Grenellin - press7.tv","isPartOf":{"@id":"https:\/\/www.news33.tv\/#website"},"primaryImageOfPage":{"@id":"https:\/\/www.press7.tv\/?p=26587#primaryimage"},"image":{"@id":"https:\/\/www.press7.tv\/?p=26587#primaryimage"},"thumbnailUrl":"https:\/\/www.press7.tv\/wp-content\/uploads\/2026\/03\/IMG_7695.avif","datePublished":"2026-03-12T16:57:53+00:00","breadcrumb":{"@id":"https:\/\/www.press7.tv\/?p=26587#breadcrumb"},"inLanguage":"en-US","potentialAction":[{"@type":"ReadAction","target":["https:\/\/www.press7.tv\/?p=26587"]}]},{"@type":"ImageObject","inLanguage":"en-US","@id":"https:\/\/www.press7.tv\/?p=26587#primaryimage","url":"https:\/\/www.press7.tv\/wp-content\/uploads\/2026\/03\/IMG_7695.avif","contentUrl":"https:\/\/www.press7.tv\/wp-content\/uploads\/2026\/03\/IMG_7695.avif","width":899,"height":500},{"@type":"BreadcrumbList","@id":"https:\/\/www.press7.tv\/?p=26587#breadcrumb","itemListElement":[{"@type":"ListItem","position":1,"name":"Home","item":"https:\/\/www.press7.tv\/"},{"@type":"ListItem","position":2,"name":"Thirrje p\u00ebr organet e siguris\u00eb s\u00eb Kosov\u00ebs \u2013 Milaim Zeka del n\u00eb ballin\u00ebn e gazet\u00ebs serbe, duke e lidhur kryeministrin Kurti dhe Kosov\u00ebn me akte kriminale: Kurti planifikonte t\u00eb vriste Grenellin"}]},{"@type":"WebSite","@id":"https:\/\/www.news33.tv\/#website","url":"https:\/\/www.news33.tv\/","name":"News33.tv Media","description":"Media","publisher":{"@id":"https:\/\/www.news33.tv\/#organization"},"potentialAction":[{"@type":"SearchAction","target":{"@type":"EntryPoint","urlTemplate":"https:\/\/www.news33.tv\/?s={search_term_string}"},"query-input":{"@type":"PropertyValueSpecification","valueRequired":true,"valueName":"search_term_string"}}],"inLanguage":"en-US"},{"@type":"Organization","@id":"https:\/\/www.news33.tv\/#organization","name":"News33.tv Media","url":"https:\/\/www.news33.tv\/","logo":{"@type":"ImageObject","inLanguage":"en-US","@id":"https:\/\/www.news33.tv\/#\/schema\/logo\/image\/","url":"https:\/\/www.press7.tv\/wp-content\/uploads\/2024\/02\/logo-news33-black.png","contentUrl":"https:\/\/www.press7.tv\/wp-content\/uploads\/2024\/02\/logo-news33-black.png","width":180,"height":37,"caption":"News33.tv Media"},"image":{"@id":"https:\/\/www.news33.tv\/#\/schema\/logo\/image\/"},"sameAs":["https:\/\/www.facebook.com\/press7.tv"]},{"@type":"Person","@id":"https:\/\/www.news33.tv\/#\/schema\/person\/5a04a38a23ccdba82f9bd665cd8f9efa","name":"gazetar2","image":{"@type":"ImageObject","inLanguage":"en-US","@id":"https:\/\/www.news33.tv\/#\/schema\/person\/image\/","url":"https:\/\/www.press7.tv\/wp-content\/litespeed\/avatar\/41975e402c3049d9ddb03adca8f7a883.jpg?ver=1777169572","contentUrl":"https:\/\/www.press7.tv\/wp-content\/litespeed\/avatar\/41975e402c3049d9ddb03adca8f7a883.jpg?ver=1777169572","caption":"gazetar2"},"url":"https:\/\/www.press7.tv\/?author=8"}]}},"amp_enabled":true,"_links":{"self":[{"href":"https:\/\/www.press7.tv\/index.php?rest_route=\/wp\/v2\/posts\/26587","targetHints":{"allow":["GET"]}}],"collection":[{"href":"https:\/\/www.press7.tv\/index.php?rest_route=\/wp\/v2\/posts"}],"about":[{"href":"https:\/\/www.press7.tv\/index.php?rest_route=\/wp\/v2\/types\/post"}],"author":[{"embeddable":true,"href":"https:\/\/www.press7.tv\/index.php?rest_route=\/wp\/v2\/users\/8"}],"replies":[{"embeddable":true,"href":"https:\/\/www.press7.tv\/index.php?rest_route=%2Fwp%2Fv2%2Fcomments&post=26587"}],"version-history":[{"count":1,"href":"https:\/\/www.press7.tv\/index.php?rest_route=\/wp\/v2\/posts\/26587\/revisions"}],"predecessor-version":[{"id":26589,"href":"https:\/\/www.press7.tv\/index.php?rest_route=\/wp\/v2\/posts\/26587\/revisions\/26589"}],"wp:featuredmedia":[{"embeddable":true,"href":"https:\/\/www.press7.tv\/index.php?rest_route=\/wp\/v2\/media\/26588"}],"wp:attachment":[{"href":"https:\/\/www.press7.tv\/index.php?rest_route=%2Fwp%2Fv2%2Fmedia&parent=26587"}],"wp:term":[{"taxonomy":"category","embeddable":true,"href":"https:\/\/www.press7.tv\/index.php?rest_route=%2Fwp%2Fv2%2Fcategories&post=26587"},{"taxonomy":"post_tag","embeddable":true,"href":"https:\/\/www.press7.tv\/index.php?rest_route=%2Fwp%2Fv2%2Ftags&post=26587"}],"curies":[{"name":"wp","href":"https:\/\/api.w.org\/{rel}","templated":true}]}}