{"id":26567,"date":"2026-03-12T01:21:56","date_gmt":"2026-03-12T01:21:56","guid":{"rendered":"https:\/\/www.press7.tv\/?p=26567"},"modified":"2026-03-12T01:21:56","modified_gmt":"2026-03-12T01:21:56","slug":"deputeti-bekim-qoku-ne-iftar-me-intelektuale-dhe-aktiviste-te-vv-se-ne-maqedoni","status":"publish","type":"post","link":"https:\/\/www.press7.tv\/?p=26567","title":{"rendered":"Deputeti Bekim Qoku n\u00eb iftar me intelektual\u00eb dhe aktivist\u00eb t\u00eb VV-s\u00eb n\u00eb Maqedoni"},"content":{"rendered":"\n    <div class=\"xs_social_share_widget xs_share_url before_content \t\tmain_content  wslu-style-2 wslu-share-box-shaped wslu-fill-colored wslu-share-m-5 wslu-none wslu-share-vertical wslu-theme-font-no wslu-main_content\">\n\n\t\t\n        <ul>\n\t\t\t        <\/ul>\n    <\/div> \n<p>Deputeti i koalicionit VLEN, Bekim Qoku, ka marr\u00eb pjes\u00eb n\u00eb nj\u00eb iftar t\u00eb p\u00ebrbashk\u00ebt me p\u00ebrfaq\u00ebsues t\u00eb jet\u00ebs intelektuale, kulturore, mediatike si dhe me aktivist\u00eb t\u00eb L\u00ebvizja Vet\u00ebvendosje! n\u00eb Maqedoni.<\/p>\n<p>N\u00eb nj\u00eb postim publik, Qoku theksoi se muaji i Ramadan \u00ebsht\u00eb nj\u00eb periudh\u00eb reflektimi dhe afrimi mes njer\u00ebzve, duke uruar q\u00eb agj\u00ebrimi t\u00eb jet\u00eb i leht\u00eb dhe i pranuar p\u00ebr t\u00eb gjith\u00eb besimtar\u00ebt.<\/p>\n<p>\u201cSonte mora pjes\u00eb n\u00eb nj\u00eb iftar t\u00eb p\u00ebrbashk\u00ebt me p\u00ebrfaq\u00ebsues nga jeta intelektuale, kulturore, mediatike dhe me aktivist\u00eb t\u00eb L\u00ebvizjes VET\u00cbVENDOSJE! n\u00eb Maqedoni. Muaji i Ramazanit \u00ebsht\u00eb koh\u00eb reflektimi dhe afrimi mes njer\u00ebzve. Uroj q\u00eb agj\u00ebrimi t\u00eb jet\u00eb i leht\u00eb dhe i pranuar p\u00ebr t\u00eb gjith\u00eb besimtar\u00ebt,\u201d ka shkruar ai.<\/p>\n<p>Sipas Qokut, agj\u00ebrimi nuk \u00ebsht\u00eb vet\u00ebm heqje dor\u00eb nga ushqimi, por edhe nga luksi, fodull\u00ebku dhe tepria, duke na kujtuar r\u00ebnd\u00ebsin\u00eb e barazis\u00eb dhe solidaritetit n\u00eb shoq\u00ebri.(INA)<\/p>\n","protected":false},"excerpt":{"rendered":"<p>Deputeti i koalicionit VLEN, Bekim Qoku, ka marr\u00eb pjes\u00eb n\u00eb nj\u00eb iftar t\u00eb p\u00ebrbashk\u00ebt me p\u00ebrfaq\u00ebsues t\u00eb jet\u00ebs intelektuale, kulturore, mediatike si dhe me aktivist\u00eb t\u00eb L\u00ebvizja Vet\u00ebvendosje! n\u00eb Maqedoni. N\u00eb nj\u00eb postim publik, Qoku theksoi se muaji i Ramadan \u00ebsht\u00eb nj\u00eb periudh\u00eb reflektimi dhe afrimi mes njer\u00ebzve, duke uruar q\u00eb agj\u00ebrimi t\u00eb jet\u00eb i [&hellip;]<\/p>\n","protected":false},"author":8,"featured_media":26568,"comment_status":"closed","ping_status":"closed","sticky":false,"template":"","format":"standard","meta":{"footnotes":""},"categories":[214],"tags":[],"class_list":["post-26567","post","type-post","status-publish","format-standard","has-post-thumbnail","hentry","category-maqedoni"],"yoast_head":"<!-- This site is optimized with the Yoast SEO plugin v25.1 - https:\/\/yoast.com\/wordpress\/plugins\/seo\/ -->\n<title>Deputeti Bekim Qoku n\u00eb iftar me intelektual\u00eb dhe aktivist\u00eb t\u00eb VV-s\u00eb n\u00eb Maqedoni - press7.tv<\/title>\n<meta name=\"robots\" content=\"index, follow, max-snippet:-1, max-image-preview:large, max-video-preview:-1\" \/>\n<link rel=\"canonical\" href=\"https:\/\/www.press7.tv\/?p=26567\" \/>\n<meta property=\"og:locale\" content=\"en_US\" \/>\n<meta property=\"og:type\" content=\"article\" \/>\n<meta property=\"og:title\" content=\"Deputeti Bekim Qoku n\u00eb iftar me intelektual\u00eb dhe aktivist\u00eb t\u00eb VV-s\u00eb n\u00eb Maqedoni - press7.tv\" \/>\n<meta property=\"og:description\" content=\"Deputeti i koalicionit VLEN, Bekim Qoku, ka marr\u00eb pjes\u00eb n\u00eb nj\u00eb iftar t\u00eb p\u00ebrbashk\u00ebt me p\u00ebrfaq\u00ebsues t\u00eb jet\u00ebs intelektuale, kulturore, mediatike si dhe me aktivist\u00eb t\u00eb L\u00ebvizja Vet\u00ebvendosje! n\u00eb Maqedoni. N\u00eb nj\u00eb postim publik, Qoku theksoi se muaji i Ramadan \u00ebsht\u00eb nj\u00eb periudh\u00eb reflektimi dhe afrimi mes njer\u00ebzve, duke uruar q\u00eb agj\u00ebrimi t\u00eb jet\u00eb i [&hellip;]\" \/>\n<meta property=\"og:url\" content=\"https:\/\/www.press7.tv\/?p=26567\" \/>\n<meta property=\"og:site_name\" content=\"press7.tv\" \/>\n<meta property=\"article:publisher\" content=\"https:\/\/www.facebook.com\/press7.tv\" \/>\n<meta property=\"article:published_time\" content=\"2026-03-12T01:21:56+00:00\" \/>\n<meta property=\"og:image\" content=\"https:\/\/www.press7.tv\/wp-content\/uploads\/2026\/03\/IMG_7670.avif\" \/>\n\t<meta property=\"og:image:width\" content=\"1024\" \/>\n\t<meta property=\"og:image:height\" content=\"686\" \/>\n\t<meta property=\"og:image:type\" content=\"image\/jpeg\" \/>\n<meta name=\"author\" content=\"gazetar2\" \/>\n<meta name=\"twitter:card\" content=\"summary_large_image\" \/>\n<meta name=\"twitter:label1\" content=\"Written by\" \/>\n\t<meta name=\"twitter:data1\" content=\"gazetar2\" \/>\n\t<meta name=\"twitter:label2\" content=\"Est. reading time\" \/>\n\t<meta name=\"twitter:data2\" content=\"1 minute\" \/>\n<script type=\"application\/ld+json\" class=\"yoast-schema-graph\">{\"@context\":\"https:\/\/schema.org\",\"@graph\":[{\"@type\":\"Article\",\"@id\":\"https:\/\/www.press7.tv\/?p=26567#article\",\"isPartOf\":{\"@id\":\"https:\/\/www.press7.tv\/?p=26567\"},\"author\":{\"name\":\"gazetar2\",\"@id\":\"https:\/\/www.news33.tv\/#\/schema\/person\/5a04a38a23ccdba82f9bd665cd8f9efa\"},\"headline\":\"Deputeti Bekim Qoku n\u00eb iftar me intelektual\u00eb dhe aktivist\u00eb t\u00eb VV-s\u00eb n\u00eb Maqedoni\",\"datePublished\":\"2026-03-12T01:21:56+00:00\",\"mainEntityOfPage\":{\"@id\":\"https:\/\/www.press7.tv\/?p=26567\"},\"wordCount\":181,\"publisher\":{\"@id\":\"https:\/\/www.news33.tv\/#organization\"},\"image\":{\"@id\":\"https:\/\/www.press7.tv\/?p=26567#primaryimage\"},\"thumbnailUrl\":\"https:\/\/www.press7.tv\/wp-content\/uploads\/2026\/03\/IMG_7670.avif\",\"articleSection\":[\"Maqedoni\"],\"inLanguage\":\"en-US\"},{\"@type\":\"WebPage\",\"@id\":\"https:\/\/www.press7.tv\/?p=26567\",\"url\":\"https:\/\/www.press7.tv\/?p=26567\",\"name\":\"Deputeti Bekim Qoku n\u00eb iftar me intelektual\u00eb dhe aktivist\u00eb t\u00eb VV-s\u00eb n\u00eb Maqedoni - press7.tv\",\"isPartOf\":{\"@id\":\"https:\/\/www.news33.tv\/#website\"},\"primaryImageOfPage\":{\"@id\":\"https:\/\/www.press7.tv\/?p=26567#primaryimage\"},\"image\":{\"@id\":\"https:\/\/www.press7.tv\/?p=26567#primaryimage\"},\"thumbnailUrl\":\"https:\/\/www.press7.tv\/wp-content\/uploads\/2026\/03\/IMG_7670.avif\",\"datePublished\":\"2026-03-12T01:21:56+00:00\",\"breadcrumb\":{\"@id\":\"https:\/\/www.press7.tv\/?p=26567#breadcrumb\"},\"inLanguage\":\"en-US\",\"potentialAction\":[{\"@type\":\"ReadAction\",\"target\":[\"https:\/\/www.press7.tv\/?p=26567\"]}]},{\"@type\":\"ImageObject\",\"inLanguage\":\"en-US\",\"@id\":\"https:\/\/www.press7.tv\/?p=26567#primaryimage\",\"url\":\"https:\/\/www.press7.tv\/wp-content\/uploads\/2026\/03\/IMG_7670.avif\",\"contentUrl\":\"https:\/\/www.press7.tv\/wp-content\/uploads\/2026\/03\/IMG_7670.avif\",\"width\":1024,\"height\":686},{\"@type\":\"BreadcrumbList\",\"@id\":\"https:\/\/www.press7.tv\/?p=26567#breadcrumb\",\"itemListElement\":[{\"@type\":\"ListItem\",\"position\":1,\"name\":\"Home\",\"item\":\"https:\/\/www.press7.tv\/\"},{\"@type\":\"ListItem\",\"position\":2,\"name\":\"Deputeti Bekim Qoku n\u00eb iftar me intelektual\u00eb dhe aktivist\u00eb t\u00eb VV-s\u00eb n\u00eb Maqedoni\"}]},{\"@type\":\"WebSite\",\"@id\":\"https:\/\/www.news33.tv\/#website\",\"url\":\"https:\/\/www.news33.tv\/\",\"name\":\"News33.tv Media\",\"description\":\"Media\",\"publisher\":{\"@id\":\"https:\/\/www.news33.tv\/#organization\"},\"potentialAction\":[{\"@type\":\"SearchAction\",\"target\":{\"@type\":\"EntryPoint\",\"urlTemplate\":\"https:\/\/www.news33.tv\/?s={search_term_string}\"},\"query-input\":{\"@type\":\"PropertyValueSpecification\",\"valueRequired\":true,\"valueName\":\"search_term_string\"}}],\"inLanguage\":\"en-US\"},{\"@type\":\"Organization\",\"@id\":\"https:\/\/www.news33.tv\/#organization\",\"name\":\"News33.tv Media\",\"url\":\"https:\/\/www.news33.tv\/\",\"logo\":{\"@type\":\"ImageObject\",\"inLanguage\":\"en-US\",\"@id\":\"https:\/\/www.news33.tv\/#\/schema\/logo\/image\/\",\"url\":\"https:\/\/www.press7.tv\/wp-content\/uploads\/2024\/02\/logo-news33-black.png\",\"contentUrl\":\"https:\/\/www.press7.tv\/wp-content\/uploads\/2024\/02\/logo-news33-black.png\",\"width\":180,\"height\":37,\"caption\":\"News33.tv Media\"},\"image\":{\"@id\":\"https:\/\/www.news33.tv\/#\/schema\/logo\/image\/\"},\"sameAs\":[\"https:\/\/www.facebook.com\/press7.tv\"]},{\"@type\":\"Person\",\"@id\":\"https:\/\/www.news33.tv\/#\/schema\/person\/5a04a38a23ccdba82f9bd665cd8f9efa\",\"name\":\"gazetar2\",\"image\":{\"@type\":\"ImageObject\",\"inLanguage\":\"en-US\",\"@id\":\"https:\/\/www.news33.tv\/#\/schema\/person\/image\/\",\"url\":\"https:\/\/www.press7.tv\/wp-content\/litespeed\/avatar\/41975e402c3049d9ddb03adca8f7a883.jpg?ver=1777169572\",\"contentUrl\":\"https:\/\/www.press7.tv\/wp-content\/litespeed\/avatar\/41975e402c3049d9ddb03adca8f7a883.jpg?ver=1777169572\",\"caption\":\"gazetar2\"},\"url\":\"https:\/\/www.press7.tv\/?author=8\"}]}<\/script>\n<!-- \/ Yoast SEO plugin. -->","yoast_head_json":{"title":"Deputeti Bekim Qoku n\u00eb iftar me intelektual\u00eb dhe aktivist\u00eb t\u00eb VV-s\u00eb n\u00eb Maqedoni - press7.tv","robots":{"index":"index","follow":"follow","max-snippet":"max-snippet:-1","max-image-preview":"max-image-preview:large","max-video-preview":"max-video-preview:-1"},"canonical":"https:\/\/www.press7.tv\/?p=26567","og_locale":"en_US","og_type":"article","og_title":"Deputeti Bekim Qoku n\u00eb iftar me intelektual\u00eb dhe aktivist\u00eb t\u00eb VV-s\u00eb n\u00eb Maqedoni - press7.tv","og_description":"Deputeti i koalicionit VLEN, Bekim Qoku, ka marr\u00eb pjes\u00eb n\u00eb nj\u00eb iftar t\u00eb p\u00ebrbashk\u00ebt me p\u00ebrfaq\u00ebsues t\u00eb jet\u00ebs intelektuale, kulturore, mediatike si dhe me aktivist\u00eb t\u00eb L\u00ebvizja Vet\u00ebvendosje! n\u00eb Maqedoni. N\u00eb nj\u00eb postim publik, Qoku theksoi se muaji i Ramadan \u00ebsht\u00eb nj\u00eb periudh\u00eb reflektimi dhe afrimi mes njer\u00ebzve, duke uruar q\u00eb agj\u00ebrimi t\u00eb jet\u00eb i [&hellip;]","og_url":"https:\/\/www.press7.tv\/?p=26567","og_site_name":"press7.tv","article_publisher":"https:\/\/www.facebook.com\/press7.tv","article_published_time":"2026-03-12T01:21:56+00:00","og_image":[{"width":1024,"height":686,"url":"https:\/\/www.press7.tv\/wp-content\/uploads\/2026\/03\/IMG_7670.avif","type":"image\/jpeg"}],"author":"gazetar2","twitter_card":"summary_large_image","twitter_misc":{"Written by":"gazetar2","Est. reading time":"1 minute"},"schema":{"@context":"https:\/\/schema.org","@graph":[{"@type":"Article","@id":"https:\/\/www.press7.tv\/?p=26567#article","isPartOf":{"@id":"https:\/\/www.press7.tv\/?p=26567"},"author":{"name":"gazetar2","@id":"https:\/\/www.news33.tv\/#\/schema\/person\/5a04a38a23ccdba82f9bd665cd8f9efa"},"headline":"Deputeti Bekim Qoku n\u00eb iftar me intelektual\u00eb dhe aktivist\u00eb t\u00eb VV-s\u00eb n\u00eb Maqedoni","datePublished":"2026-03-12T01:21:56+00:00","mainEntityOfPage":{"@id":"https:\/\/www.press7.tv\/?p=26567"},"wordCount":181,"publisher":{"@id":"https:\/\/www.news33.tv\/#organization"},"image":{"@id":"https:\/\/www.press7.tv\/?p=26567#primaryimage"},"thumbnailUrl":"https:\/\/www.press7.tv\/wp-content\/uploads\/2026\/03\/IMG_7670.avif","articleSection":["Maqedoni"],"inLanguage":"en-US"},{"@type":"WebPage","@id":"https:\/\/www.press7.tv\/?p=26567","url":"https:\/\/www.press7.tv\/?p=26567","name":"Deputeti Bekim Qoku n\u00eb iftar me intelektual\u00eb dhe aktivist\u00eb t\u00eb VV-s\u00eb n\u00eb Maqedoni - press7.tv","isPartOf":{"@id":"https:\/\/www.news33.tv\/#website"},"primaryImageOfPage":{"@id":"https:\/\/www.press7.tv\/?p=26567#primaryimage"},"image":{"@id":"https:\/\/www.press7.tv\/?p=26567#primaryimage"},"thumbnailUrl":"https:\/\/www.press7.tv\/wp-content\/uploads\/2026\/03\/IMG_7670.avif","datePublished":"2026-03-12T01:21:56+00:00","breadcrumb":{"@id":"https:\/\/www.press7.tv\/?p=26567#breadcrumb"},"inLanguage":"en-US","potentialAction":[{"@type":"ReadAction","target":["https:\/\/www.press7.tv\/?p=26567"]}]},{"@type":"ImageObject","inLanguage":"en-US","@id":"https:\/\/www.press7.tv\/?p=26567#primaryimage","url":"https:\/\/www.press7.tv\/wp-content\/uploads\/2026\/03\/IMG_7670.avif","contentUrl":"https:\/\/www.press7.tv\/wp-content\/uploads\/2026\/03\/IMG_7670.avif","width":1024,"height":686},{"@type":"BreadcrumbList","@id":"https:\/\/www.press7.tv\/?p=26567#breadcrumb","itemListElement":[{"@type":"ListItem","position":1,"name":"Home","item":"https:\/\/www.press7.tv\/"},{"@type":"ListItem","position":2,"name":"Deputeti Bekim Qoku n\u00eb iftar me intelektual\u00eb dhe aktivist\u00eb t\u00eb VV-s\u00eb n\u00eb Maqedoni"}]},{"@type":"WebSite","@id":"https:\/\/www.news33.tv\/#website","url":"https:\/\/www.news33.tv\/","name":"News33.tv Media","description":"Media","publisher":{"@id":"https:\/\/www.news33.tv\/#organization"},"potentialAction":[{"@type":"SearchAction","target":{"@type":"EntryPoint","urlTemplate":"https:\/\/www.news33.tv\/?s={search_term_string}"},"query-input":{"@type":"PropertyValueSpecification","valueRequired":true,"valueName":"search_term_string"}}],"inLanguage":"en-US"},{"@type":"Organization","@id":"https:\/\/www.news33.tv\/#organization","name":"News33.tv Media","url":"https:\/\/www.news33.tv\/","logo":{"@type":"ImageObject","inLanguage":"en-US","@id":"https:\/\/www.news33.tv\/#\/schema\/logo\/image\/","url":"https:\/\/www.press7.tv\/wp-content\/uploads\/2024\/02\/logo-news33-black.png","contentUrl":"https:\/\/www.press7.tv\/wp-content\/uploads\/2024\/02\/logo-news33-black.png","width":180,"height":37,"caption":"News33.tv Media"},"image":{"@id":"https:\/\/www.news33.tv\/#\/schema\/logo\/image\/"},"sameAs":["https:\/\/www.facebook.com\/press7.tv"]},{"@type":"Person","@id":"https:\/\/www.news33.tv\/#\/schema\/person\/5a04a38a23ccdba82f9bd665cd8f9efa","name":"gazetar2","image":{"@type":"ImageObject","inLanguage":"en-US","@id":"https:\/\/www.news33.tv\/#\/schema\/person\/image\/","url":"https:\/\/www.press7.tv\/wp-content\/litespeed\/avatar\/41975e402c3049d9ddb03adca8f7a883.jpg?ver=1777169572","contentUrl":"https:\/\/www.press7.tv\/wp-content\/litespeed\/avatar\/41975e402c3049d9ddb03adca8f7a883.jpg?ver=1777169572","caption":"gazetar2"},"url":"https:\/\/www.press7.tv\/?author=8"}]}},"amp_enabled":true,"_links":{"self":[{"href":"https:\/\/www.press7.tv\/index.php?rest_route=\/wp\/v2\/posts\/26567","targetHints":{"allow":["GET"]}}],"collection":[{"href":"https:\/\/www.press7.tv\/index.php?rest_route=\/wp\/v2\/posts"}],"about":[{"href":"https:\/\/www.press7.tv\/index.php?rest_route=\/wp\/v2\/types\/post"}],"author":[{"embeddable":true,"href":"https:\/\/www.press7.tv\/index.php?rest_route=\/wp\/v2\/users\/8"}],"replies":[{"embeddable":true,"href":"https:\/\/www.press7.tv\/index.php?rest_route=%2Fwp%2Fv2%2Fcomments&post=26567"}],"version-history":[{"count":1,"href":"https:\/\/www.press7.tv\/index.php?rest_route=\/wp\/v2\/posts\/26567\/revisions"}],"predecessor-version":[{"id":26569,"href":"https:\/\/www.press7.tv\/index.php?rest_route=\/wp\/v2\/posts\/26567\/revisions\/26569"}],"wp:featuredmedia":[{"embeddable":true,"href":"https:\/\/www.press7.tv\/index.php?rest_route=\/wp\/v2\/media\/26568"}],"wp:attachment":[{"href":"https:\/\/www.press7.tv\/index.php?rest_route=%2Fwp%2Fv2%2Fmedia&parent=26567"}],"wp:term":[{"taxonomy":"category","embeddable":true,"href":"https:\/\/www.press7.tv\/index.php?rest_route=%2Fwp%2Fv2%2Fcategories&post=26567"},{"taxonomy":"post_tag","embeddable":true,"href":"https:\/\/www.press7.tv\/index.php?rest_route=%2Fwp%2Fv2%2Ftags&post=26567"}],"curies":[{"name":"wp","href":"https:\/\/api.w.org\/{rel}","templated":true}]}}