{"id":26564,"date":"2026-03-12T01:12:58","date_gmt":"2026-03-12T01:12:58","guid":{"rendered":"https:\/\/www.press7.tv\/?p=26564"},"modified":"2026-03-12T01:12:58","modified_gmt":"2026-03-12T01:12:58","slug":"burgoset-kengetari-gjesti","status":"publish","type":"post","link":"https:\/\/www.press7.tv\/?p=26564","title":{"rendered":"Burgoset k\u00ebng\u00ebtari &#8220;Gjesti&#8221;"},"content":{"rendered":"\n    <div class=\"xs_social_share_widget xs_share_url before_content \t\tmain_content  wslu-style-2 wslu-share-box-shaped wslu-fill-colored wslu-share-m-5 wslu-none wslu-share-vertical wslu-theme-font-no wslu-main_content\">\n\n\t\t\n        <ul>\n\t\t\t        <\/ul>\n    <\/div> \n<p>Ndalimi i reperit nga Peja, Besart Kelmendi, i njohur p\u00ebr publikun si Gjesti, n\u00eb mes t\u00eb Prishtin\u00eb n\u00ebn dyshimin p\u00ebr arm\u00ebmbajtje pa leje ka ngritur nj\u00eb pyetje t\u00eb madhe te publiku: \u00e7far\u00eb rrezikon realisht artisti pas k\u00ebtij incidenti?<\/p>\n<p>N\u00ebse i referohemi Kodi Penal i Republik\u00ebs s\u00eb Kosov\u00ebs, vepra p\u00ebr t\u00eb cil\u00ebn ai po mbahet n\u00eb ndalim policor prej 48 or\u00ebsh parashikon sanksione t\u00eb qarta ligjore. P\u00ebr mbajtjen n\u00eb pron\u00ebsi, kontroll ose posedim t\u00eb paautorizuar t\u00eb arm\u00ebve, ligji parasheh dy skenar\u00eb kryesor\u00eb.<\/p>\n<p>Skenari i par\u00eb \u00ebsht\u00eb nj\u00eb gjob\u00eb q\u00eb mund t\u00eb arrij\u00eb deri n\u00eb 7,500 euro, nd\u00ebrsa skenari i dyt\u00eb \u00ebsht\u00eb d\u00ebnimi me burgim q\u00eb mund t\u00eb shkoj\u00eb deri n\u00eb pes\u00eb vjet. Megjithat\u00eb, ndon\u00ebse k\u00ebto masa duken t\u00eb r\u00ebnda n\u00eb let\u00ebr, praktika gjyq\u00ebsore n\u00eb Kosov\u00eb shpesh tregon nj\u00eb qasje m\u00eb t\u00eb but\u00eb.<\/p>\n<p>N\u00eb shum\u00eb raste t\u00eb arm\u00ebmbajtjes s\u00eb thjesht\u00eb &#8211; kur arma nuk \u00ebsht\u00eb p\u00ebrdorur p\u00ebr kryerjen e ndonj\u00eb vepre tjet\u00ebr penale dhe nuk ka rrethana r\u00ebnduese &#8211; gjykatat zakonisht vendosin d\u00ebnime me gjob\u00eb ose d\u00ebnime me kusht.<\/p>\n<p>Nd\u00ebrkoh\u00eb, masa e ndalimit prej 48 or\u00ebsh q\u00eb po kalon aktualisht k\u00ebng\u00ebtari konsiderohet nj\u00eb procedur\u00eb standarde hetimore. Kjo periudh\u00eb i jep koh\u00eb Prokuroria e Shtetit q\u00eb, n\u00eb bashk\u00ebpunim me Policia e Kosov\u00ebs, t\u00eb vler\u00ebsoj\u00eb provat dhe rrethanat e rastit p\u00ebr t\u00eb vendosur n\u00ebse \u00e7\u00ebshtja do t\u00eb shkoj\u00eb n\u00eb procedur\u00eb t\u00eb rregullt gjyq\u00ebsore apo n\u00ebse do t\u00eb nd\u00ebrmerren masa t\u00eb tjera.<\/p>\n<p>Tashm\u00eb mbetet t\u00eb shihet n\u00ebse Gjesti do t\u2019ia hedh\u00eb vet\u00ebm me nj\u00eb gjob\u00eb t\u00eb majme dhe nj\u00eb paralajm\u00ebrim ligjor, apo n\u00ebse rasti do t\u00eb k\u00ebrkoj\u00eb nj\u00eb proces m\u00eb t\u00eb gjat\u00eb n\u00eb sistemin e drejt\u00ebsis\u00eb. Syt\u00eb e publikut mbeten t\u00eb drejtuar te vendimi q\u00eb pritet pas skadimit t\u00eb afatit t\u00eb ndalimit. \/telegrafi<\/p>\n","protected":false},"excerpt":{"rendered":"<p>Ndalimi i reperit nga Peja, Besart Kelmendi, i njohur p\u00ebr publikun si Gjesti, n\u00eb mes t\u00eb Prishtin\u00eb n\u00ebn dyshimin p\u00ebr arm\u00ebmbajtje pa leje ka ngritur nj\u00eb pyetje t\u00eb madhe te publiku: \u00e7far\u00eb rrezikon realisht artisti pas k\u00ebtij incidenti? N\u00ebse i referohemi Kodi Penal i Republik\u00ebs s\u00eb Kosov\u00ebs, vepra p\u00ebr t\u00eb cil\u00ebn ai po mbahet n\u00eb [&hellip;]<\/p>\n","protected":false},"author":8,"featured_media":26565,"comment_status":"closed","ping_status":"closed","sticky":false,"template":"","format":"standard","meta":{"footnotes":""},"categories":[238],"tags":[],"class_list":["post-26564","post","type-post","status-publish","format-standard","has-post-thumbnail","hentry","category-showbiz"],"yoast_head":"<!-- This site is optimized with the Yoast SEO plugin v25.1 - https:\/\/yoast.com\/wordpress\/plugins\/seo\/ -->\n<title>Burgoset k\u00ebng\u00ebtari &quot;Gjesti&quot; - press7.tv<\/title>\n<meta name=\"robots\" content=\"index, follow, max-snippet:-1, max-image-preview:large, max-video-preview:-1\" \/>\n<link rel=\"canonical\" href=\"https:\/\/www.press7.tv\/?p=26564\" \/>\n<meta property=\"og:locale\" content=\"en_US\" \/>\n<meta property=\"og:type\" content=\"article\" \/>\n<meta property=\"og:title\" content=\"Burgoset k\u00ebng\u00ebtari &quot;Gjesti&quot; - press7.tv\" \/>\n<meta property=\"og:description\" content=\"Ndalimi i reperit nga Peja, Besart Kelmendi, i njohur p\u00ebr publikun si Gjesti, n\u00eb mes t\u00eb Prishtin\u00eb n\u00ebn dyshimin p\u00ebr arm\u00ebmbajtje pa leje ka ngritur nj\u00eb pyetje t\u00eb madhe te publiku: \u00e7far\u00eb rrezikon realisht artisti pas k\u00ebtij incidenti? N\u00ebse i referohemi Kodi Penal i Republik\u00ebs s\u00eb Kosov\u00ebs, vepra p\u00ebr t\u00eb cil\u00ebn ai po mbahet n\u00eb [&hellip;]\" \/>\n<meta property=\"og:url\" content=\"https:\/\/www.press7.tv\/?p=26564\" \/>\n<meta property=\"og:site_name\" content=\"press7.tv\" \/>\n<meta property=\"article:publisher\" content=\"https:\/\/www.facebook.com\/press7.tv\" \/>\n<meta property=\"article:published_time\" content=\"2026-03-12T01:12:58+00:00\" \/>\n<meta property=\"og:image\" content=\"https:\/\/www.press7.tv\/wp-content\/uploads\/2026\/03\/IMG_7668.avif\" \/>\n\t<meta property=\"og:image:width\" content=\"1245\" \/>\n\t<meta property=\"og:image:height\" content=\"700\" \/>\n\t<meta property=\"og:image:type\" content=\"image\/webp\" \/>\n<meta name=\"author\" content=\"gazetar2\" \/>\n<meta name=\"twitter:card\" content=\"summary_large_image\" \/>\n<meta name=\"twitter:label1\" content=\"Written by\" \/>\n\t<meta name=\"twitter:data1\" content=\"gazetar2\" \/>\n\t<meta name=\"twitter:label2\" content=\"Est. reading time\" \/>\n\t<meta name=\"twitter:data2\" content=\"1 minute\" \/>\n<script type=\"application\/ld+json\" class=\"yoast-schema-graph\">{\"@context\":\"https:\/\/schema.org\",\"@graph\":[{\"@type\":\"Article\",\"@id\":\"https:\/\/www.press7.tv\/?p=26564#article\",\"isPartOf\":{\"@id\":\"https:\/\/www.press7.tv\/?p=26564\"},\"author\":{\"name\":\"gazetar2\",\"@id\":\"https:\/\/www.news33.tv\/#\/schema\/person\/5a04a38a23ccdba82f9bd665cd8f9efa\"},\"headline\":\"Burgoset k\u00ebng\u00ebtari &#8220;Gjesti&#8221;\",\"datePublished\":\"2026-03-12T01:12:58+00:00\",\"mainEntityOfPage\":{\"@id\":\"https:\/\/www.press7.tv\/?p=26564\"},\"wordCount\":327,\"publisher\":{\"@id\":\"https:\/\/www.news33.tv\/#organization\"},\"image\":{\"@id\":\"https:\/\/www.press7.tv\/?p=26564#primaryimage\"},\"thumbnailUrl\":\"https:\/\/www.press7.tv\/wp-content\/uploads\/2026\/03\/IMG_7668.avif\",\"articleSection\":[\"ShowBiz\"],\"inLanguage\":\"en-US\"},{\"@type\":\"WebPage\",\"@id\":\"https:\/\/www.press7.tv\/?p=26564\",\"url\":\"https:\/\/www.press7.tv\/?p=26564\",\"name\":\"Burgoset k\u00ebng\u00ebtari \\\"Gjesti\\\" - press7.tv\",\"isPartOf\":{\"@id\":\"https:\/\/www.news33.tv\/#website\"},\"primaryImageOfPage\":{\"@id\":\"https:\/\/www.press7.tv\/?p=26564#primaryimage\"},\"image\":{\"@id\":\"https:\/\/www.press7.tv\/?p=26564#primaryimage\"},\"thumbnailUrl\":\"https:\/\/www.press7.tv\/wp-content\/uploads\/2026\/03\/IMG_7668.avif\",\"datePublished\":\"2026-03-12T01:12:58+00:00\",\"breadcrumb\":{\"@id\":\"https:\/\/www.press7.tv\/?p=26564#breadcrumb\"},\"inLanguage\":\"en-US\",\"potentialAction\":[{\"@type\":\"ReadAction\",\"target\":[\"https:\/\/www.press7.tv\/?p=26564\"]}]},{\"@type\":\"ImageObject\",\"inLanguage\":\"en-US\",\"@id\":\"https:\/\/www.press7.tv\/?p=26564#primaryimage\",\"url\":\"https:\/\/www.press7.tv\/wp-content\/uploads\/2026\/03\/IMG_7668.avif\",\"contentUrl\":\"https:\/\/www.press7.tv\/wp-content\/uploads\/2026\/03\/IMG_7668.avif\",\"width\":1245,\"height\":700},{\"@type\":\"BreadcrumbList\",\"@id\":\"https:\/\/www.press7.tv\/?p=26564#breadcrumb\",\"itemListElement\":[{\"@type\":\"ListItem\",\"position\":1,\"name\":\"Home\",\"item\":\"https:\/\/www.press7.tv\/\"},{\"@type\":\"ListItem\",\"position\":2,\"name\":\"Burgoset k\u00ebng\u00ebtari &#8220;Gjesti&#8221;\"}]},{\"@type\":\"WebSite\",\"@id\":\"https:\/\/www.news33.tv\/#website\",\"url\":\"https:\/\/www.news33.tv\/\",\"name\":\"News33.tv Media\",\"description\":\"Media\",\"publisher\":{\"@id\":\"https:\/\/www.news33.tv\/#organization\"},\"potentialAction\":[{\"@type\":\"SearchAction\",\"target\":{\"@type\":\"EntryPoint\",\"urlTemplate\":\"https:\/\/www.news33.tv\/?s={search_term_string}\"},\"query-input\":{\"@type\":\"PropertyValueSpecification\",\"valueRequired\":true,\"valueName\":\"search_term_string\"}}],\"inLanguage\":\"en-US\"},{\"@type\":\"Organization\",\"@id\":\"https:\/\/www.news33.tv\/#organization\",\"name\":\"News33.tv Media\",\"url\":\"https:\/\/www.news33.tv\/\",\"logo\":{\"@type\":\"ImageObject\",\"inLanguage\":\"en-US\",\"@id\":\"https:\/\/www.news33.tv\/#\/schema\/logo\/image\/\",\"url\":\"https:\/\/www.press7.tv\/wp-content\/uploads\/2024\/02\/logo-news33-black.png\",\"contentUrl\":\"https:\/\/www.press7.tv\/wp-content\/uploads\/2024\/02\/logo-news33-black.png\",\"width\":180,\"height\":37,\"caption\":\"News33.tv Media\"},\"image\":{\"@id\":\"https:\/\/www.news33.tv\/#\/schema\/logo\/image\/\"},\"sameAs\":[\"https:\/\/www.facebook.com\/press7.tv\"]},{\"@type\":\"Person\",\"@id\":\"https:\/\/www.news33.tv\/#\/schema\/person\/5a04a38a23ccdba82f9bd665cd8f9efa\",\"name\":\"gazetar2\",\"image\":{\"@type\":\"ImageObject\",\"inLanguage\":\"en-US\",\"@id\":\"https:\/\/www.news33.tv\/#\/schema\/person\/image\/\",\"url\":\"https:\/\/www.press7.tv\/wp-content\/litespeed\/avatar\/41975e402c3049d9ddb03adca8f7a883.jpg?ver=1777169572\",\"contentUrl\":\"https:\/\/www.press7.tv\/wp-content\/litespeed\/avatar\/41975e402c3049d9ddb03adca8f7a883.jpg?ver=1777169572\",\"caption\":\"gazetar2\"},\"url\":\"https:\/\/www.press7.tv\/?author=8\"}]}<\/script>\n<!-- \/ Yoast SEO plugin. -->","yoast_head_json":{"title":"Burgoset k\u00ebng\u00ebtari \"Gjesti\" - press7.tv","robots":{"index":"index","follow":"follow","max-snippet":"max-snippet:-1","max-image-preview":"max-image-preview:large","max-video-preview":"max-video-preview:-1"},"canonical":"https:\/\/www.press7.tv\/?p=26564","og_locale":"en_US","og_type":"article","og_title":"Burgoset k\u00ebng\u00ebtari \"Gjesti\" - press7.tv","og_description":"Ndalimi i reperit nga Peja, Besart Kelmendi, i njohur p\u00ebr publikun si Gjesti, n\u00eb mes t\u00eb Prishtin\u00eb n\u00ebn dyshimin p\u00ebr arm\u00ebmbajtje pa leje ka ngritur nj\u00eb pyetje t\u00eb madhe te publiku: \u00e7far\u00eb rrezikon realisht artisti pas k\u00ebtij incidenti? N\u00ebse i referohemi Kodi Penal i Republik\u00ebs s\u00eb Kosov\u00ebs, vepra p\u00ebr t\u00eb cil\u00ebn ai po mbahet n\u00eb [&hellip;]","og_url":"https:\/\/www.press7.tv\/?p=26564","og_site_name":"press7.tv","article_publisher":"https:\/\/www.facebook.com\/press7.tv","article_published_time":"2026-03-12T01:12:58+00:00","og_image":[{"width":1245,"height":700,"url":"https:\/\/www.press7.tv\/wp-content\/uploads\/2026\/03\/IMG_7668.avif","type":"image\/webp"}],"author":"gazetar2","twitter_card":"summary_large_image","twitter_misc":{"Written by":"gazetar2","Est. reading time":"1 minute"},"schema":{"@context":"https:\/\/schema.org","@graph":[{"@type":"Article","@id":"https:\/\/www.press7.tv\/?p=26564#article","isPartOf":{"@id":"https:\/\/www.press7.tv\/?p=26564"},"author":{"name":"gazetar2","@id":"https:\/\/www.news33.tv\/#\/schema\/person\/5a04a38a23ccdba82f9bd665cd8f9efa"},"headline":"Burgoset k\u00ebng\u00ebtari &#8220;Gjesti&#8221;","datePublished":"2026-03-12T01:12:58+00:00","mainEntityOfPage":{"@id":"https:\/\/www.press7.tv\/?p=26564"},"wordCount":327,"publisher":{"@id":"https:\/\/www.news33.tv\/#organization"},"image":{"@id":"https:\/\/www.press7.tv\/?p=26564#primaryimage"},"thumbnailUrl":"https:\/\/www.press7.tv\/wp-content\/uploads\/2026\/03\/IMG_7668.avif","articleSection":["ShowBiz"],"inLanguage":"en-US"},{"@type":"WebPage","@id":"https:\/\/www.press7.tv\/?p=26564","url":"https:\/\/www.press7.tv\/?p=26564","name":"Burgoset k\u00ebng\u00ebtari \"Gjesti\" - press7.tv","isPartOf":{"@id":"https:\/\/www.news33.tv\/#website"},"primaryImageOfPage":{"@id":"https:\/\/www.press7.tv\/?p=26564#primaryimage"},"image":{"@id":"https:\/\/www.press7.tv\/?p=26564#primaryimage"},"thumbnailUrl":"https:\/\/www.press7.tv\/wp-content\/uploads\/2026\/03\/IMG_7668.avif","datePublished":"2026-03-12T01:12:58+00:00","breadcrumb":{"@id":"https:\/\/www.press7.tv\/?p=26564#breadcrumb"},"inLanguage":"en-US","potentialAction":[{"@type":"ReadAction","target":["https:\/\/www.press7.tv\/?p=26564"]}]},{"@type":"ImageObject","inLanguage":"en-US","@id":"https:\/\/www.press7.tv\/?p=26564#primaryimage","url":"https:\/\/www.press7.tv\/wp-content\/uploads\/2026\/03\/IMG_7668.avif","contentUrl":"https:\/\/www.press7.tv\/wp-content\/uploads\/2026\/03\/IMG_7668.avif","width":1245,"height":700},{"@type":"BreadcrumbList","@id":"https:\/\/www.press7.tv\/?p=26564#breadcrumb","itemListElement":[{"@type":"ListItem","position":1,"name":"Home","item":"https:\/\/www.press7.tv\/"},{"@type":"ListItem","position":2,"name":"Burgoset k\u00ebng\u00ebtari &#8220;Gjesti&#8221;"}]},{"@type":"WebSite","@id":"https:\/\/www.news33.tv\/#website","url":"https:\/\/www.news33.tv\/","name":"News33.tv Media","description":"Media","publisher":{"@id":"https:\/\/www.news33.tv\/#organization"},"potentialAction":[{"@type":"SearchAction","target":{"@type":"EntryPoint","urlTemplate":"https:\/\/www.news33.tv\/?s={search_term_string}"},"query-input":{"@type":"PropertyValueSpecification","valueRequired":true,"valueName":"search_term_string"}}],"inLanguage":"en-US"},{"@type":"Organization","@id":"https:\/\/www.news33.tv\/#organization","name":"News33.tv Media","url":"https:\/\/www.news33.tv\/","logo":{"@type":"ImageObject","inLanguage":"en-US","@id":"https:\/\/www.news33.tv\/#\/schema\/logo\/image\/","url":"https:\/\/www.press7.tv\/wp-content\/uploads\/2024\/02\/logo-news33-black.png","contentUrl":"https:\/\/www.press7.tv\/wp-content\/uploads\/2024\/02\/logo-news33-black.png","width":180,"height":37,"caption":"News33.tv Media"},"image":{"@id":"https:\/\/www.news33.tv\/#\/schema\/logo\/image\/"},"sameAs":["https:\/\/www.facebook.com\/press7.tv"]},{"@type":"Person","@id":"https:\/\/www.news33.tv\/#\/schema\/person\/5a04a38a23ccdba82f9bd665cd8f9efa","name":"gazetar2","image":{"@type":"ImageObject","inLanguage":"en-US","@id":"https:\/\/www.news33.tv\/#\/schema\/person\/image\/","url":"https:\/\/www.press7.tv\/wp-content\/litespeed\/avatar\/41975e402c3049d9ddb03adca8f7a883.jpg?ver=1777169572","contentUrl":"https:\/\/www.press7.tv\/wp-content\/litespeed\/avatar\/41975e402c3049d9ddb03adca8f7a883.jpg?ver=1777169572","caption":"gazetar2"},"url":"https:\/\/www.press7.tv\/?author=8"}]}},"amp_enabled":true,"_links":{"self":[{"href":"https:\/\/www.press7.tv\/index.php?rest_route=\/wp\/v2\/posts\/26564","targetHints":{"allow":["GET"]}}],"collection":[{"href":"https:\/\/www.press7.tv\/index.php?rest_route=\/wp\/v2\/posts"}],"about":[{"href":"https:\/\/www.press7.tv\/index.php?rest_route=\/wp\/v2\/types\/post"}],"author":[{"embeddable":true,"href":"https:\/\/www.press7.tv\/index.php?rest_route=\/wp\/v2\/users\/8"}],"replies":[{"embeddable":true,"href":"https:\/\/www.press7.tv\/index.php?rest_route=%2Fwp%2Fv2%2Fcomments&post=26564"}],"version-history":[{"count":1,"href":"https:\/\/www.press7.tv\/index.php?rest_route=\/wp\/v2\/posts\/26564\/revisions"}],"predecessor-version":[{"id":26566,"href":"https:\/\/www.press7.tv\/index.php?rest_route=\/wp\/v2\/posts\/26564\/revisions\/26566"}],"wp:featuredmedia":[{"embeddable":true,"href":"https:\/\/www.press7.tv\/index.php?rest_route=\/wp\/v2\/media\/26565"}],"wp:attachment":[{"href":"https:\/\/www.press7.tv\/index.php?rest_route=%2Fwp%2Fv2%2Fmedia&parent=26564"}],"wp:term":[{"taxonomy":"category","embeddable":true,"href":"https:\/\/www.press7.tv\/index.php?rest_route=%2Fwp%2Fv2%2Fcategories&post=26564"},{"taxonomy":"post_tag","embeddable":true,"href":"https:\/\/www.press7.tv\/index.php?rest_route=%2Fwp%2Fv2%2Ftags&post=26564"}],"curies":[{"name":"wp","href":"https:\/\/api.w.org\/{rel}","templated":true}]}}