{"id":26477,"date":"2026-03-09T12:49:46","date_gmt":"2026-03-09T12:49:46","guid":{"rendered":"https:\/\/www.press7.tv\/?p=26477"},"modified":"2026-03-09T12:49:46","modified_gmt":"2026-03-09T12:49:46","slug":"vv-ja-e-dergon-ne-kushtetuese-dekretin-e-osmanit-per-shperndarje-te-kuvendit","status":"publish","type":"post","link":"https:\/\/www.press7.tv\/?p=26477","title":{"rendered":"VV-ja e d\u00ebrgon n\u00eb Kushtetuese, dekretin e Osmanit p\u00ebr shp\u00ebrndarje t\u00eb Kuvendit"},"content":{"rendered":"\n    <div class=\"xs_social_share_widget xs_share_url before_content \t\tmain_content  wslu-style-2 wslu-share-box-shaped wslu-fill-colored wslu-share-m-5 wslu-none wslu-share-vertical wslu-theme-font-no wslu-main_content\">\n\n\t\t\n        <ul>\n\t\t\t        <\/ul>\n    <\/div> \n<p>Grupi parlamentar i L\u00ebvizjes Vet\u00ebvendosje e ka d\u00ebrguar n\u00eb Gjykat\u00ebn Kushtetuese l\u00ebnd\u00ebn q\u00eb nd\u00ebrlidhet me dekretin e presidentes Vjosa Osmani p\u00ebr shp\u00ebrndarje t\u00eb Kuvendit.<\/p>\n<p>Lajmin e kan\u00eb konfirmuar p\u00ebr Koh\u00ebn nga LVV-ja.<\/p>\n<p>M\u00eb her\u00ebt, n\u00eb nj\u00eb prononcim p\u00ebr media, kryetarja e Kuvendit Albulena Haxhiu e ka quajtur jokushtetues dhe t\u00eb ngutsh\u00ebm dekretin e Osmanit.<\/p>\n<p>\u201cVendimi i presidentes p\u00ebr ta shp\u00ebrndar\u00eb Kuvendin p\u00ebr mua ka qen\u00eb befasi sepse \u00ebsht\u00eb jokushtetues, \u00ebsht\u00eb i ngutsh\u00ebm dhe si t\u00eb till\u00eb do ta kund\u00ebrshtoj edhe si kryetare e Kuvendit\u201d, ka th\u00ebn\u00eb Haxhiu. <\/p>\n<p>Dekreti i presidentes Vjosa Osmani p\u00ebr t\u2019i dh\u00ebn\u00eb fund legjislatur\u00ebs s\u00eb 10-t\u00eb, ka thelluar p\u00ebrplasjet mes pushtetit dhe opozit\u00ebs.<\/p>\n<p>N\u00eb Partin\u00eb Demokratike t\u00eb Kosov\u00ebs e kan\u00eb vler\u00ebsuar kushtetues dekretin e nxjerr\u00eb nga Osmani p\u00ebr ta shp\u00ebrndar\u00eb Kuvendin e Kosov\u00ebs. Ata than\u00eb se Vet\u00ebvendosje po e keqinterpreton Kushtetut\u00ebn p\u00ebr t\u00eb prodhuar kriza institucionale.<\/p>\n<p>Por L\u00ebvizja Vet\u00ebvendosje, subjekti q\u00eb drejton Qeverin\u00eb, dekretin e ka quajtur antikushtetues dhe e ka d\u00ebrguar p\u00ebr interpretim n\u00eb Gjykat\u00ebn Kushtetuese.<\/p>\n<p>Presidentja e dekretoi shp\u00ebrndarjen e Kuvendit pas moszgjedhjes s\u00eb presidentit deri m\u00eb 5 mars dhe ka konsultuar partit\u00eb p\u00ebr dat\u00ebn e zgjedhjeve t\u00eb parakohshme. Lider\u00ebt politik\u00eb jan\u00eb takuar disa her\u00eb p\u00ebr t\u00eb arritur nj\u00eb figur\u00eb konsensuale, por pa sukses. Kryeministri Albin Kurti tha se ka zhvilluar disa takime me lider\u00ebt opozitar\u00eb dhe se kishte propozuar emra si Andin Hoti p\u00ebr t\u00eb nisur diskutimin, por nuk pati mb\u00ebshtetje dhe opozita nuk propozoi asnj\u00eb kandidat. Ai shtoi se sipas Kushtetut\u00ebs ekzistojn\u00eb 60 dit\u00eb p\u00ebr t\u00eb gjetur nj\u00eb zgjidhje dhe p\u00ebr t\u00eb shmangur zgjedhjet e reja.<\/p>\n","protected":false},"excerpt":{"rendered":"<p>Grupi parlamentar i L\u00ebvizjes Vet\u00ebvendosje e ka d\u00ebrguar n\u00eb Gjykat\u00ebn Kushtetuese l\u00ebnd\u00ebn q\u00eb nd\u00ebrlidhet me dekretin e presidentes Vjosa Osmani p\u00ebr shp\u00ebrndarje t\u00eb Kuvendit. Lajmin e kan\u00eb konfirmuar p\u00ebr Koh\u00ebn nga LVV-ja. M\u00eb her\u00ebt, n\u00eb nj\u00eb prononcim p\u00ebr media, kryetarja e Kuvendit Albulena Haxhiu e ka quajtur jokushtetues dhe t\u00eb ngutsh\u00ebm dekretin e Osmanit. \u201cVendimi [&hellip;]<\/p>\n","protected":false},"author":8,"featured_media":26478,"comment_status":"closed","ping_status":"closed","sticky":false,"template":"","format":"standard","meta":{"footnotes":""},"categories":[215,213],"tags":[],"class_list":["post-26477","post","type-post","status-publish","format-standard","has-post-thumbnail","hentry","category-kosove","category-lajme"],"yoast_head":"<!-- This site is optimized with the Yoast SEO plugin v25.1 - https:\/\/yoast.com\/wordpress\/plugins\/seo\/ -->\n<title>VV-ja e d\u00ebrgon n\u00eb Kushtetuese, dekretin e Osmanit p\u00ebr shp\u00ebrndarje t\u00eb Kuvendit - press7.tv<\/title>\n<meta name=\"robots\" content=\"index, follow, max-snippet:-1, max-image-preview:large, max-video-preview:-1\" \/>\n<link rel=\"canonical\" href=\"https:\/\/www.press7.tv\/?p=26477\" \/>\n<meta property=\"og:locale\" content=\"en_US\" \/>\n<meta property=\"og:type\" content=\"article\" \/>\n<meta property=\"og:title\" content=\"VV-ja e d\u00ebrgon n\u00eb Kushtetuese, dekretin e Osmanit p\u00ebr shp\u00ebrndarje t\u00eb Kuvendit - press7.tv\" \/>\n<meta property=\"og:description\" content=\"Grupi parlamentar i L\u00ebvizjes Vet\u00ebvendosje e ka d\u00ebrguar n\u00eb Gjykat\u00ebn Kushtetuese l\u00ebnd\u00ebn q\u00eb nd\u00ebrlidhet me dekretin e presidentes Vjosa Osmani p\u00ebr shp\u00ebrndarje t\u00eb Kuvendit. Lajmin e kan\u00eb konfirmuar p\u00ebr Koh\u00ebn nga LVV-ja. M\u00eb her\u00ebt, n\u00eb nj\u00eb prononcim p\u00ebr media, kryetarja e Kuvendit Albulena Haxhiu e ka quajtur jokushtetues dhe t\u00eb ngutsh\u00ebm dekretin e Osmanit. \u201cVendimi [&hellip;]\" \/>\n<meta property=\"og:url\" content=\"https:\/\/www.press7.tv\/?p=26477\" \/>\n<meta property=\"og:site_name\" content=\"press7.tv\" \/>\n<meta property=\"article:publisher\" content=\"https:\/\/www.facebook.com\/press7.tv\" \/>\n<meta property=\"article:published_time\" content=\"2026-03-09T12:49:46+00:00\" \/>\n<meta property=\"og:image\" content=\"https:\/\/www.press7.tv\/wp-content\/uploads\/2026\/03\/IMG_7566.avif\" \/>\n\t<meta property=\"og:image:width\" content=\"1024\" \/>\n\t<meta property=\"og:image:height\" content=\"576\" \/>\n\t<meta property=\"og:image:type\" content=\"image\/webp\" \/>\n<meta name=\"author\" content=\"gazetar2\" \/>\n<meta name=\"twitter:card\" content=\"summary_large_image\" \/>\n<meta name=\"twitter:label1\" content=\"Written by\" \/>\n\t<meta name=\"twitter:data1\" content=\"gazetar2\" \/>\n\t<meta name=\"twitter:label2\" content=\"Est. reading time\" \/>\n\t<meta name=\"twitter:data2\" content=\"1 minute\" \/>\n<script type=\"application\/ld+json\" class=\"yoast-schema-graph\">{\"@context\":\"https:\/\/schema.org\",\"@graph\":[{\"@type\":\"Article\",\"@id\":\"https:\/\/www.press7.tv\/?p=26477#article\",\"isPartOf\":{\"@id\":\"https:\/\/www.press7.tv\/?p=26477\"},\"author\":{\"name\":\"gazetar2\",\"@id\":\"https:\/\/www.news33.tv\/#\/schema\/person\/5a04a38a23ccdba82f9bd665cd8f9efa\"},\"headline\":\"VV-ja e d\u00ebrgon n\u00eb Kushtetuese, dekretin e Osmanit p\u00ebr shp\u00ebrndarje t\u00eb Kuvendit\",\"datePublished\":\"2026-03-09T12:49:46+00:00\",\"mainEntityOfPage\":{\"@id\":\"https:\/\/www.press7.tv\/?p=26477\"},\"wordCount\":316,\"publisher\":{\"@id\":\"https:\/\/www.news33.tv\/#organization\"},\"image\":{\"@id\":\"https:\/\/www.press7.tv\/?p=26477#primaryimage\"},\"thumbnailUrl\":\"https:\/\/www.press7.tv\/wp-content\/uploads\/2026\/03\/IMG_7566.avif\",\"articleSection\":[\"Kosov\u00eb\",\"Lajme\"],\"inLanguage\":\"en-US\"},{\"@type\":\"WebPage\",\"@id\":\"https:\/\/www.press7.tv\/?p=26477\",\"url\":\"https:\/\/www.press7.tv\/?p=26477\",\"name\":\"VV-ja e d\u00ebrgon n\u00eb Kushtetuese, dekretin e Osmanit p\u00ebr shp\u00ebrndarje t\u00eb Kuvendit - press7.tv\",\"isPartOf\":{\"@id\":\"https:\/\/www.news33.tv\/#website\"},\"primaryImageOfPage\":{\"@id\":\"https:\/\/www.press7.tv\/?p=26477#primaryimage\"},\"image\":{\"@id\":\"https:\/\/www.press7.tv\/?p=26477#primaryimage\"},\"thumbnailUrl\":\"https:\/\/www.press7.tv\/wp-content\/uploads\/2026\/03\/IMG_7566.avif\",\"datePublished\":\"2026-03-09T12:49:46+00:00\",\"breadcrumb\":{\"@id\":\"https:\/\/www.press7.tv\/?p=26477#breadcrumb\"},\"inLanguage\":\"en-US\",\"potentialAction\":[{\"@type\":\"ReadAction\",\"target\":[\"https:\/\/www.press7.tv\/?p=26477\"]}]},{\"@type\":\"ImageObject\",\"inLanguage\":\"en-US\",\"@id\":\"https:\/\/www.press7.tv\/?p=26477#primaryimage\",\"url\":\"https:\/\/www.press7.tv\/wp-content\/uploads\/2026\/03\/IMG_7566.avif\",\"contentUrl\":\"https:\/\/www.press7.tv\/wp-content\/uploads\/2026\/03\/IMG_7566.avif\",\"width\":1024,\"height\":576},{\"@type\":\"BreadcrumbList\",\"@id\":\"https:\/\/www.press7.tv\/?p=26477#breadcrumb\",\"itemListElement\":[{\"@type\":\"ListItem\",\"position\":1,\"name\":\"Home\",\"item\":\"https:\/\/www.press7.tv\/\"},{\"@type\":\"ListItem\",\"position\":2,\"name\":\"VV-ja e d\u00ebrgon n\u00eb Kushtetuese, dekretin e Osmanit p\u00ebr shp\u00ebrndarje t\u00eb Kuvendit\"}]},{\"@type\":\"WebSite\",\"@id\":\"https:\/\/www.news33.tv\/#website\",\"url\":\"https:\/\/www.news33.tv\/\",\"name\":\"News33.tv Media\",\"description\":\"Media\",\"publisher\":{\"@id\":\"https:\/\/www.news33.tv\/#organization\"},\"potentialAction\":[{\"@type\":\"SearchAction\",\"target\":{\"@type\":\"EntryPoint\",\"urlTemplate\":\"https:\/\/www.news33.tv\/?s={search_term_string}\"},\"query-input\":{\"@type\":\"PropertyValueSpecification\",\"valueRequired\":true,\"valueName\":\"search_term_string\"}}],\"inLanguage\":\"en-US\"},{\"@type\":\"Organization\",\"@id\":\"https:\/\/www.news33.tv\/#organization\",\"name\":\"News33.tv Media\",\"url\":\"https:\/\/www.news33.tv\/\",\"logo\":{\"@type\":\"ImageObject\",\"inLanguage\":\"en-US\",\"@id\":\"https:\/\/www.news33.tv\/#\/schema\/logo\/image\/\",\"url\":\"https:\/\/www.press7.tv\/wp-content\/uploads\/2024\/02\/logo-news33-black.png\",\"contentUrl\":\"https:\/\/www.press7.tv\/wp-content\/uploads\/2024\/02\/logo-news33-black.png\",\"width\":180,\"height\":37,\"caption\":\"News33.tv Media\"},\"image\":{\"@id\":\"https:\/\/www.news33.tv\/#\/schema\/logo\/image\/\"},\"sameAs\":[\"https:\/\/www.facebook.com\/press7.tv\"]},{\"@type\":\"Person\",\"@id\":\"https:\/\/www.news33.tv\/#\/schema\/person\/5a04a38a23ccdba82f9bd665cd8f9efa\",\"name\":\"gazetar2\",\"image\":{\"@type\":\"ImageObject\",\"inLanguage\":\"en-US\",\"@id\":\"https:\/\/www.news33.tv\/#\/schema\/person\/image\/\",\"url\":\"https:\/\/www.press7.tv\/wp-content\/litespeed\/avatar\/41975e402c3049d9ddb03adca8f7a883.jpg?ver=1777169572\",\"contentUrl\":\"https:\/\/www.press7.tv\/wp-content\/litespeed\/avatar\/41975e402c3049d9ddb03adca8f7a883.jpg?ver=1777169572\",\"caption\":\"gazetar2\"},\"url\":\"https:\/\/www.press7.tv\/?author=8\"}]}<\/script>\n<!-- \/ Yoast SEO plugin. -->","yoast_head_json":{"title":"VV-ja e d\u00ebrgon n\u00eb Kushtetuese, dekretin e Osmanit p\u00ebr shp\u00ebrndarje t\u00eb Kuvendit - press7.tv","robots":{"index":"index","follow":"follow","max-snippet":"max-snippet:-1","max-image-preview":"max-image-preview:large","max-video-preview":"max-video-preview:-1"},"canonical":"https:\/\/www.press7.tv\/?p=26477","og_locale":"en_US","og_type":"article","og_title":"VV-ja e d\u00ebrgon n\u00eb Kushtetuese, dekretin e Osmanit p\u00ebr shp\u00ebrndarje t\u00eb Kuvendit - press7.tv","og_description":"Grupi parlamentar i L\u00ebvizjes Vet\u00ebvendosje e ka d\u00ebrguar n\u00eb Gjykat\u00ebn Kushtetuese l\u00ebnd\u00ebn q\u00eb nd\u00ebrlidhet me dekretin e presidentes Vjosa Osmani p\u00ebr shp\u00ebrndarje t\u00eb Kuvendit. Lajmin e kan\u00eb konfirmuar p\u00ebr Koh\u00ebn nga LVV-ja. M\u00eb her\u00ebt, n\u00eb nj\u00eb prononcim p\u00ebr media, kryetarja e Kuvendit Albulena Haxhiu e ka quajtur jokushtetues dhe t\u00eb ngutsh\u00ebm dekretin e Osmanit. \u201cVendimi [&hellip;]","og_url":"https:\/\/www.press7.tv\/?p=26477","og_site_name":"press7.tv","article_publisher":"https:\/\/www.facebook.com\/press7.tv","article_published_time":"2026-03-09T12:49:46+00:00","og_image":[{"width":1024,"height":576,"url":"https:\/\/www.press7.tv\/wp-content\/uploads\/2026\/03\/IMG_7566.avif","type":"image\/webp"}],"author":"gazetar2","twitter_card":"summary_large_image","twitter_misc":{"Written by":"gazetar2","Est. reading time":"1 minute"},"schema":{"@context":"https:\/\/schema.org","@graph":[{"@type":"Article","@id":"https:\/\/www.press7.tv\/?p=26477#article","isPartOf":{"@id":"https:\/\/www.press7.tv\/?p=26477"},"author":{"name":"gazetar2","@id":"https:\/\/www.news33.tv\/#\/schema\/person\/5a04a38a23ccdba82f9bd665cd8f9efa"},"headline":"VV-ja e d\u00ebrgon n\u00eb Kushtetuese, dekretin e Osmanit p\u00ebr shp\u00ebrndarje t\u00eb Kuvendit","datePublished":"2026-03-09T12:49:46+00:00","mainEntityOfPage":{"@id":"https:\/\/www.press7.tv\/?p=26477"},"wordCount":316,"publisher":{"@id":"https:\/\/www.news33.tv\/#organization"},"image":{"@id":"https:\/\/www.press7.tv\/?p=26477#primaryimage"},"thumbnailUrl":"https:\/\/www.press7.tv\/wp-content\/uploads\/2026\/03\/IMG_7566.avif","articleSection":["Kosov\u00eb","Lajme"],"inLanguage":"en-US"},{"@type":"WebPage","@id":"https:\/\/www.press7.tv\/?p=26477","url":"https:\/\/www.press7.tv\/?p=26477","name":"VV-ja e d\u00ebrgon n\u00eb Kushtetuese, dekretin e Osmanit p\u00ebr shp\u00ebrndarje t\u00eb Kuvendit - press7.tv","isPartOf":{"@id":"https:\/\/www.news33.tv\/#website"},"primaryImageOfPage":{"@id":"https:\/\/www.press7.tv\/?p=26477#primaryimage"},"image":{"@id":"https:\/\/www.press7.tv\/?p=26477#primaryimage"},"thumbnailUrl":"https:\/\/www.press7.tv\/wp-content\/uploads\/2026\/03\/IMG_7566.avif","datePublished":"2026-03-09T12:49:46+00:00","breadcrumb":{"@id":"https:\/\/www.press7.tv\/?p=26477#breadcrumb"},"inLanguage":"en-US","potentialAction":[{"@type":"ReadAction","target":["https:\/\/www.press7.tv\/?p=26477"]}]},{"@type":"ImageObject","inLanguage":"en-US","@id":"https:\/\/www.press7.tv\/?p=26477#primaryimage","url":"https:\/\/www.press7.tv\/wp-content\/uploads\/2026\/03\/IMG_7566.avif","contentUrl":"https:\/\/www.press7.tv\/wp-content\/uploads\/2026\/03\/IMG_7566.avif","width":1024,"height":576},{"@type":"BreadcrumbList","@id":"https:\/\/www.press7.tv\/?p=26477#breadcrumb","itemListElement":[{"@type":"ListItem","position":1,"name":"Home","item":"https:\/\/www.press7.tv\/"},{"@type":"ListItem","position":2,"name":"VV-ja e d\u00ebrgon n\u00eb Kushtetuese, dekretin e Osmanit p\u00ebr shp\u00ebrndarje t\u00eb Kuvendit"}]},{"@type":"WebSite","@id":"https:\/\/www.news33.tv\/#website","url":"https:\/\/www.news33.tv\/","name":"News33.tv Media","description":"Media","publisher":{"@id":"https:\/\/www.news33.tv\/#organization"},"potentialAction":[{"@type":"SearchAction","target":{"@type":"EntryPoint","urlTemplate":"https:\/\/www.news33.tv\/?s={search_term_string}"},"query-input":{"@type":"PropertyValueSpecification","valueRequired":true,"valueName":"search_term_string"}}],"inLanguage":"en-US"},{"@type":"Organization","@id":"https:\/\/www.news33.tv\/#organization","name":"News33.tv Media","url":"https:\/\/www.news33.tv\/","logo":{"@type":"ImageObject","inLanguage":"en-US","@id":"https:\/\/www.news33.tv\/#\/schema\/logo\/image\/","url":"https:\/\/www.press7.tv\/wp-content\/uploads\/2024\/02\/logo-news33-black.png","contentUrl":"https:\/\/www.press7.tv\/wp-content\/uploads\/2024\/02\/logo-news33-black.png","width":180,"height":37,"caption":"News33.tv Media"},"image":{"@id":"https:\/\/www.news33.tv\/#\/schema\/logo\/image\/"},"sameAs":["https:\/\/www.facebook.com\/press7.tv"]},{"@type":"Person","@id":"https:\/\/www.news33.tv\/#\/schema\/person\/5a04a38a23ccdba82f9bd665cd8f9efa","name":"gazetar2","image":{"@type":"ImageObject","inLanguage":"en-US","@id":"https:\/\/www.news33.tv\/#\/schema\/person\/image\/","url":"https:\/\/www.press7.tv\/wp-content\/litespeed\/avatar\/41975e402c3049d9ddb03adca8f7a883.jpg?ver=1777169572","contentUrl":"https:\/\/www.press7.tv\/wp-content\/litespeed\/avatar\/41975e402c3049d9ddb03adca8f7a883.jpg?ver=1777169572","caption":"gazetar2"},"url":"https:\/\/www.press7.tv\/?author=8"}]}},"amp_enabled":true,"_links":{"self":[{"href":"https:\/\/www.press7.tv\/index.php?rest_route=\/wp\/v2\/posts\/26477","targetHints":{"allow":["GET"]}}],"collection":[{"href":"https:\/\/www.press7.tv\/index.php?rest_route=\/wp\/v2\/posts"}],"about":[{"href":"https:\/\/www.press7.tv\/index.php?rest_route=\/wp\/v2\/types\/post"}],"author":[{"embeddable":true,"href":"https:\/\/www.press7.tv\/index.php?rest_route=\/wp\/v2\/users\/8"}],"replies":[{"embeddable":true,"href":"https:\/\/www.press7.tv\/index.php?rest_route=%2Fwp%2Fv2%2Fcomments&post=26477"}],"version-history":[{"count":1,"href":"https:\/\/www.press7.tv\/index.php?rest_route=\/wp\/v2\/posts\/26477\/revisions"}],"predecessor-version":[{"id":26479,"href":"https:\/\/www.press7.tv\/index.php?rest_route=\/wp\/v2\/posts\/26477\/revisions\/26479"}],"wp:featuredmedia":[{"embeddable":true,"href":"https:\/\/www.press7.tv\/index.php?rest_route=\/wp\/v2\/media\/26478"}],"wp:attachment":[{"href":"https:\/\/www.press7.tv\/index.php?rest_route=%2Fwp%2Fv2%2Fmedia&parent=26477"}],"wp:term":[{"taxonomy":"category","embeddable":true,"href":"https:\/\/www.press7.tv\/index.php?rest_route=%2Fwp%2Fv2%2Fcategories&post=26477"},{"taxonomy":"post_tag","embeddable":true,"href":"https:\/\/www.press7.tv\/index.php?rest_route=%2Fwp%2Fv2%2Ftags&post=26477"}],"curies":[{"name":"wp","href":"https:\/\/api.w.org\/{rel}","templated":true}]}}