{"id":24907,"date":"2026-02-01T19:42:17","date_gmt":"2026-02-01T19:42:17","guid":{"rendered":"https:\/\/www.press7.tv\/?p=24907"},"modified":"2026-02-01T19:42:17","modified_gmt":"2026-02-01T19:42:17","slug":"turqi-autobusi-del-nga-rruga-dhe-permbyset-8-te-vdekur-dhe-26-te-plagosur","status":"publish","type":"post","link":"https:\/\/www.press7.tv\/?p=24907","title":{"rendered":"Turqi: Autobusi del nga rruga dhe p\u00ebrmbyset, 8 t\u00eb vdekur dhe 26 t\u00eb plagosur"},"content":{"rendered":"\n    <div class=\"xs_social_share_widget xs_share_url before_content \t\tmain_content  wslu-style-2 wslu-share-box-shaped wslu-fill-colored wslu-share-m-5 wslu-none wslu-share-vertical wslu-theme-font-no wslu-main_content\">\n\n\t\t\n        <ul>\n\t\t\t        <\/ul>\n    <\/div> \n<p>Tet\u00eb persona u vran\u00eb dhe 26 t\u00eb tjer\u00eb u plagos\u00ebn n\u00eb nj\u00eb aksident me autobus n\u00eb Antalia, nj\u00eb qytet i madh turistik n\u00eb Turqin\u00eb jugore, tha guvernatori i Antalias.<\/p>\n<p>\u201cTet\u00eb nga bashk\u00ebqytetar\u00ebt tan\u00eb humb\u00ebn jet\u00ebn dhe 26 u plagos\u00ebn. T\u00eb plagosurit u d\u00ebrguan n\u00eb spitalet lokale\u201d, u tha gazetar\u00ebve guvernatori Hulusi Sahin, pa specifikuar n\u00ebse kishte ndonj\u00eb shtetas t\u00eb huaj midis t\u00eb p\u00ebrfshir\u00ebve n\u00eb aksident.<\/p>\n<p>Autobusi, i cili po transportonte 34 pasagjer\u00eb nga Radesto (Tekirdag) p\u00ebr n\u00eb Antalia, u p\u00ebrmbys k\u00ebt\u00eb m\u00ebngjes n\u00eb or\u00ebn 10:20 n\u00eb nj\u00eb autostrad\u00eb q\u00eb ishte b\u00ebr\u00eb e rr\u00ebshqitshme p\u00ebr shkak t\u00eb shiut, shpjegoi guvernatori.<\/p>\n<p>\u201cKishte edhe mjegull. Ky \u00ebsht\u00eb nj\u00eb kryq\u00ebzim ku nuk duhet t\u00eb ecet shpejt, por duket sikur autobusi ka ardhur me shpejt\u00ebsi t\u00eb lart\u00eb\u201d, shtoi ai. Disa nga t\u00eb plagosurit jan\u00eb n\u00eb gjendje t\u00eb r\u00ebnd\u00eb, shtoi ai.<\/p>\n","protected":false},"excerpt":{"rendered":"<p>Tet\u00eb persona u vran\u00eb dhe 26 t\u00eb tjer\u00eb u plagos\u00ebn n\u00eb nj\u00eb aksident me autobus n\u00eb Antalia, nj\u00eb qytet i madh turistik n\u00eb Turqin\u00eb jugore, tha guvernatori i Antalias. \u201cTet\u00eb nga bashk\u00ebqytetar\u00ebt tan\u00eb humb\u00ebn jet\u00ebn dhe 26 u plagos\u00ebn. T\u00eb plagosurit u d\u00ebrguan n\u00eb spitalet lokale\u201d, u tha gazetar\u00ebve guvernatori Hulusi Sahin, pa specifikuar n\u00ebse [&hellip;]<\/p>\n","protected":false},"author":8,"featured_media":24908,"comment_status":"closed","ping_status":"closed","sticky":false,"template":"","format":"standard","meta":{"footnotes":""},"categories":[217,213],"tags":[],"class_list":["post-24907","post","type-post","status-publish","format-standard","has-post-thumbnail","hentry","category-bote","category-lajme"],"yoast_head":"<!-- This site is optimized with the Yoast SEO plugin v25.1 - https:\/\/yoast.com\/wordpress\/plugins\/seo\/ -->\n<title>Turqi: Autobusi del nga rruga dhe p\u00ebrmbyset, 8 t\u00eb vdekur dhe 26 t\u00eb plagosur - press7.tv<\/title>\n<meta name=\"robots\" content=\"index, follow, max-snippet:-1, max-image-preview:large, max-video-preview:-1\" \/>\n<link rel=\"canonical\" href=\"https:\/\/www.press7.tv\/?p=24907\" \/>\n<meta property=\"og:locale\" content=\"en_US\" \/>\n<meta property=\"og:type\" content=\"article\" \/>\n<meta property=\"og:title\" content=\"Turqi: Autobusi del nga rruga dhe p\u00ebrmbyset, 8 t\u00eb vdekur dhe 26 t\u00eb plagosur - press7.tv\" \/>\n<meta property=\"og:description\" content=\"Tet\u00eb persona u vran\u00eb dhe 26 t\u00eb tjer\u00eb u plagos\u00ebn n\u00eb nj\u00eb aksident me autobus n\u00eb Antalia, nj\u00eb qytet i madh turistik n\u00eb Turqin\u00eb jugore, tha guvernatori i Antalias. \u201cTet\u00eb nga bashk\u00ebqytetar\u00ebt tan\u00eb humb\u00ebn jet\u00ebn dhe 26 u plagos\u00ebn. T\u00eb plagosurit u d\u00ebrguan n\u00eb spitalet lokale\u201d, u tha gazetar\u00ebve guvernatori Hulusi Sahin, pa specifikuar n\u00ebse [&hellip;]\" \/>\n<meta property=\"og:url\" content=\"https:\/\/www.press7.tv\/?p=24907\" \/>\n<meta property=\"og:site_name\" content=\"press7.tv\" \/>\n<meta property=\"article:publisher\" content=\"https:\/\/www.facebook.com\/press7.tv\" \/>\n<meta property=\"article:published_time\" content=\"2026-02-01T19:42:17+00:00\" \/>\n<meta property=\"og:image\" content=\"https:\/\/www.press7.tv\/wp-content\/uploads\/2026\/02\/AUTO.avif\" \/>\n\t<meta property=\"og:image:width\" content=\"795\" \/>\n\t<meta property=\"og:image:height\" content=\"451\" \/>\n\t<meta property=\"og:image:type\" content=\"image\/jpeg\" \/>\n<meta name=\"author\" content=\"gazetar2\" \/>\n<meta name=\"twitter:card\" content=\"summary_large_image\" \/>\n<meta name=\"twitter:label1\" content=\"Written by\" \/>\n\t<meta name=\"twitter:data1\" content=\"gazetar2\" \/>\n\t<meta name=\"twitter:label2\" content=\"Est. reading time\" \/>\n\t<meta name=\"twitter:data2\" content=\"1 minute\" \/>\n<script type=\"application\/ld+json\" class=\"yoast-schema-graph\">{\"@context\":\"https:\/\/schema.org\",\"@graph\":[{\"@type\":\"Article\",\"@id\":\"https:\/\/www.press7.tv\/?p=24907#article\",\"isPartOf\":{\"@id\":\"https:\/\/www.press7.tv\/?p=24907\"},\"author\":{\"name\":\"gazetar2\",\"@id\":\"https:\/\/www.news33.tv\/#\/schema\/person\/5a04a38a23ccdba82f9bd665cd8f9efa\"},\"headline\":\"Turqi: Autobusi del nga rruga dhe p\u00ebrmbyset, 8 t\u00eb vdekur dhe 26 t\u00eb plagosur\",\"datePublished\":\"2026-02-01T19:42:17+00:00\",\"mainEntityOfPage\":{\"@id\":\"https:\/\/www.press7.tv\/?p=24907\"},\"wordCount\":166,\"publisher\":{\"@id\":\"https:\/\/www.news33.tv\/#organization\"},\"image\":{\"@id\":\"https:\/\/www.press7.tv\/?p=24907#primaryimage\"},\"thumbnailUrl\":\"https:\/\/www.press7.tv\/wp-content\/uploads\/2026\/02\/AUTO.avif\",\"articleSection\":[\"Bot\u00eb\",\"Lajme\"],\"inLanguage\":\"en-US\"},{\"@type\":\"WebPage\",\"@id\":\"https:\/\/www.press7.tv\/?p=24907\",\"url\":\"https:\/\/www.press7.tv\/?p=24907\",\"name\":\"Turqi: Autobusi del nga rruga dhe p\u00ebrmbyset, 8 t\u00eb vdekur dhe 26 t\u00eb plagosur - press7.tv\",\"isPartOf\":{\"@id\":\"https:\/\/www.news33.tv\/#website\"},\"primaryImageOfPage\":{\"@id\":\"https:\/\/www.press7.tv\/?p=24907#primaryimage\"},\"image\":{\"@id\":\"https:\/\/www.press7.tv\/?p=24907#primaryimage\"},\"thumbnailUrl\":\"https:\/\/www.press7.tv\/wp-content\/uploads\/2026\/02\/AUTO.avif\",\"datePublished\":\"2026-02-01T19:42:17+00:00\",\"breadcrumb\":{\"@id\":\"https:\/\/www.press7.tv\/?p=24907#breadcrumb\"},\"inLanguage\":\"en-US\",\"potentialAction\":[{\"@type\":\"ReadAction\",\"target\":[\"https:\/\/www.press7.tv\/?p=24907\"]}]},{\"@type\":\"ImageObject\",\"inLanguage\":\"en-US\",\"@id\":\"https:\/\/www.press7.tv\/?p=24907#primaryimage\",\"url\":\"https:\/\/www.press7.tv\/wp-content\/uploads\/2026\/02\/AUTO.avif\",\"contentUrl\":\"https:\/\/www.press7.tv\/wp-content\/uploads\/2026\/02\/AUTO.avif\",\"width\":795,\"height\":451},{\"@type\":\"BreadcrumbList\",\"@id\":\"https:\/\/www.press7.tv\/?p=24907#breadcrumb\",\"itemListElement\":[{\"@type\":\"ListItem\",\"position\":1,\"name\":\"Home\",\"item\":\"https:\/\/www.press7.tv\/\"},{\"@type\":\"ListItem\",\"position\":2,\"name\":\"Turqi: Autobusi del nga rruga dhe p\u00ebrmbyset, 8 t\u00eb vdekur dhe 26 t\u00eb plagosur\"}]},{\"@type\":\"WebSite\",\"@id\":\"https:\/\/www.news33.tv\/#website\",\"url\":\"https:\/\/www.news33.tv\/\",\"name\":\"News33.tv Media\",\"description\":\"Media\",\"publisher\":{\"@id\":\"https:\/\/www.news33.tv\/#organization\"},\"potentialAction\":[{\"@type\":\"SearchAction\",\"target\":{\"@type\":\"EntryPoint\",\"urlTemplate\":\"https:\/\/www.news33.tv\/?s={search_term_string}\"},\"query-input\":{\"@type\":\"PropertyValueSpecification\",\"valueRequired\":true,\"valueName\":\"search_term_string\"}}],\"inLanguage\":\"en-US\"},{\"@type\":\"Organization\",\"@id\":\"https:\/\/www.news33.tv\/#organization\",\"name\":\"News33.tv Media\",\"url\":\"https:\/\/www.news33.tv\/\",\"logo\":{\"@type\":\"ImageObject\",\"inLanguage\":\"en-US\",\"@id\":\"https:\/\/www.news33.tv\/#\/schema\/logo\/image\/\",\"url\":\"https:\/\/www.press7.tv\/wp-content\/uploads\/2024\/02\/logo-news33-black.png\",\"contentUrl\":\"https:\/\/www.press7.tv\/wp-content\/uploads\/2024\/02\/logo-news33-black.png\",\"width\":180,\"height\":37,\"caption\":\"News33.tv Media\"},\"image\":{\"@id\":\"https:\/\/www.news33.tv\/#\/schema\/logo\/image\/\"},\"sameAs\":[\"https:\/\/www.facebook.com\/press7.tv\"]},{\"@type\":\"Person\",\"@id\":\"https:\/\/www.news33.tv\/#\/schema\/person\/5a04a38a23ccdba82f9bd665cd8f9efa\",\"name\":\"gazetar2\",\"image\":{\"@type\":\"ImageObject\",\"inLanguage\":\"en-US\",\"@id\":\"https:\/\/www.news33.tv\/#\/schema\/person\/image\/\",\"url\":\"https:\/\/www.press7.tv\/wp-content\/litespeed\/avatar\/41975e402c3049d9ddb03adca8f7a883.jpg?ver=1777774395\",\"contentUrl\":\"https:\/\/www.press7.tv\/wp-content\/litespeed\/avatar\/41975e402c3049d9ddb03adca8f7a883.jpg?ver=1777774395\",\"caption\":\"gazetar2\"},\"url\":\"https:\/\/www.press7.tv\/?author=8\"}]}<\/script>\n<!-- \/ Yoast SEO plugin. -->","yoast_head_json":{"title":"Turqi: Autobusi del nga rruga dhe p\u00ebrmbyset, 8 t\u00eb vdekur dhe 26 t\u00eb plagosur - press7.tv","robots":{"index":"index","follow":"follow","max-snippet":"max-snippet:-1","max-image-preview":"max-image-preview:large","max-video-preview":"max-video-preview:-1"},"canonical":"https:\/\/www.press7.tv\/?p=24907","og_locale":"en_US","og_type":"article","og_title":"Turqi: Autobusi del nga rruga dhe p\u00ebrmbyset, 8 t\u00eb vdekur dhe 26 t\u00eb plagosur - press7.tv","og_description":"Tet\u00eb persona u vran\u00eb dhe 26 t\u00eb tjer\u00eb u plagos\u00ebn n\u00eb nj\u00eb aksident me autobus n\u00eb Antalia, nj\u00eb qytet i madh turistik n\u00eb Turqin\u00eb jugore, tha guvernatori i Antalias. \u201cTet\u00eb nga bashk\u00ebqytetar\u00ebt tan\u00eb humb\u00ebn jet\u00ebn dhe 26 u plagos\u00ebn. T\u00eb plagosurit u d\u00ebrguan n\u00eb spitalet lokale\u201d, u tha gazetar\u00ebve guvernatori Hulusi Sahin, pa specifikuar n\u00ebse [&hellip;]","og_url":"https:\/\/www.press7.tv\/?p=24907","og_site_name":"press7.tv","article_publisher":"https:\/\/www.facebook.com\/press7.tv","article_published_time":"2026-02-01T19:42:17+00:00","og_image":[{"width":795,"height":451,"url":"https:\/\/www.press7.tv\/wp-content\/uploads\/2026\/02\/AUTO.avif","type":"image\/jpeg"}],"author":"gazetar2","twitter_card":"summary_large_image","twitter_misc":{"Written by":"gazetar2","Est. reading time":"1 minute"},"schema":{"@context":"https:\/\/schema.org","@graph":[{"@type":"Article","@id":"https:\/\/www.press7.tv\/?p=24907#article","isPartOf":{"@id":"https:\/\/www.press7.tv\/?p=24907"},"author":{"name":"gazetar2","@id":"https:\/\/www.news33.tv\/#\/schema\/person\/5a04a38a23ccdba82f9bd665cd8f9efa"},"headline":"Turqi: Autobusi del nga rruga dhe p\u00ebrmbyset, 8 t\u00eb vdekur dhe 26 t\u00eb plagosur","datePublished":"2026-02-01T19:42:17+00:00","mainEntityOfPage":{"@id":"https:\/\/www.press7.tv\/?p=24907"},"wordCount":166,"publisher":{"@id":"https:\/\/www.news33.tv\/#organization"},"image":{"@id":"https:\/\/www.press7.tv\/?p=24907#primaryimage"},"thumbnailUrl":"https:\/\/www.press7.tv\/wp-content\/uploads\/2026\/02\/AUTO.avif","articleSection":["Bot\u00eb","Lajme"],"inLanguage":"en-US"},{"@type":"WebPage","@id":"https:\/\/www.press7.tv\/?p=24907","url":"https:\/\/www.press7.tv\/?p=24907","name":"Turqi: Autobusi del nga rruga dhe p\u00ebrmbyset, 8 t\u00eb vdekur dhe 26 t\u00eb plagosur - press7.tv","isPartOf":{"@id":"https:\/\/www.news33.tv\/#website"},"primaryImageOfPage":{"@id":"https:\/\/www.press7.tv\/?p=24907#primaryimage"},"image":{"@id":"https:\/\/www.press7.tv\/?p=24907#primaryimage"},"thumbnailUrl":"https:\/\/www.press7.tv\/wp-content\/uploads\/2026\/02\/AUTO.avif","datePublished":"2026-02-01T19:42:17+00:00","breadcrumb":{"@id":"https:\/\/www.press7.tv\/?p=24907#breadcrumb"},"inLanguage":"en-US","potentialAction":[{"@type":"ReadAction","target":["https:\/\/www.press7.tv\/?p=24907"]}]},{"@type":"ImageObject","inLanguage":"en-US","@id":"https:\/\/www.press7.tv\/?p=24907#primaryimage","url":"https:\/\/www.press7.tv\/wp-content\/uploads\/2026\/02\/AUTO.avif","contentUrl":"https:\/\/www.press7.tv\/wp-content\/uploads\/2026\/02\/AUTO.avif","width":795,"height":451},{"@type":"BreadcrumbList","@id":"https:\/\/www.press7.tv\/?p=24907#breadcrumb","itemListElement":[{"@type":"ListItem","position":1,"name":"Home","item":"https:\/\/www.press7.tv\/"},{"@type":"ListItem","position":2,"name":"Turqi: Autobusi del nga rruga dhe p\u00ebrmbyset, 8 t\u00eb vdekur dhe 26 t\u00eb plagosur"}]},{"@type":"WebSite","@id":"https:\/\/www.news33.tv\/#website","url":"https:\/\/www.news33.tv\/","name":"News33.tv Media","description":"Media","publisher":{"@id":"https:\/\/www.news33.tv\/#organization"},"potentialAction":[{"@type":"SearchAction","target":{"@type":"EntryPoint","urlTemplate":"https:\/\/www.news33.tv\/?s={search_term_string}"},"query-input":{"@type":"PropertyValueSpecification","valueRequired":true,"valueName":"search_term_string"}}],"inLanguage":"en-US"},{"@type":"Organization","@id":"https:\/\/www.news33.tv\/#organization","name":"News33.tv Media","url":"https:\/\/www.news33.tv\/","logo":{"@type":"ImageObject","inLanguage":"en-US","@id":"https:\/\/www.news33.tv\/#\/schema\/logo\/image\/","url":"https:\/\/www.press7.tv\/wp-content\/uploads\/2024\/02\/logo-news33-black.png","contentUrl":"https:\/\/www.press7.tv\/wp-content\/uploads\/2024\/02\/logo-news33-black.png","width":180,"height":37,"caption":"News33.tv Media"},"image":{"@id":"https:\/\/www.news33.tv\/#\/schema\/logo\/image\/"},"sameAs":["https:\/\/www.facebook.com\/press7.tv"]},{"@type":"Person","@id":"https:\/\/www.news33.tv\/#\/schema\/person\/5a04a38a23ccdba82f9bd665cd8f9efa","name":"gazetar2","image":{"@type":"ImageObject","inLanguage":"en-US","@id":"https:\/\/www.news33.tv\/#\/schema\/person\/image\/","url":"https:\/\/www.press7.tv\/wp-content\/litespeed\/avatar\/41975e402c3049d9ddb03adca8f7a883.jpg?ver=1777774395","contentUrl":"https:\/\/www.press7.tv\/wp-content\/litespeed\/avatar\/41975e402c3049d9ddb03adca8f7a883.jpg?ver=1777774395","caption":"gazetar2"},"url":"https:\/\/www.press7.tv\/?author=8"}]}},"amp_enabled":true,"_links":{"self":[{"href":"https:\/\/www.press7.tv\/index.php?rest_route=\/wp\/v2\/posts\/24907","targetHints":{"allow":["GET"]}}],"collection":[{"href":"https:\/\/www.press7.tv\/index.php?rest_route=\/wp\/v2\/posts"}],"about":[{"href":"https:\/\/www.press7.tv\/index.php?rest_route=\/wp\/v2\/types\/post"}],"author":[{"embeddable":true,"href":"https:\/\/www.press7.tv\/index.php?rest_route=\/wp\/v2\/users\/8"}],"replies":[{"embeddable":true,"href":"https:\/\/www.press7.tv\/index.php?rest_route=%2Fwp%2Fv2%2Fcomments&post=24907"}],"version-history":[{"count":1,"href":"https:\/\/www.press7.tv\/index.php?rest_route=\/wp\/v2\/posts\/24907\/revisions"}],"predecessor-version":[{"id":24909,"href":"https:\/\/www.press7.tv\/index.php?rest_route=\/wp\/v2\/posts\/24907\/revisions\/24909"}],"wp:featuredmedia":[{"embeddable":true,"href":"https:\/\/www.press7.tv\/index.php?rest_route=\/wp\/v2\/media\/24908"}],"wp:attachment":[{"href":"https:\/\/www.press7.tv\/index.php?rest_route=%2Fwp%2Fv2%2Fmedia&parent=24907"}],"wp:term":[{"taxonomy":"category","embeddable":true,"href":"https:\/\/www.press7.tv\/index.php?rest_route=%2Fwp%2Fv2%2Fcategories&post=24907"},{"taxonomy":"post_tag","embeddable":true,"href":"https:\/\/www.press7.tv\/index.php?rest_route=%2Fwp%2Fv2%2Ftags&post=24907"}],"curies":[{"name":"wp","href":"https:\/\/api.w.org\/{rel}","templated":true}]}}