{"id":24904,"date":"2026-02-01T19:26:13","date_gmt":"2026-02-01T19:26:13","guid":{"rendered":"https:\/\/www.press7.tv\/?p=24904"},"modified":"2026-02-01T19:26:13","modified_gmt":"2026-02-01T19:26:13","slug":"u-ndam-na-dy-edhe-pse-skena-dasht-kenga-e-re-e-emra-brah-dhe-capital-t-prek-zemrat","status":"publish","type":"post","link":"https:\/\/www.press7.tv\/?p=24904","title":{"rendered":"\u201cU ndam na dy edhe pse s\u2019kena dasht\u201d, k\u00ebnga e re e Emra Brah dhe Capital T prek zemrat"},"content":{"rendered":"\n    <div class=\"xs_social_share_widget xs_share_url before_content \t\tmain_content  wslu-style-2 wslu-share-box-shaped wslu-fill-colored wslu-share-m-5 wslu-none wslu-share-vertical wslu-theme-font-no wslu-main_content\">\n\n\t\t\n        <ul>\n\t\t\t        <\/ul>\n    <\/div> \n<p>Dy artist\u00ebt e njohur t\u00eb sken\u00ebs shqiptare, Emra Brah dhe Capital T, kan\u00eb bashkuar forcat n\u00eb projektin e tyre m\u00eb t\u00eb ri muzikor, t\u00eb titulluar \u201cU Ndam\u201d.<\/p>\n<p>K\u00ebnga u publikua sot dhe ka t\u00ebrhequr menj\u00ebher\u00eb v\u00ebmendjen e publikut p\u00ebr shkak t\u00eb tem\u00ebs emocionale, shkruan Indeksonline.<\/p>\n<p>\u201cU Ndam\u201d flet p\u00ebr fundin e nj\u00eb lidhjeje dashurie, dhimbjen, zhg\u00ebnjimin dhe ndjenjat q\u00eb mbesin pas ndarjes.<\/p>\n<p>Projekti \u00ebsht\u00eb pritur pozitivisht nga fansat, nd\u00ebrsa pritet q\u00eb k\u00ebnga t\u00eb sh\u00ebnoj\u00eb sukses edhe n\u00eb platforma digjitale dhe rrjete sociale.\/Press7.tv\/<\/p>\n","protected":false},"excerpt":{"rendered":"<p>Dy artist\u00ebt e njohur t\u00eb sken\u00ebs shqiptare, Emra Brah dhe Capital T, kan\u00eb bashkuar forcat n\u00eb projektin e tyre m\u00eb t\u00eb ri muzikor, t\u00eb titulluar \u201cU Ndam\u201d. K\u00ebnga u publikua sot dhe ka t\u00ebrhequr menj\u00ebher\u00eb v\u00ebmendjen e publikut p\u00ebr shkak t\u00eb tem\u00ebs emocionale, shkruan Indeksonline. \u201cU Ndam\u201d flet p\u00ebr fundin e nj\u00eb lidhjeje dashurie, dhimbjen, [&hellip;]<\/p>\n","protected":false},"author":8,"featured_media":24905,"comment_status":"closed","ping_status":"closed","sticky":false,"template":"","format":"standard","meta":{"footnotes":""},"categories":[238],"tags":[],"class_list":["post-24904","post","type-post","status-publish","format-standard","has-post-thumbnail","hentry","category-showbiz"],"yoast_head":"<!-- This site is optimized with the Yoast SEO plugin v25.1 - https:\/\/yoast.com\/wordpress\/plugins\/seo\/ -->\n<title>\u201cU ndam na dy edhe pse s\u2019kena dasht\u201d, k\u00ebnga e re e Emra Brah dhe Capital T prek zemrat - press7.tv<\/title>\n<meta name=\"robots\" content=\"index, follow, max-snippet:-1, max-image-preview:large, max-video-preview:-1\" \/>\n<link rel=\"canonical\" href=\"https:\/\/www.press7.tv\/?p=24904\" \/>\n<meta property=\"og:locale\" content=\"en_US\" \/>\n<meta property=\"og:type\" content=\"article\" \/>\n<meta property=\"og:title\" content=\"\u201cU ndam na dy edhe pse s\u2019kena dasht\u201d, k\u00ebnga e re e Emra Brah dhe Capital T prek zemrat - press7.tv\" \/>\n<meta property=\"og:description\" content=\"Dy artist\u00ebt e njohur t\u00eb sken\u00ebs shqiptare, Emra Brah dhe Capital T, kan\u00eb bashkuar forcat n\u00eb projektin e tyre m\u00eb t\u00eb ri muzikor, t\u00eb titulluar \u201cU Ndam\u201d. K\u00ebnga u publikua sot dhe ka t\u00ebrhequr menj\u00ebher\u00eb v\u00ebmendjen e publikut p\u00ebr shkak t\u00eb tem\u00ebs emocionale, shkruan Indeksonline. \u201cU Ndam\u201d flet p\u00ebr fundin e nj\u00eb lidhjeje dashurie, dhimbjen, [&hellip;]\" \/>\n<meta property=\"og:url\" content=\"https:\/\/www.press7.tv\/?p=24904\" \/>\n<meta property=\"og:site_name\" content=\"press7.tv\" \/>\n<meta property=\"article:publisher\" content=\"https:\/\/www.facebook.com\/press7.tv\" \/>\n<meta property=\"article:published_time\" content=\"2026-02-01T19:26:13+00:00\" \/>\n<meta property=\"og:image\" content=\"https:\/\/www.press7.tv\/wp-content\/uploads\/2026\/02\/capital-t.avif\" \/>\n\t<meta property=\"og:image:width\" content=\"1111\" \/>\n\t<meta property=\"og:image:height\" content=\"597\" \/>\n\t<meta property=\"og:image:type\" content=\"image\/png\" \/>\n<meta name=\"author\" content=\"gazetar2\" \/>\n<meta name=\"twitter:card\" content=\"summary_large_image\" \/>\n<meta name=\"twitter:label1\" content=\"Written by\" \/>\n\t<meta name=\"twitter:data1\" content=\"gazetar2\" \/>\n\t<meta name=\"twitter:label2\" content=\"Est. reading time\" \/>\n\t<meta name=\"twitter:data2\" content=\"1 minute\" \/>\n<script type=\"application\/ld+json\" class=\"yoast-schema-graph\">{\"@context\":\"https:\/\/schema.org\",\"@graph\":[{\"@type\":\"Article\",\"@id\":\"https:\/\/www.press7.tv\/?p=24904#article\",\"isPartOf\":{\"@id\":\"https:\/\/www.press7.tv\/?p=24904\"},\"author\":{\"name\":\"gazetar2\",\"@id\":\"https:\/\/www.news33.tv\/#\/schema\/person\/5a04a38a23ccdba82f9bd665cd8f9efa\"},\"headline\":\"\u201cU ndam na dy edhe pse s\u2019kena dasht\u201d, k\u00ebnga e re e Emra Brah dhe Capital T prek zemrat\",\"datePublished\":\"2026-02-01T19:26:13+00:00\",\"mainEntityOfPage\":{\"@id\":\"https:\/\/www.press7.tv\/?p=24904\"},\"wordCount\":118,\"publisher\":{\"@id\":\"https:\/\/www.news33.tv\/#organization\"},\"image\":{\"@id\":\"https:\/\/www.press7.tv\/?p=24904#primaryimage\"},\"thumbnailUrl\":\"https:\/\/www.press7.tv\/wp-content\/uploads\/2026\/02\/capital-t.avif\",\"articleSection\":[\"ShowBiz\"],\"inLanguage\":\"en-US\"},{\"@type\":\"WebPage\",\"@id\":\"https:\/\/www.press7.tv\/?p=24904\",\"url\":\"https:\/\/www.press7.tv\/?p=24904\",\"name\":\"\u201cU ndam na dy edhe pse s\u2019kena dasht\u201d, k\u00ebnga e re e Emra Brah dhe Capital T prek zemrat - press7.tv\",\"isPartOf\":{\"@id\":\"https:\/\/www.news33.tv\/#website\"},\"primaryImageOfPage\":{\"@id\":\"https:\/\/www.press7.tv\/?p=24904#primaryimage\"},\"image\":{\"@id\":\"https:\/\/www.press7.tv\/?p=24904#primaryimage\"},\"thumbnailUrl\":\"https:\/\/www.press7.tv\/wp-content\/uploads\/2026\/02\/capital-t.avif\",\"datePublished\":\"2026-02-01T19:26:13+00:00\",\"breadcrumb\":{\"@id\":\"https:\/\/www.press7.tv\/?p=24904#breadcrumb\"},\"inLanguage\":\"en-US\",\"potentialAction\":[{\"@type\":\"ReadAction\",\"target\":[\"https:\/\/www.press7.tv\/?p=24904\"]}]},{\"@type\":\"ImageObject\",\"inLanguage\":\"en-US\",\"@id\":\"https:\/\/www.press7.tv\/?p=24904#primaryimage\",\"url\":\"https:\/\/www.press7.tv\/wp-content\/uploads\/2026\/02\/capital-t.avif\",\"contentUrl\":\"https:\/\/www.press7.tv\/wp-content\/uploads\/2026\/02\/capital-t.avif\",\"width\":1111,\"height\":597},{\"@type\":\"BreadcrumbList\",\"@id\":\"https:\/\/www.press7.tv\/?p=24904#breadcrumb\",\"itemListElement\":[{\"@type\":\"ListItem\",\"position\":1,\"name\":\"Home\",\"item\":\"https:\/\/www.press7.tv\/\"},{\"@type\":\"ListItem\",\"position\":2,\"name\":\"\u201cU ndam na dy edhe pse s\u2019kena dasht\u201d, k\u00ebnga e re e Emra Brah dhe Capital T prek zemrat\"}]},{\"@type\":\"WebSite\",\"@id\":\"https:\/\/www.news33.tv\/#website\",\"url\":\"https:\/\/www.news33.tv\/\",\"name\":\"News33.tv Media\",\"description\":\"Media\",\"publisher\":{\"@id\":\"https:\/\/www.news33.tv\/#organization\"},\"potentialAction\":[{\"@type\":\"SearchAction\",\"target\":{\"@type\":\"EntryPoint\",\"urlTemplate\":\"https:\/\/www.news33.tv\/?s={search_term_string}\"},\"query-input\":{\"@type\":\"PropertyValueSpecification\",\"valueRequired\":true,\"valueName\":\"search_term_string\"}}],\"inLanguage\":\"en-US\"},{\"@type\":\"Organization\",\"@id\":\"https:\/\/www.news33.tv\/#organization\",\"name\":\"News33.tv Media\",\"url\":\"https:\/\/www.news33.tv\/\",\"logo\":{\"@type\":\"ImageObject\",\"inLanguage\":\"en-US\",\"@id\":\"https:\/\/www.news33.tv\/#\/schema\/logo\/image\/\",\"url\":\"https:\/\/www.press7.tv\/wp-content\/uploads\/2024\/02\/logo-news33-black.png\",\"contentUrl\":\"https:\/\/www.press7.tv\/wp-content\/uploads\/2024\/02\/logo-news33-black.png\",\"width\":180,\"height\":37,\"caption\":\"News33.tv Media\"},\"image\":{\"@id\":\"https:\/\/www.news33.tv\/#\/schema\/logo\/image\/\"},\"sameAs\":[\"https:\/\/www.facebook.com\/press7.tv\"]},{\"@type\":\"Person\",\"@id\":\"https:\/\/www.news33.tv\/#\/schema\/person\/5a04a38a23ccdba82f9bd665cd8f9efa\",\"name\":\"gazetar2\",\"image\":{\"@type\":\"ImageObject\",\"inLanguage\":\"en-US\",\"@id\":\"https:\/\/www.news33.tv\/#\/schema\/person\/image\/\",\"url\":\"https:\/\/www.press7.tv\/wp-content\/litespeed\/avatar\/41975e402c3049d9ddb03adca8f7a883.jpg?ver=1777774395\",\"contentUrl\":\"https:\/\/www.press7.tv\/wp-content\/litespeed\/avatar\/41975e402c3049d9ddb03adca8f7a883.jpg?ver=1777774395\",\"caption\":\"gazetar2\"},\"url\":\"https:\/\/www.press7.tv\/?author=8\"}]}<\/script>\n<!-- \/ Yoast SEO plugin. -->","yoast_head_json":{"title":"\u201cU ndam na dy edhe pse s\u2019kena dasht\u201d, k\u00ebnga e re e Emra Brah dhe Capital T prek zemrat - press7.tv","robots":{"index":"index","follow":"follow","max-snippet":"max-snippet:-1","max-image-preview":"max-image-preview:large","max-video-preview":"max-video-preview:-1"},"canonical":"https:\/\/www.press7.tv\/?p=24904","og_locale":"en_US","og_type":"article","og_title":"\u201cU ndam na dy edhe pse s\u2019kena dasht\u201d, k\u00ebnga e re e Emra Brah dhe Capital T prek zemrat - press7.tv","og_description":"Dy artist\u00ebt e njohur t\u00eb sken\u00ebs shqiptare, Emra Brah dhe Capital T, kan\u00eb bashkuar forcat n\u00eb projektin e tyre m\u00eb t\u00eb ri muzikor, t\u00eb titulluar \u201cU Ndam\u201d. K\u00ebnga u publikua sot dhe ka t\u00ebrhequr menj\u00ebher\u00eb v\u00ebmendjen e publikut p\u00ebr shkak t\u00eb tem\u00ebs emocionale, shkruan Indeksonline. \u201cU Ndam\u201d flet p\u00ebr fundin e nj\u00eb lidhjeje dashurie, dhimbjen, [&hellip;]","og_url":"https:\/\/www.press7.tv\/?p=24904","og_site_name":"press7.tv","article_publisher":"https:\/\/www.facebook.com\/press7.tv","article_published_time":"2026-02-01T19:26:13+00:00","og_image":[{"width":1111,"height":597,"url":"https:\/\/www.press7.tv\/wp-content\/uploads\/2026\/02\/capital-t.avif","type":"image\/png"}],"author":"gazetar2","twitter_card":"summary_large_image","twitter_misc":{"Written by":"gazetar2","Est. reading time":"1 minute"},"schema":{"@context":"https:\/\/schema.org","@graph":[{"@type":"Article","@id":"https:\/\/www.press7.tv\/?p=24904#article","isPartOf":{"@id":"https:\/\/www.press7.tv\/?p=24904"},"author":{"name":"gazetar2","@id":"https:\/\/www.news33.tv\/#\/schema\/person\/5a04a38a23ccdba82f9bd665cd8f9efa"},"headline":"\u201cU ndam na dy edhe pse s\u2019kena dasht\u201d, k\u00ebnga e re e Emra Brah dhe Capital T prek zemrat","datePublished":"2026-02-01T19:26:13+00:00","mainEntityOfPage":{"@id":"https:\/\/www.press7.tv\/?p=24904"},"wordCount":118,"publisher":{"@id":"https:\/\/www.news33.tv\/#organization"},"image":{"@id":"https:\/\/www.press7.tv\/?p=24904#primaryimage"},"thumbnailUrl":"https:\/\/www.press7.tv\/wp-content\/uploads\/2026\/02\/capital-t.avif","articleSection":["ShowBiz"],"inLanguage":"en-US"},{"@type":"WebPage","@id":"https:\/\/www.press7.tv\/?p=24904","url":"https:\/\/www.press7.tv\/?p=24904","name":"\u201cU ndam na dy edhe pse s\u2019kena dasht\u201d, k\u00ebnga e re e Emra Brah dhe Capital T prek zemrat - press7.tv","isPartOf":{"@id":"https:\/\/www.news33.tv\/#website"},"primaryImageOfPage":{"@id":"https:\/\/www.press7.tv\/?p=24904#primaryimage"},"image":{"@id":"https:\/\/www.press7.tv\/?p=24904#primaryimage"},"thumbnailUrl":"https:\/\/www.press7.tv\/wp-content\/uploads\/2026\/02\/capital-t.avif","datePublished":"2026-02-01T19:26:13+00:00","breadcrumb":{"@id":"https:\/\/www.press7.tv\/?p=24904#breadcrumb"},"inLanguage":"en-US","potentialAction":[{"@type":"ReadAction","target":["https:\/\/www.press7.tv\/?p=24904"]}]},{"@type":"ImageObject","inLanguage":"en-US","@id":"https:\/\/www.press7.tv\/?p=24904#primaryimage","url":"https:\/\/www.press7.tv\/wp-content\/uploads\/2026\/02\/capital-t.avif","contentUrl":"https:\/\/www.press7.tv\/wp-content\/uploads\/2026\/02\/capital-t.avif","width":1111,"height":597},{"@type":"BreadcrumbList","@id":"https:\/\/www.press7.tv\/?p=24904#breadcrumb","itemListElement":[{"@type":"ListItem","position":1,"name":"Home","item":"https:\/\/www.press7.tv\/"},{"@type":"ListItem","position":2,"name":"\u201cU ndam na dy edhe pse s\u2019kena dasht\u201d, k\u00ebnga e re e Emra Brah dhe Capital T prek zemrat"}]},{"@type":"WebSite","@id":"https:\/\/www.news33.tv\/#website","url":"https:\/\/www.news33.tv\/","name":"News33.tv Media","description":"Media","publisher":{"@id":"https:\/\/www.news33.tv\/#organization"},"potentialAction":[{"@type":"SearchAction","target":{"@type":"EntryPoint","urlTemplate":"https:\/\/www.news33.tv\/?s={search_term_string}"},"query-input":{"@type":"PropertyValueSpecification","valueRequired":true,"valueName":"search_term_string"}}],"inLanguage":"en-US"},{"@type":"Organization","@id":"https:\/\/www.news33.tv\/#organization","name":"News33.tv Media","url":"https:\/\/www.news33.tv\/","logo":{"@type":"ImageObject","inLanguage":"en-US","@id":"https:\/\/www.news33.tv\/#\/schema\/logo\/image\/","url":"https:\/\/www.press7.tv\/wp-content\/uploads\/2024\/02\/logo-news33-black.png","contentUrl":"https:\/\/www.press7.tv\/wp-content\/uploads\/2024\/02\/logo-news33-black.png","width":180,"height":37,"caption":"News33.tv Media"},"image":{"@id":"https:\/\/www.news33.tv\/#\/schema\/logo\/image\/"},"sameAs":["https:\/\/www.facebook.com\/press7.tv"]},{"@type":"Person","@id":"https:\/\/www.news33.tv\/#\/schema\/person\/5a04a38a23ccdba82f9bd665cd8f9efa","name":"gazetar2","image":{"@type":"ImageObject","inLanguage":"en-US","@id":"https:\/\/www.news33.tv\/#\/schema\/person\/image\/","url":"https:\/\/www.press7.tv\/wp-content\/litespeed\/avatar\/41975e402c3049d9ddb03adca8f7a883.jpg?ver=1777774395","contentUrl":"https:\/\/www.press7.tv\/wp-content\/litespeed\/avatar\/41975e402c3049d9ddb03adca8f7a883.jpg?ver=1777774395","caption":"gazetar2"},"url":"https:\/\/www.press7.tv\/?author=8"}]}},"amp_enabled":true,"_links":{"self":[{"href":"https:\/\/www.press7.tv\/index.php?rest_route=\/wp\/v2\/posts\/24904","targetHints":{"allow":["GET"]}}],"collection":[{"href":"https:\/\/www.press7.tv\/index.php?rest_route=\/wp\/v2\/posts"}],"about":[{"href":"https:\/\/www.press7.tv\/index.php?rest_route=\/wp\/v2\/types\/post"}],"author":[{"embeddable":true,"href":"https:\/\/www.press7.tv\/index.php?rest_route=\/wp\/v2\/users\/8"}],"replies":[{"embeddable":true,"href":"https:\/\/www.press7.tv\/index.php?rest_route=%2Fwp%2Fv2%2Fcomments&post=24904"}],"version-history":[{"count":1,"href":"https:\/\/www.press7.tv\/index.php?rest_route=\/wp\/v2\/posts\/24904\/revisions"}],"predecessor-version":[{"id":24906,"href":"https:\/\/www.press7.tv\/index.php?rest_route=\/wp\/v2\/posts\/24904\/revisions\/24906"}],"wp:featuredmedia":[{"embeddable":true,"href":"https:\/\/www.press7.tv\/index.php?rest_route=\/wp\/v2\/media\/24905"}],"wp:attachment":[{"href":"https:\/\/www.press7.tv\/index.php?rest_route=%2Fwp%2Fv2%2Fmedia&parent=24904"}],"wp:term":[{"taxonomy":"category","embeddable":true,"href":"https:\/\/www.press7.tv\/index.php?rest_route=%2Fwp%2Fv2%2Fcategories&post=24904"},{"taxonomy":"post_tag","embeddable":true,"href":"https:\/\/www.press7.tv\/index.php?rest_route=%2Fwp%2Fv2%2Ftags&post=24904"}],"curies":[{"name":"wp","href":"https:\/\/api.w.org\/{rel}","templated":true}]}}