{"id":24838,"date":"2026-01-31T17:07:54","date_gmt":"2026-01-31T17:07:54","guid":{"rendered":"https:\/\/www.press7.tv\/?p=24838"},"modified":"2026-01-31T17:12:47","modified_gmt":"2026-01-31T17:12:47","slug":"media-nderkombetare-rikthejne-ne-vemendje-pretendimet-per-lidhje-te-ivan-stoilkovic-me-bia-n-serbe","status":"publish","type":"post","link":"https:\/\/www.press7.tv\/?p=24838","title":{"rendered":"Media nd\u00ebrkomb\u00ebtare rikthejn\u00eb n\u00eb v\u00ebmendje pretendimet p\u00ebr lidhje t\u00eb Ivan Stoilkovi\u00e7 me BIA-n serbe"},"content":{"rendered":"\n    <div class=\"xs_social_share_widget xs_share_url before_content \t\tmain_content  wslu-style-2 wslu-share-box-shaped wslu-fill-colored wslu-share-m-5 wslu-none wslu-share-vertical wslu-theme-font-no wslu-main_content\">\n\n\t\t\n        <ul>\n\t\t\t        <\/ul>\n    <\/div> \n<p>Shkup \u2013 N\u00eb opinionin publik jan\u00eb rikthyer diskutimet lidhur me pretendimet p\u00ebr kontakte dhe koordinime politike mes Ivan Stoilkovi\u0107 dhe Agjencis\u00eb s\u00eb Sigurimit dhe Inteligjenc\u00ebs s\u00eb Serbis\u00eb \u2013 BIA, t\u00eb cilat m\u00eb her\u00ebt jan\u00eb publikuar nga media nd\u00ebrkomb\u00ebtare investigative.<\/p>\n<p>Sipas publikimeve t\u00eb organizatave OCCRP dhe KRIK, n\u00eb vitin 2017, gjat\u00eb kriz\u00ebs politike n\u00eb Maqedonin\u00eb e Veriut, n\u00eb dokumente t\u00eb inteligjenc\u00ebs jan\u00eb evidentuar komunikime mes Stoilkovi\u00e7it dhe Goran \u017divaljevi\u0107, zyrtar i BIA-s, i cili n\u00eb at\u00eb koh\u00eb vepronte edhe si k\u00ebshilltar n\u00eb Ambasad\u00ebn e Serbis\u00eb n\u00eb Shkup.<\/p>\n<p>N\u00eb k\u00ebto materiale p\u00ebrmendet roli i Stoilkovi\u00e7it n\u00eb koordinime politike dhe mediatike, p\u00ebrfshir\u00eb organizimin e kontakteve me gazetar\u00eb dhe p\u00ebrpjekje p\u00ebr ndikim n\u00eb opinionin publik gjat\u00eb nj\u00eb periudhe t\u00eb ndjeshme institucionale p\u00ebr vendin.<\/p>\n<p>Raportimet theksojn\u00eb se k\u00ebto aktivitete jan\u00eb zhvilluar n\u00eb kontekstin e tensioneve t\u00eb m\u00ebdha politike dhe institucionale, duke ngritur pik\u00ebpyetje serioze mbi ndikimet e jashtme n\u00eb proceset e brendshme politike t\u00eb Maqedonis\u00eb s\u00eb Veriut.<\/p>\n<p>Rikthimi i k\u00ebsaj \u00e7\u00ebshtjeje n\u00eb debat ndodh n\u00eb nj\u00eb moment kur n\u00eb vend po diskutohet gjer\u00ebsisht p\u00ebr sigurin\u00eb shtet\u00ebrore, ndikimet e huaja dhe integritetin e institucioneve, tema q\u00eb vazhdojn\u00eb t\u00eb jen\u00eb me interes t\u00eb lart\u00eb p\u00ebr qytetar\u00ebt.\/press7.tv<\/p>\n","protected":false},"excerpt":{"rendered":"<p>Shkup \u2013 N\u00eb opinionin publik jan\u00eb rikthyer diskutimet lidhur me pretendimet p\u00ebr kontakte dhe koordinime politike mes Ivan Stoilkovi\u0107 dhe Agjencis\u00eb s\u00eb Sigurimit dhe Inteligjenc\u00ebs s\u00eb Serbis\u00eb \u2013 BIA, t\u00eb cilat m\u00eb her\u00ebt jan\u00eb publikuar nga media nd\u00ebrkomb\u00ebtare investigative. Sipas publikimeve t\u00eb organizatave OCCRP dhe KRIK, n\u00eb vitin 2017, gjat\u00eb kriz\u00ebs politike n\u00eb Maqedonin\u00eb e [&hellip;]<\/p>\n","protected":false},"author":8,"featured_media":24839,"comment_status":"closed","ping_status":"closed","sticky":false,"template":"","format":"standard","meta":{"footnotes":""},"categories":[213,214],"tags":[],"class_list":["post-24838","post","type-post","status-publish","format-standard","has-post-thumbnail","hentry","category-lajme","category-maqedoni"],"yoast_head":"<!-- This site is optimized with the Yoast SEO plugin v25.1 - https:\/\/yoast.com\/wordpress\/plugins\/seo\/ -->\n<title>Media nd\u00ebrkomb\u00ebtare rikthejn\u00eb n\u00eb v\u00ebmendje pretendimet p\u00ebr lidhje t\u00eb Ivan Stoilkovi\u00e7 me BIA-n serbe - press7.tv<\/title>\n<meta name=\"robots\" content=\"index, follow, max-snippet:-1, max-image-preview:large, max-video-preview:-1\" \/>\n<link rel=\"canonical\" href=\"https:\/\/www.press7.tv\/?p=24838\" \/>\n<meta property=\"og:locale\" content=\"en_US\" \/>\n<meta property=\"og:type\" content=\"article\" \/>\n<meta property=\"og:title\" content=\"Media nd\u00ebrkomb\u00ebtare rikthejn\u00eb n\u00eb v\u00ebmendje pretendimet p\u00ebr lidhje t\u00eb Ivan Stoilkovi\u00e7 me BIA-n serbe - press7.tv\" \/>\n<meta property=\"og:description\" content=\"Shkup \u2013 N\u00eb opinionin publik jan\u00eb rikthyer diskutimet lidhur me pretendimet p\u00ebr kontakte dhe koordinime politike mes Ivan Stoilkovi\u0107 dhe Agjencis\u00eb s\u00eb Sigurimit dhe Inteligjenc\u00ebs s\u00eb Serbis\u00eb \u2013 BIA, t\u00eb cilat m\u00eb her\u00ebt jan\u00eb publikuar nga media nd\u00ebrkomb\u00ebtare investigative. Sipas publikimeve t\u00eb organizatave OCCRP dhe KRIK, n\u00eb vitin 2017, gjat\u00eb kriz\u00ebs politike n\u00eb Maqedonin\u00eb e [&hellip;]\" \/>\n<meta property=\"og:url\" content=\"https:\/\/www.press7.tv\/?p=24838\" \/>\n<meta property=\"og:site_name\" content=\"press7.tv\" \/>\n<meta property=\"article:publisher\" content=\"https:\/\/www.facebook.com\/press7.tv\" \/>\n<meta property=\"article:published_time\" content=\"2026-01-31T17:07:54+00:00\" \/>\n<meta property=\"article:modified_time\" content=\"2026-01-31T17:12:47+00:00\" \/>\n<meta property=\"og:image\" content=\"https:\/\/www.press7.tv\/wp-content\/uploads\/2026\/01\/cdd4eb07-7fc8-42a4-959b-dd1a90edb740.avif\" \/>\n\t<meta property=\"og:image:width\" content=\"1600\" \/>\n\t<meta property=\"og:image:height\" content=\"1067\" \/>\n\t<meta property=\"og:image:type\" content=\"image\/jpeg\" \/>\n<meta name=\"author\" content=\"gazetar2\" \/>\n<meta name=\"twitter:card\" content=\"summary_large_image\" \/>\n<meta name=\"twitter:label1\" content=\"Written by\" \/>\n\t<meta name=\"twitter:data1\" content=\"gazetar2\" \/>\n\t<meta name=\"twitter:label2\" content=\"Est. reading time\" \/>\n\t<meta name=\"twitter:data2\" content=\"2 minutes\" \/>\n<script type=\"application\/ld+json\" class=\"yoast-schema-graph\">{\"@context\":\"https:\/\/schema.org\",\"@graph\":[{\"@type\":\"Article\",\"@id\":\"https:\/\/www.press7.tv\/?p=24838#article\",\"isPartOf\":{\"@id\":\"https:\/\/www.press7.tv\/?p=24838\"},\"author\":{\"name\":\"gazetar2\",\"@id\":\"https:\/\/www.news33.tv\/#\/schema\/person\/5a04a38a23ccdba82f9bd665cd8f9efa\"},\"headline\":\"Media nd\u00ebrkomb\u00ebtare rikthejn\u00eb n\u00eb v\u00ebmendje pretendimet p\u00ebr lidhje t\u00eb Ivan Stoilkovi\u00e7 me BIA-n serbe\",\"datePublished\":\"2026-01-31T17:07:54+00:00\",\"dateModified\":\"2026-01-31T17:12:47+00:00\",\"mainEntityOfPage\":{\"@id\":\"https:\/\/www.press7.tv\/?p=24838\"},\"wordCount\":232,\"publisher\":{\"@id\":\"https:\/\/www.news33.tv\/#organization\"},\"image\":{\"@id\":\"https:\/\/www.press7.tv\/?p=24838#primaryimage\"},\"thumbnailUrl\":\"https:\/\/www.press7.tv\/wp-content\/uploads\/2026\/01\/cdd4eb07-7fc8-42a4-959b-dd1a90edb740.avif\",\"articleSection\":[\"Lajme\",\"Maqedoni\"],\"inLanguage\":\"en-US\"},{\"@type\":\"WebPage\",\"@id\":\"https:\/\/www.press7.tv\/?p=24838\",\"url\":\"https:\/\/www.press7.tv\/?p=24838\",\"name\":\"Media nd\u00ebrkomb\u00ebtare rikthejn\u00eb n\u00eb v\u00ebmendje pretendimet p\u00ebr lidhje t\u00eb Ivan Stoilkovi\u00e7 me BIA-n serbe - press7.tv\",\"isPartOf\":{\"@id\":\"https:\/\/www.news33.tv\/#website\"},\"primaryImageOfPage\":{\"@id\":\"https:\/\/www.press7.tv\/?p=24838#primaryimage\"},\"image\":{\"@id\":\"https:\/\/www.press7.tv\/?p=24838#primaryimage\"},\"thumbnailUrl\":\"https:\/\/www.press7.tv\/wp-content\/uploads\/2026\/01\/cdd4eb07-7fc8-42a4-959b-dd1a90edb740.avif\",\"datePublished\":\"2026-01-31T17:07:54+00:00\",\"dateModified\":\"2026-01-31T17:12:47+00:00\",\"breadcrumb\":{\"@id\":\"https:\/\/www.press7.tv\/?p=24838#breadcrumb\"},\"inLanguage\":\"en-US\",\"potentialAction\":[{\"@type\":\"ReadAction\",\"target\":[\"https:\/\/www.press7.tv\/?p=24838\"]}]},{\"@type\":\"ImageObject\",\"inLanguage\":\"en-US\",\"@id\":\"https:\/\/www.press7.tv\/?p=24838#primaryimage\",\"url\":\"https:\/\/www.press7.tv\/wp-content\/uploads\/2026\/01\/cdd4eb07-7fc8-42a4-959b-dd1a90edb740.avif\",\"contentUrl\":\"https:\/\/www.press7.tv\/wp-content\/uploads\/2026\/01\/cdd4eb07-7fc8-42a4-959b-dd1a90edb740.avif\",\"width\":1600,\"height\":1067},{\"@type\":\"BreadcrumbList\",\"@id\":\"https:\/\/www.press7.tv\/?p=24838#breadcrumb\",\"itemListElement\":[{\"@type\":\"ListItem\",\"position\":1,\"name\":\"Home\",\"item\":\"https:\/\/www.press7.tv\/\"},{\"@type\":\"ListItem\",\"position\":2,\"name\":\"Media nd\u00ebrkomb\u00ebtare rikthejn\u00eb n\u00eb v\u00ebmendje pretendimet p\u00ebr lidhje t\u00eb Ivan Stoilkovi\u00e7 me BIA-n serbe\"}]},{\"@type\":\"WebSite\",\"@id\":\"https:\/\/www.news33.tv\/#website\",\"url\":\"https:\/\/www.news33.tv\/\",\"name\":\"News33.tv Media\",\"description\":\"Media\",\"publisher\":{\"@id\":\"https:\/\/www.news33.tv\/#organization\"},\"potentialAction\":[{\"@type\":\"SearchAction\",\"target\":{\"@type\":\"EntryPoint\",\"urlTemplate\":\"https:\/\/www.news33.tv\/?s={search_term_string}\"},\"query-input\":{\"@type\":\"PropertyValueSpecification\",\"valueRequired\":true,\"valueName\":\"search_term_string\"}}],\"inLanguage\":\"en-US\"},{\"@type\":\"Organization\",\"@id\":\"https:\/\/www.news33.tv\/#organization\",\"name\":\"News33.tv Media\",\"url\":\"https:\/\/www.news33.tv\/\",\"logo\":{\"@type\":\"ImageObject\",\"inLanguage\":\"en-US\",\"@id\":\"https:\/\/www.news33.tv\/#\/schema\/logo\/image\/\",\"url\":\"https:\/\/www.press7.tv\/wp-content\/uploads\/2024\/02\/logo-news33-black.png\",\"contentUrl\":\"https:\/\/www.press7.tv\/wp-content\/uploads\/2024\/02\/logo-news33-black.png\",\"width\":180,\"height\":37,\"caption\":\"News33.tv Media\"},\"image\":{\"@id\":\"https:\/\/www.news33.tv\/#\/schema\/logo\/image\/\"},\"sameAs\":[\"https:\/\/www.facebook.com\/press7.tv\"]},{\"@type\":\"Person\",\"@id\":\"https:\/\/www.news33.tv\/#\/schema\/person\/5a04a38a23ccdba82f9bd665cd8f9efa\",\"name\":\"gazetar2\",\"image\":{\"@type\":\"ImageObject\",\"inLanguage\":\"en-US\",\"@id\":\"https:\/\/www.news33.tv\/#\/schema\/person\/image\/\",\"url\":\"https:\/\/www.press7.tv\/wp-content\/litespeed\/avatar\/41975e402c3049d9ddb03adca8f7a883.jpg?ver=1777169572\",\"contentUrl\":\"https:\/\/www.press7.tv\/wp-content\/litespeed\/avatar\/41975e402c3049d9ddb03adca8f7a883.jpg?ver=1777169572\",\"caption\":\"gazetar2\"},\"url\":\"https:\/\/www.press7.tv\/?author=8\"}]}<\/script>\n<!-- \/ Yoast SEO plugin. -->","yoast_head_json":{"title":"Media nd\u00ebrkomb\u00ebtare rikthejn\u00eb n\u00eb v\u00ebmendje pretendimet p\u00ebr lidhje t\u00eb Ivan Stoilkovi\u00e7 me BIA-n serbe - press7.tv","robots":{"index":"index","follow":"follow","max-snippet":"max-snippet:-1","max-image-preview":"max-image-preview:large","max-video-preview":"max-video-preview:-1"},"canonical":"https:\/\/www.press7.tv\/?p=24838","og_locale":"en_US","og_type":"article","og_title":"Media nd\u00ebrkomb\u00ebtare rikthejn\u00eb n\u00eb v\u00ebmendje pretendimet p\u00ebr lidhje t\u00eb Ivan Stoilkovi\u00e7 me BIA-n serbe - press7.tv","og_description":"Shkup \u2013 N\u00eb opinionin publik jan\u00eb rikthyer diskutimet lidhur me pretendimet p\u00ebr kontakte dhe koordinime politike mes Ivan Stoilkovi\u0107 dhe Agjencis\u00eb s\u00eb Sigurimit dhe Inteligjenc\u00ebs s\u00eb Serbis\u00eb \u2013 BIA, t\u00eb cilat m\u00eb her\u00ebt jan\u00eb publikuar nga media nd\u00ebrkomb\u00ebtare investigative. Sipas publikimeve t\u00eb organizatave OCCRP dhe KRIK, n\u00eb vitin 2017, gjat\u00eb kriz\u00ebs politike n\u00eb Maqedonin\u00eb e [&hellip;]","og_url":"https:\/\/www.press7.tv\/?p=24838","og_site_name":"press7.tv","article_publisher":"https:\/\/www.facebook.com\/press7.tv","article_published_time":"2026-01-31T17:07:54+00:00","article_modified_time":"2026-01-31T17:12:47+00:00","og_image":[{"width":1600,"height":1067,"url":"https:\/\/www.press7.tv\/wp-content\/uploads\/2026\/01\/cdd4eb07-7fc8-42a4-959b-dd1a90edb740.avif","type":"image\/jpeg"}],"author":"gazetar2","twitter_card":"summary_large_image","twitter_misc":{"Written by":"gazetar2","Est. reading time":"2 minutes"},"schema":{"@context":"https:\/\/schema.org","@graph":[{"@type":"Article","@id":"https:\/\/www.press7.tv\/?p=24838#article","isPartOf":{"@id":"https:\/\/www.press7.tv\/?p=24838"},"author":{"name":"gazetar2","@id":"https:\/\/www.news33.tv\/#\/schema\/person\/5a04a38a23ccdba82f9bd665cd8f9efa"},"headline":"Media nd\u00ebrkomb\u00ebtare rikthejn\u00eb n\u00eb v\u00ebmendje pretendimet p\u00ebr lidhje t\u00eb Ivan Stoilkovi\u00e7 me BIA-n serbe","datePublished":"2026-01-31T17:07:54+00:00","dateModified":"2026-01-31T17:12:47+00:00","mainEntityOfPage":{"@id":"https:\/\/www.press7.tv\/?p=24838"},"wordCount":232,"publisher":{"@id":"https:\/\/www.news33.tv\/#organization"},"image":{"@id":"https:\/\/www.press7.tv\/?p=24838#primaryimage"},"thumbnailUrl":"https:\/\/www.press7.tv\/wp-content\/uploads\/2026\/01\/cdd4eb07-7fc8-42a4-959b-dd1a90edb740.avif","articleSection":["Lajme","Maqedoni"],"inLanguage":"en-US"},{"@type":"WebPage","@id":"https:\/\/www.press7.tv\/?p=24838","url":"https:\/\/www.press7.tv\/?p=24838","name":"Media nd\u00ebrkomb\u00ebtare rikthejn\u00eb n\u00eb v\u00ebmendje pretendimet p\u00ebr lidhje t\u00eb Ivan Stoilkovi\u00e7 me BIA-n serbe - press7.tv","isPartOf":{"@id":"https:\/\/www.news33.tv\/#website"},"primaryImageOfPage":{"@id":"https:\/\/www.press7.tv\/?p=24838#primaryimage"},"image":{"@id":"https:\/\/www.press7.tv\/?p=24838#primaryimage"},"thumbnailUrl":"https:\/\/www.press7.tv\/wp-content\/uploads\/2026\/01\/cdd4eb07-7fc8-42a4-959b-dd1a90edb740.avif","datePublished":"2026-01-31T17:07:54+00:00","dateModified":"2026-01-31T17:12:47+00:00","breadcrumb":{"@id":"https:\/\/www.press7.tv\/?p=24838#breadcrumb"},"inLanguage":"en-US","potentialAction":[{"@type":"ReadAction","target":["https:\/\/www.press7.tv\/?p=24838"]}]},{"@type":"ImageObject","inLanguage":"en-US","@id":"https:\/\/www.press7.tv\/?p=24838#primaryimage","url":"https:\/\/www.press7.tv\/wp-content\/uploads\/2026\/01\/cdd4eb07-7fc8-42a4-959b-dd1a90edb740.avif","contentUrl":"https:\/\/www.press7.tv\/wp-content\/uploads\/2026\/01\/cdd4eb07-7fc8-42a4-959b-dd1a90edb740.avif","width":1600,"height":1067},{"@type":"BreadcrumbList","@id":"https:\/\/www.press7.tv\/?p=24838#breadcrumb","itemListElement":[{"@type":"ListItem","position":1,"name":"Home","item":"https:\/\/www.press7.tv\/"},{"@type":"ListItem","position":2,"name":"Media nd\u00ebrkomb\u00ebtare rikthejn\u00eb n\u00eb v\u00ebmendje pretendimet p\u00ebr lidhje t\u00eb Ivan Stoilkovi\u00e7 me BIA-n serbe"}]},{"@type":"WebSite","@id":"https:\/\/www.news33.tv\/#website","url":"https:\/\/www.news33.tv\/","name":"News33.tv Media","description":"Media","publisher":{"@id":"https:\/\/www.news33.tv\/#organization"},"potentialAction":[{"@type":"SearchAction","target":{"@type":"EntryPoint","urlTemplate":"https:\/\/www.news33.tv\/?s={search_term_string}"},"query-input":{"@type":"PropertyValueSpecification","valueRequired":true,"valueName":"search_term_string"}}],"inLanguage":"en-US"},{"@type":"Organization","@id":"https:\/\/www.news33.tv\/#organization","name":"News33.tv Media","url":"https:\/\/www.news33.tv\/","logo":{"@type":"ImageObject","inLanguage":"en-US","@id":"https:\/\/www.news33.tv\/#\/schema\/logo\/image\/","url":"https:\/\/www.press7.tv\/wp-content\/uploads\/2024\/02\/logo-news33-black.png","contentUrl":"https:\/\/www.press7.tv\/wp-content\/uploads\/2024\/02\/logo-news33-black.png","width":180,"height":37,"caption":"News33.tv Media"},"image":{"@id":"https:\/\/www.news33.tv\/#\/schema\/logo\/image\/"},"sameAs":["https:\/\/www.facebook.com\/press7.tv"]},{"@type":"Person","@id":"https:\/\/www.news33.tv\/#\/schema\/person\/5a04a38a23ccdba82f9bd665cd8f9efa","name":"gazetar2","image":{"@type":"ImageObject","inLanguage":"en-US","@id":"https:\/\/www.news33.tv\/#\/schema\/person\/image\/","url":"https:\/\/www.press7.tv\/wp-content\/litespeed\/avatar\/41975e402c3049d9ddb03adca8f7a883.jpg?ver=1777169572","contentUrl":"https:\/\/www.press7.tv\/wp-content\/litespeed\/avatar\/41975e402c3049d9ddb03adca8f7a883.jpg?ver=1777169572","caption":"gazetar2"},"url":"https:\/\/www.press7.tv\/?author=8"}]}},"amp_enabled":true,"_links":{"self":[{"href":"https:\/\/www.press7.tv\/index.php?rest_route=\/wp\/v2\/posts\/24838","targetHints":{"allow":["GET"]}}],"collection":[{"href":"https:\/\/www.press7.tv\/index.php?rest_route=\/wp\/v2\/posts"}],"about":[{"href":"https:\/\/www.press7.tv\/index.php?rest_route=\/wp\/v2\/types\/post"}],"author":[{"embeddable":true,"href":"https:\/\/www.press7.tv\/index.php?rest_route=\/wp\/v2\/users\/8"}],"replies":[{"embeddable":true,"href":"https:\/\/www.press7.tv\/index.php?rest_route=%2Fwp%2Fv2%2Fcomments&post=24838"}],"version-history":[{"count":2,"href":"https:\/\/www.press7.tv\/index.php?rest_route=\/wp\/v2\/posts\/24838\/revisions"}],"predecessor-version":[{"id":24843,"href":"https:\/\/www.press7.tv\/index.php?rest_route=\/wp\/v2\/posts\/24838\/revisions\/24843"}],"wp:featuredmedia":[{"embeddable":true,"href":"https:\/\/www.press7.tv\/index.php?rest_route=\/wp\/v2\/media\/24839"}],"wp:attachment":[{"href":"https:\/\/www.press7.tv\/index.php?rest_route=%2Fwp%2Fv2%2Fmedia&parent=24838"}],"wp:term":[{"taxonomy":"category","embeddable":true,"href":"https:\/\/www.press7.tv\/index.php?rest_route=%2Fwp%2Fv2%2Fcategories&post=24838"},{"taxonomy":"post_tag","embeddable":true,"href":"https:\/\/www.press7.tv\/index.php?rest_route=%2Fwp%2Fv2%2Ftags&post=24838"}],"curies":[{"name":"wp","href":"https:\/\/api.w.org\/{rel}","templated":true}]}}