{"id":24834,"date":"2026-01-31T16:58:08","date_gmt":"2026-01-31T16:58:08","guid":{"rendered":"https:\/\/www.press7.tv\/?p=24834"},"modified":"2026-01-31T16:58:08","modified_gmt":"2026-01-31T16:58:08","slug":"kurti-zona-e-llapit-i-dha-kosoves-grupin-e-zahir-pajazitit","status":"publish","type":"post","link":"https:\/\/www.press7.tv\/?p=24834","title":{"rendered":"Kurti: Zona e Llapit i dha Kosov\u00ebs grupin e Zahir Pajazitit"},"content":{"rendered":"\n    <div class=\"xs_social_share_widget xs_share_url before_content \t\tmain_content  wslu-style-2 wslu-share-box-shaped wslu-fill-colored wslu-share-m-5 wslu-none wslu-share-vertical wslu-theme-font-no wslu-main_content\">\n\n\t\t\n        <ul>\n\t\t\t        <\/ul>\n    <\/div> \n<p>\u00cbsht\u00eb mbajtur Akademia P\u00ebrkujtimore \u201cTrinomi i Janarit\u201d, n\u00eb Teatrin \u201cAvdush Hasani\u201d<\/p>\n<p>&nbsp;<\/p>\n<p>N\u00eb kete akademi u theksua r\u00ebnd\u00ebsia dhe sakrifica e veprimtaris\u00eb s\u00eb Zahir Pajazitit, Edmond Hoxhes dhe Hakif Zejnullahut,<\/p>\n<p>Kryeministri n\u00eb detyr\u00eb i Kosov\u00ebs, Albin Kurti ne fjalen e tij tha se kjo dit\u00eb e rezervuar p\u00ebr Zahir Pajazitin dhe luft\u00ebtar\u00eb e tjer\u00eb.<\/p>\n<p>Kurti theksoi se zona e Llapit i dha Kosov\u00ebs grupin e Zahir Pajazitit.<\/p>\n<div class=\"code-block code-block-7\"><ins id=\"revive-0-5\" data-revive-zoneid=\"218\" data-revive-id=\"6d10792d7a3e9a00328e01545b0215e5\" data-revive-seq=\"5\" data-revive-loaded=\"1\"><\/p>\n<div id=\"beacon_ba66888658\"><\/div>\n<p><\/ins><\/div>\n<p>\u201cQ\u00eb prej 29 vitesh, dita e fundit e janarit p\u00ebrher\u00eb \u00ebsht\u00eb rezervuar p\u00ebr ta kujtuar Zahir Pajazitin me shok\u00eb, nj\u00eb nd\u00ebr personalitetet m\u00eb t\u00eb shquara dhe m\u00eb t\u00eb ve\u00e7anta n\u00eb luft\u00ebn p\u00ebr \u00e7lirimin e Kosov\u00ebs. N\u00eb respekt t\u00eb k\u00ebsaj tradite tashm\u00eb t\u00eb institucionalizuar, me konsideratat m\u00eb t\u00eb larta p\u00ebr d\u00ebshmor\u00ebt, si Kryeminist\u00ebr i Republik\u00ebs s\u00eb Kosov\u00ebs, sot m\u00eb 30 janar 2026, jam i nderuar t\u00eb jem k\u00ebtu n\u00eb Llap mes familjeve t\u00eb d\u00ebshmor\u00ebve dhe ju bashk\u00ebluft\u00ebtar\u00ebve t\u00eb tyre p\u00ebr homazhe dhe k\u00ebt\u00eb akademi p\u00ebrkujtimore. K\u00ebt\u00eb vit, Zahirin me shok\u00eb po e kujtojm\u00eb me k\u00ebt\u00eb akademi p\u00ebrkujtimore k\u00ebtu n\u00eb Podujev\u00eb, e vitin tjet\u00ebr, q\u00eb sh\u00ebnon p\u00ebrvjetorin jubilar, 30-vjetorin, do t\u2019i nderojm\u00eb e lart\u00ebsojm\u00eb nga Prishtina n\u00ebn patronazhin e Kryeministris\u00eb s\u00eb Republik\u00ebs s\u00eb Kosov\u00ebs. Sot jan\u00eb b\u00ebr\u00eb 29 vite nga r\u00ebnia e Zahir Pajazitit, Hakif Zejnullahut dhe Edmond Hoxh\u00ebs, m\u00eb 31 janar 1997. Por, \u00e7far\u00eb dhe k\u00eb kujtojm\u00eb n\u00eb t\u00eb v\u00ebrtet\u00eb n\u00eb k\u00ebt\u00eb rast? Kush ishin k\u00ebta njer\u00ebz dhe cila \u00ebsht\u00eb koha e tyre?\u201d, tha ai.<\/p>\n<p>Kurti shtoi se djemt\u00eb dhe vajzat e Llapit kan\u00eb l\u00ebn\u00eb mbrapa nj\u00eb histori t\u00eb jasht\u00ebzakonshme t\u00eb p\u00ebrpjekjeve dhe t\u00eb flijimit t\u00eb tyre p\u00ebr lirin\u00eb e Kosov\u00ebs.<\/p>\n<p>Kryetari i Komunes s\u00eb Podujev\u00ebs, Shpejtim Bulliqi tha se r\u00ebnia e tyre heroike ishte frym\u00ebzim p\u00ebr mij\u00ebra t\u00eb rinj e t\u00eb reja q\u00eb m\u00eb von\u00eb i ishin bashkuar Ushtris\u00eb \u00c7lirimtare t\u00eb Kosov\u00ebs.<\/p>\n","protected":false},"excerpt":{"rendered":"<p>\u00cbsht\u00eb mbajtur Akademia P\u00ebrkujtimore \u201cTrinomi i Janarit\u201d, n\u00eb Teatrin \u201cAvdush Hasani\u201d &nbsp; N\u00eb kete akademi u theksua r\u00ebnd\u00ebsia dhe sakrifica e veprimtaris\u00eb s\u00eb Zahir Pajazitit, Edmond Hoxhes dhe Hakif Zejnullahut, Kryeministri n\u00eb detyr\u00eb i Kosov\u00ebs, Albin Kurti ne fjalen e tij tha se kjo dit\u00eb e rezervuar p\u00ebr Zahir Pajazitin dhe luft\u00ebtar\u00eb e tjer\u00eb. Kurti [&hellip;]<\/p>\n","protected":false},"author":8,"featured_media":24835,"comment_status":"closed","ping_status":"closed","sticky":false,"template":"","format":"standard","meta":{"footnotes":""},"categories":[215,213],"tags":[],"class_list":["post-24834","post","type-post","status-publish","format-standard","has-post-thumbnail","hentry","category-kosove","category-lajme"],"yoast_head":"<!-- This site is optimized with the Yoast SEO plugin v25.1 - https:\/\/yoast.com\/wordpress\/plugins\/seo\/ -->\n<title>Kurti: Zona e Llapit i dha Kosov\u00ebs grupin e Zahir Pajazitit - press7.tv<\/title>\n<meta name=\"robots\" content=\"index, follow, max-snippet:-1, max-image-preview:large, max-video-preview:-1\" \/>\n<link rel=\"canonical\" href=\"https:\/\/www.press7.tv\/?p=24834\" \/>\n<meta property=\"og:locale\" content=\"en_US\" \/>\n<meta property=\"og:type\" content=\"article\" \/>\n<meta property=\"og:title\" content=\"Kurti: Zona e Llapit i dha Kosov\u00ebs grupin e Zahir Pajazitit - press7.tv\" \/>\n<meta property=\"og:description\" content=\"\u00cbsht\u00eb mbajtur Akademia P\u00ebrkujtimore \u201cTrinomi i Janarit\u201d, n\u00eb Teatrin \u201cAvdush Hasani\u201d &nbsp; N\u00eb kete akademi u theksua r\u00ebnd\u00ebsia dhe sakrifica e veprimtaris\u00eb s\u00eb Zahir Pajazitit, Edmond Hoxhes dhe Hakif Zejnullahut, Kryeministri n\u00eb detyr\u00eb i Kosov\u00ebs, Albin Kurti ne fjalen e tij tha se kjo dit\u00eb e rezervuar p\u00ebr Zahir Pajazitin dhe luft\u00ebtar\u00eb e tjer\u00eb. Kurti [&hellip;]\" \/>\n<meta property=\"og:url\" content=\"https:\/\/www.press7.tv\/?p=24834\" \/>\n<meta property=\"og:site_name\" content=\"press7.tv\" \/>\n<meta property=\"article:publisher\" content=\"https:\/\/www.facebook.com\/press7.tv\" \/>\n<meta property=\"article:published_time\" content=\"2026-01-31T16:58:08+00:00\" \/>\n<meta property=\"og:image\" content=\"https:\/\/www.press7.tv\/wp-content\/uploads\/2026\/01\/kurti.avif\" \/>\n\t<meta property=\"og:image:width\" content=\"1093\" \/>\n\t<meta property=\"og:image:height\" content=\"804\" \/>\n\t<meta property=\"og:image:type\" content=\"image\/png\" \/>\n<meta name=\"author\" content=\"gazetar2\" \/>\n<meta name=\"twitter:card\" content=\"summary_large_image\" \/>\n<meta name=\"twitter:label1\" content=\"Written by\" \/>\n\t<meta name=\"twitter:data1\" content=\"gazetar2\" \/>\n\t<meta name=\"twitter:label2\" content=\"Est. reading time\" \/>\n\t<meta name=\"twitter:data2\" content=\"2 minutes\" \/>\n<script type=\"application\/ld+json\" class=\"yoast-schema-graph\">{\"@context\":\"https:\/\/schema.org\",\"@graph\":[{\"@type\":\"Article\",\"@id\":\"https:\/\/www.press7.tv\/?p=24834#article\",\"isPartOf\":{\"@id\":\"https:\/\/www.press7.tv\/?p=24834\"},\"author\":{\"name\":\"gazetar2\",\"@id\":\"https:\/\/www.news33.tv\/#\/schema\/person\/5a04a38a23ccdba82f9bd665cd8f9efa\"},\"headline\":\"Kurti: Zona e Llapit i dha Kosov\u00ebs grupin e Zahir Pajazitit\",\"datePublished\":\"2026-01-31T16:58:08+00:00\",\"mainEntityOfPage\":{\"@id\":\"https:\/\/www.press7.tv\/?p=24834\"},\"wordCount\":355,\"publisher\":{\"@id\":\"https:\/\/www.news33.tv\/#organization\"},\"image\":{\"@id\":\"https:\/\/www.press7.tv\/?p=24834#primaryimage\"},\"thumbnailUrl\":\"https:\/\/www.press7.tv\/wp-content\/uploads\/2026\/01\/kurti.avif\",\"articleSection\":[\"Kosov\u00eb\",\"Lajme\"],\"inLanguage\":\"en-US\"},{\"@type\":\"WebPage\",\"@id\":\"https:\/\/www.press7.tv\/?p=24834\",\"url\":\"https:\/\/www.press7.tv\/?p=24834\",\"name\":\"Kurti: Zona e Llapit i dha Kosov\u00ebs grupin e Zahir Pajazitit - press7.tv\",\"isPartOf\":{\"@id\":\"https:\/\/www.news33.tv\/#website\"},\"primaryImageOfPage\":{\"@id\":\"https:\/\/www.press7.tv\/?p=24834#primaryimage\"},\"image\":{\"@id\":\"https:\/\/www.press7.tv\/?p=24834#primaryimage\"},\"thumbnailUrl\":\"https:\/\/www.press7.tv\/wp-content\/uploads\/2026\/01\/kurti.avif\",\"datePublished\":\"2026-01-31T16:58:08+00:00\",\"breadcrumb\":{\"@id\":\"https:\/\/www.press7.tv\/?p=24834#breadcrumb\"},\"inLanguage\":\"en-US\",\"potentialAction\":[{\"@type\":\"ReadAction\",\"target\":[\"https:\/\/www.press7.tv\/?p=24834\"]}]},{\"@type\":\"ImageObject\",\"inLanguage\":\"en-US\",\"@id\":\"https:\/\/www.press7.tv\/?p=24834#primaryimage\",\"url\":\"https:\/\/www.press7.tv\/wp-content\/uploads\/2026\/01\/kurti.avif\",\"contentUrl\":\"https:\/\/www.press7.tv\/wp-content\/uploads\/2026\/01\/kurti.avif\",\"width\":1093,\"height\":804},{\"@type\":\"BreadcrumbList\",\"@id\":\"https:\/\/www.press7.tv\/?p=24834#breadcrumb\",\"itemListElement\":[{\"@type\":\"ListItem\",\"position\":1,\"name\":\"Home\",\"item\":\"https:\/\/www.press7.tv\/\"},{\"@type\":\"ListItem\",\"position\":2,\"name\":\"Kurti: Zona e Llapit i dha Kosov\u00ebs grupin e Zahir Pajazitit\"}]},{\"@type\":\"WebSite\",\"@id\":\"https:\/\/www.news33.tv\/#website\",\"url\":\"https:\/\/www.news33.tv\/\",\"name\":\"News33.tv Media\",\"description\":\"Media\",\"publisher\":{\"@id\":\"https:\/\/www.news33.tv\/#organization\"},\"potentialAction\":[{\"@type\":\"SearchAction\",\"target\":{\"@type\":\"EntryPoint\",\"urlTemplate\":\"https:\/\/www.news33.tv\/?s={search_term_string}\"},\"query-input\":{\"@type\":\"PropertyValueSpecification\",\"valueRequired\":true,\"valueName\":\"search_term_string\"}}],\"inLanguage\":\"en-US\"},{\"@type\":\"Organization\",\"@id\":\"https:\/\/www.news33.tv\/#organization\",\"name\":\"News33.tv Media\",\"url\":\"https:\/\/www.news33.tv\/\",\"logo\":{\"@type\":\"ImageObject\",\"inLanguage\":\"en-US\",\"@id\":\"https:\/\/www.news33.tv\/#\/schema\/logo\/image\/\",\"url\":\"https:\/\/www.press7.tv\/wp-content\/uploads\/2024\/02\/logo-news33-black.png\",\"contentUrl\":\"https:\/\/www.press7.tv\/wp-content\/uploads\/2024\/02\/logo-news33-black.png\",\"width\":180,\"height\":37,\"caption\":\"News33.tv Media\"},\"image\":{\"@id\":\"https:\/\/www.news33.tv\/#\/schema\/logo\/image\/\"},\"sameAs\":[\"https:\/\/www.facebook.com\/press7.tv\"]},{\"@type\":\"Person\",\"@id\":\"https:\/\/www.news33.tv\/#\/schema\/person\/5a04a38a23ccdba82f9bd665cd8f9efa\",\"name\":\"gazetar2\",\"image\":{\"@type\":\"ImageObject\",\"inLanguage\":\"en-US\",\"@id\":\"https:\/\/www.news33.tv\/#\/schema\/person\/image\/\",\"url\":\"https:\/\/www.press7.tv\/wp-content\/litespeed\/avatar\/41975e402c3049d9ddb03adca8f7a883.jpg?ver=1777169572\",\"contentUrl\":\"https:\/\/www.press7.tv\/wp-content\/litespeed\/avatar\/41975e402c3049d9ddb03adca8f7a883.jpg?ver=1777169572\",\"caption\":\"gazetar2\"},\"url\":\"https:\/\/www.press7.tv\/?author=8\"}]}<\/script>\n<!-- \/ Yoast SEO plugin. -->","yoast_head_json":{"title":"Kurti: Zona e Llapit i dha Kosov\u00ebs grupin e Zahir Pajazitit - press7.tv","robots":{"index":"index","follow":"follow","max-snippet":"max-snippet:-1","max-image-preview":"max-image-preview:large","max-video-preview":"max-video-preview:-1"},"canonical":"https:\/\/www.press7.tv\/?p=24834","og_locale":"en_US","og_type":"article","og_title":"Kurti: Zona e Llapit i dha Kosov\u00ebs grupin e Zahir Pajazitit - press7.tv","og_description":"\u00cbsht\u00eb mbajtur Akademia P\u00ebrkujtimore \u201cTrinomi i Janarit\u201d, n\u00eb Teatrin \u201cAvdush Hasani\u201d &nbsp; N\u00eb kete akademi u theksua r\u00ebnd\u00ebsia dhe sakrifica e veprimtaris\u00eb s\u00eb Zahir Pajazitit, Edmond Hoxhes dhe Hakif Zejnullahut, Kryeministri n\u00eb detyr\u00eb i Kosov\u00ebs, Albin Kurti ne fjalen e tij tha se kjo dit\u00eb e rezervuar p\u00ebr Zahir Pajazitin dhe luft\u00ebtar\u00eb e tjer\u00eb. Kurti [&hellip;]","og_url":"https:\/\/www.press7.tv\/?p=24834","og_site_name":"press7.tv","article_publisher":"https:\/\/www.facebook.com\/press7.tv","article_published_time":"2026-01-31T16:58:08+00:00","og_image":[{"width":1093,"height":804,"url":"https:\/\/www.press7.tv\/wp-content\/uploads\/2026\/01\/kurti.avif","type":"image\/png"}],"author":"gazetar2","twitter_card":"summary_large_image","twitter_misc":{"Written by":"gazetar2","Est. reading time":"2 minutes"},"schema":{"@context":"https:\/\/schema.org","@graph":[{"@type":"Article","@id":"https:\/\/www.press7.tv\/?p=24834#article","isPartOf":{"@id":"https:\/\/www.press7.tv\/?p=24834"},"author":{"name":"gazetar2","@id":"https:\/\/www.news33.tv\/#\/schema\/person\/5a04a38a23ccdba82f9bd665cd8f9efa"},"headline":"Kurti: Zona e Llapit i dha Kosov\u00ebs grupin e Zahir Pajazitit","datePublished":"2026-01-31T16:58:08+00:00","mainEntityOfPage":{"@id":"https:\/\/www.press7.tv\/?p=24834"},"wordCount":355,"publisher":{"@id":"https:\/\/www.news33.tv\/#organization"},"image":{"@id":"https:\/\/www.press7.tv\/?p=24834#primaryimage"},"thumbnailUrl":"https:\/\/www.press7.tv\/wp-content\/uploads\/2026\/01\/kurti.avif","articleSection":["Kosov\u00eb","Lajme"],"inLanguage":"en-US"},{"@type":"WebPage","@id":"https:\/\/www.press7.tv\/?p=24834","url":"https:\/\/www.press7.tv\/?p=24834","name":"Kurti: Zona e Llapit i dha Kosov\u00ebs grupin e Zahir Pajazitit - press7.tv","isPartOf":{"@id":"https:\/\/www.news33.tv\/#website"},"primaryImageOfPage":{"@id":"https:\/\/www.press7.tv\/?p=24834#primaryimage"},"image":{"@id":"https:\/\/www.press7.tv\/?p=24834#primaryimage"},"thumbnailUrl":"https:\/\/www.press7.tv\/wp-content\/uploads\/2026\/01\/kurti.avif","datePublished":"2026-01-31T16:58:08+00:00","breadcrumb":{"@id":"https:\/\/www.press7.tv\/?p=24834#breadcrumb"},"inLanguage":"en-US","potentialAction":[{"@type":"ReadAction","target":["https:\/\/www.press7.tv\/?p=24834"]}]},{"@type":"ImageObject","inLanguage":"en-US","@id":"https:\/\/www.press7.tv\/?p=24834#primaryimage","url":"https:\/\/www.press7.tv\/wp-content\/uploads\/2026\/01\/kurti.avif","contentUrl":"https:\/\/www.press7.tv\/wp-content\/uploads\/2026\/01\/kurti.avif","width":1093,"height":804},{"@type":"BreadcrumbList","@id":"https:\/\/www.press7.tv\/?p=24834#breadcrumb","itemListElement":[{"@type":"ListItem","position":1,"name":"Home","item":"https:\/\/www.press7.tv\/"},{"@type":"ListItem","position":2,"name":"Kurti: Zona e Llapit i dha Kosov\u00ebs grupin e Zahir Pajazitit"}]},{"@type":"WebSite","@id":"https:\/\/www.news33.tv\/#website","url":"https:\/\/www.news33.tv\/","name":"News33.tv Media","description":"Media","publisher":{"@id":"https:\/\/www.news33.tv\/#organization"},"potentialAction":[{"@type":"SearchAction","target":{"@type":"EntryPoint","urlTemplate":"https:\/\/www.news33.tv\/?s={search_term_string}"},"query-input":{"@type":"PropertyValueSpecification","valueRequired":true,"valueName":"search_term_string"}}],"inLanguage":"en-US"},{"@type":"Organization","@id":"https:\/\/www.news33.tv\/#organization","name":"News33.tv Media","url":"https:\/\/www.news33.tv\/","logo":{"@type":"ImageObject","inLanguage":"en-US","@id":"https:\/\/www.news33.tv\/#\/schema\/logo\/image\/","url":"https:\/\/www.press7.tv\/wp-content\/uploads\/2024\/02\/logo-news33-black.png","contentUrl":"https:\/\/www.press7.tv\/wp-content\/uploads\/2024\/02\/logo-news33-black.png","width":180,"height":37,"caption":"News33.tv Media"},"image":{"@id":"https:\/\/www.news33.tv\/#\/schema\/logo\/image\/"},"sameAs":["https:\/\/www.facebook.com\/press7.tv"]},{"@type":"Person","@id":"https:\/\/www.news33.tv\/#\/schema\/person\/5a04a38a23ccdba82f9bd665cd8f9efa","name":"gazetar2","image":{"@type":"ImageObject","inLanguage":"en-US","@id":"https:\/\/www.news33.tv\/#\/schema\/person\/image\/","url":"https:\/\/www.press7.tv\/wp-content\/litespeed\/avatar\/41975e402c3049d9ddb03adca8f7a883.jpg?ver=1777169572","contentUrl":"https:\/\/www.press7.tv\/wp-content\/litespeed\/avatar\/41975e402c3049d9ddb03adca8f7a883.jpg?ver=1777169572","caption":"gazetar2"},"url":"https:\/\/www.press7.tv\/?author=8"}]}},"amp_enabled":true,"_links":{"self":[{"href":"https:\/\/www.press7.tv\/index.php?rest_route=\/wp\/v2\/posts\/24834","targetHints":{"allow":["GET"]}}],"collection":[{"href":"https:\/\/www.press7.tv\/index.php?rest_route=\/wp\/v2\/posts"}],"about":[{"href":"https:\/\/www.press7.tv\/index.php?rest_route=\/wp\/v2\/types\/post"}],"author":[{"embeddable":true,"href":"https:\/\/www.press7.tv\/index.php?rest_route=\/wp\/v2\/users\/8"}],"replies":[{"embeddable":true,"href":"https:\/\/www.press7.tv\/index.php?rest_route=%2Fwp%2Fv2%2Fcomments&post=24834"}],"version-history":[{"count":1,"href":"https:\/\/www.press7.tv\/index.php?rest_route=\/wp\/v2\/posts\/24834\/revisions"}],"predecessor-version":[{"id":24836,"href":"https:\/\/www.press7.tv\/index.php?rest_route=\/wp\/v2\/posts\/24834\/revisions\/24836"}],"wp:featuredmedia":[{"embeddable":true,"href":"https:\/\/www.press7.tv\/index.php?rest_route=\/wp\/v2\/media\/24835"}],"wp:attachment":[{"href":"https:\/\/www.press7.tv\/index.php?rest_route=%2Fwp%2Fv2%2Fmedia&parent=24834"}],"wp:term":[{"taxonomy":"category","embeddable":true,"href":"https:\/\/www.press7.tv\/index.php?rest_route=%2Fwp%2Fv2%2Fcategories&post=24834"},{"taxonomy":"post_tag","embeddable":true,"href":"https:\/\/www.press7.tv\/index.php?rest_route=%2Fwp%2Fv2%2Ftags&post=24834"}],"curies":[{"name":"wp","href":"https:\/\/api.w.org\/{rel}","templated":true}]}}