{"id":24820,"date":"2026-01-31T16:11:29","date_gmt":"2026-01-31T16:11:29","guid":{"rendered":"https:\/\/www.press7.tv\/?p=24820"},"modified":"2026-01-31T16:11:29","modified_gmt":"2026-01-31T16:11:29","slug":"7-vjecarja-goditet-nga-vetura-ne-podujeve-dergohet-ne-qkuk","status":"publish","type":"post","link":"https:\/\/www.press7.tv\/?p=24820","title":{"rendered":"7-vje\u00e7arja goditet nga vetura n\u00eb Podujev\u00eb, d\u00ebrgohet n\u00eb QKUK"},"content":{"rendered":"\n    <div class=\"xs_social_share_widget xs_share_url before_content \t\tmain_content  wslu-style-2 wslu-share-box-shaped wslu-fill-colored wslu-share-m-5 wslu-none wslu-share-vertical wslu-theme-font-no wslu-main_content\">\n\n\t\t\n        <ul>\n\t\t\t        <\/ul>\n    <\/div> \n<p>Nj\u00eb 7-vje\u00e7are \u00ebsht\u00eb goditur nga nj\u00eb shofer me vetur\u00eb n\u00eb fshatin Surkish t\u00eb Podujev\u00ebs t\u00eb premten.<\/p>\n<div class=\"instream-video\">\n<div data-id=\"2kQm8Ze4251g\">\n<div class=\"orp-player-wrapper orp-aspectRateFixed orp-player-ipm orp-player-ipm-hidden orp-force-hide-player\"><\/div>\n<\/div>\n<\/div>\n<p>Vajza ka p\u00ebsuar l\u00ebndime andaj \u00ebsht\u00eb d\u00ebrguar n\u00eb QKUK p\u00ebr trajtim.<\/p>\n<p>Shoferi \u00ebsht\u00eb ndaluar p\u00ebrkoh\u00ebsisht n\u00eb stacionin policor.<\/p>\n<p>\u201cKa ndodh\u00eb nj\u00eb aksident trafiku, ku i dyshuari mashkull kosovar, me vetur\u00ebn e tij ka goditur nj\u00eb k\u00ebmb\u00ebsore fem\u00ebr shtat\u00eb vje\u00e7e. Si pasoj\u00eb e aksidentit viktima ka p\u00ebsuar l\u00ebndime trupore dhe gjendet n\u00eb QKUK p\u00ebr tretman mjek\u00ebsor. I dyshuari \u00ebsht\u00eb ndaluar p\u00ebrkoh\u00ebsisht n\u00eb stacion policor\u201d, thuhet n\u00eb raportin e PK-s\u00eb.<\/p>\n","protected":false},"excerpt":{"rendered":"<p>Nj\u00eb 7-vje\u00e7are \u00ebsht\u00eb goditur nga nj\u00eb shofer me vetur\u00eb n\u00eb fshatin Surkish t\u00eb Podujev\u00ebs t\u00eb premten. Vajza ka p\u00ebsuar l\u00ebndime andaj \u00ebsht\u00eb d\u00ebrguar n\u00eb QKUK p\u00ebr trajtim. Shoferi \u00ebsht\u00eb ndaluar p\u00ebrkoh\u00ebsisht n\u00eb stacionin policor. \u201cKa ndodh\u00eb nj\u00eb aksident trafiku, ku i dyshuari mashkull kosovar, me vetur\u00ebn e tij ka goditur nj\u00eb k\u00ebmb\u00ebsore fem\u00ebr shtat\u00eb vje\u00e7e. [&hellip;]<\/p>\n","protected":false},"author":8,"featured_media":24821,"comment_status":"closed","ping_status":"closed","sticky":false,"template":"","format":"standard","meta":{"footnotes":""},"categories":[215,213],"tags":[],"class_list":["post-24820","post","type-post","status-publish","format-standard","has-post-thumbnail","hentry","category-kosove","category-lajme"],"yoast_head":"<!-- This site is optimized with the Yoast SEO plugin v25.1 - https:\/\/yoast.com\/wordpress\/plugins\/seo\/ -->\n<title>7-vje\u00e7arja goditet nga vetura n\u00eb Podujev\u00eb, d\u00ebrgohet n\u00eb QKUK - press7.tv<\/title>\n<meta name=\"robots\" content=\"index, follow, max-snippet:-1, max-image-preview:large, max-video-preview:-1\" \/>\n<link rel=\"canonical\" href=\"https:\/\/www.press7.tv\/?p=24820\" \/>\n<meta property=\"og:locale\" content=\"en_US\" \/>\n<meta property=\"og:type\" content=\"article\" \/>\n<meta property=\"og:title\" content=\"7-vje\u00e7arja goditet nga vetura n\u00eb Podujev\u00eb, d\u00ebrgohet n\u00eb QKUK - press7.tv\" \/>\n<meta property=\"og:description\" content=\"Nj\u00eb 7-vje\u00e7are \u00ebsht\u00eb goditur nga nj\u00eb shofer me vetur\u00eb n\u00eb fshatin Surkish t\u00eb Podujev\u00ebs t\u00eb premten. Vajza ka p\u00ebsuar l\u00ebndime andaj \u00ebsht\u00eb d\u00ebrguar n\u00eb QKUK p\u00ebr trajtim. Shoferi \u00ebsht\u00eb ndaluar p\u00ebrkoh\u00ebsisht n\u00eb stacionin policor. \u201cKa ndodh\u00eb nj\u00eb aksident trafiku, ku i dyshuari mashkull kosovar, me vetur\u00ebn e tij ka goditur nj\u00eb k\u00ebmb\u00ebsore fem\u00ebr shtat\u00eb vje\u00e7e. [&hellip;]\" \/>\n<meta property=\"og:url\" content=\"https:\/\/www.press7.tv\/?p=24820\" \/>\n<meta property=\"og:site_name\" content=\"press7.tv\" \/>\n<meta property=\"article:publisher\" content=\"https:\/\/www.facebook.com\/press7.tv\" \/>\n<meta property=\"article:published_time\" content=\"2026-01-31T16:11:29+00:00\" \/>\n<meta property=\"og:image\" content=\"https:\/\/www.press7.tv\/wp-content\/uploads\/2026\/01\/qkuk16795147831708768021.avif\" \/>\n\t<meta property=\"og:image:width\" content=\"680\" \/>\n\t<meta property=\"og:image:height\" content=\"434\" \/>\n\t<meta property=\"og:image:type\" content=\"image\/webp\" \/>\n<meta name=\"author\" content=\"gazetar2\" \/>\n<meta name=\"twitter:card\" content=\"summary_large_image\" \/>\n<meta name=\"twitter:label1\" content=\"Written by\" \/>\n\t<meta name=\"twitter:data1\" content=\"gazetar2\" \/>\n\t<meta name=\"twitter:label2\" content=\"Est. reading time\" \/>\n\t<meta name=\"twitter:data2\" content=\"1 minute\" \/>\n<script type=\"application\/ld+json\" class=\"yoast-schema-graph\">{\"@context\":\"https:\/\/schema.org\",\"@graph\":[{\"@type\":\"Article\",\"@id\":\"https:\/\/www.press7.tv\/?p=24820#article\",\"isPartOf\":{\"@id\":\"https:\/\/www.press7.tv\/?p=24820\"},\"author\":{\"name\":\"gazetar2\",\"@id\":\"https:\/\/www.news33.tv\/#\/schema\/person\/5a04a38a23ccdba82f9bd665cd8f9efa\"},\"headline\":\"7-vje\u00e7arja goditet nga vetura n\u00eb Podujev\u00eb, d\u00ebrgohet n\u00eb QKUK\",\"datePublished\":\"2026-01-31T16:11:29+00:00\",\"mainEntityOfPage\":{\"@id\":\"https:\/\/www.press7.tv\/?p=24820\"},\"wordCount\":114,\"publisher\":{\"@id\":\"https:\/\/www.news33.tv\/#organization\"},\"image\":{\"@id\":\"https:\/\/www.press7.tv\/?p=24820#primaryimage\"},\"thumbnailUrl\":\"https:\/\/www.press7.tv\/wp-content\/uploads\/2026\/01\/qkuk16795147831708768021.avif\",\"articleSection\":[\"Kosov\u00eb\",\"Lajme\"],\"inLanguage\":\"en-US\"},{\"@type\":\"WebPage\",\"@id\":\"https:\/\/www.press7.tv\/?p=24820\",\"url\":\"https:\/\/www.press7.tv\/?p=24820\",\"name\":\"7-vje\u00e7arja goditet nga vetura n\u00eb Podujev\u00eb, d\u00ebrgohet n\u00eb QKUK - press7.tv\",\"isPartOf\":{\"@id\":\"https:\/\/www.news33.tv\/#website\"},\"primaryImageOfPage\":{\"@id\":\"https:\/\/www.press7.tv\/?p=24820#primaryimage\"},\"image\":{\"@id\":\"https:\/\/www.press7.tv\/?p=24820#primaryimage\"},\"thumbnailUrl\":\"https:\/\/www.press7.tv\/wp-content\/uploads\/2026\/01\/qkuk16795147831708768021.avif\",\"datePublished\":\"2026-01-31T16:11:29+00:00\",\"breadcrumb\":{\"@id\":\"https:\/\/www.press7.tv\/?p=24820#breadcrumb\"},\"inLanguage\":\"en-US\",\"potentialAction\":[{\"@type\":\"ReadAction\",\"target\":[\"https:\/\/www.press7.tv\/?p=24820\"]}]},{\"@type\":\"ImageObject\",\"inLanguage\":\"en-US\",\"@id\":\"https:\/\/www.press7.tv\/?p=24820#primaryimage\",\"url\":\"https:\/\/www.press7.tv\/wp-content\/uploads\/2026\/01\/qkuk16795147831708768021.avif\",\"contentUrl\":\"https:\/\/www.press7.tv\/wp-content\/uploads\/2026\/01\/qkuk16795147831708768021.avif\",\"width\":680,\"height\":434},{\"@type\":\"BreadcrumbList\",\"@id\":\"https:\/\/www.press7.tv\/?p=24820#breadcrumb\",\"itemListElement\":[{\"@type\":\"ListItem\",\"position\":1,\"name\":\"Home\",\"item\":\"https:\/\/www.press7.tv\/\"},{\"@type\":\"ListItem\",\"position\":2,\"name\":\"7-vje\u00e7arja goditet nga vetura n\u00eb Podujev\u00eb, d\u00ebrgohet n\u00eb QKUK\"}]},{\"@type\":\"WebSite\",\"@id\":\"https:\/\/www.news33.tv\/#website\",\"url\":\"https:\/\/www.news33.tv\/\",\"name\":\"News33.tv Media\",\"description\":\"Media\",\"publisher\":{\"@id\":\"https:\/\/www.news33.tv\/#organization\"},\"potentialAction\":[{\"@type\":\"SearchAction\",\"target\":{\"@type\":\"EntryPoint\",\"urlTemplate\":\"https:\/\/www.news33.tv\/?s={search_term_string}\"},\"query-input\":{\"@type\":\"PropertyValueSpecification\",\"valueRequired\":true,\"valueName\":\"search_term_string\"}}],\"inLanguage\":\"en-US\"},{\"@type\":\"Organization\",\"@id\":\"https:\/\/www.news33.tv\/#organization\",\"name\":\"News33.tv Media\",\"url\":\"https:\/\/www.news33.tv\/\",\"logo\":{\"@type\":\"ImageObject\",\"inLanguage\":\"en-US\",\"@id\":\"https:\/\/www.news33.tv\/#\/schema\/logo\/image\/\",\"url\":\"https:\/\/www.press7.tv\/wp-content\/uploads\/2024\/02\/logo-news33-black.png\",\"contentUrl\":\"https:\/\/www.press7.tv\/wp-content\/uploads\/2024\/02\/logo-news33-black.png\",\"width\":180,\"height\":37,\"caption\":\"News33.tv Media\"},\"image\":{\"@id\":\"https:\/\/www.news33.tv\/#\/schema\/logo\/image\/\"},\"sameAs\":[\"https:\/\/www.facebook.com\/press7.tv\"]},{\"@type\":\"Person\",\"@id\":\"https:\/\/www.news33.tv\/#\/schema\/person\/5a04a38a23ccdba82f9bd665cd8f9efa\",\"name\":\"gazetar2\",\"image\":{\"@type\":\"ImageObject\",\"inLanguage\":\"en-US\",\"@id\":\"https:\/\/www.news33.tv\/#\/schema\/person\/image\/\",\"url\":\"https:\/\/www.press7.tv\/wp-content\/litespeed\/avatar\/41975e402c3049d9ddb03adca8f7a883.jpg?ver=1777169572\",\"contentUrl\":\"https:\/\/www.press7.tv\/wp-content\/litespeed\/avatar\/41975e402c3049d9ddb03adca8f7a883.jpg?ver=1777169572\",\"caption\":\"gazetar2\"},\"url\":\"https:\/\/www.press7.tv\/?author=8\"}]}<\/script>\n<!-- \/ Yoast SEO plugin. -->","yoast_head_json":{"title":"7-vje\u00e7arja goditet nga vetura n\u00eb Podujev\u00eb, d\u00ebrgohet n\u00eb QKUK - press7.tv","robots":{"index":"index","follow":"follow","max-snippet":"max-snippet:-1","max-image-preview":"max-image-preview:large","max-video-preview":"max-video-preview:-1"},"canonical":"https:\/\/www.press7.tv\/?p=24820","og_locale":"en_US","og_type":"article","og_title":"7-vje\u00e7arja goditet nga vetura n\u00eb Podujev\u00eb, d\u00ebrgohet n\u00eb QKUK - press7.tv","og_description":"Nj\u00eb 7-vje\u00e7are \u00ebsht\u00eb goditur nga nj\u00eb shofer me vetur\u00eb n\u00eb fshatin Surkish t\u00eb Podujev\u00ebs t\u00eb premten. Vajza ka p\u00ebsuar l\u00ebndime andaj \u00ebsht\u00eb d\u00ebrguar n\u00eb QKUK p\u00ebr trajtim. Shoferi \u00ebsht\u00eb ndaluar p\u00ebrkoh\u00ebsisht n\u00eb stacionin policor. \u201cKa ndodh\u00eb nj\u00eb aksident trafiku, ku i dyshuari mashkull kosovar, me vetur\u00ebn e tij ka goditur nj\u00eb k\u00ebmb\u00ebsore fem\u00ebr shtat\u00eb vje\u00e7e. [&hellip;]","og_url":"https:\/\/www.press7.tv\/?p=24820","og_site_name":"press7.tv","article_publisher":"https:\/\/www.facebook.com\/press7.tv","article_published_time":"2026-01-31T16:11:29+00:00","og_image":[{"width":680,"height":434,"url":"https:\/\/www.press7.tv\/wp-content\/uploads\/2026\/01\/qkuk16795147831708768021.avif","type":"image\/webp"}],"author":"gazetar2","twitter_card":"summary_large_image","twitter_misc":{"Written by":"gazetar2","Est. reading time":"1 minute"},"schema":{"@context":"https:\/\/schema.org","@graph":[{"@type":"Article","@id":"https:\/\/www.press7.tv\/?p=24820#article","isPartOf":{"@id":"https:\/\/www.press7.tv\/?p=24820"},"author":{"name":"gazetar2","@id":"https:\/\/www.news33.tv\/#\/schema\/person\/5a04a38a23ccdba82f9bd665cd8f9efa"},"headline":"7-vje\u00e7arja goditet nga vetura n\u00eb Podujev\u00eb, d\u00ebrgohet n\u00eb QKUK","datePublished":"2026-01-31T16:11:29+00:00","mainEntityOfPage":{"@id":"https:\/\/www.press7.tv\/?p=24820"},"wordCount":114,"publisher":{"@id":"https:\/\/www.news33.tv\/#organization"},"image":{"@id":"https:\/\/www.press7.tv\/?p=24820#primaryimage"},"thumbnailUrl":"https:\/\/www.press7.tv\/wp-content\/uploads\/2026\/01\/qkuk16795147831708768021.avif","articleSection":["Kosov\u00eb","Lajme"],"inLanguage":"en-US"},{"@type":"WebPage","@id":"https:\/\/www.press7.tv\/?p=24820","url":"https:\/\/www.press7.tv\/?p=24820","name":"7-vje\u00e7arja goditet nga vetura n\u00eb Podujev\u00eb, d\u00ebrgohet n\u00eb QKUK - press7.tv","isPartOf":{"@id":"https:\/\/www.news33.tv\/#website"},"primaryImageOfPage":{"@id":"https:\/\/www.press7.tv\/?p=24820#primaryimage"},"image":{"@id":"https:\/\/www.press7.tv\/?p=24820#primaryimage"},"thumbnailUrl":"https:\/\/www.press7.tv\/wp-content\/uploads\/2026\/01\/qkuk16795147831708768021.avif","datePublished":"2026-01-31T16:11:29+00:00","breadcrumb":{"@id":"https:\/\/www.press7.tv\/?p=24820#breadcrumb"},"inLanguage":"en-US","potentialAction":[{"@type":"ReadAction","target":["https:\/\/www.press7.tv\/?p=24820"]}]},{"@type":"ImageObject","inLanguage":"en-US","@id":"https:\/\/www.press7.tv\/?p=24820#primaryimage","url":"https:\/\/www.press7.tv\/wp-content\/uploads\/2026\/01\/qkuk16795147831708768021.avif","contentUrl":"https:\/\/www.press7.tv\/wp-content\/uploads\/2026\/01\/qkuk16795147831708768021.avif","width":680,"height":434},{"@type":"BreadcrumbList","@id":"https:\/\/www.press7.tv\/?p=24820#breadcrumb","itemListElement":[{"@type":"ListItem","position":1,"name":"Home","item":"https:\/\/www.press7.tv\/"},{"@type":"ListItem","position":2,"name":"7-vje\u00e7arja goditet nga vetura n\u00eb Podujev\u00eb, d\u00ebrgohet n\u00eb QKUK"}]},{"@type":"WebSite","@id":"https:\/\/www.news33.tv\/#website","url":"https:\/\/www.news33.tv\/","name":"News33.tv Media","description":"Media","publisher":{"@id":"https:\/\/www.news33.tv\/#organization"},"potentialAction":[{"@type":"SearchAction","target":{"@type":"EntryPoint","urlTemplate":"https:\/\/www.news33.tv\/?s={search_term_string}"},"query-input":{"@type":"PropertyValueSpecification","valueRequired":true,"valueName":"search_term_string"}}],"inLanguage":"en-US"},{"@type":"Organization","@id":"https:\/\/www.news33.tv\/#organization","name":"News33.tv Media","url":"https:\/\/www.news33.tv\/","logo":{"@type":"ImageObject","inLanguage":"en-US","@id":"https:\/\/www.news33.tv\/#\/schema\/logo\/image\/","url":"https:\/\/www.press7.tv\/wp-content\/uploads\/2024\/02\/logo-news33-black.png","contentUrl":"https:\/\/www.press7.tv\/wp-content\/uploads\/2024\/02\/logo-news33-black.png","width":180,"height":37,"caption":"News33.tv Media"},"image":{"@id":"https:\/\/www.news33.tv\/#\/schema\/logo\/image\/"},"sameAs":["https:\/\/www.facebook.com\/press7.tv"]},{"@type":"Person","@id":"https:\/\/www.news33.tv\/#\/schema\/person\/5a04a38a23ccdba82f9bd665cd8f9efa","name":"gazetar2","image":{"@type":"ImageObject","inLanguage":"en-US","@id":"https:\/\/www.news33.tv\/#\/schema\/person\/image\/","url":"https:\/\/www.press7.tv\/wp-content\/litespeed\/avatar\/41975e402c3049d9ddb03adca8f7a883.jpg?ver=1777169572","contentUrl":"https:\/\/www.press7.tv\/wp-content\/litespeed\/avatar\/41975e402c3049d9ddb03adca8f7a883.jpg?ver=1777169572","caption":"gazetar2"},"url":"https:\/\/www.press7.tv\/?author=8"}]}},"amp_enabled":true,"_links":{"self":[{"href":"https:\/\/www.press7.tv\/index.php?rest_route=\/wp\/v2\/posts\/24820","targetHints":{"allow":["GET"]}}],"collection":[{"href":"https:\/\/www.press7.tv\/index.php?rest_route=\/wp\/v2\/posts"}],"about":[{"href":"https:\/\/www.press7.tv\/index.php?rest_route=\/wp\/v2\/types\/post"}],"author":[{"embeddable":true,"href":"https:\/\/www.press7.tv\/index.php?rest_route=\/wp\/v2\/users\/8"}],"replies":[{"embeddable":true,"href":"https:\/\/www.press7.tv\/index.php?rest_route=%2Fwp%2Fv2%2Fcomments&post=24820"}],"version-history":[{"count":1,"href":"https:\/\/www.press7.tv\/index.php?rest_route=\/wp\/v2\/posts\/24820\/revisions"}],"predecessor-version":[{"id":24822,"href":"https:\/\/www.press7.tv\/index.php?rest_route=\/wp\/v2\/posts\/24820\/revisions\/24822"}],"wp:featuredmedia":[{"embeddable":true,"href":"https:\/\/www.press7.tv\/index.php?rest_route=\/wp\/v2\/media\/24821"}],"wp:attachment":[{"href":"https:\/\/www.press7.tv\/index.php?rest_route=%2Fwp%2Fv2%2Fmedia&parent=24820"}],"wp:term":[{"taxonomy":"category","embeddable":true,"href":"https:\/\/www.press7.tv\/index.php?rest_route=%2Fwp%2Fv2%2Fcategories&post=24820"},{"taxonomy":"post_tag","embeddable":true,"href":"https:\/\/www.press7.tv\/index.php?rest_route=%2Fwp%2Fv2%2Ftags&post=24820"}],"curies":[{"name":"wp","href":"https:\/\/api.w.org\/{rel}","templated":true}]}}