{"id":24814,"date":"2026-01-31T15:32:48","date_gmt":"2026-01-31T15:32:48","guid":{"rendered":"https:\/\/www.press7.tv\/?p=24814"},"modified":"2026-01-31T15:32:48","modified_gmt":"2026-01-31T15:32:48","slug":"ryva-shfaqet-me-kaq-stil-ne-paraqitjen-e-fundit","status":"publish","type":"post","link":"https:\/\/www.press7.tv\/?p=24814","title":{"rendered":"Ryva shfaqet me kaq stil n\u00eb paraqitjen e fundit"},"content":{"rendered":"\n    <div class=\"xs_social_share_widget xs_share_url before_content \t\tmain_content  wslu-style-2 wslu-share-box-shaped wslu-fill-colored wslu-share-m-5 wslu-none wslu-share-vertical wslu-theme-font-no wslu-main_content\">\n\n\t\t\n        <ul>\n\t\t\t        <\/ul>\n    <\/div> \n<p>K\u00ebng\u00ebtarja dhe aktorja, Ryva Kajtazi \u00ebsht\u00eb nj\u00eb nga emrat me t\u00eb p\u00ebrfolur t\u00eb sho\u00eb bizit shqiptar.<\/p>\n<div class=\"code-block code-block-8\">\n<div id=\"futureads_d773fe1afb07405e8d2f0e46933877d3_zone_104122_sect_47401_site_41437\" data-sender=\"futureads\"><\/div>\n<\/div>\n<div class=\"code-block code-block-5\"><ins id=\"revive-0-3\" data-revive-zoneid=\"217\" data-revive-id=\"6d10792d7a3e9a00328e01545b0215e5\" data-revive-seq=\"3\" data-revive-loaded=\"1\"><\/p>\n<div id=\"beacon_5cb2cdc756\"><\/div>\n<p><\/ins><ins id=\"revive-0-4\" data-revive-zoneid=\"196\" data-revive-id=\"6d10792d7a3e9a00328e01545b0215e5\" data-revive-seq=\"4\" data-revive-loaded=\"1\"><\/p>\n<div id=\"beacon_a9d6852167\"><\/div>\n<p><\/ins><\/div>\n<p>Krahas muzik\u00ebs dhe aktrimit, Ryva shfaqet shum\u00eb aktive edhe n\u00eb rrjetet sociale.<\/p>\n<p>Ryva n\u00eb vazhdim\u00ebsi poston imazhe nga p\u00ebrditshm\u00ebria e saj, raporton IndeksOnline.<\/p>\n<p>K\u00ebng\u00ebtarja dhe aktorja se fundmi ka publikuar nj\u00eb video ku shfaqet nga salloni i ondulimit.<\/p>\n<div class=\"code-block code-block-7\"><ins id=\"revive-0-5\" data-revive-zoneid=\"218\" data-revive-id=\"6d10792d7a3e9a00328e01545b0215e5\" data-revive-seq=\"5\" data-revive-loaded=\"1\"><\/p>\n<div id=\"beacon_6317280b2f\"><\/div>\n<p><\/ins><\/div>\n<p>E veshur me stil dhe e rregulluar me shum\u00eb shije, Ryva po duket kaq bukur.\/Press7.tv\/<\/p>\n<p>&nbsp;<\/p>\n<p>&nbsp;<\/p>\n","protected":false},"excerpt":{"rendered":"<p>K\u00ebng\u00ebtarja dhe aktorja, Ryva Kajtazi \u00ebsht\u00eb nj\u00eb nga emrat me t\u00eb p\u00ebrfolur t\u00eb sho\u00eb bizit shqiptar. Krahas muzik\u00ebs dhe aktrimit, Ryva shfaqet shum\u00eb aktive edhe n\u00eb rrjetet sociale. Ryva n\u00eb vazhdim\u00ebsi poston imazhe nga p\u00ebrditshm\u00ebria e saj, raporton IndeksOnline. K\u00ebng\u00ebtarja dhe aktorja se fundmi ka publikuar nj\u00eb video ku shfaqet nga salloni i ondulimit. E [&hellip;]<\/p>\n","protected":false},"author":8,"featured_media":24815,"comment_status":"closed","ping_status":"closed","sticky":false,"template":"","format":"standard","meta":{"footnotes":""},"categories":[238],"tags":[],"class_list":["post-24814","post","type-post","status-publish","format-standard","has-post-thumbnail","hentry","category-showbiz"],"yoast_head":"<!-- This site is optimized with the Yoast SEO plugin v25.1 - https:\/\/yoast.com\/wordpress\/plugins\/seo\/ -->\n<title>Ryva shfaqet me kaq stil n\u00eb paraqitjen e fundit - press7.tv<\/title>\n<meta name=\"robots\" content=\"index, follow, max-snippet:-1, max-image-preview:large, max-video-preview:-1\" \/>\n<link rel=\"canonical\" href=\"https:\/\/www.press7.tv\/?p=24814\" \/>\n<meta property=\"og:locale\" content=\"en_US\" \/>\n<meta property=\"og:type\" content=\"article\" \/>\n<meta property=\"og:title\" content=\"Ryva shfaqet me kaq stil n\u00eb paraqitjen e fundit - press7.tv\" \/>\n<meta property=\"og:description\" content=\"K\u00ebng\u00ebtarja dhe aktorja, Ryva Kajtazi \u00ebsht\u00eb nj\u00eb nga emrat me t\u00eb p\u00ebrfolur t\u00eb sho\u00eb bizit shqiptar. Krahas muzik\u00ebs dhe aktrimit, Ryva shfaqet shum\u00eb aktive edhe n\u00eb rrjetet sociale. Ryva n\u00eb vazhdim\u00ebsi poston imazhe nga p\u00ebrditshm\u00ebria e saj, raporton IndeksOnline. K\u00ebng\u00ebtarja dhe aktorja se fundmi ka publikuar nj\u00eb video ku shfaqet nga salloni i ondulimit. E [&hellip;]\" \/>\n<meta property=\"og:url\" content=\"https:\/\/www.press7.tv\/?p=24814\" \/>\n<meta property=\"og:site_name\" content=\"press7.tv\" \/>\n<meta property=\"article:publisher\" content=\"https:\/\/www.facebook.com\/press7.tv\" \/>\n<meta property=\"article:published_time\" content=\"2026-01-31T15:32:48+00:00\" \/>\n<meta property=\"og:image\" content=\"https:\/\/www.press7.tv\/wp-content\/uploads\/2026\/01\/ryva.avif\" \/>\n\t<meta property=\"og:image:width\" content=\"1179\" \/>\n\t<meta property=\"og:image:height\" content=\"861\" \/>\n\t<meta property=\"og:image:type\" content=\"image\/png\" \/>\n<meta name=\"author\" content=\"gazetar2\" \/>\n<meta name=\"twitter:card\" content=\"summary_large_image\" \/>\n<meta name=\"twitter:label1\" content=\"Written by\" \/>\n\t<meta name=\"twitter:data1\" content=\"gazetar2\" \/>\n\t<meta name=\"twitter:label2\" content=\"Est. reading time\" \/>\n\t<meta name=\"twitter:data2\" content=\"1 minute\" \/>\n<script type=\"application\/ld+json\" class=\"yoast-schema-graph\">{\"@context\":\"https:\/\/schema.org\",\"@graph\":[{\"@type\":\"Article\",\"@id\":\"https:\/\/www.press7.tv\/?p=24814#article\",\"isPartOf\":{\"@id\":\"https:\/\/www.press7.tv\/?p=24814\"},\"author\":{\"name\":\"gazetar2\",\"@id\":\"https:\/\/www.news33.tv\/#\/schema\/person\/5a04a38a23ccdba82f9bd665cd8f9efa\"},\"headline\":\"Ryva shfaqet me kaq stil n\u00eb paraqitjen e fundit\",\"datePublished\":\"2026-01-31T15:32:48+00:00\",\"mainEntityOfPage\":{\"@id\":\"https:\/\/www.press7.tv\/?p=24814\"},\"wordCount\":91,\"publisher\":{\"@id\":\"https:\/\/www.news33.tv\/#organization\"},\"image\":{\"@id\":\"https:\/\/www.press7.tv\/?p=24814#primaryimage\"},\"thumbnailUrl\":\"https:\/\/www.press7.tv\/wp-content\/uploads\/2026\/01\/ryva.avif\",\"articleSection\":[\"ShowBiz\"],\"inLanguage\":\"en-US\"},{\"@type\":\"WebPage\",\"@id\":\"https:\/\/www.press7.tv\/?p=24814\",\"url\":\"https:\/\/www.press7.tv\/?p=24814\",\"name\":\"Ryva shfaqet me kaq stil n\u00eb paraqitjen e fundit - press7.tv\",\"isPartOf\":{\"@id\":\"https:\/\/www.news33.tv\/#website\"},\"primaryImageOfPage\":{\"@id\":\"https:\/\/www.press7.tv\/?p=24814#primaryimage\"},\"image\":{\"@id\":\"https:\/\/www.press7.tv\/?p=24814#primaryimage\"},\"thumbnailUrl\":\"https:\/\/www.press7.tv\/wp-content\/uploads\/2026\/01\/ryva.avif\",\"datePublished\":\"2026-01-31T15:32:48+00:00\",\"breadcrumb\":{\"@id\":\"https:\/\/www.press7.tv\/?p=24814#breadcrumb\"},\"inLanguage\":\"en-US\",\"potentialAction\":[{\"@type\":\"ReadAction\",\"target\":[\"https:\/\/www.press7.tv\/?p=24814\"]}]},{\"@type\":\"ImageObject\",\"inLanguage\":\"en-US\",\"@id\":\"https:\/\/www.press7.tv\/?p=24814#primaryimage\",\"url\":\"https:\/\/www.press7.tv\/wp-content\/uploads\/2026\/01\/ryva.avif\",\"contentUrl\":\"https:\/\/www.press7.tv\/wp-content\/uploads\/2026\/01\/ryva.avif\",\"width\":1179,\"height\":861},{\"@type\":\"BreadcrumbList\",\"@id\":\"https:\/\/www.press7.tv\/?p=24814#breadcrumb\",\"itemListElement\":[{\"@type\":\"ListItem\",\"position\":1,\"name\":\"Home\",\"item\":\"https:\/\/www.press7.tv\/\"},{\"@type\":\"ListItem\",\"position\":2,\"name\":\"Ryva shfaqet me kaq stil n\u00eb paraqitjen e fundit\"}]},{\"@type\":\"WebSite\",\"@id\":\"https:\/\/www.news33.tv\/#website\",\"url\":\"https:\/\/www.news33.tv\/\",\"name\":\"News33.tv Media\",\"description\":\"Media\",\"publisher\":{\"@id\":\"https:\/\/www.news33.tv\/#organization\"},\"potentialAction\":[{\"@type\":\"SearchAction\",\"target\":{\"@type\":\"EntryPoint\",\"urlTemplate\":\"https:\/\/www.news33.tv\/?s={search_term_string}\"},\"query-input\":{\"@type\":\"PropertyValueSpecification\",\"valueRequired\":true,\"valueName\":\"search_term_string\"}}],\"inLanguage\":\"en-US\"},{\"@type\":\"Organization\",\"@id\":\"https:\/\/www.news33.tv\/#organization\",\"name\":\"News33.tv Media\",\"url\":\"https:\/\/www.news33.tv\/\",\"logo\":{\"@type\":\"ImageObject\",\"inLanguage\":\"en-US\",\"@id\":\"https:\/\/www.news33.tv\/#\/schema\/logo\/image\/\",\"url\":\"https:\/\/www.press7.tv\/wp-content\/uploads\/2024\/02\/logo-news33-black.png\",\"contentUrl\":\"https:\/\/www.press7.tv\/wp-content\/uploads\/2024\/02\/logo-news33-black.png\",\"width\":180,\"height\":37,\"caption\":\"News33.tv Media\"},\"image\":{\"@id\":\"https:\/\/www.news33.tv\/#\/schema\/logo\/image\/\"},\"sameAs\":[\"https:\/\/www.facebook.com\/press7.tv\"]},{\"@type\":\"Person\",\"@id\":\"https:\/\/www.news33.tv\/#\/schema\/person\/5a04a38a23ccdba82f9bd665cd8f9efa\",\"name\":\"gazetar2\",\"image\":{\"@type\":\"ImageObject\",\"inLanguage\":\"en-US\",\"@id\":\"https:\/\/www.news33.tv\/#\/schema\/person\/image\/\",\"url\":\"https:\/\/www.press7.tv\/wp-content\/litespeed\/avatar\/41975e402c3049d9ddb03adca8f7a883.jpg?ver=1777169572\",\"contentUrl\":\"https:\/\/www.press7.tv\/wp-content\/litespeed\/avatar\/41975e402c3049d9ddb03adca8f7a883.jpg?ver=1777169572\",\"caption\":\"gazetar2\"},\"url\":\"https:\/\/www.press7.tv\/?author=8\"}]}<\/script>\n<!-- \/ Yoast SEO plugin. -->","yoast_head_json":{"title":"Ryva shfaqet me kaq stil n\u00eb paraqitjen e fundit - press7.tv","robots":{"index":"index","follow":"follow","max-snippet":"max-snippet:-1","max-image-preview":"max-image-preview:large","max-video-preview":"max-video-preview:-1"},"canonical":"https:\/\/www.press7.tv\/?p=24814","og_locale":"en_US","og_type":"article","og_title":"Ryva shfaqet me kaq stil n\u00eb paraqitjen e fundit - press7.tv","og_description":"K\u00ebng\u00ebtarja dhe aktorja, Ryva Kajtazi \u00ebsht\u00eb nj\u00eb nga emrat me t\u00eb p\u00ebrfolur t\u00eb sho\u00eb bizit shqiptar. Krahas muzik\u00ebs dhe aktrimit, Ryva shfaqet shum\u00eb aktive edhe n\u00eb rrjetet sociale. Ryva n\u00eb vazhdim\u00ebsi poston imazhe nga p\u00ebrditshm\u00ebria e saj, raporton IndeksOnline. K\u00ebng\u00ebtarja dhe aktorja se fundmi ka publikuar nj\u00eb video ku shfaqet nga salloni i ondulimit. E [&hellip;]","og_url":"https:\/\/www.press7.tv\/?p=24814","og_site_name":"press7.tv","article_publisher":"https:\/\/www.facebook.com\/press7.tv","article_published_time":"2026-01-31T15:32:48+00:00","og_image":[{"width":1179,"height":861,"url":"https:\/\/www.press7.tv\/wp-content\/uploads\/2026\/01\/ryva.avif","type":"image\/png"}],"author":"gazetar2","twitter_card":"summary_large_image","twitter_misc":{"Written by":"gazetar2","Est. reading time":"1 minute"},"schema":{"@context":"https:\/\/schema.org","@graph":[{"@type":"Article","@id":"https:\/\/www.press7.tv\/?p=24814#article","isPartOf":{"@id":"https:\/\/www.press7.tv\/?p=24814"},"author":{"name":"gazetar2","@id":"https:\/\/www.news33.tv\/#\/schema\/person\/5a04a38a23ccdba82f9bd665cd8f9efa"},"headline":"Ryva shfaqet me kaq stil n\u00eb paraqitjen e fundit","datePublished":"2026-01-31T15:32:48+00:00","mainEntityOfPage":{"@id":"https:\/\/www.press7.tv\/?p=24814"},"wordCount":91,"publisher":{"@id":"https:\/\/www.news33.tv\/#organization"},"image":{"@id":"https:\/\/www.press7.tv\/?p=24814#primaryimage"},"thumbnailUrl":"https:\/\/www.press7.tv\/wp-content\/uploads\/2026\/01\/ryva.avif","articleSection":["ShowBiz"],"inLanguage":"en-US"},{"@type":"WebPage","@id":"https:\/\/www.press7.tv\/?p=24814","url":"https:\/\/www.press7.tv\/?p=24814","name":"Ryva shfaqet me kaq stil n\u00eb paraqitjen e fundit - press7.tv","isPartOf":{"@id":"https:\/\/www.news33.tv\/#website"},"primaryImageOfPage":{"@id":"https:\/\/www.press7.tv\/?p=24814#primaryimage"},"image":{"@id":"https:\/\/www.press7.tv\/?p=24814#primaryimage"},"thumbnailUrl":"https:\/\/www.press7.tv\/wp-content\/uploads\/2026\/01\/ryva.avif","datePublished":"2026-01-31T15:32:48+00:00","breadcrumb":{"@id":"https:\/\/www.press7.tv\/?p=24814#breadcrumb"},"inLanguage":"en-US","potentialAction":[{"@type":"ReadAction","target":["https:\/\/www.press7.tv\/?p=24814"]}]},{"@type":"ImageObject","inLanguage":"en-US","@id":"https:\/\/www.press7.tv\/?p=24814#primaryimage","url":"https:\/\/www.press7.tv\/wp-content\/uploads\/2026\/01\/ryva.avif","contentUrl":"https:\/\/www.press7.tv\/wp-content\/uploads\/2026\/01\/ryva.avif","width":1179,"height":861},{"@type":"BreadcrumbList","@id":"https:\/\/www.press7.tv\/?p=24814#breadcrumb","itemListElement":[{"@type":"ListItem","position":1,"name":"Home","item":"https:\/\/www.press7.tv\/"},{"@type":"ListItem","position":2,"name":"Ryva shfaqet me kaq stil n\u00eb paraqitjen e fundit"}]},{"@type":"WebSite","@id":"https:\/\/www.news33.tv\/#website","url":"https:\/\/www.news33.tv\/","name":"News33.tv Media","description":"Media","publisher":{"@id":"https:\/\/www.news33.tv\/#organization"},"potentialAction":[{"@type":"SearchAction","target":{"@type":"EntryPoint","urlTemplate":"https:\/\/www.news33.tv\/?s={search_term_string}"},"query-input":{"@type":"PropertyValueSpecification","valueRequired":true,"valueName":"search_term_string"}}],"inLanguage":"en-US"},{"@type":"Organization","@id":"https:\/\/www.news33.tv\/#organization","name":"News33.tv Media","url":"https:\/\/www.news33.tv\/","logo":{"@type":"ImageObject","inLanguage":"en-US","@id":"https:\/\/www.news33.tv\/#\/schema\/logo\/image\/","url":"https:\/\/www.press7.tv\/wp-content\/uploads\/2024\/02\/logo-news33-black.png","contentUrl":"https:\/\/www.press7.tv\/wp-content\/uploads\/2024\/02\/logo-news33-black.png","width":180,"height":37,"caption":"News33.tv Media"},"image":{"@id":"https:\/\/www.news33.tv\/#\/schema\/logo\/image\/"},"sameAs":["https:\/\/www.facebook.com\/press7.tv"]},{"@type":"Person","@id":"https:\/\/www.news33.tv\/#\/schema\/person\/5a04a38a23ccdba82f9bd665cd8f9efa","name":"gazetar2","image":{"@type":"ImageObject","inLanguage":"en-US","@id":"https:\/\/www.news33.tv\/#\/schema\/person\/image\/","url":"https:\/\/www.press7.tv\/wp-content\/litespeed\/avatar\/41975e402c3049d9ddb03adca8f7a883.jpg?ver=1777169572","contentUrl":"https:\/\/www.press7.tv\/wp-content\/litespeed\/avatar\/41975e402c3049d9ddb03adca8f7a883.jpg?ver=1777169572","caption":"gazetar2"},"url":"https:\/\/www.press7.tv\/?author=8"}]}},"amp_enabled":true,"_links":{"self":[{"href":"https:\/\/www.press7.tv\/index.php?rest_route=\/wp\/v2\/posts\/24814","targetHints":{"allow":["GET"]}}],"collection":[{"href":"https:\/\/www.press7.tv\/index.php?rest_route=\/wp\/v2\/posts"}],"about":[{"href":"https:\/\/www.press7.tv\/index.php?rest_route=\/wp\/v2\/types\/post"}],"author":[{"embeddable":true,"href":"https:\/\/www.press7.tv\/index.php?rest_route=\/wp\/v2\/users\/8"}],"replies":[{"embeddable":true,"href":"https:\/\/www.press7.tv\/index.php?rest_route=%2Fwp%2Fv2%2Fcomments&post=24814"}],"version-history":[{"count":1,"href":"https:\/\/www.press7.tv\/index.php?rest_route=\/wp\/v2\/posts\/24814\/revisions"}],"predecessor-version":[{"id":24816,"href":"https:\/\/www.press7.tv\/index.php?rest_route=\/wp\/v2\/posts\/24814\/revisions\/24816"}],"wp:featuredmedia":[{"embeddable":true,"href":"https:\/\/www.press7.tv\/index.php?rest_route=\/wp\/v2\/media\/24815"}],"wp:attachment":[{"href":"https:\/\/www.press7.tv\/index.php?rest_route=%2Fwp%2Fv2%2Fmedia&parent=24814"}],"wp:term":[{"taxonomy":"category","embeddable":true,"href":"https:\/\/www.press7.tv\/index.php?rest_route=%2Fwp%2Fv2%2Fcategories&post=24814"},{"taxonomy":"post_tag","embeddable":true,"href":"https:\/\/www.press7.tv\/index.php?rest_route=%2Fwp%2Fv2%2Ftags&post=24814"}],"curies":[{"name":"wp","href":"https:\/\/api.w.org\/{rel}","templated":true}]}}