{"id":24811,"date":"2026-01-31T14:05:54","date_gmt":"2026-01-31T14:05:54","guid":{"rendered":"https:\/\/www.press7.tv\/?p=24811"},"modified":"2026-01-31T14:05:54","modified_gmt":"2026-01-31T14:05:54","slug":"paraburgim-edhe-per-pese-te-dyshuar-per-manipulimet-me-vota-ne-prizren","status":"publish","type":"post","link":"https:\/\/www.press7.tv\/?p=24811","title":{"rendered":"Paraburgim edhe p\u00ebr pes\u00eb t\u00eb dyshuar p\u00ebr manipulimet me vota n\u00eb Prizren"},"content":{"rendered":"\n    <div class=\"xs_social_share_widget xs_share_url before_content \t\tmain_content  wslu-style-2 wslu-share-box-shaped wslu-fill-colored wslu-share-m-5 wslu-none wslu-share-vertical wslu-theme-font-no wslu-main_content\">\n\n\t\t\n        <ul>\n\t\t\t        <\/ul>\n    <\/div> \n<p style=\"font-weight: 400;\">Gjykata Themelore n\u00eb Prizren t\u00eb premten ka caktuar nga nj\u00eb muaj paraburgim edhe p\u00ebr pes\u00eb t\u00eb dyshuar p\u00ebr manipulimet me vota n\u00eb k\u00ebt\u00eb komun\u00eb gjat\u00eb zgjedhjeve t\u00eb 28 dhjetorit.<\/p>\n<p style=\"font-weight: 400;\">Sipas njoftimit, A.Sh., I.B., B.S., dhe H.P., u \u00ebsht\u00eb caktuar masa e paraburgimit n\u00ebn dyshimin se secili ve\u00e7 e ve\u00e7 ka kryer vepr\u00ebn penale \u201cfalsifikim i rezultatit\u201d.<\/p>\n<p style=\"font-weight: 400;\">Nd\u00ebrkoh\u00eb, N.B. dyshohet se ka kryer vepr\u00ebn penale \u201ckeqp\u00ebrdorim i pozit\u00ebs apo autoritetit zyrtar\u201d (moskryerja me dashje e ndonj\u00eb detyre t\u00eb domosdoshme t\u00eb p\u00ebrcaktuar me ligj).<\/p>\n<p style=\"font-weight: 400;\">Masa e paraburgimit mund t\u00eb zgjas\u00eb deri m\u00eb 28 shkurt, ka th\u00ebn\u00eb Gjykata.<\/p>\n<p>&nbsp;<\/p>\n<p>P\u00ebr manipulimet me vota n\u00eb Prizren, aktualisht n\u00eb paraburgim jan\u00eb edhe 23 t\u00eb tjer\u00eb t\u00eb dyshuar.<\/p>\n","protected":false},"excerpt":{"rendered":"<p>Gjykata Themelore n\u00eb Prizren t\u00eb premten ka caktuar nga nj\u00eb muaj paraburgim edhe p\u00ebr pes\u00eb t\u00eb dyshuar p\u00ebr manipulimet me vota n\u00eb k\u00ebt\u00eb komun\u00eb gjat\u00eb zgjedhjeve t\u00eb 28 dhjetorit. Sipas njoftimit, A.Sh., I.B., B.S., dhe H.P., u \u00ebsht\u00eb caktuar masa e paraburgimit n\u00ebn dyshimin se secili ve\u00e7 e ve\u00e7 ka kryer vepr\u00ebn penale \u201cfalsifikim i [&hellip;]<\/p>\n","protected":false},"author":8,"featured_media":24812,"comment_status":"closed","ping_status":"closed","sticky":false,"template":"","format":"standard","meta":{"footnotes":""},"categories":[215,213],"tags":[],"class_list":["post-24811","post","type-post","status-publish","format-standard","has-post-thumbnail","hentry","category-kosove","category-lajme"],"yoast_head":"<!-- This site is optimized with the Yoast SEO plugin v25.1 - https:\/\/yoast.com\/wordpress\/plugins\/seo\/ -->\n<title>Paraburgim edhe p\u00ebr pes\u00eb t\u00eb dyshuar p\u00ebr manipulimet me vota n\u00eb Prizren - press7.tv<\/title>\n<meta name=\"robots\" content=\"index, follow, max-snippet:-1, max-image-preview:large, max-video-preview:-1\" \/>\n<link rel=\"canonical\" href=\"https:\/\/www.press7.tv\/?p=24811\" \/>\n<meta property=\"og:locale\" content=\"en_US\" \/>\n<meta property=\"og:type\" content=\"article\" \/>\n<meta property=\"og:title\" content=\"Paraburgim edhe p\u00ebr pes\u00eb t\u00eb dyshuar p\u00ebr manipulimet me vota n\u00eb Prizren - press7.tv\" \/>\n<meta property=\"og:description\" content=\"Gjykata Themelore n\u00eb Prizren t\u00eb premten ka caktuar nga nj\u00eb muaj paraburgim edhe p\u00ebr pes\u00eb t\u00eb dyshuar p\u00ebr manipulimet me vota n\u00eb k\u00ebt\u00eb komun\u00eb gjat\u00eb zgjedhjeve t\u00eb 28 dhjetorit. Sipas njoftimit, A.Sh., I.B., B.S., dhe H.P., u \u00ebsht\u00eb caktuar masa e paraburgimit n\u00ebn dyshimin se secili ve\u00e7 e ve\u00e7 ka kryer vepr\u00ebn penale \u201cfalsifikim i [&hellip;]\" \/>\n<meta property=\"og:url\" content=\"https:\/\/www.press7.tv\/?p=24811\" \/>\n<meta property=\"og:site_name\" content=\"press7.tv\" \/>\n<meta property=\"article:publisher\" content=\"https:\/\/www.facebook.com\/press7.tv\" \/>\n<meta property=\"article:published_time\" content=\"2026-01-31T14:05:54+00:00\" \/>\n<meta property=\"og:image\" content=\"https:\/\/www.press7.tv\/wp-content\/uploads\/2026\/01\/54bed8a7-07f6-4e33-ab93-4efb2dae6d7f.avif\" \/>\n\t<meta property=\"og:image:width\" content=\"680\" \/>\n\t<meta property=\"og:image:height\" content=\"434\" \/>\n\t<meta property=\"og:image:type\" content=\"image\/webp\" \/>\n<meta name=\"author\" content=\"gazetar2\" \/>\n<meta name=\"twitter:card\" content=\"summary_large_image\" \/>\n<meta name=\"twitter:label1\" content=\"Written by\" \/>\n\t<meta name=\"twitter:data1\" content=\"gazetar2\" \/>\n\t<meta name=\"twitter:label2\" content=\"Est. reading time\" \/>\n\t<meta name=\"twitter:data2\" content=\"1 minute\" \/>\n<script type=\"application\/ld+json\" class=\"yoast-schema-graph\">{\"@context\":\"https:\/\/schema.org\",\"@graph\":[{\"@type\":\"Article\",\"@id\":\"https:\/\/www.press7.tv\/?p=24811#article\",\"isPartOf\":{\"@id\":\"https:\/\/www.press7.tv\/?p=24811\"},\"author\":{\"name\":\"gazetar2\",\"@id\":\"https:\/\/www.news33.tv\/#\/schema\/person\/5a04a38a23ccdba82f9bd665cd8f9efa\"},\"headline\":\"Paraburgim edhe p\u00ebr pes\u00eb t\u00eb dyshuar p\u00ebr manipulimet me vota n\u00eb Prizren\",\"datePublished\":\"2026-01-31T14:05:54+00:00\",\"mainEntityOfPage\":{\"@id\":\"https:\/\/www.press7.tv\/?p=24811\"},\"wordCount\":140,\"publisher\":{\"@id\":\"https:\/\/www.news33.tv\/#organization\"},\"image\":{\"@id\":\"https:\/\/www.press7.tv\/?p=24811#primaryimage\"},\"thumbnailUrl\":\"https:\/\/www.press7.tv\/wp-content\/uploads\/2026\/01\/54bed8a7-07f6-4e33-ab93-4efb2dae6d7f.avif\",\"articleSection\":[\"Kosov\u00eb\",\"Lajme\"],\"inLanguage\":\"en-US\"},{\"@type\":\"WebPage\",\"@id\":\"https:\/\/www.press7.tv\/?p=24811\",\"url\":\"https:\/\/www.press7.tv\/?p=24811\",\"name\":\"Paraburgim edhe p\u00ebr pes\u00eb t\u00eb dyshuar p\u00ebr manipulimet me vota n\u00eb Prizren - press7.tv\",\"isPartOf\":{\"@id\":\"https:\/\/www.news33.tv\/#website\"},\"primaryImageOfPage\":{\"@id\":\"https:\/\/www.press7.tv\/?p=24811#primaryimage\"},\"image\":{\"@id\":\"https:\/\/www.press7.tv\/?p=24811#primaryimage\"},\"thumbnailUrl\":\"https:\/\/www.press7.tv\/wp-content\/uploads\/2026\/01\/54bed8a7-07f6-4e33-ab93-4efb2dae6d7f.avif\",\"datePublished\":\"2026-01-31T14:05:54+00:00\",\"breadcrumb\":{\"@id\":\"https:\/\/www.press7.tv\/?p=24811#breadcrumb\"},\"inLanguage\":\"en-US\",\"potentialAction\":[{\"@type\":\"ReadAction\",\"target\":[\"https:\/\/www.press7.tv\/?p=24811\"]}]},{\"@type\":\"ImageObject\",\"inLanguage\":\"en-US\",\"@id\":\"https:\/\/www.press7.tv\/?p=24811#primaryimage\",\"url\":\"https:\/\/www.press7.tv\/wp-content\/uploads\/2026\/01\/54bed8a7-07f6-4e33-ab93-4efb2dae6d7f.avif\",\"contentUrl\":\"https:\/\/www.press7.tv\/wp-content\/uploads\/2026\/01\/54bed8a7-07f6-4e33-ab93-4efb2dae6d7f.avif\",\"width\":680,\"height\":434},{\"@type\":\"BreadcrumbList\",\"@id\":\"https:\/\/www.press7.tv\/?p=24811#breadcrumb\",\"itemListElement\":[{\"@type\":\"ListItem\",\"position\":1,\"name\":\"Home\",\"item\":\"https:\/\/www.press7.tv\/\"},{\"@type\":\"ListItem\",\"position\":2,\"name\":\"Paraburgim edhe p\u00ebr pes\u00eb t\u00eb dyshuar p\u00ebr manipulimet me vota n\u00eb Prizren\"}]},{\"@type\":\"WebSite\",\"@id\":\"https:\/\/www.news33.tv\/#website\",\"url\":\"https:\/\/www.news33.tv\/\",\"name\":\"News33.tv Media\",\"description\":\"Media\",\"publisher\":{\"@id\":\"https:\/\/www.news33.tv\/#organization\"},\"potentialAction\":[{\"@type\":\"SearchAction\",\"target\":{\"@type\":\"EntryPoint\",\"urlTemplate\":\"https:\/\/www.news33.tv\/?s={search_term_string}\"},\"query-input\":{\"@type\":\"PropertyValueSpecification\",\"valueRequired\":true,\"valueName\":\"search_term_string\"}}],\"inLanguage\":\"en-US\"},{\"@type\":\"Organization\",\"@id\":\"https:\/\/www.news33.tv\/#organization\",\"name\":\"News33.tv Media\",\"url\":\"https:\/\/www.news33.tv\/\",\"logo\":{\"@type\":\"ImageObject\",\"inLanguage\":\"en-US\",\"@id\":\"https:\/\/www.news33.tv\/#\/schema\/logo\/image\/\",\"url\":\"https:\/\/www.press7.tv\/wp-content\/uploads\/2024\/02\/logo-news33-black.png\",\"contentUrl\":\"https:\/\/www.press7.tv\/wp-content\/uploads\/2024\/02\/logo-news33-black.png\",\"width\":180,\"height\":37,\"caption\":\"News33.tv Media\"},\"image\":{\"@id\":\"https:\/\/www.news33.tv\/#\/schema\/logo\/image\/\"},\"sameAs\":[\"https:\/\/www.facebook.com\/press7.tv\"]},{\"@type\":\"Person\",\"@id\":\"https:\/\/www.news33.tv\/#\/schema\/person\/5a04a38a23ccdba82f9bd665cd8f9efa\",\"name\":\"gazetar2\",\"image\":{\"@type\":\"ImageObject\",\"inLanguage\":\"en-US\",\"@id\":\"https:\/\/www.news33.tv\/#\/schema\/person\/image\/\",\"url\":\"https:\/\/www.press7.tv\/wp-content\/litespeed\/avatar\/41975e402c3049d9ddb03adca8f7a883.jpg?ver=1777169572\",\"contentUrl\":\"https:\/\/www.press7.tv\/wp-content\/litespeed\/avatar\/41975e402c3049d9ddb03adca8f7a883.jpg?ver=1777169572\",\"caption\":\"gazetar2\"},\"url\":\"https:\/\/www.press7.tv\/?author=8\"}]}<\/script>\n<!-- \/ Yoast SEO plugin. -->","yoast_head_json":{"title":"Paraburgim edhe p\u00ebr pes\u00eb t\u00eb dyshuar p\u00ebr manipulimet me vota n\u00eb Prizren - press7.tv","robots":{"index":"index","follow":"follow","max-snippet":"max-snippet:-1","max-image-preview":"max-image-preview:large","max-video-preview":"max-video-preview:-1"},"canonical":"https:\/\/www.press7.tv\/?p=24811","og_locale":"en_US","og_type":"article","og_title":"Paraburgim edhe p\u00ebr pes\u00eb t\u00eb dyshuar p\u00ebr manipulimet me vota n\u00eb Prizren - press7.tv","og_description":"Gjykata Themelore n\u00eb Prizren t\u00eb premten ka caktuar nga nj\u00eb muaj paraburgim edhe p\u00ebr pes\u00eb t\u00eb dyshuar p\u00ebr manipulimet me vota n\u00eb k\u00ebt\u00eb komun\u00eb gjat\u00eb zgjedhjeve t\u00eb 28 dhjetorit. Sipas njoftimit, A.Sh., I.B., B.S., dhe H.P., u \u00ebsht\u00eb caktuar masa e paraburgimit n\u00ebn dyshimin se secili ve\u00e7 e ve\u00e7 ka kryer vepr\u00ebn penale \u201cfalsifikim i [&hellip;]","og_url":"https:\/\/www.press7.tv\/?p=24811","og_site_name":"press7.tv","article_publisher":"https:\/\/www.facebook.com\/press7.tv","article_published_time":"2026-01-31T14:05:54+00:00","og_image":[{"width":680,"height":434,"url":"https:\/\/www.press7.tv\/wp-content\/uploads\/2026\/01\/54bed8a7-07f6-4e33-ab93-4efb2dae6d7f.avif","type":"image\/webp"}],"author":"gazetar2","twitter_card":"summary_large_image","twitter_misc":{"Written by":"gazetar2","Est. reading time":"1 minute"},"schema":{"@context":"https:\/\/schema.org","@graph":[{"@type":"Article","@id":"https:\/\/www.press7.tv\/?p=24811#article","isPartOf":{"@id":"https:\/\/www.press7.tv\/?p=24811"},"author":{"name":"gazetar2","@id":"https:\/\/www.news33.tv\/#\/schema\/person\/5a04a38a23ccdba82f9bd665cd8f9efa"},"headline":"Paraburgim edhe p\u00ebr pes\u00eb t\u00eb dyshuar p\u00ebr manipulimet me vota n\u00eb Prizren","datePublished":"2026-01-31T14:05:54+00:00","mainEntityOfPage":{"@id":"https:\/\/www.press7.tv\/?p=24811"},"wordCount":140,"publisher":{"@id":"https:\/\/www.news33.tv\/#organization"},"image":{"@id":"https:\/\/www.press7.tv\/?p=24811#primaryimage"},"thumbnailUrl":"https:\/\/www.press7.tv\/wp-content\/uploads\/2026\/01\/54bed8a7-07f6-4e33-ab93-4efb2dae6d7f.avif","articleSection":["Kosov\u00eb","Lajme"],"inLanguage":"en-US"},{"@type":"WebPage","@id":"https:\/\/www.press7.tv\/?p=24811","url":"https:\/\/www.press7.tv\/?p=24811","name":"Paraburgim edhe p\u00ebr pes\u00eb t\u00eb dyshuar p\u00ebr manipulimet me vota n\u00eb Prizren - press7.tv","isPartOf":{"@id":"https:\/\/www.news33.tv\/#website"},"primaryImageOfPage":{"@id":"https:\/\/www.press7.tv\/?p=24811#primaryimage"},"image":{"@id":"https:\/\/www.press7.tv\/?p=24811#primaryimage"},"thumbnailUrl":"https:\/\/www.press7.tv\/wp-content\/uploads\/2026\/01\/54bed8a7-07f6-4e33-ab93-4efb2dae6d7f.avif","datePublished":"2026-01-31T14:05:54+00:00","breadcrumb":{"@id":"https:\/\/www.press7.tv\/?p=24811#breadcrumb"},"inLanguage":"en-US","potentialAction":[{"@type":"ReadAction","target":["https:\/\/www.press7.tv\/?p=24811"]}]},{"@type":"ImageObject","inLanguage":"en-US","@id":"https:\/\/www.press7.tv\/?p=24811#primaryimage","url":"https:\/\/www.press7.tv\/wp-content\/uploads\/2026\/01\/54bed8a7-07f6-4e33-ab93-4efb2dae6d7f.avif","contentUrl":"https:\/\/www.press7.tv\/wp-content\/uploads\/2026\/01\/54bed8a7-07f6-4e33-ab93-4efb2dae6d7f.avif","width":680,"height":434},{"@type":"BreadcrumbList","@id":"https:\/\/www.press7.tv\/?p=24811#breadcrumb","itemListElement":[{"@type":"ListItem","position":1,"name":"Home","item":"https:\/\/www.press7.tv\/"},{"@type":"ListItem","position":2,"name":"Paraburgim edhe p\u00ebr pes\u00eb t\u00eb dyshuar p\u00ebr manipulimet me vota n\u00eb Prizren"}]},{"@type":"WebSite","@id":"https:\/\/www.news33.tv\/#website","url":"https:\/\/www.news33.tv\/","name":"News33.tv Media","description":"Media","publisher":{"@id":"https:\/\/www.news33.tv\/#organization"},"potentialAction":[{"@type":"SearchAction","target":{"@type":"EntryPoint","urlTemplate":"https:\/\/www.news33.tv\/?s={search_term_string}"},"query-input":{"@type":"PropertyValueSpecification","valueRequired":true,"valueName":"search_term_string"}}],"inLanguage":"en-US"},{"@type":"Organization","@id":"https:\/\/www.news33.tv\/#organization","name":"News33.tv Media","url":"https:\/\/www.news33.tv\/","logo":{"@type":"ImageObject","inLanguage":"en-US","@id":"https:\/\/www.news33.tv\/#\/schema\/logo\/image\/","url":"https:\/\/www.press7.tv\/wp-content\/uploads\/2024\/02\/logo-news33-black.png","contentUrl":"https:\/\/www.press7.tv\/wp-content\/uploads\/2024\/02\/logo-news33-black.png","width":180,"height":37,"caption":"News33.tv Media"},"image":{"@id":"https:\/\/www.news33.tv\/#\/schema\/logo\/image\/"},"sameAs":["https:\/\/www.facebook.com\/press7.tv"]},{"@type":"Person","@id":"https:\/\/www.news33.tv\/#\/schema\/person\/5a04a38a23ccdba82f9bd665cd8f9efa","name":"gazetar2","image":{"@type":"ImageObject","inLanguage":"en-US","@id":"https:\/\/www.news33.tv\/#\/schema\/person\/image\/","url":"https:\/\/www.press7.tv\/wp-content\/litespeed\/avatar\/41975e402c3049d9ddb03adca8f7a883.jpg?ver=1777169572","contentUrl":"https:\/\/www.press7.tv\/wp-content\/litespeed\/avatar\/41975e402c3049d9ddb03adca8f7a883.jpg?ver=1777169572","caption":"gazetar2"},"url":"https:\/\/www.press7.tv\/?author=8"}]}},"amp_enabled":true,"_links":{"self":[{"href":"https:\/\/www.press7.tv\/index.php?rest_route=\/wp\/v2\/posts\/24811","targetHints":{"allow":["GET"]}}],"collection":[{"href":"https:\/\/www.press7.tv\/index.php?rest_route=\/wp\/v2\/posts"}],"about":[{"href":"https:\/\/www.press7.tv\/index.php?rest_route=\/wp\/v2\/types\/post"}],"author":[{"embeddable":true,"href":"https:\/\/www.press7.tv\/index.php?rest_route=\/wp\/v2\/users\/8"}],"replies":[{"embeddable":true,"href":"https:\/\/www.press7.tv\/index.php?rest_route=%2Fwp%2Fv2%2Fcomments&post=24811"}],"version-history":[{"count":1,"href":"https:\/\/www.press7.tv\/index.php?rest_route=\/wp\/v2\/posts\/24811\/revisions"}],"predecessor-version":[{"id":24813,"href":"https:\/\/www.press7.tv\/index.php?rest_route=\/wp\/v2\/posts\/24811\/revisions\/24813"}],"wp:featuredmedia":[{"embeddable":true,"href":"https:\/\/www.press7.tv\/index.php?rest_route=\/wp\/v2\/media\/24812"}],"wp:attachment":[{"href":"https:\/\/www.press7.tv\/index.php?rest_route=%2Fwp%2Fv2%2Fmedia&parent=24811"}],"wp:term":[{"taxonomy":"category","embeddable":true,"href":"https:\/\/www.press7.tv\/index.php?rest_route=%2Fwp%2Fv2%2Fcategories&post=24811"},{"taxonomy":"post_tag","embeddable":true,"href":"https:\/\/www.press7.tv\/index.php?rest_route=%2Fwp%2Fv2%2Ftags&post=24811"}],"curies":[{"name":"wp","href":"https:\/\/api.w.org\/{rel}","templated":true}]}}