{"id":24808,"date":"2026-01-31T13:58:19","date_gmt":"2026-01-31T13:58:19","guid":{"rendered":"https:\/\/www.press7.tv\/?p=24808"},"modified":"2026-01-31T13:58:19","modified_gmt":"2026-01-31T13:58:19","slug":"kurti-nuk-ia-garanton-osmanit-mbeshtetjen-per-mandatin-e-dyte","status":"publish","type":"post","link":"https:\/\/www.press7.tv\/?p=24808","title":{"rendered":"Kurti nuk ia garanton Osmanit mb\u00ebshtetjen p\u00ebr mandatin e dyt\u00eb"},"content":{"rendered":"\n    <div class=\"xs_social_share_widget xs_share_url before_content \t\tmain_content  wslu-style-2 wslu-share-box-shaped wslu-fill-colored wslu-share-m-5 wslu-none wslu-share-vertical wslu-theme-font-no wslu-main_content\">\n\n\t\t\n        <ul>\n\t\t\t        <\/ul>\n    <\/div> \n<h2>Presidentja Vjosa Osmani nuk e ka t\u00eb sigurt mb\u00ebshtetjen nga L\u00ebvizja Vet\u00ebvendosje p\u00ebr mandatin e dyt\u00eb. Kryeministri n\u00eb detyr\u00eb, Albin Kurti, i cili udh\u00ebheq k\u00ebt\u00eb parti, tha se synon t\u00eb bashk\u00ebpunoj\u00eb me opozit\u00ebn, qoft\u00eb p\u00ebr rizgjedhjen e Osmanit apo edhe p\u00ebr zgjedhjen e nj\u00eb presidenti t\u00eb ri.<\/h2>\n<div class=\"instream-video\">\n<div data-id=\"2kQm8Ze4251g\">\n<div class=\"orp-player-wrapper orp-aspectRateFixed orp-player-ipm orp-player-ipm-hidden orp-force-hide-player\"><\/div>\n<\/div>\n<\/div>\n<p>Kryeministri n\u00eb detyr\u00eb, Albin Kurti, e deklaroi hapur mund\u00ebsin\u00eb p\u00ebr mb\u00ebshtetjen e nj\u00eb kandidature tjet\u00ebr p\u00ebr president, pavar\u00ebsisht se Vjosa Osmani e synon mandatin e dyt\u00eb.<\/p>\n<p>Ai udh\u00ebheq partin\u00eb q\u00eb ka siguruar 57 ul\u00ebse n\u00eb Kuvendin q\u00eb ka 120 an\u00ebtar\u00eb dhe tha se tema e presidentit do t\u00eb tregoj\u00eb n\u00ebse ka atmosfer\u00eb p\u00ebr nj\u00eb raport t\u00eb ri qeveri-opozit\u00eb.<\/p>\n<p>\u201cP\u00ebr formimin e qeveris\u00eb nuk do t\u00eb kemi asnj\u00eb problem, por p\u00ebr dy t\u00eb tretat e votave kur nevojiten n\u00eb Kuvend, prej marr\u00ebveshjeve nd\u00ebrkomb\u00ebtare e deri te rizgjedhja e presidentes apo zgjedhja e presidentit, ne kemi nevoj\u00eb p\u00ebr bashk\u00ebpunim me opozit\u00ebn. Por, nga ana jon\u00eb gatishm\u00ebria dhe interesimi ekziston. N\u00eb muajin shkurt do ta shohim se a ka gatishm\u00ebri e interesim edhe nga opozita\u201d, tha Kurtin t\u00eb premten.<\/p>\n<p>&nbsp;<\/p>\n<p>&nbsp;<\/p>\n<p>Rinum\u00ebrimi i t\u00ebr\u00ebsish\u00ebm i votave ka shtyr\u00eb procesin e certifikimit t\u00eb rezultatit t\u00eb zgjedhjeve t\u00eb parakohshme, pas t\u00eb cilit proces nis rrjedhja e afateve p\u00ebr konstituimin e institucioneve t\u00eb reja.<\/p>\n<p>Kurti nuk e ka p\u00ebrjashtuar m\u00eb par\u00eb mund\u00ebsin\u00eb edhe t\u00eb zgjedhjeve t\u00eb tjera, n\u00eb rast se nuk ka marr\u00ebveshje me opozit\u00ebn p\u00ebr presidentin.<\/p>\n<p>Ai tha se komunikon me Osmanin dhe se para se zgjedhja e presidentit t\u00eb vij\u00eb n\u00eb rend dite, ka edhe \u00e7\u00ebshtje t\u00eb tjera q\u00eb k\u00ebrkojn\u00eb mb\u00ebshtetjen e opozit\u00ebs.<\/p>\n<p>&nbsp;<\/p>\n<p>\u201cTakimit me presidenten, padyshim q\u00eb ne jemi n\u00eb komunikim, edhe jemi takuar, por ta keni parasysh q\u00eb ai do t\u00eb jet\u00eb hapi i kat\u00ebrt. Ne pas certifikimit t\u00eb rezultatit t\u00eb zgjedhjeve dhe trajtimit t\u00eb gjitha ankesave t\u00eb mundshme, kemi nevoj\u00eb p\u00ebr tre hapa paraprak. I pari \u00ebsht\u00eb konstituimi i Kuvendit, i cili n\u00ebnkupton zgjedhjen e kryetares apo kryetarit dhe t\u00eb pes\u00eb n\u00ebnkryetar\u00ebve. Pastaj \u00ebsht\u00eb formimi i qeveris\u00eb dhe na duhet q\u00eb menj\u00ebher\u00eb t\u00eb fillojm\u00eb me vendimet p\u00ebr marr\u00ebveshjet nd\u00ebrkomb\u00ebtare\u201d, tha ai.<\/p>\n<p>E, Kurti ka dh\u00ebn\u00eb sinjale se nuk e ka pasur mb\u00ebshtetjen e tij nj\u00eb veprim n\u00eb marr\u00ebdh\u00ebniet nd\u00ebrkomb\u00ebtare q\u00eb e ka nd\u00ebrmarr\u00eb presidentja Osmani jav\u00ebn e shkuar. Ajo firmosi Kart\u00ebn e Bordit p\u00ebr Paqe t\u00eb iniciuar nga presidenti amerikan, Donald Trump, por ndon\u00ebse ky zhvillim u p\u00ebrsh\u00ebndet nga opozita, ka munguar reagimi nga kryeministri n\u00eb detyr\u00eb.<\/p>\n<p>Shumica e p\u00ebrfaq\u00ebsuesve t\u00eb shteteve an\u00ebtare t\u00eb BE-s\u00eb druajn\u00eb se Bordi p\u00ebr Paqe nuk \u00ebsht\u00eb nism\u00eb q\u00eb synon t\u00eb merret vet\u00ebm me Gaz\u00ebn, por ka q\u00ebllim relativizimin e rolit t\u00eb OKB-s\u00eb.<\/p>\n<p>&nbsp;<\/p>\n<p>E, t\u00eb premten Kurti tha se i mb\u00ebshtet nismat p\u00ebr paqe.<\/p>\n<p>\u201cKudo q\u00eb ka nevoj\u00eb p\u00ebr paqe n\u00eb bot\u00eb, ne d\u00ebshirojm\u00eb q\u00eb t\u00eb kontribuojm\u00eb, sepse kemi qen\u00eb p\u00ebrfitues t\u00eb paqes n\u00eb vendin ton\u00eb n\u00ebp\u00ebrmjet forcave nd\u00ebrkomb\u00ebtare, andaj tash duam q\u00eb t\u00eb marrim pjes\u00eb me forcat tona dhe kapacitetet tona edhe n\u00eb paraqet n\u00eb vende t\u00eb ndryshme t\u00eb bot\u00ebs\u201d, tha Kurti.<\/p>\n<p>Kurti i b\u00ebri komentet, pasi vizitoi Od\u00ebn e Mjek\u00ebve. Aty tha se Qeveria ende nuk e ka arsyetimin e plot\u00eb t\u00eb aktgjykimit t\u00eb Kushtetueses me t\u00eb cilin rr\u00ebzon zgjedhjen n\u00ebnkryetar Kuvendi t\u00eb Nenad Rashiqit dhe shprehu pritjen q\u00eb vendimi i ri t\u00eb mos bjer\u00eb ndesh me aktgjykimet e vitit 2025.<\/p>\n","protected":false},"excerpt":{"rendered":"<p>Presidentja Vjosa Osmani nuk e ka t\u00eb sigurt mb\u00ebshtetjen nga L\u00ebvizja Vet\u00ebvendosje p\u00ebr mandatin e dyt\u00eb. Kryeministri n\u00eb detyr\u00eb, Albin Kurti, i cili udh\u00ebheq k\u00ebt\u00eb parti, tha se synon t\u00eb bashk\u00ebpunoj\u00eb me opozit\u00ebn, qoft\u00eb p\u00ebr rizgjedhjen e Osmanit apo edhe p\u00ebr zgjedhjen e nj\u00eb presidenti t\u00eb ri. Kryeministri n\u00eb detyr\u00eb, Albin Kurti, e deklaroi hapur [&hellip;]<\/p>\n","protected":false},"author":8,"featured_media":24809,"comment_status":"closed","ping_status":"closed","sticky":false,"template":"","format":"standard","meta":{"footnotes":""},"categories":[215,213],"tags":[],"class_list":["post-24808","post","type-post","status-publish","format-standard","has-post-thumbnail","hentry","category-kosove","category-lajme"],"yoast_head":"<!-- This site is optimized with the Yoast SEO plugin v25.1 - https:\/\/yoast.com\/wordpress\/plugins\/seo\/ -->\n<title>Kurti nuk ia garanton Osmanit mb\u00ebshtetjen p\u00ebr mandatin e dyt\u00eb - press7.tv<\/title>\n<meta name=\"robots\" content=\"index, follow, max-snippet:-1, max-image-preview:large, max-video-preview:-1\" \/>\n<link rel=\"canonical\" href=\"https:\/\/www.press7.tv\/?p=24808\" \/>\n<meta property=\"og:locale\" content=\"en_US\" \/>\n<meta property=\"og:type\" content=\"article\" \/>\n<meta property=\"og:title\" content=\"Kurti nuk ia garanton Osmanit mb\u00ebshtetjen p\u00ebr mandatin e dyt\u00eb - press7.tv\" \/>\n<meta property=\"og:description\" content=\"Presidentja Vjosa Osmani nuk e ka t\u00eb sigurt mb\u00ebshtetjen nga L\u00ebvizja Vet\u00ebvendosje p\u00ebr mandatin e dyt\u00eb. Kryeministri n\u00eb detyr\u00eb, Albin Kurti, i cili udh\u00ebheq k\u00ebt\u00eb parti, tha se synon t\u00eb bashk\u00ebpunoj\u00eb me opozit\u00ebn, qoft\u00eb p\u00ebr rizgjedhjen e Osmanit apo edhe p\u00ebr zgjedhjen e nj\u00eb presidenti t\u00eb ri. Kryeministri n\u00eb detyr\u00eb, Albin Kurti, e deklaroi hapur [&hellip;]\" \/>\n<meta property=\"og:url\" content=\"https:\/\/www.press7.tv\/?p=24808\" \/>\n<meta property=\"og:site_name\" content=\"press7.tv\" \/>\n<meta property=\"article:publisher\" content=\"https:\/\/www.facebook.com\/press7.tv\" \/>\n<meta property=\"article:published_time\" content=\"2026-01-31T13:58:19+00:00\" \/>\n<meta property=\"og:image\" content=\"https:\/\/www.press7.tv\/wp-content\/uploads\/2026\/01\/bf1bf418-9c3f-4890-a609-e987242d3361-1.avif\" \/>\n\t<meta property=\"og:image:width\" content=\"860\" \/>\n\t<meta property=\"og:image:height\" content=\"550\" \/>\n\t<meta property=\"og:image:type\" content=\"image\/webp\" \/>\n<meta name=\"author\" content=\"gazetar2\" \/>\n<meta name=\"twitter:card\" content=\"summary_large_image\" \/>\n<meta name=\"twitter:label1\" content=\"Written by\" \/>\n\t<meta name=\"twitter:data1\" content=\"gazetar2\" \/>\n\t<meta name=\"twitter:label2\" content=\"Est. reading time\" \/>\n\t<meta name=\"twitter:data2\" content=\"3 minutes\" \/>\n<script type=\"application\/ld+json\" class=\"yoast-schema-graph\">{\"@context\":\"https:\/\/schema.org\",\"@graph\":[{\"@type\":\"Article\",\"@id\":\"https:\/\/www.press7.tv\/?p=24808#article\",\"isPartOf\":{\"@id\":\"https:\/\/www.press7.tv\/?p=24808\"},\"author\":{\"name\":\"gazetar2\",\"@id\":\"https:\/\/www.news33.tv\/#\/schema\/person\/5a04a38a23ccdba82f9bd665cd8f9efa\"},\"headline\":\"Kurti nuk ia garanton Osmanit mb\u00ebshtetjen p\u00ebr mandatin e dyt\u00eb\",\"datePublished\":\"2026-01-31T13:58:19+00:00\",\"mainEntityOfPage\":{\"@id\":\"https:\/\/www.press7.tv\/?p=24808\"},\"wordCount\":634,\"publisher\":{\"@id\":\"https:\/\/www.news33.tv\/#organization\"},\"image\":{\"@id\":\"https:\/\/www.press7.tv\/?p=24808#primaryimage\"},\"thumbnailUrl\":\"https:\/\/www.press7.tv\/wp-content\/uploads\/2026\/01\/bf1bf418-9c3f-4890-a609-e987242d3361-1.avif\",\"articleSection\":[\"Kosov\u00eb\",\"Lajme\"],\"inLanguage\":\"en-US\"},{\"@type\":\"WebPage\",\"@id\":\"https:\/\/www.press7.tv\/?p=24808\",\"url\":\"https:\/\/www.press7.tv\/?p=24808\",\"name\":\"Kurti nuk ia garanton Osmanit mb\u00ebshtetjen p\u00ebr mandatin e dyt\u00eb - press7.tv\",\"isPartOf\":{\"@id\":\"https:\/\/www.news33.tv\/#website\"},\"primaryImageOfPage\":{\"@id\":\"https:\/\/www.press7.tv\/?p=24808#primaryimage\"},\"image\":{\"@id\":\"https:\/\/www.press7.tv\/?p=24808#primaryimage\"},\"thumbnailUrl\":\"https:\/\/www.press7.tv\/wp-content\/uploads\/2026\/01\/bf1bf418-9c3f-4890-a609-e987242d3361-1.avif\",\"datePublished\":\"2026-01-31T13:58:19+00:00\",\"breadcrumb\":{\"@id\":\"https:\/\/www.press7.tv\/?p=24808#breadcrumb\"},\"inLanguage\":\"en-US\",\"potentialAction\":[{\"@type\":\"ReadAction\",\"target\":[\"https:\/\/www.press7.tv\/?p=24808\"]}]},{\"@type\":\"ImageObject\",\"inLanguage\":\"en-US\",\"@id\":\"https:\/\/www.press7.tv\/?p=24808#primaryimage\",\"url\":\"https:\/\/www.press7.tv\/wp-content\/uploads\/2026\/01\/bf1bf418-9c3f-4890-a609-e987242d3361-1.avif\",\"contentUrl\":\"https:\/\/www.press7.tv\/wp-content\/uploads\/2026\/01\/bf1bf418-9c3f-4890-a609-e987242d3361-1.avif\",\"width\":860,\"height\":550},{\"@type\":\"BreadcrumbList\",\"@id\":\"https:\/\/www.press7.tv\/?p=24808#breadcrumb\",\"itemListElement\":[{\"@type\":\"ListItem\",\"position\":1,\"name\":\"Home\",\"item\":\"https:\/\/www.press7.tv\/\"},{\"@type\":\"ListItem\",\"position\":2,\"name\":\"Kurti nuk ia garanton Osmanit mb\u00ebshtetjen p\u00ebr mandatin e dyt\u00eb\"}]},{\"@type\":\"WebSite\",\"@id\":\"https:\/\/www.news33.tv\/#website\",\"url\":\"https:\/\/www.news33.tv\/\",\"name\":\"News33.tv Media\",\"description\":\"Media\",\"publisher\":{\"@id\":\"https:\/\/www.news33.tv\/#organization\"},\"potentialAction\":[{\"@type\":\"SearchAction\",\"target\":{\"@type\":\"EntryPoint\",\"urlTemplate\":\"https:\/\/www.news33.tv\/?s={search_term_string}\"},\"query-input\":{\"@type\":\"PropertyValueSpecification\",\"valueRequired\":true,\"valueName\":\"search_term_string\"}}],\"inLanguage\":\"en-US\"},{\"@type\":\"Organization\",\"@id\":\"https:\/\/www.news33.tv\/#organization\",\"name\":\"News33.tv Media\",\"url\":\"https:\/\/www.news33.tv\/\",\"logo\":{\"@type\":\"ImageObject\",\"inLanguage\":\"en-US\",\"@id\":\"https:\/\/www.news33.tv\/#\/schema\/logo\/image\/\",\"url\":\"https:\/\/www.press7.tv\/wp-content\/uploads\/2024\/02\/logo-news33-black.png\",\"contentUrl\":\"https:\/\/www.press7.tv\/wp-content\/uploads\/2024\/02\/logo-news33-black.png\",\"width\":180,\"height\":37,\"caption\":\"News33.tv Media\"},\"image\":{\"@id\":\"https:\/\/www.news33.tv\/#\/schema\/logo\/image\/\"},\"sameAs\":[\"https:\/\/www.facebook.com\/press7.tv\"]},{\"@type\":\"Person\",\"@id\":\"https:\/\/www.news33.tv\/#\/schema\/person\/5a04a38a23ccdba82f9bd665cd8f9efa\",\"name\":\"gazetar2\",\"image\":{\"@type\":\"ImageObject\",\"inLanguage\":\"en-US\",\"@id\":\"https:\/\/www.news33.tv\/#\/schema\/person\/image\/\",\"url\":\"https:\/\/www.press7.tv\/wp-content\/litespeed\/avatar\/41975e402c3049d9ddb03adca8f7a883.jpg?ver=1777169572\",\"contentUrl\":\"https:\/\/www.press7.tv\/wp-content\/litespeed\/avatar\/41975e402c3049d9ddb03adca8f7a883.jpg?ver=1777169572\",\"caption\":\"gazetar2\"},\"url\":\"https:\/\/www.press7.tv\/?author=8\"}]}<\/script>\n<!-- \/ Yoast SEO plugin. -->","yoast_head_json":{"title":"Kurti nuk ia garanton Osmanit mb\u00ebshtetjen p\u00ebr mandatin e dyt\u00eb - press7.tv","robots":{"index":"index","follow":"follow","max-snippet":"max-snippet:-1","max-image-preview":"max-image-preview:large","max-video-preview":"max-video-preview:-1"},"canonical":"https:\/\/www.press7.tv\/?p=24808","og_locale":"en_US","og_type":"article","og_title":"Kurti nuk ia garanton Osmanit mb\u00ebshtetjen p\u00ebr mandatin e dyt\u00eb - press7.tv","og_description":"Presidentja Vjosa Osmani nuk e ka t\u00eb sigurt mb\u00ebshtetjen nga L\u00ebvizja Vet\u00ebvendosje p\u00ebr mandatin e dyt\u00eb. Kryeministri n\u00eb detyr\u00eb, Albin Kurti, i cili udh\u00ebheq k\u00ebt\u00eb parti, tha se synon t\u00eb bashk\u00ebpunoj\u00eb me opozit\u00ebn, qoft\u00eb p\u00ebr rizgjedhjen e Osmanit apo edhe p\u00ebr zgjedhjen e nj\u00eb presidenti t\u00eb ri. Kryeministri n\u00eb detyr\u00eb, Albin Kurti, e deklaroi hapur [&hellip;]","og_url":"https:\/\/www.press7.tv\/?p=24808","og_site_name":"press7.tv","article_publisher":"https:\/\/www.facebook.com\/press7.tv","article_published_time":"2026-01-31T13:58:19+00:00","og_image":[{"width":860,"height":550,"url":"https:\/\/www.press7.tv\/wp-content\/uploads\/2026\/01\/bf1bf418-9c3f-4890-a609-e987242d3361-1.avif","type":"image\/webp"}],"author":"gazetar2","twitter_card":"summary_large_image","twitter_misc":{"Written by":"gazetar2","Est. reading time":"3 minutes"},"schema":{"@context":"https:\/\/schema.org","@graph":[{"@type":"Article","@id":"https:\/\/www.press7.tv\/?p=24808#article","isPartOf":{"@id":"https:\/\/www.press7.tv\/?p=24808"},"author":{"name":"gazetar2","@id":"https:\/\/www.news33.tv\/#\/schema\/person\/5a04a38a23ccdba82f9bd665cd8f9efa"},"headline":"Kurti nuk ia garanton Osmanit mb\u00ebshtetjen p\u00ebr mandatin e dyt\u00eb","datePublished":"2026-01-31T13:58:19+00:00","mainEntityOfPage":{"@id":"https:\/\/www.press7.tv\/?p=24808"},"wordCount":634,"publisher":{"@id":"https:\/\/www.news33.tv\/#organization"},"image":{"@id":"https:\/\/www.press7.tv\/?p=24808#primaryimage"},"thumbnailUrl":"https:\/\/www.press7.tv\/wp-content\/uploads\/2026\/01\/bf1bf418-9c3f-4890-a609-e987242d3361-1.avif","articleSection":["Kosov\u00eb","Lajme"],"inLanguage":"en-US"},{"@type":"WebPage","@id":"https:\/\/www.press7.tv\/?p=24808","url":"https:\/\/www.press7.tv\/?p=24808","name":"Kurti nuk ia garanton Osmanit mb\u00ebshtetjen p\u00ebr mandatin e dyt\u00eb - press7.tv","isPartOf":{"@id":"https:\/\/www.news33.tv\/#website"},"primaryImageOfPage":{"@id":"https:\/\/www.press7.tv\/?p=24808#primaryimage"},"image":{"@id":"https:\/\/www.press7.tv\/?p=24808#primaryimage"},"thumbnailUrl":"https:\/\/www.press7.tv\/wp-content\/uploads\/2026\/01\/bf1bf418-9c3f-4890-a609-e987242d3361-1.avif","datePublished":"2026-01-31T13:58:19+00:00","breadcrumb":{"@id":"https:\/\/www.press7.tv\/?p=24808#breadcrumb"},"inLanguage":"en-US","potentialAction":[{"@type":"ReadAction","target":["https:\/\/www.press7.tv\/?p=24808"]}]},{"@type":"ImageObject","inLanguage":"en-US","@id":"https:\/\/www.press7.tv\/?p=24808#primaryimage","url":"https:\/\/www.press7.tv\/wp-content\/uploads\/2026\/01\/bf1bf418-9c3f-4890-a609-e987242d3361-1.avif","contentUrl":"https:\/\/www.press7.tv\/wp-content\/uploads\/2026\/01\/bf1bf418-9c3f-4890-a609-e987242d3361-1.avif","width":860,"height":550},{"@type":"BreadcrumbList","@id":"https:\/\/www.press7.tv\/?p=24808#breadcrumb","itemListElement":[{"@type":"ListItem","position":1,"name":"Home","item":"https:\/\/www.press7.tv\/"},{"@type":"ListItem","position":2,"name":"Kurti nuk ia garanton Osmanit mb\u00ebshtetjen p\u00ebr mandatin e dyt\u00eb"}]},{"@type":"WebSite","@id":"https:\/\/www.news33.tv\/#website","url":"https:\/\/www.news33.tv\/","name":"News33.tv Media","description":"Media","publisher":{"@id":"https:\/\/www.news33.tv\/#organization"},"potentialAction":[{"@type":"SearchAction","target":{"@type":"EntryPoint","urlTemplate":"https:\/\/www.news33.tv\/?s={search_term_string}"},"query-input":{"@type":"PropertyValueSpecification","valueRequired":true,"valueName":"search_term_string"}}],"inLanguage":"en-US"},{"@type":"Organization","@id":"https:\/\/www.news33.tv\/#organization","name":"News33.tv Media","url":"https:\/\/www.news33.tv\/","logo":{"@type":"ImageObject","inLanguage":"en-US","@id":"https:\/\/www.news33.tv\/#\/schema\/logo\/image\/","url":"https:\/\/www.press7.tv\/wp-content\/uploads\/2024\/02\/logo-news33-black.png","contentUrl":"https:\/\/www.press7.tv\/wp-content\/uploads\/2024\/02\/logo-news33-black.png","width":180,"height":37,"caption":"News33.tv Media"},"image":{"@id":"https:\/\/www.news33.tv\/#\/schema\/logo\/image\/"},"sameAs":["https:\/\/www.facebook.com\/press7.tv"]},{"@type":"Person","@id":"https:\/\/www.news33.tv\/#\/schema\/person\/5a04a38a23ccdba82f9bd665cd8f9efa","name":"gazetar2","image":{"@type":"ImageObject","inLanguage":"en-US","@id":"https:\/\/www.news33.tv\/#\/schema\/person\/image\/","url":"https:\/\/www.press7.tv\/wp-content\/litespeed\/avatar\/41975e402c3049d9ddb03adca8f7a883.jpg?ver=1777169572","contentUrl":"https:\/\/www.press7.tv\/wp-content\/litespeed\/avatar\/41975e402c3049d9ddb03adca8f7a883.jpg?ver=1777169572","caption":"gazetar2"},"url":"https:\/\/www.press7.tv\/?author=8"}]}},"amp_enabled":true,"_links":{"self":[{"href":"https:\/\/www.press7.tv\/index.php?rest_route=\/wp\/v2\/posts\/24808","targetHints":{"allow":["GET"]}}],"collection":[{"href":"https:\/\/www.press7.tv\/index.php?rest_route=\/wp\/v2\/posts"}],"about":[{"href":"https:\/\/www.press7.tv\/index.php?rest_route=\/wp\/v2\/types\/post"}],"author":[{"embeddable":true,"href":"https:\/\/www.press7.tv\/index.php?rest_route=\/wp\/v2\/users\/8"}],"replies":[{"embeddable":true,"href":"https:\/\/www.press7.tv\/index.php?rest_route=%2Fwp%2Fv2%2Fcomments&post=24808"}],"version-history":[{"count":1,"href":"https:\/\/www.press7.tv\/index.php?rest_route=\/wp\/v2\/posts\/24808\/revisions"}],"predecessor-version":[{"id":24810,"href":"https:\/\/www.press7.tv\/index.php?rest_route=\/wp\/v2\/posts\/24808\/revisions\/24810"}],"wp:featuredmedia":[{"embeddable":true,"href":"https:\/\/www.press7.tv\/index.php?rest_route=\/wp\/v2\/media\/24809"}],"wp:attachment":[{"href":"https:\/\/www.press7.tv\/index.php?rest_route=%2Fwp%2Fv2%2Fmedia&parent=24808"}],"wp:term":[{"taxonomy":"category","embeddable":true,"href":"https:\/\/www.press7.tv\/index.php?rest_route=%2Fwp%2Fv2%2Fcategories&post=24808"},{"taxonomy":"post_tag","embeddable":true,"href":"https:\/\/www.press7.tv\/index.php?rest_route=%2Fwp%2Fv2%2Ftags&post=24808"}],"curies":[{"name":"wp","href":"https:\/\/api.w.org\/{rel}","templated":true}]}}