{"id":24800,"date":"2026-01-31T13:39:34","date_gmt":"2026-01-31T13:39:34","guid":{"rendered":"https:\/\/www.press7.tv\/?p=24800"},"modified":"2026-01-31T13:39:34","modified_gmt":"2026-01-31T13:39:34","slug":"simptomat-diagnostikimi-dhe-trajtimi-i-reumes","status":"publish","type":"post","link":"https:\/\/www.press7.tv\/?p=24800","title":{"rendered":"Simptomat, diagnostikimi dhe trajtimi i reum\u00ebs"},"content":{"rendered":"\n    <div class=\"xs_social_share_widget xs_share_url before_content \t\tmain_content  wslu-style-2 wslu-share-box-shaped wslu-fill-colored wslu-share-m-5 wslu-none wslu-share-vertical wslu-theme-font-no wslu-main_content\">\n\n\t\t\n        <ul>\n\t\t\t        <\/ul>\n    <\/div> \n<p>Reuma p\u00ebrfaq\u00ebson nj\u00eb grup s\u00ebmundjesh inflamatore dhe degjenerative q\u00eb prekin nyjat, muskujt dhe indet lidh\u00ebse, duke shkaktuar dhimbje kronike dhe kufizim t\u00eb l\u00ebvizjes. K\u00ebto s\u00ebmundje prekin njer\u00ebz t\u00eb t\u00eb gjitha moshave dhe k\u00ebrkojn\u00eb v\u00ebmendje t\u00eb hershme mjek\u00ebsore p\u00ebr t\u00eb shmangur komplikimet afatgjata.<\/p>\n<p>Simptomat kryesore<br \/>\nSimptomat e reum\u00ebs ndryshojn\u00eb sipas llojit t\u00eb s\u00ebmundjes, por m\u00eb shpesh p\u00ebrfshijn\u00eb dhimbje dhe ngurt\u00ebsi n\u00eb nyja, ve\u00e7an\u00ebrisht n\u00eb m\u00ebngjes, \u00ebnjtje dhe skuqje, lodhje t\u00eb vazhdueshme, si dhe kufizim t\u00eb l\u00ebvizshm\u00ebris\u00eb. N\u00eb disa raste mund t\u00eb shfaqet edhe temperatur\u00eb e leht\u00eb trupore ose dhimbje muskulore.<\/p>\n<p>Diagnostikimi<br \/>\nDiagnostikimi bazohet n\u00eb kombinimin e ekzaminimit klinik, analizave laboratorike dhe imazheris\u00eb. Mjek\u00ebt p\u00ebrdorin analiza gjaku p\u00ebr t\u00eb vler\u00ebsuar shenjat e inflamacionit, faktor\u00ebt reumatik\u00eb dhe antitrupat specifik\u00eb, nd\u00ebrsa radiografia, ultraz\u00ebri ose rezonanca magnetike ndihmojn\u00eb n\u00eb vler\u00ebsimin e d\u00ebmtimit t\u00eb nyjave. Diagnostikimi i hersh\u00ebm \u00ebsht\u00eb thelb\u00ebsor p\u00ebr nj\u00eb trajtim efektiv.<\/p>\n<p>Trajtimi<br \/>\nTrajtimi i reum\u00ebs \u00ebsht\u00eb i individualizuar dhe synon leht\u00ebsimin e dhimbjes, uljen e inflamacionit dhe ruajtjen e funksionit t\u00eb nyjave. Ai p\u00ebrfshin terapi medikamentoze me barna anti-inflamatore, analgjezik\u00eb dhe, sipas nevoj\u00ebs, terapi biologjike. Fizioterapia, ushtrimet e kontrolluara, si dhe ndryshimet n\u00eb stilin e jetes\u00ebs, p\u00ebrfshir\u00eb ushqimin e sh\u00ebndetsh\u00ebm dhe menaxhimin e stresit, luajn\u00eb rol t\u00eb r\u00ebnd\u00ebsish\u00ebm n\u00eb p\u00ebrmir\u00ebsimin e cil\u00ebsis\u00eb s\u00eb jet\u00ebs s\u00eb pacient\u00ebve.<\/p>\n<p>Mjek\u00ebt rekomandojn\u00eb q\u00eb personat me simptoma t\u00eb vazhdueshme t\u00eb k\u00ebrkojn\u00eb k\u00ebshill\u00eb mjek\u00ebsore sa m\u00eb her\u00ebt, pasi trajtimi n\u00eb koh\u00eb ndihmon n\u00eb ngadal\u00ebsimin e p\u00ebrparimit t\u00eb s\u00ebmundjes dhe n\u00eb ruajtjen e funksionit t\u00eb nyjave.<\/p>\n","protected":false},"excerpt":{"rendered":"<p>Reuma p\u00ebrfaq\u00ebson nj\u00eb grup s\u00ebmundjesh inflamatore dhe degjenerative q\u00eb prekin nyjat, muskujt dhe indet lidh\u00ebse, duke shkaktuar dhimbje kronike dhe kufizim t\u00eb l\u00ebvizjes. K\u00ebto s\u00ebmundje prekin njer\u00ebz t\u00eb t\u00eb gjitha moshave dhe k\u00ebrkojn\u00eb v\u00ebmendje t\u00eb hershme mjek\u00ebsore p\u00ebr t\u00eb shmangur komplikimet afatgjata. Simptomat kryesore Simptomat e reum\u00ebs ndryshojn\u00eb sipas llojit t\u00eb s\u00ebmundjes, por m\u00eb shpesh [&hellip;]<\/p>\n","protected":false},"author":8,"featured_media":24802,"comment_status":"closed","ping_status":"closed","sticky":false,"template":"","format":"standard","meta":{"footnotes":""},"categories":[2748],"tags":[],"class_list":["post-24800","post","type-post","status-publish","format-standard","has-post-thumbnail","hentry","category-shendetesi"],"yoast_head":"<!-- This site is optimized with the Yoast SEO plugin v25.1 - https:\/\/yoast.com\/wordpress\/plugins\/seo\/ -->\n<title>Simptomat, diagnostikimi dhe trajtimi i reum\u00ebs - press7.tv<\/title>\n<meta name=\"robots\" content=\"index, follow, max-snippet:-1, max-image-preview:large, max-video-preview:-1\" \/>\n<link rel=\"canonical\" href=\"https:\/\/www.press7.tv\/?p=24800\" \/>\n<meta property=\"og:locale\" content=\"en_US\" \/>\n<meta property=\"og:type\" content=\"article\" \/>\n<meta property=\"og:title\" content=\"Simptomat, diagnostikimi dhe trajtimi i reum\u00ebs - press7.tv\" \/>\n<meta property=\"og:description\" content=\"Reuma p\u00ebrfaq\u00ebson nj\u00eb grup s\u00ebmundjesh inflamatore dhe degjenerative q\u00eb prekin nyjat, muskujt dhe indet lidh\u00ebse, duke shkaktuar dhimbje kronike dhe kufizim t\u00eb l\u00ebvizjes. K\u00ebto s\u00ebmundje prekin njer\u00ebz t\u00eb t\u00eb gjitha moshave dhe k\u00ebrkojn\u00eb v\u00ebmendje t\u00eb hershme mjek\u00ebsore p\u00ebr t\u00eb shmangur komplikimet afatgjata. Simptomat kryesore Simptomat e reum\u00ebs ndryshojn\u00eb sipas llojit t\u00eb s\u00ebmundjes, por m\u00eb shpesh [&hellip;]\" \/>\n<meta property=\"og:url\" content=\"https:\/\/www.press7.tv\/?p=24800\" \/>\n<meta property=\"og:site_name\" content=\"press7.tv\" \/>\n<meta property=\"article:publisher\" content=\"https:\/\/www.facebook.com\/press7.tv\" \/>\n<meta property=\"article:published_time\" content=\"2026-01-31T13:39:34+00:00\" \/>\n<meta property=\"og:image\" content=\"https:\/\/www.press7.tv\/wp-content\/uploads\/2026\/01\/download-4.avif\" \/>\n\t<meta property=\"og:image:width\" content=\"299\" \/>\n\t<meta property=\"og:image:height\" content=\"168\" \/>\n\t<meta property=\"og:image:type\" content=\"image\/jpeg\" \/>\n<meta name=\"author\" content=\"gazetar2\" \/>\n<meta name=\"twitter:card\" content=\"summary_large_image\" \/>\n<meta name=\"twitter:label1\" content=\"Written by\" \/>\n\t<meta name=\"twitter:data1\" content=\"gazetar2\" \/>\n\t<meta name=\"twitter:label2\" content=\"Est. reading time\" \/>\n\t<meta name=\"twitter:data2\" content=\"1 minute\" \/>\n<script type=\"application\/ld+json\" class=\"yoast-schema-graph\">{\"@context\":\"https:\/\/schema.org\",\"@graph\":[{\"@type\":\"Article\",\"@id\":\"https:\/\/www.press7.tv\/?p=24800#article\",\"isPartOf\":{\"@id\":\"https:\/\/www.press7.tv\/?p=24800\"},\"author\":{\"name\":\"gazetar2\",\"@id\":\"https:\/\/www.news33.tv\/#\/schema\/person\/5a04a38a23ccdba82f9bd665cd8f9efa\"},\"headline\":\"Simptomat, diagnostikimi dhe trajtimi i reum\u00ebs\",\"datePublished\":\"2026-01-31T13:39:34+00:00\",\"mainEntityOfPage\":{\"@id\":\"https:\/\/www.press7.tv\/?p=24800\"},\"wordCount\":300,\"publisher\":{\"@id\":\"https:\/\/www.news33.tv\/#organization\"},\"image\":{\"@id\":\"https:\/\/www.press7.tv\/?p=24800#primaryimage\"},\"thumbnailUrl\":\"https:\/\/www.press7.tv\/wp-content\/uploads\/2026\/01\/download-4.avif\",\"articleSection\":[\"Shendetesi\"],\"inLanguage\":\"en-US\"},{\"@type\":\"WebPage\",\"@id\":\"https:\/\/www.press7.tv\/?p=24800\",\"url\":\"https:\/\/www.press7.tv\/?p=24800\",\"name\":\"Simptomat, diagnostikimi dhe trajtimi i reum\u00ebs - press7.tv\",\"isPartOf\":{\"@id\":\"https:\/\/www.news33.tv\/#website\"},\"primaryImageOfPage\":{\"@id\":\"https:\/\/www.press7.tv\/?p=24800#primaryimage\"},\"image\":{\"@id\":\"https:\/\/www.press7.tv\/?p=24800#primaryimage\"},\"thumbnailUrl\":\"https:\/\/www.press7.tv\/wp-content\/uploads\/2026\/01\/download-4.avif\",\"datePublished\":\"2026-01-31T13:39:34+00:00\",\"breadcrumb\":{\"@id\":\"https:\/\/www.press7.tv\/?p=24800#breadcrumb\"},\"inLanguage\":\"en-US\",\"potentialAction\":[{\"@type\":\"ReadAction\",\"target\":[\"https:\/\/www.press7.tv\/?p=24800\"]}]},{\"@type\":\"ImageObject\",\"inLanguage\":\"en-US\",\"@id\":\"https:\/\/www.press7.tv\/?p=24800#primaryimage\",\"url\":\"https:\/\/www.press7.tv\/wp-content\/uploads\/2026\/01\/download-4.avif\",\"contentUrl\":\"https:\/\/www.press7.tv\/wp-content\/uploads\/2026\/01\/download-4.avif\",\"width\":299,\"height\":168},{\"@type\":\"BreadcrumbList\",\"@id\":\"https:\/\/www.press7.tv\/?p=24800#breadcrumb\",\"itemListElement\":[{\"@type\":\"ListItem\",\"position\":1,\"name\":\"Home\",\"item\":\"https:\/\/www.press7.tv\/\"},{\"@type\":\"ListItem\",\"position\":2,\"name\":\"Simptomat, diagnostikimi dhe trajtimi i reum\u00ebs\"}]},{\"@type\":\"WebSite\",\"@id\":\"https:\/\/www.news33.tv\/#website\",\"url\":\"https:\/\/www.news33.tv\/\",\"name\":\"News33.tv Media\",\"description\":\"Media\",\"publisher\":{\"@id\":\"https:\/\/www.news33.tv\/#organization\"},\"potentialAction\":[{\"@type\":\"SearchAction\",\"target\":{\"@type\":\"EntryPoint\",\"urlTemplate\":\"https:\/\/www.news33.tv\/?s={search_term_string}\"},\"query-input\":{\"@type\":\"PropertyValueSpecification\",\"valueRequired\":true,\"valueName\":\"search_term_string\"}}],\"inLanguage\":\"en-US\"},{\"@type\":\"Organization\",\"@id\":\"https:\/\/www.news33.tv\/#organization\",\"name\":\"News33.tv Media\",\"url\":\"https:\/\/www.news33.tv\/\",\"logo\":{\"@type\":\"ImageObject\",\"inLanguage\":\"en-US\",\"@id\":\"https:\/\/www.news33.tv\/#\/schema\/logo\/image\/\",\"url\":\"https:\/\/www.press7.tv\/wp-content\/uploads\/2024\/02\/logo-news33-black.png\",\"contentUrl\":\"https:\/\/www.press7.tv\/wp-content\/uploads\/2024\/02\/logo-news33-black.png\",\"width\":180,\"height\":37,\"caption\":\"News33.tv Media\"},\"image\":{\"@id\":\"https:\/\/www.news33.tv\/#\/schema\/logo\/image\/\"},\"sameAs\":[\"https:\/\/www.facebook.com\/press7.tv\"]},{\"@type\":\"Person\",\"@id\":\"https:\/\/www.news33.tv\/#\/schema\/person\/5a04a38a23ccdba82f9bd665cd8f9efa\",\"name\":\"gazetar2\",\"image\":{\"@type\":\"ImageObject\",\"inLanguage\":\"en-US\",\"@id\":\"https:\/\/www.news33.tv\/#\/schema\/person\/image\/\",\"url\":\"https:\/\/www.press7.tv\/wp-content\/litespeed\/avatar\/41975e402c3049d9ddb03adca8f7a883.jpg?ver=1777169572\",\"contentUrl\":\"https:\/\/www.press7.tv\/wp-content\/litespeed\/avatar\/41975e402c3049d9ddb03adca8f7a883.jpg?ver=1777169572\",\"caption\":\"gazetar2\"},\"url\":\"https:\/\/www.press7.tv\/?author=8\"}]}<\/script>\n<!-- \/ Yoast SEO plugin. -->","yoast_head_json":{"title":"Simptomat, diagnostikimi dhe trajtimi i reum\u00ebs - press7.tv","robots":{"index":"index","follow":"follow","max-snippet":"max-snippet:-1","max-image-preview":"max-image-preview:large","max-video-preview":"max-video-preview:-1"},"canonical":"https:\/\/www.press7.tv\/?p=24800","og_locale":"en_US","og_type":"article","og_title":"Simptomat, diagnostikimi dhe trajtimi i reum\u00ebs - press7.tv","og_description":"Reuma p\u00ebrfaq\u00ebson nj\u00eb grup s\u00ebmundjesh inflamatore dhe degjenerative q\u00eb prekin nyjat, muskujt dhe indet lidh\u00ebse, duke shkaktuar dhimbje kronike dhe kufizim t\u00eb l\u00ebvizjes. K\u00ebto s\u00ebmundje prekin njer\u00ebz t\u00eb t\u00eb gjitha moshave dhe k\u00ebrkojn\u00eb v\u00ebmendje t\u00eb hershme mjek\u00ebsore p\u00ebr t\u00eb shmangur komplikimet afatgjata. Simptomat kryesore Simptomat e reum\u00ebs ndryshojn\u00eb sipas llojit t\u00eb s\u00ebmundjes, por m\u00eb shpesh [&hellip;]","og_url":"https:\/\/www.press7.tv\/?p=24800","og_site_name":"press7.tv","article_publisher":"https:\/\/www.facebook.com\/press7.tv","article_published_time":"2026-01-31T13:39:34+00:00","og_image":[{"width":299,"height":168,"url":"https:\/\/www.press7.tv\/wp-content\/uploads\/2026\/01\/download-4.avif","type":"image\/jpeg"}],"author":"gazetar2","twitter_card":"summary_large_image","twitter_misc":{"Written by":"gazetar2","Est. reading time":"1 minute"},"schema":{"@context":"https:\/\/schema.org","@graph":[{"@type":"Article","@id":"https:\/\/www.press7.tv\/?p=24800#article","isPartOf":{"@id":"https:\/\/www.press7.tv\/?p=24800"},"author":{"name":"gazetar2","@id":"https:\/\/www.news33.tv\/#\/schema\/person\/5a04a38a23ccdba82f9bd665cd8f9efa"},"headline":"Simptomat, diagnostikimi dhe trajtimi i reum\u00ebs","datePublished":"2026-01-31T13:39:34+00:00","mainEntityOfPage":{"@id":"https:\/\/www.press7.tv\/?p=24800"},"wordCount":300,"publisher":{"@id":"https:\/\/www.news33.tv\/#organization"},"image":{"@id":"https:\/\/www.press7.tv\/?p=24800#primaryimage"},"thumbnailUrl":"https:\/\/www.press7.tv\/wp-content\/uploads\/2026\/01\/download-4.avif","articleSection":["Shendetesi"],"inLanguage":"en-US"},{"@type":"WebPage","@id":"https:\/\/www.press7.tv\/?p=24800","url":"https:\/\/www.press7.tv\/?p=24800","name":"Simptomat, diagnostikimi dhe trajtimi i reum\u00ebs - press7.tv","isPartOf":{"@id":"https:\/\/www.news33.tv\/#website"},"primaryImageOfPage":{"@id":"https:\/\/www.press7.tv\/?p=24800#primaryimage"},"image":{"@id":"https:\/\/www.press7.tv\/?p=24800#primaryimage"},"thumbnailUrl":"https:\/\/www.press7.tv\/wp-content\/uploads\/2026\/01\/download-4.avif","datePublished":"2026-01-31T13:39:34+00:00","breadcrumb":{"@id":"https:\/\/www.press7.tv\/?p=24800#breadcrumb"},"inLanguage":"en-US","potentialAction":[{"@type":"ReadAction","target":["https:\/\/www.press7.tv\/?p=24800"]}]},{"@type":"ImageObject","inLanguage":"en-US","@id":"https:\/\/www.press7.tv\/?p=24800#primaryimage","url":"https:\/\/www.press7.tv\/wp-content\/uploads\/2026\/01\/download-4.avif","contentUrl":"https:\/\/www.press7.tv\/wp-content\/uploads\/2026\/01\/download-4.avif","width":299,"height":168},{"@type":"BreadcrumbList","@id":"https:\/\/www.press7.tv\/?p=24800#breadcrumb","itemListElement":[{"@type":"ListItem","position":1,"name":"Home","item":"https:\/\/www.press7.tv\/"},{"@type":"ListItem","position":2,"name":"Simptomat, diagnostikimi dhe trajtimi i reum\u00ebs"}]},{"@type":"WebSite","@id":"https:\/\/www.news33.tv\/#website","url":"https:\/\/www.news33.tv\/","name":"News33.tv Media","description":"Media","publisher":{"@id":"https:\/\/www.news33.tv\/#organization"},"potentialAction":[{"@type":"SearchAction","target":{"@type":"EntryPoint","urlTemplate":"https:\/\/www.news33.tv\/?s={search_term_string}"},"query-input":{"@type":"PropertyValueSpecification","valueRequired":true,"valueName":"search_term_string"}}],"inLanguage":"en-US"},{"@type":"Organization","@id":"https:\/\/www.news33.tv\/#organization","name":"News33.tv Media","url":"https:\/\/www.news33.tv\/","logo":{"@type":"ImageObject","inLanguage":"en-US","@id":"https:\/\/www.news33.tv\/#\/schema\/logo\/image\/","url":"https:\/\/www.press7.tv\/wp-content\/uploads\/2024\/02\/logo-news33-black.png","contentUrl":"https:\/\/www.press7.tv\/wp-content\/uploads\/2024\/02\/logo-news33-black.png","width":180,"height":37,"caption":"News33.tv Media"},"image":{"@id":"https:\/\/www.news33.tv\/#\/schema\/logo\/image\/"},"sameAs":["https:\/\/www.facebook.com\/press7.tv"]},{"@type":"Person","@id":"https:\/\/www.news33.tv\/#\/schema\/person\/5a04a38a23ccdba82f9bd665cd8f9efa","name":"gazetar2","image":{"@type":"ImageObject","inLanguage":"en-US","@id":"https:\/\/www.news33.tv\/#\/schema\/person\/image\/","url":"https:\/\/www.press7.tv\/wp-content\/litespeed\/avatar\/41975e402c3049d9ddb03adca8f7a883.jpg?ver=1777169572","contentUrl":"https:\/\/www.press7.tv\/wp-content\/litespeed\/avatar\/41975e402c3049d9ddb03adca8f7a883.jpg?ver=1777169572","caption":"gazetar2"},"url":"https:\/\/www.press7.tv\/?author=8"}]}},"amp_enabled":true,"_links":{"self":[{"href":"https:\/\/www.press7.tv\/index.php?rest_route=\/wp\/v2\/posts\/24800","targetHints":{"allow":["GET"]}}],"collection":[{"href":"https:\/\/www.press7.tv\/index.php?rest_route=\/wp\/v2\/posts"}],"about":[{"href":"https:\/\/www.press7.tv\/index.php?rest_route=\/wp\/v2\/types\/post"}],"author":[{"embeddable":true,"href":"https:\/\/www.press7.tv\/index.php?rest_route=\/wp\/v2\/users\/8"}],"replies":[{"embeddable":true,"href":"https:\/\/www.press7.tv\/index.php?rest_route=%2Fwp%2Fv2%2Fcomments&post=24800"}],"version-history":[{"count":1,"href":"https:\/\/www.press7.tv\/index.php?rest_route=\/wp\/v2\/posts\/24800\/revisions"}],"predecessor-version":[{"id":24803,"href":"https:\/\/www.press7.tv\/index.php?rest_route=\/wp\/v2\/posts\/24800\/revisions\/24803"}],"wp:featuredmedia":[{"embeddable":true,"href":"https:\/\/www.press7.tv\/index.php?rest_route=\/wp\/v2\/media\/24802"}],"wp:attachment":[{"href":"https:\/\/www.press7.tv\/index.php?rest_route=%2Fwp%2Fv2%2Fmedia&parent=24800"}],"wp:term":[{"taxonomy":"category","embeddable":true,"href":"https:\/\/www.press7.tv\/index.php?rest_route=%2Fwp%2Fv2%2Fcategories&post=24800"},{"taxonomy":"post_tag","embeddable":true,"href":"https:\/\/www.press7.tv\/index.php?rest_route=%2Fwp%2Fv2%2Ftags&post=24800"}],"curies":[{"name":"wp","href":"https:\/\/api.w.org\/{rel}","templated":true}]}}