{"id":24782,"date":"2026-01-30T17:32:42","date_gmt":"2026-01-30T17:32:42","guid":{"rendered":"https:\/\/www.press7.tv\/?p=24782"},"modified":"2026-01-30T17:32:42","modified_gmt":"2026-01-30T17:32:42","slug":"bordin-i-paqes-kurti-kemi-gatishmeri-ta-cojme-fsk-ne-ne-gaza","status":"publish","type":"post","link":"https:\/\/www.press7.tv\/?p=24782","title":{"rendered":"Bordin i Paqes, Kurti: Kemi gatishm\u00ebri ta \u00e7ojm\u00eb FSK-n\u00eb n\u00eb Gaza"},"content":{"rendered":"\n    <div class=\"xs_social_share_widget xs_share_url before_content \t\tmain_content  wslu-style-2 wslu-share-box-shaped wslu-fill-colored wslu-share-m-5 wslu-none wslu-share-vertical wslu-theme-font-no wslu-main_content\">\n\n\t\t\n        <ul>\n\t\t\t        <\/ul>\n    <\/div> \n<p>Kryeministri n\u00eb detyr\u00eb, Albin Kurti, p\u00ebr her\u00eb t\u00eb par\u00eb foli p\u00ebr an\u00ebtar\u00ebsimin e Kosov\u00ebs n\u00eb Bordin e Paqes, q\u00eb udh\u00ebhiqet nga SHBA-ja.<\/p>\n<p>Duke mos p\u00ebrmendur n\u00ebnshkrimin e presidentes Vjosa Osmani n\u00eb Kart\u00ebn e Bordit t\u00eb Paqes q\u00eb u b\u00eb n\u00eb nj\u00eb ceremoni t\u00eb udh\u00ebhequr nga presidenti Donald Trump, Kurti tha se d\u00ebshiron q\u00eb FSK t\u00eb ket\u00eb nj\u00eb rol n\u00eb Gaza.<\/p>\n<p>\u201cKemi filluar s\u00eb pari me pjes\u00ebmarrjen ton\u00eb n\u00eb Forc\u00ebn Nd\u00ebrkomb\u00ebtare Stabilizuese p\u00ebr Gaza dhe aty un\u00eb e di q\u00eb Kosova \u00ebsht\u00eb p\u00ebrfaq\u00ebsuar n\u00eb konferenc\u00ebn n\u00eb Doha n\u00eb Katar nga Bashkim Jashari. Kemi shprehur gatishm\u00ebrin\u00eb ton\u00eb q\u00eb t\u00eb marrim pjes\u00eb k\u00ebtu ku FSK \u00ebsht\u00eb e mir\u00ebnjohur p\u00ebr k\u00ebrkim-shp\u00ebtim dhe deminim dhe jo vet\u00ebm. Ne kemi qen\u00eb t\u00eb interesuar q\u00eb t\u00eb marrim pjes\u00eb n\u00eb organet vendimmarr\u00ebse politike p\u00ebr k\u00ebt\u00eb forc\u00eb. Procesi do t\u00eb ec\u00eb m\u00eb tutje\u201d.<\/p>\n<p>K\u00ebto komente Kurti i b\u00ebri pasi u pyet nga gazetar\u00ebt pas nj\u00eb takimi q\u00eb pati me Od\u00ebn e Mjek\u00ebve.<\/p>\n<p>Kurti tha se ende s\u2019e ka mandatin e plot\u00eb si kryeminist\u00ebr, por shtoi se d\u00ebshiron q\u00eb Kosova t\u00eb kontribuoj\u00eb p\u00ebr vendosjen e paqes n\u00eb vendet e bot\u00ebs q\u00eb kan\u00eb nevoj\u00eb.<\/p>\n<p>\u201cUn\u00eb jam kryeminist\u00ebr n\u00eb detyr\u00eb, nuk jam ende n\u00eb mandatin tim t\u00eb tret\u00eb. Kudo q\u00eb ka nevoj\u00eb p\u00ebr paqe n\u00eb bot\u00eb, ne d\u00ebshirojm\u00eb q\u00eb t\u00eb kontribuojm\u00eb sepse kemi qen\u00eb p\u00ebrfitues t\u00eb paqes n\u00eb vendin ton\u00eb p\u00ebrmes forcave nd\u00ebrkomb\u00ebtare, andaj tash duam q\u00eb t\u00eb marrim pjes\u00eb me forcat tona dhe kapacitetet tona edhe n\u00eb paqe n\u00eb vende t\u00eb ndryshme n\u00eb bot\u00eb\u201d.<\/p>\n<p>Ai p\u00ebrmendi edhe 500 mij\u00eb eurot e d\u00ebrguara n\u00eb Gaza dhe tha se k\u00ebt\u00eb do ta vazhdojn\u00eb.<\/p>\n","protected":false},"excerpt":{"rendered":"<p>Kryeministri n\u00eb detyr\u00eb, Albin Kurti, p\u00ebr her\u00eb t\u00eb par\u00eb foli p\u00ebr an\u00ebtar\u00ebsimin e Kosov\u00ebs n\u00eb Bordin e Paqes, q\u00eb udh\u00ebhiqet nga SHBA-ja. Duke mos p\u00ebrmendur n\u00ebnshkrimin e presidentes Vjosa Osmani n\u00eb Kart\u00ebn e Bordit t\u00eb Paqes q\u00eb u b\u00eb n\u00eb nj\u00eb ceremoni t\u00eb udh\u00ebhequr nga presidenti Donald Trump, Kurti tha se d\u00ebshiron q\u00eb FSK t\u00eb [&hellip;]<\/p>\n","protected":false},"author":8,"featured_media":24783,"comment_status":"closed","ping_status":"closed","sticky":false,"template":"","format":"standard","meta":{"footnotes":""},"categories":[215,213],"tags":[],"class_list":["post-24782","post","type-post","status-publish","format-standard","has-post-thumbnail","hentry","category-kosove","category-lajme"],"yoast_head":"<!-- This site is optimized with the Yoast SEO plugin v25.1 - https:\/\/yoast.com\/wordpress\/plugins\/seo\/ -->\n<title>Bordin i Paqes, Kurti: Kemi gatishm\u00ebri ta \u00e7ojm\u00eb FSK-n\u00eb n\u00eb Gaza - press7.tv<\/title>\n<meta name=\"robots\" content=\"index, follow, max-snippet:-1, max-image-preview:large, max-video-preview:-1\" \/>\n<link rel=\"canonical\" href=\"https:\/\/www.press7.tv\/?p=24782\" \/>\n<meta property=\"og:locale\" content=\"en_US\" \/>\n<meta property=\"og:type\" content=\"article\" \/>\n<meta property=\"og:title\" content=\"Bordin i Paqes, Kurti: Kemi gatishm\u00ebri ta \u00e7ojm\u00eb FSK-n\u00eb n\u00eb Gaza - press7.tv\" \/>\n<meta property=\"og:description\" content=\"Kryeministri n\u00eb detyr\u00eb, Albin Kurti, p\u00ebr her\u00eb t\u00eb par\u00eb foli p\u00ebr an\u00ebtar\u00ebsimin e Kosov\u00ebs n\u00eb Bordin e Paqes, q\u00eb udh\u00ebhiqet nga SHBA-ja. Duke mos p\u00ebrmendur n\u00ebnshkrimin e presidentes Vjosa Osmani n\u00eb Kart\u00ebn e Bordit t\u00eb Paqes q\u00eb u b\u00eb n\u00eb nj\u00eb ceremoni t\u00eb udh\u00ebhequr nga presidenti Donald Trump, Kurti tha se d\u00ebshiron q\u00eb FSK t\u00eb [&hellip;]\" \/>\n<meta property=\"og:url\" content=\"https:\/\/www.press7.tv\/?p=24782\" \/>\n<meta property=\"og:site_name\" content=\"press7.tv\" \/>\n<meta property=\"article:publisher\" content=\"https:\/\/www.facebook.com\/press7.tv\" \/>\n<meta property=\"article:published_time\" content=\"2026-01-30T17:32:42+00:00\" \/>\n<meta property=\"og:image\" content=\"https:\/\/www.press7.tv\/wp-content\/uploads\/2026\/01\/image-697.avif\" \/>\n\t<meta property=\"og:image:width\" content=\"600\" \/>\n\t<meta property=\"og:image:height\" content=\"360\" \/>\n\t<meta property=\"og:image:type\" content=\"image\/webp\" \/>\n<meta name=\"author\" content=\"gazetar2\" \/>\n<meta name=\"twitter:card\" content=\"summary_large_image\" \/>\n<meta name=\"twitter:label1\" content=\"Written by\" \/>\n\t<meta name=\"twitter:data1\" content=\"gazetar2\" \/>\n\t<meta name=\"twitter:label2\" content=\"Est. reading time\" \/>\n\t<meta name=\"twitter:data2\" content=\"1 minute\" \/>\n<script type=\"application\/ld+json\" class=\"yoast-schema-graph\">{\"@context\":\"https:\/\/schema.org\",\"@graph\":[{\"@type\":\"Article\",\"@id\":\"https:\/\/www.press7.tv\/?p=24782#article\",\"isPartOf\":{\"@id\":\"https:\/\/www.press7.tv\/?p=24782\"},\"author\":{\"name\":\"gazetar2\",\"@id\":\"https:\/\/www.news33.tv\/#\/schema\/person\/5a04a38a23ccdba82f9bd665cd8f9efa\"},\"headline\":\"Bordin i Paqes, Kurti: Kemi gatishm\u00ebri ta \u00e7ojm\u00eb FSK-n\u00eb n\u00eb Gaza\",\"datePublished\":\"2026-01-30T17:32:42+00:00\",\"mainEntityOfPage\":{\"@id\":\"https:\/\/www.press7.tv\/?p=24782\"},\"wordCount\":320,\"publisher\":{\"@id\":\"https:\/\/www.news33.tv\/#organization\"},\"image\":{\"@id\":\"https:\/\/www.press7.tv\/?p=24782#primaryimage\"},\"thumbnailUrl\":\"https:\/\/www.press7.tv\/wp-content\/uploads\/2026\/01\/image-697.avif\",\"articleSection\":[\"Kosov\u00eb\",\"Lajme\"],\"inLanguage\":\"en-US\"},{\"@type\":\"WebPage\",\"@id\":\"https:\/\/www.press7.tv\/?p=24782\",\"url\":\"https:\/\/www.press7.tv\/?p=24782\",\"name\":\"Bordin i Paqes, Kurti: Kemi gatishm\u00ebri ta \u00e7ojm\u00eb FSK-n\u00eb n\u00eb Gaza - press7.tv\",\"isPartOf\":{\"@id\":\"https:\/\/www.news33.tv\/#website\"},\"primaryImageOfPage\":{\"@id\":\"https:\/\/www.press7.tv\/?p=24782#primaryimage\"},\"image\":{\"@id\":\"https:\/\/www.press7.tv\/?p=24782#primaryimage\"},\"thumbnailUrl\":\"https:\/\/www.press7.tv\/wp-content\/uploads\/2026\/01\/image-697.avif\",\"datePublished\":\"2026-01-30T17:32:42+00:00\",\"breadcrumb\":{\"@id\":\"https:\/\/www.press7.tv\/?p=24782#breadcrumb\"},\"inLanguage\":\"en-US\",\"potentialAction\":[{\"@type\":\"ReadAction\",\"target\":[\"https:\/\/www.press7.tv\/?p=24782\"]}]},{\"@type\":\"ImageObject\",\"inLanguage\":\"en-US\",\"@id\":\"https:\/\/www.press7.tv\/?p=24782#primaryimage\",\"url\":\"https:\/\/www.press7.tv\/wp-content\/uploads\/2026\/01\/image-697.avif\",\"contentUrl\":\"https:\/\/www.press7.tv\/wp-content\/uploads\/2026\/01\/image-697.avif\",\"width\":600,\"height\":360},{\"@type\":\"BreadcrumbList\",\"@id\":\"https:\/\/www.press7.tv\/?p=24782#breadcrumb\",\"itemListElement\":[{\"@type\":\"ListItem\",\"position\":1,\"name\":\"Home\",\"item\":\"https:\/\/www.press7.tv\/\"},{\"@type\":\"ListItem\",\"position\":2,\"name\":\"Bordin i Paqes, Kurti: Kemi gatishm\u00ebri ta \u00e7ojm\u00eb FSK-n\u00eb n\u00eb Gaza\"}]},{\"@type\":\"WebSite\",\"@id\":\"https:\/\/www.news33.tv\/#website\",\"url\":\"https:\/\/www.news33.tv\/\",\"name\":\"News33.tv Media\",\"description\":\"Media\",\"publisher\":{\"@id\":\"https:\/\/www.news33.tv\/#organization\"},\"potentialAction\":[{\"@type\":\"SearchAction\",\"target\":{\"@type\":\"EntryPoint\",\"urlTemplate\":\"https:\/\/www.news33.tv\/?s={search_term_string}\"},\"query-input\":{\"@type\":\"PropertyValueSpecification\",\"valueRequired\":true,\"valueName\":\"search_term_string\"}}],\"inLanguage\":\"en-US\"},{\"@type\":\"Organization\",\"@id\":\"https:\/\/www.news33.tv\/#organization\",\"name\":\"News33.tv Media\",\"url\":\"https:\/\/www.news33.tv\/\",\"logo\":{\"@type\":\"ImageObject\",\"inLanguage\":\"en-US\",\"@id\":\"https:\/\/www.news33.tv\/#\/schema\/logo\/image\/\",\"url\":\"https:\/\/www.press7.tv\/wp-content\/uploads\/2024\/02\/logo-news33-black.png\",\"contentUrl\":\"https:\/\/www.press7.tv\/wp-content\/uploads\/2024\/02\/logo-news33-black.png\",\"width\":180,\"height\":37,\"caption\":\"News33.tv Media\"},\"image\":{\"@id\":\"https:\/\/www.news33.tv\/#\/schema\/logo\/image\/\"},\"sameAs\":[\"https:\/\/www.facebook.com\/press7.tv\"]},{\"@type\":\"Person\",\"@id\":\"https:\/\/www.news33.tv\/#\/schema\/person\/5a04a38a23ccdba82f9bd665cd8f9efa\",\"name\":\"gazetar2\",\"image\":{\"@type\":\"ImageObject\",\"inLanguage\":\"en-US\",\"@id\":\"https:\/\/www.news33.tv\/#\/schema\/person\/image\/\",\"url\":\"https:\/\/www.press7.tv\/wp-content\/litespeed\/avatar\/41975e402c3049d9ddb03adca8f7a883.jpg?ver=1777169572\",\"contentUrl\":\"https:\/\/www.press7.tv\/wp-content\/litespeed\/avatar\/41975e402c3049d9ddb03adca8f7a883.jpg?ver=1777169572\",\"caption\":\"gazetar2\"},\"url\":\"https:\/\/www.press7.tv\/?author=8\"}]}<\/script>\n<!-- \/ Yoast SEO plugin. -->","yoast_head_json":{"title":"Bordin i Paqes, Kurti: Kemi gatishm\u00ebri ta \u00e7ojm\u00eb FSK-n\u00eb n\u00eb Gaza - press7.tv","robots":{"index":"index","follow":"follow","max-snippet":"max-snippet:-1","max-image-preview":"max-image-preview:large","max-video-preview":"max-video-preview:-1"},"canonical":"https:\/\/www.press7.tv\/?p=24782","og_locale":"en_US","og_type":"article","og_title":"Bordin i Paqes, Kurti: Kemi gatishm\u00ebri ta \u00e7ojm\u00eb FSK-n\u00eb n\u00eb Gaza - press7.tv","og_description":"Kryeministri n\u00eb detyr\u00eb, Albin Kurti, p\u00ebr her\u00eb t\u00eb par\u00eb foli p\u00ebr an\u00ebtar\u00ebsimin e Kosov\u00ebs n\u00eb Bordin e Paqes, q\u00eb udh\u00ebhiqet nga SHBA-ja. Duke mos p\u00ebrmendur n\u00ebnshkrimin e presidentes Vjosa Osmani n\u00eb Kart\u00ebn e Bordit t\u00eb Paqes q\u00eb u b\u00eb n\u00eb nj\u00eb ceremoni t\u00eb udh\u00ebhequr nga presidenti Donald Trump, Kurti tha se d\u00ebshiron q\u00eb FSK t\u00eb [&hellip;]","og_url":"https:\/\/www.press7.tv\/?p=24782","og_site_name":"press7.tv","article_publisher":"https:\/\/www.facebook.com\/press7.tv","article_published_time":"2026-01-30T17:32:42+00:00","og_image":[{"width":600,"height":360,"url":"https:\/\/www.press7.tv\/wp-content\/uploads\/2026\/01\/image-697.avif","type":"image\/webp"}],"author":"gazetar2","twitter_card":"summary_large_image","twitter_misc":{"Written by":"gazetar2","Est. reading time":"1 minute"},"schema":{"@context":"https:\/\/schema.org","@graph":[{"@type":"Article","@id":"https:\/\/www.press7.tv\/?p=24782#article","isPartOf":{"@id":"https:\/\/www.press7.tv\/?p=24782"},"author":{"name":"gazetar2","@id":"https:\/\/www.news33.tv\/#\/schema\/person\/5a04a38a23ccdba82f9bd665cd8f9efa"},"headline":"Bordin i Paqes, Kurti: Kemi gatishm\u00ebri ta \u00e7ojm\u00eb FSK-n\u00eb n\u00eb Gaza","datePublished":"2026-01-30T17:32:42+00:00","mainEntityOfPage":{"@id":"https:\/\/www.press7.tv\/?p=24782"},"wordCount":320,"publisher":{"@id":"https:\/\/www.news33.tv\/#organization"},"image":{"@id":"https:\/\/www.press7.tv\/?p=24782#primaryimage"},"thumbnailUrl":"https:\/\/www.press7.tv\/wp-content\/uploads\/2026\/01\/image-697.avif","articleSection":["Kosov\u00eb","Lajme"],"inLanguage":"en-US"},{"@type":"WebPage","@id":"https:\/\/www.press7.tv\/?p=24782","url":"https:\/\/www.press7.tv\/?p=24782","name":"Bordin i Paqes, Kurti: Kemi gatishm\u00ebri ta \u00e7ojm\u00eb FSK-n\u00eb n\u00eb Gaza - press7.tv","isPartOf":{"@id":"https:\/\/www.news33.tv\/#website"},"primaryImageOfPage":{"@id":"https:\/\/www.press7.tv\/?p=24782#primaryimage"},"image":{"@id":"https:\/\/www.press7.tv\/?p=24782#primaryimage"},"thumbnailUrl":"https:\/\/www.press7.tv\/wp-content\/uploads\/2026\/01\/image-697.avif","datePublished":"2026-01-30T17:32:42+00:00","breadcrumb":{"@id":"https:\/\/www.press7.tv\/?p=24782#breadcrumb"},"inLanguage":"en-US","potentialAction":[{"@type":"ReadAction","target":["https:\/\/www.press7.tv\/?p=24782"]}]},{"@type":"ImageObject","inLanguage":"en-US","@id":"https:\/\/www.press7.tv\/?p=24782#primaryimage","url":"https:\/\/www.press7.tv\/wp-content\/uploads\/2026\/01\/image-697.avif","contentUrl":"https:\/\/www.press7.tv\/wp-content\/uploads\/2026\/01\/image-697.avif","width":600,"height":360},{"@type":"BreadcrumbList","@id":"https:\/\/www.press7.tv\/?p=24782#breadcrumb","itemListElement":[{"@type":"ListItem","position":1,"name":"Home","item":"https:\/\/www.press7.tv\/"},{"@type":"ListItem","position":2,"name":"Bordin i Paqes, Kurti: Kemi gatishm\u00ebri ta \u00e7ojm\u00eb FSK-n\u00eb n\u00eb Gaza"}]},{"@type":"WebSite","@id":"https:\/\/www.news33.tv\/#website","url":"https:\/\/www.news33.tv\/","name":"News33.tv Media","description":"Media","publisher":{"@id":"https:\/\/www.news33.tv\/#organization"},"potentialAction":[{"@type":"SearchAction","target":{"@type":"EntryPoint","urlTemplate":"https:\/\/www.news33.tv\/?s={search_term_string}"},"query-input":{"@type":"PropertyValueSpecification","valueRequired":true,"valueName":"search_term_string"}}],"inLanguage":"en-US"},{"@type":"Organization","@id":"https:\/\/www.news33.tv\/#organization","name":"News33.tv Media","url":"https:\/\/www.news33.tv\/","logo":{"@type":"ImageObject","inLanguage":"en-US","@id":"https:\/\/www.news33.tv\/#\/schema\/logo\/image\/","url":"https:\/\/www.press7.tv\/wp-content\/uploads\/2024\/02\/logo-news33-black.png","contentUrl":"https:\/\/www.press7.tv\/wp-content\/uploads\/2024\/02\/logo-news33-black.png","width":180,"height":37,"caption":"News33.tv Media"},"image":{"@id":"https:\/\/www.news33.tv\/#\/schema\/logo\/image\/"},"sameAs":["https:\/\/www.facebook.com\/press7.tv"]},{"@type":"Person","@id":"https:\/\/www.news33.tv\/#\/schema\/person\/5a04a38a23ccdba82f9bd665cd8f9efa","name":"gazetar2","image":{"@type":"ImageObject","inLanguage":"en-US","@id":"https:\/\/www.news33.tv\/#\/schema\/person\/image\/","url":"https:\/\/www.press7.tv\/wp-content\/litespeed\/avatar\/41975e402c3049d9ddb03adca8f7a883.jpg?ver=1777169572","contentUrl":"https:\/\/www.press7.tv\/wp-content\/litespeed\/avatar\/41975e402c3049d9ddb03adca8f7a883.jpg?ver=1777169572","caption":"gazetar2"},"url":"https:\/\/www.press7.tv\/?author=8"}]}},"amp_enabled":true,"_links":{"self":[{"href":"https:\/\/www.press7.tv\/index.php?rest_route=\/wp\/v2\/posts\/24782","targetHints":{"allow":["GET"]}}],"collection":[{"href":"https:\/\/www.press7.tv\/index.php?rest_route=\/wp\/v2\/posts"}],"about":[{"href":"https:\/\/www.press7.tv\/index.php?rest_route=\/wp\/v2\/types\/post"}],"author":[{"embeddable":true,"href":"https:\/\/www.press7.tv\/index.php?rest_route=\/wp\/v2\/users\/8"}],"replies":[{"embeddable":true,"href":"https:\/\/www.press7.tv\/index.php?rest_route=%2Fwp%2Fv2%2Fcomments&post=24782"}],"version-history":[{"count":1,"href":"https:\/\/www.press7.tv\/index.php?rest_route=\/wp\/v2\/posts\/24782\/revisions"}],"predecessor-version":[{"id":24784,"href":"https:\/\/www.press7.tv\/index.php?rest_route=\/wp\/v2\/posts\/24782\/revisions\/24784"}],"wp:featuredmedia":[{"embeddable":true,"href":"https:\/\/www.press7.tv\/index.php?rest_route=\/wp\/v2\/media\/24783"}],"wp:attachment":[{"href":"https:\/\/www.press7.tv\/index.php?rest_route=%2Fwp%2Fv2%2Fmedia&parent=24782"}],"wp:term":[{"taxonomy":"category","embeddable":true,"href":"https:\/\/www.press7.tv\/index.php?rest_route=%2Fwp%2Fv2%2Fcategories&post=24782"},{"taxonomy":"post_tag","embeddable":true,"href":"https:\/\/www.press7.tv\/index.php?rest_route=%2Fwp%2Fv2%2Ftags&post=24782"}],"curies":[{"name":"wp","href":"https:\/\/api.w.org\/{rel}","templated":true}]}}