{"id":24776,"date":"2026-01-30T16:31:07","date_gmt":"2026-01-30T16:31:07","guid":{"rendered":"https:\/\/www.press7.tv\/?p=24776"},"modified":"2026-01-30T16:31:07","modified_gmt":"2026-01-30T16:31:07","slug":"dyshimet-per-keqperdorim-ne-tenderin-400-mije-eurosh-arrestohet-kryeshefi-i-eko-regjionit","status":"publish","type":"post","link":"https:\/\/www.press7.tv\/?p=24776","title":{"rendered":"Dyshimet p\u00ebr keqp\u00ebrdorim n\u00eb tenderin 400 mij\u00eb eurosh, arrestohet kryeshefi i \u201cEko-Regjionit\u201d"},"content":{"rendered":"\n    <div class=\"xs_social_share_widget xs_share_url before_content \t\tmain_content  wslu-style-2 wslu-share-box-shaped wslu-fill-colored wslu-share-m-5 wslu-none wslu-share-vertical wslu-theme-font-no wslu-main_content\">\n\n\t\t\n        <ul>\n\t\t\t        <\/ul>\n    <\/div> \n<p>Kryeshefi i nd\u00ebrmarrjes \u201cEkoregjioni\u201d n\u00eb Prizren, Burim Shala, \u00ebsht\u00eb arrestuar t\u00eb premten n\u00ebn dyshimin se ka keqp\u00ebrdorur autoritetin zyrtar n\u00eb nj\u00eb aktivitet t\u00eb prokurimit. <\/p>\n<p>Ai dyshohet p\u00ebr keqp\u00ebrdorim n\u00eb tenderin p\u00ebr blerjen e 5 kamion\u00ebve dhe t\u00eb nj\u00eb autofshese n\u00eb vler\u00eb afro 400 mij\u00eb euro. <\/p>\n<p>T\u00eb h\u00ebn\u00ebn, kur Prokuroria lidhur me k\u00ebt\u00eb procedur\u00eb prokurimi arrestoi edhe shefin e nj\u00ebsis\u00eb \u201cEkoregjioni\u201d n\u00eb Prizren, Arb\u00ebr Gashi dhe R.Z. nga kompania \u201cDielli\u201d q\u00eb ka shitur kamion\u00ebt, u zhvilluan bastisje edhe n\u00eb sht\u00ebpin\u00eb e Shal\u00ebs. <\/p>\n<p>Shala gjithashtu dyshohet p\u00ebr vepr\u00ebn penale &#8220;Mbajtja n\u00eb pron\u00ebsi, kontroll ose posedim t\u00eb paautorizuar t\u00eb arm\u00ebve&#8221;.<\/p>\n<p>Shala \u00ebsht\u00eb ndaluar p\u00ebr 48 or\u00eb. <\/p>\n<p>\u201cMe urdh\u00ebr t\u00eb Prokuroris\u00eb Speciale t\u00eb Republik\u00ebs s\u00eb Kosov\u00ebs, \u00ebsht\u00eb ndaluar p\u00ebr 48 or\u00eb i pandehuri B.Sh. I pandehuri B.Sh., dyshohet p\u00ebr vepr\u00ebn penale \u2018Keqp\u00ebrdorim i pozit\u00ebs apo autoritetit zyrtar nga neni 414 paragrafi 1, lidhur me nenin 31 t\u00eb KPRK-s\u00eb\u2019 dhe \u2018Mbajtja n\u00eb pron\u00ebsi, kontroll ose posedim t\u00eb paautorizuar t\u00eb arm\u00ebve\u2019\u201d, thuhet n\u00eb njoftimin e Prokuroris\u00eb Speciale t\u00eb l\u00ebshuar t\u00eb premten. <\/p>\n<p>Tutje thuhet  se ai \u00ebsht\u00eb arrestuar n\u00eb kuad\u00ebr t\u00eb hetimeve q\u00eb Prokuroria Speciale e Republik\u00ebs s\u00eb Kosov\u00ebs \u00ebsht\u00eb duke i zhvilluar lidhur me dyshimet p\u00ebr nj\u00eb aktivitet t\u00eb prokurimit.<\/p>\n<p>Gjat\u00eb bastisjes n\u00eb sht\u00ebpin\u00eb e Shal\u00ebs, n\u00eb mesin e provave jan\u00eb gjetur dhe sekuestruar nj\u00eb pushk\u00eb automatike AK-47 si dhe para t\u00eb gatshme.<\/p>\n<p>KOHA dit\u00ebn e bastisjes ka kontaktuar me Shal\u00ebn, por ai ka th\u00ebn\u00eb q\u00eb t\u2019i referohemi reagimit zyrtar t\u00eb kompanis\u00eb.<\/p>\n<p>E n\u00eb reagimin e kompanis\u00eb thuhej se kryeshefi q\u00eb nga e shtuna ndodhet n\u00eb Itali, duke hedhur posht\u00eb pretendimet se ai ndodhet n\u00eb arrati.<\/p>\n<p>\u201cKryeshefi Ekzekutiv, z. Burim Shala, q\u00eb nga dita e shtun\u00eb ndodhet n\u00eb Itali, p\u00ebr arsye strikt\u00ebsisht familjare, dhe kjo vizit\u00eb nuk ka asnj\u00eb lidhje me \u00e7far\u00ebdo pretendimi p\u00ebr arrati apo shmangie nga p\u00ebrgjegj\u00ebsia. Ai prej disa dit\u00ebsh ndodhet jasht\u00eb Kosov\u00ebs dhe kjo \u00ebsht\u00eb e ditur edhe m\u00eb her\u00ebt. Nj\u00ebkoh\u00ebsisht, ju njoftojm\u00eb se Kryeshefi Ekzekutiv, Burim Shala brenda k\u00ebsaj jave pritet t\u00eb kthehet n\u00eb Kosov\u00eb, dhe n\u00eb asnj\u00eb rrethan\u00eb nuk i shmanget p\u00ebrgjegj\u00ebsis\u00eb apo drejt\u00ebsis\u00eb\u201d, ka arsyetuar Kompania \u201cEko-Regjioni\u201d. <\/p>\n","protected":false},"excerpt":{"rendered":"<p>Kryeshefi i nd\u00ebrmarrjes \u201cEkoregjioni\u201d n\u00eb Prizren, Burim Shala, \u00ebsht\u00eb arrestuar t\u00eb premten n\u00ebn dyshimin se ka keqp\u00ebrdorur autoritetin zyrtar n\u00eb nj\u00eb aktivitet t\u00eb prokurimit. Ai dyshohet p\u00ebr keqp\u00ebrdorim n\u00eb tenderin p\u00ebr blerjen e 5 kamion\u00ebve dhe t\u00eb nj\u00eb autofshese n\u00eb vler\u00eb afro 400 mij\u00eb euro. T\u00eb h\u00ebn\u00ebn, kur Prokuroria lidhur me k\u00ebt\u00eb procedur\u00eb prokurimi arrestoi [&hellip;]<\/p>\n","protected":false},"author":8,"featured_media":24777,"comment_status":"closed","ping_status":"closed","sticky":false,"template":"","format":"standard","meta":{"footnotes":""},"categories":[215,213],"tags":[],"class_list":["post-24776","post","type-post","status-publish","format-standard","has-post-thumbnail","hentry","category-kosove","category-lajme"],"yoast_head":"<!-- This site is optimized with the Yoast SEO plugin v25.1 - https:\/\/yoast.com\/wordpress\/plugins\/seo\/ -->\n<title>Dyshimet p\u00ebr keqp\u00ebrdorim n\u00eb tenderin 400 mij\u00eb eurosh, arrestohet kryeshefi i \u201cEko-Regjionit\u201d - press7.tv<\/title>\n<meta name=\"robots\" content=\"index, follow, max-snippet:-1, max-image-preview:large, max-video-preview:-1\" \/>\n<link rel=\"canonical\" href=\"https:\/\/www.press7.tv\/?p=24776\" \/>\n<meta property=\"og:locale\" content=\"en_US\" \/>\n<meta property=\"og:type\" content=\"article\" \/>\n<meta property=\"og:title\" content=\"Dyshimet p\u00ebr keqp\u00ebrdorim n\u00eb tenderin 400 mij\u00eb eurosh, arrestohet kryeshefi i \u201cEko-Regjionit\u201d - press7.tv\" \/>\n<meta property=\"og:description\" content=\"Kryeshefi i nd\u00ebrmarrjes \u201cEkoregjioni\u201d n\u00eb Prizren, Burim Shala, \u00ebsht\u00eb arrestuar t\u00eb premten n\u00ebn dyshimin se ka keqp\u00ebrdorur autoritetin zyrtar n\u00eb nj\u00eb aktivitet t\u00eb prokurimit. Ai dyshohet p\u00ebr keqp\u00ebrdorim n\u00eb tenderin p\u00ebr blerjen e 5 kamion\u00ebve dhe t\u00eb nj\u00eb autofshese n\u00eb vler\u00eb afro 400 mij\u00eb euro. T\u00eb h\u00ebn\u00ebn, kur Prokuroria lidhur me k\u00ebt\u00eb procedur\u00eb prokurimi arrestoi [&hellip;]\" \/>\n<meta property=\"og:url\" content=\"https:\/\/www.press7.tv\/?p=24776\" \/>\n<meta property=\"og:site_name\" content=\"press7.tv\" \/>\n<meta property=\"article:publisher\" content=\"https:\/\/www.facebook.com\/press7.tv\" \/>\n<meta property=\"article:published_time\" content=\"2026-01-30T16:31:07+00:00\" \/>\n<meta property=\"og:image\" content=\"https:\/\/www.press7.tv\/wp-content\/uploads\/2026\/01\/fc92e61b-700f-4c26-8669-0fd6d8bcc89c.avif\" \/>\n\t<meta property=\"og:image:width\" content=\"680\" \/>\n\t<meta property=\"og:image:height\" content=\"434\" \/>\n\t<meta property=\"og:image:type\" content=\"image\/webp\" \/>\n<meta name=\"author\" content=\"gazetar2\" \/>\n<meta name=\"twitter:card\" content=\"summary_large_image\" \/>\n<meta name=\"twitter:label1\" content=\"Written by\" \/>\n\t<meta name=\"twitter:data1\" content=\"gazetar2\" \/>\n\t<meta name=\"twitter:label2\" content=\"Est. reading time\" \/>\n\t<meta name=\"twitter:data2\" content=\"1 minute\" \/>\n<script type=\"application\/ld+json\" class=\"yoast-schema-graph\">{\"@context\":\"https:\/\/schema.org\",\"@graph\":[{\"@type\":\"Article\",\"@id\":\"https:\/\/www.press7.tv\/?p=24776#article\",\"isPartOf\":{\"@id\":\"https:\/\/www.press7.tv\/?p=24776\"},\"author\":{\"name\":\"gazetar2\",\"@id\":\"https:\/\/www.news33.tv\/#\/schema\/person\/5a04a38a23ccdba82f9bd665cd8f9efa\"},\"headline\":\"Dyshimet p\u00ebr keqp\u00ebrdorim n\u00eb tenderin 400 mij\u00eb eurosh, arrestohet kryeshefi i \u201cEko-Regjionit\u201d\",\"datePublished\":\"2026-01-30T16:31:07+00:00\",\"mainEntityOfPage\":{\"@id\":\"https:\/\/www.press7.tv\/?p=24776\"},\"wordCount\":403,\"publisher\":{\"@id\":\"https:\/\/www.news33.tv\/#organization\"},\"image\":{\"@id\":\"https:\/\/www.press7.tv\/?p=24776#primaryimage\"},\"thumbnailUrl\":\"https:\/\/www.press7.tv\/wp-content\/uploads\/2026\/01\/fc92e61b-700f-4c26-8669-0fd6d8bcc89c.avif\",\"articleSection\":[\"Kosov\u00eb\",\"Lajme\"],\"inLanguage\":\"en-US\"},{\"@type\":\"WebPage\",\"@id\":\"https:\/\/www.press7.tv\/?p=24776\",\"url\":\"https:\/\/www.press7.tv\/?p=24776\",\"name\":\"Dyshimet p\u00ebr keqp\u00ebrdorim n\u00eb tenderin 400 mij\u00eb eurosh, arrestohet kryeshefi i \u201cEko-Regjionit\u201d - press7.tv\",\"isPartOf\":{\"@id\":\"https:\/\/www.news33.tv\/#website\"},\"primaryImageOfPage\":{\"@id\":\"https:\/\/www.press7.tv\/?p=24776#primaryimage\"},\"image\":{\"@id\":\"https:\/\/www.press7.tv\/?p=24776#primaryimage\"},\"thumbnailUrl\":\"https:\/\/www.press7.tv\/wp-content\/uploads\/2026\/01\/fc92e61b-700f-4c26-8669-0fd6d8bcc89c.avif\",\"datePublished\":\"2026-01-30T16:31:07+00:00\",\"breadcrumb\":{\"@id\":\"https:\/\/www.press7.tv\/?p=24776#breadcrumb\"},\"inLanguage\":\"en-US\",\"potentialAction\":[{\"@type\":\"ReadAction\",\"target\":[\"https:\/\/www.press7.tv\/?p=24776\"]}]},{\"@type\":\"ImageObject\",\"inLanguage\":\"en-US\",\"@id\":\"https:\/\/www.press7.tv\/?p=24776#primaryimage\",\"url\":\"https:\/\/www.press7.tv\/wp-content\/uploads\/2026\/01\/fc92e61b-700f-4c26-8669-0fd6d8bcc89c.avif\",\"contentUrl\":\"https:\/\/www.press7.tv\/wp-content\/uploads\/2026\/01\/fc92e61b-700f-4c26-8669-0fd6d8bcc89c.avif\",\"width\":680,\"height\":434},{\"@type\":\"BreadcrumbList\",\"@id\":\"https:\/\/www.press7.tv\/?p=24776#breadcrumb\",\"itemListElement\":[{\"@type\":\"ListItem\",\"position\":1,\"name\":\"Home\",\"item\":\"https:\/\/www.press7.tv\/\"},{\"@type\":\"ListItem\",\"position\":2,\"name\":\"Dyshimet p\u00ebr keqp\u00ebrdorim n\u00eb tenderin 400 mij\u00eb eurosh, arrestohet kryeshefi i \u201cEko-Regjionit\u201d\"}]},{\"@type\":\"WebSite\",\"@id\":\"https:\/\/www.news33.tv\/#website\",\"url\":\"https:\/\/www.news33.tv\/\",\"name\":\"News33.tv Media\",\"description\":\"Media\",\"publisher\":{\"@id\":\"https:\/\/www.news33.tv\/#organization\"},\"potentialAction\":[{\"@type\":\"SearchAction\",\"target\":{\"@type\":\"EntryPoint\",\"urlTemplate\":\"https:\/\/www.news33.tv\/?s={search_term_string}\"},\"query-input\":{\"@type\":\"PropertyValueSpecification\",\"valueRequired\":true,\"valueName\":\"search_term_string\"}}],\"inLanguage\":\"en-US\"},{\"@type\":\"Organization\",\"@id\":\"https:\/\/www.news33.tv\/#organization\",\"name\":\"News33.tv Media\",\"url\":\"https:\/\/www.news33.tv\/\",\"logo\":{\"@type\":\"ImageObject\",\"inLanguage\":\"en-US\",\"@id\":\"https:\/\/www.news33.tv\/#\/schema\/logo\/image\/\",\"url\":\"https:\/\/www.press7.tv\/wp-content\/uploads\/2024\/02\/logo-news33-black.png\",\"contentUrl\":\"https:\/\/www.press7.tv\/wp-content\/uploads\/2024\/02\/logo-news33-black.png\",\"width\":180,\"height\":37,\"caption\":\"News33.tv Media\"},\"image\":{\"@id\":\"https:\/\/www.news33.tv\/#\/schema\/logo\/image\/\"},\"sameAs\":[\"https:\/\/www.facebook.com\/press7.tv\"]},{\"@type\":\"Person\",\"@id\":\"https:\/\/www.news33.tv\/#\/schema\/person\/5a04a38a23ccdba82f9bd665cd8f9efa\",\"name\":\"gazetar2\",\"image\":{\"@type\":\"ImageObject\",\"inLanguage\":\"en-US\",\"@id\":\"https:\/\/www.news33.tv\/#\/schema\/person\/image\/\",\"url\":\"https:\/\/www.press7.tv\/wp-content\/litespeed\/avatar\/41975e402c3049d9ddb03adca8f7a883.jpg?ver=1777169572\",\"contentUrl\":\"https:\/\/www.press7.tv\/wp-content\/litespeed\/avatar\/41975e402c3049d9ddb03adca8f7a883.jpg?ver=1777169572\",\"caption\":\"gazetar2\"},\"url\":\"https:\/\/www.press7.tv\/?author=8\"}]}<\/script>\n<!-- \/ Yoast SEO plugin. -->","yoast_head_json":{"title":"Dyshimet p\u00ebr keqp\u00ebrdorim n\u00eb tenderin 400 mij\u00eb eurosh, arrestohet kryeshefi i \u201cEko-Regjionit\u201d - press7.tv","robots":{"index":"index","follow":"follow","max-snippet":"max-snippet:-1","max-image-preview":"max-image-preview:large","max-video-preview":"max-video-preview:-1"},"canonical":"https:\/\/www.press7.tv\/?p=24776","og_locale":"en_US","og_type":"article","og_title":"Dyshimet p\u00ebr keqp\u00ebrdorim n\u00eb tenderin 400 mij\u00eb eurosh, arrestohet kryeshefi i \u201cEko-Regjionit\u201d - press7.tv","og_description":"Kryeshefi i nd\u00ebrmarrjes \u201cEkoregjioni\u201d n\u00eb Prizren, Burim Shala, \u00ebsht\u00eb arrestuar t\u00eb premten n\u00ebn dyshimin se ka keqp\u00ebrdorur autoritetin zyrtar n\u00eb nj\u00eb aktivitet t\u00eb prokurimit. Ai dyshohet p\u00ebr keqp\u00ebrdorim n\u00eb tenderin p\u00ebr blerjen e 5 kamion\u00ebve dhe t\u00eb nj\u00eb autofshese n\u00eb vler\u00eb afro 400 mij\u00eb euro. T\u00eb h\u00ebn\u00ebn, kur Prokuroria lidhur me k\u00ebt\u00eb procedur\u00eb prokurimi arrestoi [&hellip;]","og_url":"https:\/\/www.press7.tv\/?p=24776","og_site_name":"press7.tv","article_publisher":"https:\/\/www.facebook.com\/press7.tv","article_published_time":"2026-01-30T16:31:07+00:00","og_image":[{"width":680,"height":434,"url":"https:\/\/www.press7.tv\/wp-content\/uploads\/2026\/01\/fc92e61b-700f-4c26-8669-0fd6d8bcc89c.avif","type":"image\/webp"}],"author":"gazetar2","twitter_card":"summary_large_image","twitter_misc":{"Written by":"gazetar2","Est. reading time":"1 minute"},"schema":{"@context":"https:\/\/schema.org","@graph":[{"@type":"Article","@id":"https:\/\/www.press7.tv\/?p=24776#article","isPartOf":{"@id":"https:\/\/www.press7.tv\/?p=24776"},"author":{"name":"gazetar2","@id":"https:\/\/www.news33.tv\/#\/schema\/person\/5a04a38a23ccdba82f9bd665cd8f9efa"},"headline":"Dyshimet p\u00ebr keqp\u00ebrdorim n\u00eb tenderin 400 mij\u00eb eurosh, arrestohet kryeshefi i \u201cEko-Regjionit\u201d","datePublished":"2026-01-30T16:31:07+00:00","mainEntityOfPage":{"@id":"https:\/\/www.press7.tv\/?p=24776"},"wordCount":403,"publisher":{"@id":"https:\/\/www.news33.tv\/#organization"},"image":{"@id":"https:\/\/www.press7.tv\/?p=24776#primaryimage"},"thumbnailUrl":"https:\/\/www.press7.tv\/wp-content\/uploads\/2026\/01\/fc92e61b-700f-4c26-8669-0fd6d8bcc89c.avif","articleSection":["Kosov\u00eb","Lajme"],"inLanguage":"en-US"},{"@type":"WebPage","@id":"https:\/\/www.press7.tv\/?p=24776","url":"https:\/\/www.press7.tv\/?p=24776","name":"Dyshimet p\u00ebr keqp\u00ebrdorim n\u00eb tenderin 400 mij\u00eb eurosh, arrestohet kryeshefi i \u201cEko-Regjionit\u201d - press7.tv","isPartOf":{"@id":"https:\/\/www.news33.tv\/#website"},"primaryImageOfPage":{"@id":"https:\/\/www.press7.tv\/?p=24776#primaryimage"},"image":{"@id":"https:\/\/www.press7.tv\/?p=24776#primaryimage"},"thumbnailUrl":"https:\/\/www.press7.tv\/wp-content\/uploads\/2026\/01\/fc92e61b-700f-4c26-8669-0fd6d8bcc89c.avif","datePublished":"2026-01-30T16:31:07+00:00","breadcrumb":{"@id":"https:\/\/www.press7.tv\/?p=24776#breadcrumb"},"inLanguage":"en-US","potentialAction":[{"@type":"ReadAction","target":["https:\/\/www.press7.tv\/?p=24776"]}]},{"@type":"ImageObject","inLanguage":"en-US","@id":"https:\/\/www.press7.tv\/?p=24776#primaryimage","url":"https:\/\/www.press7.tv\/wp-content\/uploads\/2026\/01\/fc92e61b-700f-4c26-8669-0fd6d8bcc89c.avif","contentUrl":"https:\/\/www.press7.tv\/wp-content\/uploads\/2026\/01\/fc92e61b-700f-4c26-8669-0fd6d8bcc89c.avif","width":680,"height":434},{"@type":"BreadcrumbList","@id":"https:\/\/www.press7.tv\/?p=24776#breadcrumb","itemListElement":[{"@type":"ListItem","position":1,"name":"Home","item":"https:\/\/www.press7.tv\/"},{"@type":"ListItem","position":2,"name":"Dyshimet p\u00ebr keqp\u00ebrdorim n\u00eb tenderin 400 mij\u00eb eurosh, arrestohet kryeshefi i \u201cEko-Regjionit\u201d"}]},{"@type":"WebSite","@id":"https:\/\/www.news33.tv\/#website","url":"https:\/\/www.news33.tv\/","name":"News33.tv Media","description":"Media","publisher":{"@id":"https:\/\/www.news33.tv\/#organization"},"potentialAction":[{"@type":"SearchAction","target":{"@type":"EntryPoint","urlTemplate":"https:\/\/www.news33.tv\/?s={search_term_string}"},"query-input":{"@type":"PropertyValueSpecification","valueRequired":true,"valueName":"search_term_string"}}],"inLanguage":"en-US"},{"@type":"Organization","@id":"https:\/\/www.news33.tv\/#organization","name":"News33.tv Media","url":"https:\/\/www.news33.tv\/","logo":{"@type":"ImageObject","inLanguage":"en-US","@id":"https:\/\/www.news33.tv\/#\/schema\/logo\/image\/","url":"https:\/\/www.press7.tv\/wp-content\/uploads\/2024\/02\/logo-news33-black.png","contentUrl":"https:\/\/www.press7.tv\/wp-content\/uploads\/2024\/02\/logo-news33-black.png","width":180,"height":37,"caption":"News33.tv Media"},"image":{"@id":"https:\/\/www.news33.tv\/#\/schema\/logo\/image\/"},"sameAs":["https:\/\/www.facebook.com\/press7.tv"]},{"@type":"Person","@id":"https:\/\/www.news33.tv\/#\/schema\/person\/5a04a38a23ccdba82f9bd665cd8f9efa","name":"gazetar2","image":{"@type":"ImageObject","inLanguage":"en-US","@id":"https:\/\/www.news33.tv\/#\/schema\/person\/image\/","url":"https:\/\/www.press7.tv\/wp-content\/litespeed\/avatar\/41975e402c3049d9ddb03adca8f7a883.jpg?ver=1777169572","contentUrl":"https:\/\/www.press7.tv\/wp-content\/litespeed\/avatar\/41975e402c3049d9ddb03adca8f7a883.jpg?ver=1777169572","caption":"gazetar2"},"url":"https:\/\/www.press7.tv\/?author=8"}]}},"amp_enabled":true,"_links":{"self":[{"href":"https:\/\/www.press7.tv\/index.php?rest_route=\/wp\/v2\/posts\/24776","targetHints":{"allow":["GET"]}}],"collection":[{"href":"https:\/\/www.press7.tv\/index.php?rest_route=\/wp\/v2\/posts"}],"about":[{"href":"https:\/\/www.press7.tv\/index.php?rest_route=\/wp\/v2\/types\/post"}],"author":[{"embeddable":true,"href":"https:\/\/www.press7.tv\/index.php?rest_route=\/wp\/v2\/users\/8"}],"replies":[{"embeddable":true,"href":"https:\/\/www.press7.tv\/index.php?rest_route=%2Fwp%2Fv2%2Fcomments&post=24776"}],"version-history":[{"count":1,"href":"https:\/\/www.press7.tv\/index.php?rest_route=\/wp\/v2\/posts\/24776\/revisions"}],"predecessor-version":[{"id":24778,"href":"https:\/\/www.press7.tv\/index.php?rest_route=\/wp\/v2\/posts\/24776\/revisions\/24778"}],"wp:featuredmedia":[{"embeddable":true,"href":"https:\/\/www.press7.tv\/index.php?rest_route=\/wp\/v2\/media\/24777"}],"wp:attachment":[{"href":"https:\/\/www.press7.tv\/index.php?rest_route=%2Fwp%2Fv2%2Fmedia&parent=24776"}],"wp:term":[{"taxonomy":"category","embeddable":true,"href":"https:\/\/www.press7.tv\/index.php?rest_route=%2Fwp%2Fv2%2Fcategories&post=24776"},{"taxonomy":"post_tag","embeddable":true,"href":"https:\/\/www.press7.tv\/index.php?rest_route=%2Fwp%2Fv2%2Ftags&post=24776"}],"curies":[{"name":"wp","href":"https:\/\/api.w.org\/{rel}","templated":true}]}}