{"id":24773,"date":"2026-01-30T15:53:57","date_gmt":"2026-01-30T15:53:57","guid":{"rendered":"https:\/\/www.press7.tv\/?p=24773"},"modified":"2026-01-30T15:53:57","modified_gmt":"2026-01-30T15:53:57","slug":"peci-intervistohet-ne-cilesine-e-te-pandehurit-per-grantet-ne-ministrine-e-bujqesise","status":"publish","type":"post","link":"https:\/\/www.press7.tv\/?p=24773","title":{"rendered":"Peci intervistohet n\u00eb cil\u00ebsin\u00eb e t\u00eb pandehurit p\u00ebr grantet n\u00eb Ministrin\u00eb e Bujq\u00ebsis\u00eb"},"content":{"rendered":"\n    <div class=\"xs_social_share_widget xs_share_url before_content \t\tmain_content  wslu-style-2 wslu-share-box-shaped wslu-fill-colored wslu-share-m-5 wslu-none wslu-share-vertical wslu-theme-font-no wslu-main_content\">\n\n\t\t\n        <ul>\n\t\t\t        <\/ul>\n    <\/div> \n<p>Ish-ministri i Bujq\u00ebsis\u00eb, Faton Peci, \u00ebsht\u00eb intervistuar n\u00eb cil\u00ebsin\u00eb e t\u00eb pandehurit p\u00ebr grantet n\u00eb Ministrin\u00eb e Bujq\u00ebsis\u00eb nga Prokuroria Speciale. <\/p>\n<p>&#8220;Ju njoftojm\u00eb se z. Faton Peci \u00ebsht\u00eb intervistuar n\u00eb cil\u00ebsin\u00eb e t\u00eb pandehurit n\u00eb rastin e granteve, i cili \u00ebsht\u00eb n\u00eb trajtim nga Prokuroria Speciale e Republik\u00ebs s\u00eb Kosov\u00ebs&#8221;, njoftoi PSRK. <\/p>\n<p>M\u00eb 19 n\u00ebntor 2024, Paris Guri i Lidhjes Demokratike t\u00eb Kosov\u00ebs pati dor\u00ebzuar kall\u00ebzim penal ndaj Pecit duke e akuzuar p\u00ebr keqp\u00ebrdorim t\u00eb paras\u00eb publike, me pretendimin se v\u00ebllai dhe daja i kandidates p\u00ebr deputete e L\u00ebvizjes Vet\u00ebvendosje, Fitore Pacoli, kishin marr\u00eb grante nga kjo ministri. <\/p>\n<p>Peci e Pacolli pat\u00ebn kund\u00ebrshtuar akuzat, nd\u00ebrsa Peci pati paditur zyrtar\u00ebt e LDK-s\u00eb duke i akuzuar se kan\u00eb shtyr\u00eb persona t\u00eb tjer\u00eb q\u00eb t\u00eb b\u00ebjn\u00eb deklarime t\u00eb rrejshme. Ai pati p\u00ebrmendur Gurin dhe kryetarin e LDK-s\u00eb, Lumir Abdixhiku, se t\u00eb dy e zyrtar\u00eb t\u00eb tjer\u00eb t\u00eb LDK-s\u00eb kan\u00eb dashur t\u00eb konstruktojn\u00eb fabrikime se kan\u00eb p\u00ebrfituar grante n\u00eb bujq\u00ebsi me an\u00eb t\u00eb ryshfetit.<\/p>\n<p>Peci paralajm\u00ebron kall\u00ebzim penal ndaj Gurit: Dhash\u00eb sqarimet e mia n\u00eb Prokurori<\/p>\n<p>Ish-ministri i Bujq\u00ebsis\u00eb, Faton Peci, ka th\u00ebn\u00eb se ka qen\u00eb n\u00eb Prokurorin\u00eb Speciale t\u00eb premten p\u00ebr t\u00eb dh\u00ebn\u00eb \u201csqarimet\u201d lidhur me grantet n\u00eb Ministri, derisa Prokuroria konfirmoi se Peci \u00ebsht\u00eb intervistuar si i pandehur. <\/p>\n<p>Ai ka th\u00ebn\u00eb se shpejt do t\u2019i drejtohet organeve t\u00eb drejt\u00ebsis\u00eb me kall\u00ebzim penal kund\u00ebr kall\u00ebzimit penal t\u00eb Paris Gurit t\u00eb LDK-s\u00eb. <\/p>\n<p>\u201cP\u00ebrmes k\u00ebtij postimi, ju informoj se sot isha n\u00eb Prokurori p\u00ebr t\u00eb dh\u00ebn\u00eb p\u00ebrgjigjet dhe sqarimet e mia n\u00eb kall\u00ebzimin penal t\u00eb ngritur nga LDK-ja p\u00ebrmes ish-deputetit t\u00eb saj t\u00eb zgjedhur nga votat e vjedhura t\u00eb m\u00ebrgat\u00ebs, Paris Guri. N\u00eb prokurori, sikur gjithmon\u00eb gjat\u00eb jet\u00ebs sime, isha transparent, i qart\u00eb dhe i drejtp\u00ebrdrejt\u00eb n\u00eb lidhje me shpjegimet rreth \u00e7\u00ebshtjes dhe rolit q\u00eb kam pasur si Minist\u00ebr n\u00eb procesin e granteve t\u00eb Ministris\u00eb s\u00eb Bujq\u00ebsis\u00eb, Pylltaris\u00eb dhe Zhvillimit Rural\u201d, ka shkruar n\u00eb Facebook.<\/p>\n","protected":false},"excerpt":{"rendered":"<p>Ish-ministri i Bujq\u00ebsis\u00eb, Faton Peci, \u00ebsht\u00eb intervistuar n\u00eb cil\u00ebsin\u00eb e t\u00eb pandehurit p\u00ebr grantet n\u00eb Ministrin\u00eb e Bujq\u00ebsis\u00eb nga Prokuroria Speciale. &#8220;Ju njoftojm\u00eb se z. Faton Peci \u00ebsht\u00eb intervistuar n\u00eb cil\u00ebsin\u00eb e t\u00eb pandehurit n\u00eb rastin e granteve, i cili \u00ebsht\u00eb n\u00eb trajtim nga Prokuroria Speciale e Republik\u00ebs s\u00eb Kosov\u00ebs&#8221;, njoftoi PSRK. M\u00eb 19 n\u00ebntor [&hellip;]<\/p>\n","protected":false},"author":8,"featured_media":24774,"comment_status":"closed","ping_status":"closed","sticky":false,"template":"","format":"standard","meta":{"footnotes":""},"categories":[215,213],"tags":[],"class_list":["post-24773","post","type-post","status-publish","format-standard","has-post-thumbnail","hentry","category-kosove","category-lajme"],"yoast_head":"<!-- This site is optimized with the Yoast SEO plugin v25.1 - https:\/\/yoast.com\/wordpress\/plugins\/seo\/ -->\n<title>Peci intervistohet n\u00eb cil\u00ebsin\u00eb e t\u00eb pandehurit p\u00ebr grantet n\u00eb Ministrin\u00eb e Bujq\u00ebsis\u00eb - press7.tv<\/title>\n<meta name=\"robots\" content=\"index, follow, max-snippet:-1, max-image-preview:large, max-video-preview:-1\" \/>\n<link rel=\"canonical\" href=\"https:\/\/www.press7.tv\/?p=24773\" \/>\n<meta property=\"og:locale\" content=\"en_US\" \/>\n<meta property=\"og:type\" content=\"article\" \/>\n<meta property=\"og:title\" content=\"Peci intervistohet n\u00eb cil\u00ebsin\u00eb e t\u00eb pandehurit p\u00ebr grantet n\u00eb Ministrin\u00eb e Bujq\u00ebsis\u00eb - press7.tv\" \/>\n<meta property=\"og:description\" content=\"Ish-ministri i Bujq\u00ebsis\u00eb, Faton Peci, \u00ebsht\u00eb intervistuar n\u00eb cil\u00ebsin\u00eb e t\u00eb pandehurit p\u00ebr grantet n\u00eb Ministrin\u00eb e Bujq\u00ebsis\u00eb nga Prokuroria Speciale. &#8220;Ju njoftojm\u00eb se z. Faton Peci \u00ebsht\u00eb intervistuar n\u00eb cil\u00ebsin\u00eb e t\u00eb pandehurit n\u00eb rastin e granteve, i cili \u00ebsht\u00eb n\u00eb trajtim nga Prokuroria Speciale e Republik\u00ebs s\u00eb Kosov\u00ebs&#8221;, njoftoi PSRK. M\u00eb 19 n\u00ebntor [&hellip;]\" \/>\n<meta property=\"og:url\" content=\"https:\/\/www.press7.tv\/?p=24773\" \/>\n<meta property=\"og:site_name\" content=\"press7.tv\" \/>\n<meta property=\"article:publisher\" content=\"https:\/\/www.facebook.com\/press7.tv\" \/>\n<meta property=\"article:published_time\" content=\"2026-01-30T15:53:57+00:00\" \/>\n<meta property=\"og:image\" content=\"https:\/\/www.press7.tv\/wp-content\/uploads\/2026\/01\/40f6b748-4370-4f2f-b3da-d3bf72f10b14.avif\" \/>\n\t<meta property=\"og:image:width\" content=\"680\" \/>\n\t<meta property=\"og:image:height\" content=\"434\" \/>\n\t<meta property=\"og:image:type\" content=\"image\/webp\" \/>\n<meta name=\"author\" content=\"gazetar2\" \/>\n<meta name=\"twitter:card\" content=\"summary_large_image\" \/>\n<meta name=\"twitter:label1\" content=\"Written by\" \/>\n\t<meta name=\"twitter:data1\" content=\"gazetar2\" \/>\n\t<meta name=\"twitter:label2\" content=\"Est. reading time\" \/>\n\t<meta name=\"twitter:data2\" content=\"1 minute\" \/>\n<script type=\"application\/ld+json\" class=\"yoast-schema-graph\">{\"@context\":\"https:\/\/schema.org\",\"@graph\":[{\"@type\":\"Article\",\"@id\":\"https:\/\/www.press7.tv\/?p=24773#article\",\"isPartOf\":{\"@id\":\"https:\/\/www.press7.tv\/?p=24773\"},\"author\":{\"name\":\"gazetar2\",\"@id\":\"https:\/\/www.news33.tv\/#\/schema\/person\/5a04a38a23ccdba82f9bd665cd8f9efa\"},\"headline\":\"Peci intervistohet n\u00eb cil\u00ebsin\u00eb e t\u00eb pandehurit p\u00ebr grantet n\u00eb Ministrin\u00eb e Bujq\u00ebsis\u00eb\",\"datePublished\":\"2026-01-30T15:53:57+00:00\",\"mainEntityOfPage\":{\"@id\":\"https:\/\/www.press7.tv\/?p=24773\"},\"wordCount\":374,\"publisher\":{\"@id\":\"https:\/\/www.news33.tv\/#organization\"},\"image\":{\"@id\":\"https:\/\/www.press7.tv\/?p=24773#primaryimage\"},\"thumbnailUrl\":\"https:\/\/www.press7.tv\/wp-content\/uploads\/2026\/01\/40f6b748-4370-4f2f-b3da-d3bf72f10b14.avif\",\"articleSection\":[\"Kosov\u00eb\",\"Lajme\"],\"inLanguage\":\"en-US\"},{\"@type\":\"WebPage\",\"@id\":\"https:\/\/www.press7.tv\/?p=24773\",\"url\":\"https:\/\/www.press7.tv\/?p=24773\",\"name\":\"Peci intervistohet n\u00eb cil\u00ebsin\u00eb e t\u00eb pandehurit p\u00ebr grantet n\u00eb Ministrin\u00eb e Bujq\u00ebsis\u00eb - press7.tv\",\"isPartOf\":{\"@id\":\"https:\/\/www.news33.tv\/#website\"},\"primaryImageOfPage\":{\"@id\":\"https:\/\/www.press7.tv\/?p=24773#primaryimage\"},\"image\":{\"@id\":\"https:\/\/www.press7.tv\/?p=24773#primaryimage\"},\"thumbnailUrl\":\"https:\/\/www.press7.tv\/wp-content\/uploads\/2026\/01\/40f6b748-4370-4f2f-b3da-d3bf72f10b14.avif\",\"datePublished\":\"2026-01-30T15:53:57+00:00\",\"breadcrumb\":{\"@id\":\"https:\/\/www.press7.tv\/?p=24773#breadcrumb\"},\"inLanguage\":\"en-US\",\"potentialAction\":[{\"@type\":\"ReadAction\",\"target\":[\"https:\/\/www.press7.tv\/?p=24773\"]}]},{\"@type\":\"ImageObject\",\"inLanguage\":\"en-US\",\"@id\":\"https:\/\/www.press7.tv\/?p=24773#primaryimage\",\"url\":\"https:\/\/www.press7.tv\/wp-content\/uploads\/2026\/01\/40f6b748-4370-4f2f-b3da-d3bf72f10b14.avif\",\"contentUrl\":\"https:\/\/www.press7.tv\/wp-content\/uploads\/2026\/01\/40f6b748-4370-4f2f-b3da-d3bf72f10b14.avif\",\"width\":680,\"height\":434},{\"@type\":\"BreadcrumbList\",\"@id\":\"https:\/\/www.press7.tv\/?p=24773#breadcrumb\",\"itemListElement\":[{\"@type\":\"ListItem\",\"position\":1,\"name\":\"Home\",\"item\":\"https:\/\/www.press7.tv\/\"},{\"@type\":\"ListItem\",\"position\":2,\"name\":\"Peci intervistohet n\u00eb cil\u00ebsin\u00eb e t\u00eb pandehurit p\u00ebr grantet n\u00eb Ministrin\u00eb e Bujq\u00ebsis\u00eb\"}]},{\"@type\":\"WebSite\",\"@id\":\"https:\/\/www.news33.tv\/#website\",\"url\":\"https:\/\/www.news33.tv\/\",\"name\":\"News33.tv Media\",\"description\":\"Media\",\"publisher\":{\"@id\":\"https:\/\/www.news33.tv\/#organization\"},\"potentialAction\":[{\"@type\":\"SearchAction\",\"target\":{\"@type\":\"EntryPoint\",\"urlTemplate\":\"https:\/\/www.news33.tv\/?s={search_term_string}\"},\"query-input\":{\"@type\":\"PropertyValueSpecification\",\"valueRequired\":true,\"valueName\":\"search_term_string\"}}],\"inLanguage\":\"en-US\"},{\"@type\":\"Organization\",\"@id\":\"https:\/\/www.news33.tv\/#organization\",\"name\":\"News33.tv Media\",\"url\":\"https:\/\/www.news33.tv\/\",\"logo\":{\"@type\":\"ImageObject\",\"inLanguage\":\"en-US\",\"@id\":\"https:\/\/www.news33.tv\/#\/schema\/logo\/image\/\",\"url\":\"https:\/\/www.press7.tv\/wp-content\/uploads\/2024\/02\/logo-news33-black.png\",\"contentUrl\":\"https:\/\/www.press7.tv\/wp-content\/uploads\/2024\/02\/logo-news33-black.png\",\"width\":180,\"height\":37,\"caption\":\"News33.tv Media\"},\"image\":{\"@id\":\"https:\/\/www.news33.tv\/#\/schema\/logo\/image\/\"},\"sameAs\":[\"https:\/\/www.facebook.com\/press7.tv\"]},{\"@type\":\"Person\",\"@id\":\"https:\/\/www.news33.tv\/#\/schema\/person\/5a04a38a23ccdba82f9bd665cd8f9efa\",\"name\":\"gazetar2\",\"image\":{\"@type\":\"ImageObject\",\"inLanguage\":\"en-US\",\"@id\":\"https:\/\/www.news33.tv\/#\/schema\/person\/image\/\",\"url\":\"https:\/\/www.press7.tv\/wp-content\/litespeed\/avatar\/41975e402c3049d9ddb03adca8f7a883.jpg?ver=1777169572\",\"contentUrl\":\"https:\/\/www.press7.tv\/wp-content\/litespeed\/avatar\/41975e402c3049d9ddb03adca8f7a883.jpg?ver=1777169572\",\"caption\":\"gazetar2\"},\"url\":\"https:\/\/www.press7.tv\/?author=8\"}]}<\/script>\n<!-- \/ Yoast SEO plugin. -->","yoast_head_json":{"title":"Peci intervistohet n\u00eb cil\u00ebsin\u00eb e t\u00eb pandehurit p\u00ebr grantet n\u00eb Ministrin\u00eb e Bujq\u00ebsis\u00eb - press7.tv","robots":{"index":"index","follow":"follow","max-snippet":"max-snippet:-1","max-image-preview":"max-image-preview:large","max-video-preview":"max-video-preview:-1"},"canonical":"https:\/\/www.press7.tv\/?p=24773","og_locale":"en_US","og_type":"article","og_title":"Peci intervistohet n\u00eb cil\u00ebsin\u00eb e t\u00eb pandehurit p\u00ebr grantet n\u00eb Ministrin\u00eb e Bujq\u00ebsis\u00eb - press7.tv","og_description":"Ish-ministri i Bujq\u00ebsis\u00eb, Faton Peci, \u00ebsht\u00eb intervistuar n\u00eb cil\u00ebsin\u00eb e t\u00eb pandehurit p\u00ebr grantet n\u00eb Ministrin\u00eb e Bujq\u00ebsis\u00eb nga Prokuroria Speciale. &#8220;Ju njoftojm\u00eb se z. Faton Peci \u00ebsht\u00eb intervistuar n\u00eb cil\u00ebsin\u00eb e t\u00eb pandehurit n\u00eb rastin e granteve, i cili \u00ebsht\u00eb n\u00eb trajtim nga Prokuroria Speciale e Republik\u00ebs s\u00eb Kosov\u00ebs&#8221;, njoftoi PSRK. M\u00eb 19 n\u00ebntor [&hellip;]","og_url":"https:\/\/www.press7.tv\/?p=24773","og_site_name":"press7.tv","article_publisher":"https:\/\/www.facebook.com\/press7.tv","article_published_time":"2026-01-30T15:53:57+00:00","og_image":[{"width":680,"height":434,"url":"https:\/\/www.press7.tv\/wp-content\/uploads\/2026\/01\/40f6b748-4370-4f2f-b3da-d3bf72f10b14.avif","type":"image\/webp"}],"author":"gazetar2","twitter_card":"summary_large_image","twitter_misc":{"Written by":"gazetar2","Est. reading time":"1 minute"},"schema":{"@context":"https:\/\/schema.org","@graph":[{"@type":"Article","@id":"https:\/\/www.press7.tv\/?p=24773#article","isPartOf":{"@id":"https:\/\/www.press7.tv\/?p=24773"},"author":{"name":"gazetar2","@id":"https:\/\/www.news33.tv\/#\/schema\/person\/5a04a38a23ccdba82f9bd665cd8f9efa"},"headline":"Peci intervistohet n\u00eb cil\u00ebsin\u00eb e t\u00eb pandehurit p\u00ebr grantet n\u00eb Ministrin\u00eb e Bujq\u00ebsis\u00eb","datePublished":"2026-01-30T15:53:57+00:00","mainEntityOfPage":{"@id":"https:\/\/www.press7.tv\/?p=24773"},"wordCount":374,"publisher":{"@id":"https:\/\/www.news33.tv\/#organization"},"image":{"@id":"https:\/\/www.press7.tv\/?p=24773#primaryimage"},"thumbnailUrl":"https:\/\/www.press7.tv\/wp-content\/uploads\/2026\/01\/40f6b748-4370-4f2f-b3da-d3bf72f10b14.avif","articleSection":["Kosov\u00eb","Lajme"],"inLanguage":"en-US"},{"@type":"WebPage","@id":"https:\/\/www.press7.tv\/?p=24773","url":"https:\/\/www.press7.tv\/?p=24773","name":"Peci intervistohet n\u00eb cil\u00ebsin\u00eb e t\u00eb pandehurit p\u00ebr grantet n\u00eb Ministrin\u00eb e Bujq\u00ebsis\u00eb - press7.tv","isPartOf":{"@id":"https:\/\/www.news33.tv\/#website"},"primaryImageOfPage":{"@id":"https:\/\/www.press7.tv\/?p=24773#primaryimage"},"image":{"@id":"https:\/\/www.press7.tv\/?p=24773#primaryimage"},"thumbnailUrl":"https:\/\/www.press7.tv\/wp-content\/uploads\/2026\/01\/40f6b748-4370-4f2f-b3da-d3bf72f10b14.avif","datePublished":"2026-01-30T15:53:57+00:00","breadcrumb":{"@id":"https:\/\/www.press7.tv\/?p=24773#breadcrumb"},"inLanguage":"en-US","potentialAction":[{"@type":"ReadAction","target":["https:\/\/www.press7.tv\/?p=24773"]}]},{"@type":"ImageObject","inLanguage":"en-US","@id":"https:\/\/www.press7.tv\/?p=24773#primaryimage","url":"https:\/\/www.press7.tv\/wp-content\/uploads\/2026\/01\/40f6b748-4370-4f2f-b3da-d3bf72f10b14.avif","contentUrl":"https:\/\/www.press7.tv\/wp-content\/uploads\/2026\/01\/40f6b748-4370-4f2f-b3da-d3bf72f10b14.avif","width":680,"height":434},{"@type":"BreadcrumbList","@id":"https:\/\/www.press7.tv\/?p=24773#breadcrumb","itemListElement":[{"@type":"ListItem","position":1,"name":"Home","item":"https:\/\/www.press7.tv\/"},{"@type":"ListItem","position":2,"name":"Peci intervistohet n\u00eb cil\u00ebsin\u00eb e t\u00eb pandehurit p\u00ebr grantet n\u00eb Ministrin\u00eb e Bujq\u00ebsis\u00eb"}]},{"@type":"WebSite","@id":"https:\/\/www.news33.tv\/#website","url":"https:\/\/www.news33.tv\/","name":"News33.tv Media","description":"Media","publisher":{"@id":"https:\/\/www.news33.tv\/#organization"},"potentialAction":[{"@type":"SearchAction","target":{"@type":"EntryPoint","urlTemplate":"https:\/\/www.news33.tv\/?s={search_term_string}"},"query-input":{"@type":"PropertyValueSpecification","valueRequired":true,"valueName":"search_term_string"}}],"inLanguage":"en-US"},{"@type":"Organization","@id":"https:\/\/www.news33.tv\/#organization","name":"News33.tv Media","url":"https:\/\/www.news33.tv\/","logo":{"@type":"ImageObject","inLanguage":"en-US","@id":"https:\/\/www.news33.tv\/#\/schema\/logo\/image\/","url":"https:\/\/www.press7.tv\/wp-content\/uploads\/2024\/02\/logo-news33-black.png","contentUrl":"https:\/\/www.press7.tv\/wp-content\/uploads\/2024\/02\/logo-news33-black.png","width":180,"height":37,"caption":"News33.tv Media"},"image":{"@id":"https:\/\/www.news33.tv\/#\/schema\/logo\/image\/"},"sameAs":["https:\/\/www.facebook.com\/press7.tv"]},{"@type":"Person","@id":"https:\/\/www.news33.tv\/#\/schema\/person\/5a04a38a23ccdba82f9bd665cd8f9efa","name":"gazetar2","image":{"@type":"ImageObject","inLanguage":"en-US","@id":"https:\/\/www.news33.tv\/#\/schema\/person\/image\/","url":"https:\/\/www.press7.tv\/wp-content\/litespeed\/avatar\/41975e402c3049d9ddb03adca8f7a883.jpg?ver=1777169572","contentUrl":"https:\/\/www.press7.tv\/wp-content\/litespeed\/avatar\/41975e402c3049d9ddb03adca8f7a883.jpg?ver=1777169572","caption":"gazetar2"},"url":"https:\/\/www.press7.tv\/?author=8"}]}},"amp_enabled":true,"_links":{"self":[{"href":"https:\/\/www.press7.tv\/index.php?rest_route=\/wp\/v2\/posts\/24773","targetHints":{"allow":["GET"]}}],"collection":[{"href":"https:\/\/www.press7.tv\/index.php?rest_route=\/wp\/v2\/posts"}],"about":[{"href":"https:\/\/www.press7.tv\/index.php?rest_route=\/wp\/v2\/types\/post"}],"author":[{"embeddable":true,"href":"https:\/\/www.press7.tv\/index.php?rest_route=\/wp\/v2\/users\/8"}],"replies":[{"embeddable":true,"href":"https:\/\/www.press7.tv\/index.php?rest_route=%2Fwp%2Fv2%2Fcomments&post=24773"}],"version-history":[{"count":1,"href":"https:\/\/www.press7.tv\/index.php?rest_route=\/wp\/v2\/posts\/24773\/revisions"}],"predecessor-version":[{"id":24775,"href":"https:\/\/www.press7.tv\/index.php?rest_route=\/wp\/v2\/posts\/24773\/revisions\/24775"}],"wp:featuredmedia":[{"embeddable":true,"href":"https:\/\/www.press7.tv\/index.php?rest_route=\/wp\/v2\/media\/24774"}],"wp:attachment":[{"href":"https:\/\/www.press7.tv\/index.php?rest_route=%2Fwp%2Fv2%2Fmedia&parent=24773"}],"wp:term":[{"taxonomy":"category","embeddable":true,"href":"https:\/\/www.press7.tv\/index.php?rest_route=%2Fwp%2Fv2%2Fcategories&post=24773"},{"taxonomy":"post_tag","embeddable":true,"href":"https:\/\/www.press7.tv\/index.php?rest_route=%2Fwp%2Fv2%2Ftags&post=24773"}],"curies":[{"name":"wp","href":"https:\/\/api.w.org\/{rel}","templated":true}]}}