{"id":24770,"date":"2026-01-30T15:16:49","date_gmt":"2026-01-30T15:16:49","guid":{"rendered":"https:\/\/www.press7.tv\/?p=24770"},"modified":"2026-01-30T15:16:49","modified_gmt":"2026-01-30T15:16:49","slug":"benfica-e-reali-ne-nje-tjeter-perballje","status":"publish","type":"post","link":"https:\/\/www.press7.tv\/?p=24770","title":{"rendered":"Benfica e Reali n\u00eb nj\u00eb tjet\u00ebr p\u00ebrballje"},"content":{"rendered":"\n    <div class=\"xs_social_share_widget xs_share_url before_content \t\tmain_content  wslu-style-2 wslu-share-box-shaped wslu-fill-colored wslu-share-m-5 wslu-none wslu-share-vertical wslu-theme-font-no wslu-main_content\">\n\n\t\t\n        <ul>\n\t\t\t        <\/ul>\n    <\/div> \n<p>Pasi e humbi mund\u00ebsin\u00eb q\u00eb t\u00eb avanconte direkt n\u00eb nj\u00eb t\u00eb tet\u00ebn e finales s\u00eb Lig\u00ebs s\u00eb kampion\u00ebve, Real Madridi e m\u00ebsoi fatin n\u00eb shortin e t\u00ebrhequr n\u00eb Nyon t\u00eb Zvicr\u00ebs t\u00eb premten. <\/p>\n<p>Rrug\u00ebn p\u00ebr n\u00eb Budapest t\u00eb Hungaris\u00eb n\u00eb finalen e 30 majit, Real Madridi duhet ta vazhdoj\u00eb n\u00ebp\u00ebrmjet kund\u00ebrshtarit t\u00eb nj\u00ebjt\u00eb q\u00eb e kishte n\u00eb xhiron e fundit t\u00eb faz\u00ebs s\u00eb lig\u00ebs \u2013 ndaj Benficas. <\/p>\n<p>15 her\u00eb kampioni i Evrop\u00ebs u mposht 4:2 nga Benfica t\u00eb m\u00ebrkur\u00ebn mbr\u00ebma, n\u00eb ndeshjen ku portieri Anatoliy Trubin, realizoi n\u00eb minut\u00ebn e tet\u00eb t\u00eb koh\u00ebs shtes\u00eb. <\/p>\n<p>Do t\u00eb jet\u00eb tjet\u00ebr p\u00ebrballje e ish-trajnerit, Jose Mourinhos, me ish-skuadr\u00ebn, Real Madridin. <\/p>\n<p>Nd\u00ebrkoh\u00eb, Paris Saint-Germaini do ta vazhdoj\u00eb mbrojtjen e trofeut n\u00eb plejofin e faz\u00ebs nokaut me ndeshjet q\u00eb do t\u2019i ket\u00eb ndaj Monacos. <\/p>\n<p>\u00cbsht\u00eb e vetmja p\u00ebrballje ku kund\u00ebrshtar\u00ebt jan\u00eb t\u00eb nj\u00eb shteti. <\/p>\n<p>Ndeshjet e para do t\u00eb luhen m\u00eb 17 apo 18 shkurt, kurse ato kthyese pas nj\u00eb jave.<\/p>\n<p>Sekretari i p\u00ebrgjithsh\u00ebm i UEFA-s, Giorgio Marchetti, ka mbajtur nj\u00eb fjalim para nisjes s\u00eb t\u00ebrheqjes s\u00eb shortit. <\/p>\n<p>Ai e ka p\u00ebrmendur golin e sh\u00ebnuar nga Anatoliy Turbin, portieri i Benficas, q\u00eb e sh\u00ebnoi golin e fitores 4:2 ndaj Real Madridit n\u00eb minut\u00ebn e 98-t\u00eb. Me at\u00eb gol, Benfica e siguroi avancimin n\u00eb plejofin e faz\u00ebs nokaut. <\/p>\n<p>\u201cN\u00ebse goli i 487-t\u00eb dhe i fundit i faz\u00ebs s\u00eb lig\u00ebs sh\u00ebnohet nga nj\u00eb portier n\u00eb minut\u00ebn e 98-t\u00eb p\u00ebr ta d\u00ebrguar ekipin e tij tutje&#8230;, nuk kam fjal\u00eb\u201d, ka deklaruar Marchetti. <\/p>\n<p>Pas tij n\u00eb sken\u00eb \u00ebsht\u00eb ftuar legjenda e Arsenalit dhe Franc\u00ebs, Robert Pires. <\/p>\n<p>Edhe Pires ka theksuar se ndeshjet e s\u00eb m\u00ebrkur\u00ebs mbr\u00ebma ishin t\u00eb zjarrta. <\/p>\n<p>M\u00eb pas UEFA ka vazhduar me procedur\u00ebn e t\u00ebrheqjes s\u00eb shortit.<\/p>\n<p>Pas p\u00ebrfundimit t\u00eb ndeshjeve t\u00eb faz\u00ebs s\u00eb lig\u00ebs n\u00eb Lig\u00ebn e Kampion\u00ebve, n\u00eb Nyon t\u00eb Zvicr\u00ebs ka nisur t\u00ebrheqja e shortit p\u00ebr ndeshjet e plejofit t\u00eb faz\u00ebs nokaut. <\/p>\n<p>Bart\u00ebs t\u00eb shortit t\u00eb premten n\u00eb Champions jan\u00eb Real Madridi, Interi, PSG-ja, Newcastle, Juventusi, Atletico Madridi, Atalanta dhe Leverkuseni. Nd\u00ebrkoh\u00eb, ekipet jo bart\u00ebse n\u00eb short jan\u00eb Dortmundi, Olympiacosi, Club Brugge, Galatasaray, Monaco, Qarabagu, Bodo\/Glimti dhe Benfica.<\/p>\n<p>N\u00eb short jan\u00eb t\u00eb p\u00ebrfshir\u00eb skuadrat q\u00eb kan\u00eb p\u00ebrfunduar nga vendi i n\u00ebnt\u00eb deri n\u00eb vendin e 24-t n\u00eb faz\u00ebn e lig\u00ebs. <\/p>\n<p>Tet\u00eb skuadrat e para t\u00eb faz\u00ebs s\u00eb lig\u00ebs avancuan direkt n\u00eb nj\u00eb t\u00eb tet\u00ebn e finales. Ato jan\u00eb Arsenali, Bayern Munichu, Liverpooli, Tottenhami, Barcelona, Chelsea, Sportingu dhe Manchester City.<br \/>\nBart\u00ebs t\u00eb shortit t\u00eb premten n\u00eb Champions jan\u00eb Real Madridi, Interi, PSG-ja, Newcastle, Juventusi, Atletico Madridi, Atalanta dhe Leverkuseni. Nd\u00ebrkoh\u00eb, ekipet jo bart\u00ebse n\u00eb short jan\u00eb Dortmundi, Olympiacosi, Club Brugge, Galatasaray, Monaco, Qarabagu, Bodo\/Glimti dhe Benfica. <\/p>\n<p>Klubet e vendit t\u00eb n\u00ebnt\u00eb dhe t\u00eb dhjet\u00eb do t\u00eb ken\u00eb p\u00ebrball\u00eb ekipet e vendit 23 apo 24. Klubet e pozit\u00ebs 11 apo 12 do t\u00eb luajn\u00eb ndaj klubeve t\u00eb vendit 21 apo 22, ekipet e renditura n\u00eb vendin e 13 apo 14, do t\u00eb luajn\u00eb ndaj ekipeve t\u00eb vendeve 19 apo 20 dhe klubet e vendeve 15 apo 16, ndaj klubeve t\u00eb vendeve 17 apo 18. <\/p>\n<p>Tet\u00eb skuadrat q\u00eb avancojn\u00eb nga plejofi i faz\u00ebs nokaut, do t\u2019u bashkohen skuadrave q\u00eb jan\u00eb kualifikuar direkt n\u00eb 1\/8 e finales. M\u00eb pas n\u00ebp\u00ebrmjet shortit m\u00eb 27 shkurt, do t\u00eb m\u00ebsohet edhe rruga drejt finales, q\u00eb m\u00eb 30 maj luhet n\u00eb Budapest t\u00eb Hungaris\u00eb. <\/p>\n","protected":false},"excerpt":{"rendered":"<p>Pasi e humbi mund\u00ebsin\u00eb q\u00eb t\u00eb avanconte direkt n\u00eb nj\u00eb t\u00eb tet\u00ebn e finales s\u00eb Lig\u00ebs s\u00eb kampion\u00ebve, Real Madridi e m\u00ebsoi fatin n\u00eb shortin e t\u00ebrhequr n\u00eb Nyon t\u00eb Zvicr\u00ebs t\u00eb premten. Rrug\u00ebn p\u00ebr n\u00eb Budapest t\u00eb Hungaris\u00eb n\u00eb finalen e 30 majit, Real Madridi duhet ta vazhdoj\u00eb n\u00ebp\u00ebrmjet kund\u00ebrshtarit t\u00eb nj\u00ebjt\u00eb q\u00eb e [&hellip;]<\/p>\n","protected":false},"author":8,"featured_media":24771,"comment_status":"closed","ping_status":"closed","sticky":false,"template":"","format":"standard","meta":{"footnotes":""},"categories":[226],"tags":[],"class_list":["post-24770","post","type-post","status-publish","format-standard","has-post-thumbnail","hentry","category-sport"],"yoast_head":"<!-- This site is optimized with the Yoast SEO plugin v25.1 - https:\/\/yoast.com\/wordpress\/plugins\/seo\/ -->\n<title>Benfica e Reali n\u00eb nj\u00eb tjet\u00ebr p\u00ebrballje - press7.tv<\/title>\n<meta name=\"robots\" content=\"index, follow, max-snippet:-1, max-image-preview:large, max-video-preview:-1\" \/>\n<link rel=\"canonical\" href=\"https:\/\/www.press7.tv\/?p=24770\" \/>\n<meta property=\"og:locale\" content=\"en_US\" \/>\n<meta property=\"og:type\" content=\"article\" \/>\n<meta property=\"og:title\" content=\"Benfica e Reali n\u00eb nj\u00eb tjet\u00ebr p\u00ebrballje - press7.tv\" \/>\n<meta property=\"og:description\" content=\"Pasi e humbi mund\u00ebsin\u00eb q\u00eb t\u00eb avanconte direkt n\u00eb nj\u00eb t\u00eb tet\u00ebn e finales s\u00eb Lig\u00ebs s\u00eb kampion\u00ebve, Real Madridi e m\u00ebsoi fatin n\u00eb shortin e t\u00ebrhequr n\u00eb Nyon t\u00eb Zvicr\u00ebs t\u00eb premten. Rrug\u00ebn p\u00ebr n\u00eb Budapest t\u00eb Hungaris\u00eb n\u00eb finalen e 30 majit, Real Madridi duhet ta vazhdoj\u00eb n\u00ebp\u00ebrmjet kund\u00ebrshtarit t\u00eb nj\u00ebjt\u00eb q\u00eb e [&hellip;]\" \/>\n<meta property=\"og:url\" content=\"https:\/\/www.press7.tv\/?p=24770\" \/>\n<meta property=\"og:site_name\" content=\"press7.tv\" \/>\n<meta property=\"article:publisher\" content=\"https:\/\/www.facebook.com\/press7.tv\" \/>\n<meta property=\"article:published_time\" content=\"2026-01-30T15:16:49+00:00\" \/>\n<meta property=\"og:image\" content=\"https:\/\/www.press7.tv\/wp-content\/uploads\/2026\/01\/201ba2e2-104e-4bfb-988f-3a5bfff6df39.avif\" \/>\n\t<meta property=\"og:image:width\" content=\"680\" \/>\n\t<meta property=\"og:image:height\" content=\"434\" \/>\n\t<meta property=\"og:image:type\" content=\"image\/webp\" \/>\n<meta name=\"author\" content=\"gazetar2\" \/>\n<meta name=\"twitter:card\" content=\"summary_large_image\" \/>\n<meta name=\"twitter:label1\" content=\"Written by\" \/>\n\t<meta name=\"twitter:data1\" content=\"gazetar2\" \/>\n\t<meta name=\"twitter:label2\" content=\"Est. reading time\" \/>\n\t<meta name=\"twitter:data2\" content=\"1 minute\" \/>\n<script type=\"application\/ld+json\" class=\"yoast-schema-graph\">{\"@context\":\"https:\/\/schema.org\",\"@graph\":[{\"@type\":\"Article\",\"@id\":\"https:\/\/www.press7.tv\/?p=24770#article\",\"isPartOf\":{\"@id\":\"https:\/\/www.press7.tv\/?p=24770\"},\"author\":{\"name\":\"gazetar2\",\"@id\":\"https:\/\/www.news33.tv\/#\/schema\/person\/5a04a38a23ccdba82f9bd665cd8f9efa\"},\"headline\":\"Benfica e Reali n\u00eb nj\u00eb tjet\u00ebr p\u00ebrballje\",\"datePublished\":\"2026-01-30T15:16:49+00:00\",\"mainEntityOfPage\":{\"@id\":\"https:\/\/www.press7.tv\/?p=24770\"},\"wordCount\":612,\"publisher\":{\"@id\":\"https:\/\/www.news33.tv\/#organization\"},\"image\":{\"@id\":\"https:\/\/www.press7.tv\/?p=24770#primaryimage\"},\"thumbnailUrl\":\"https:\/\/www.press7.tv\/wp-content\/uploads\/2026\/01\/201ba2e2-104e-4bfb-988f-3a5bfff6df39.avif\",\"articleSection\":[\"Sport\"],\"inLanguage\":\"en-US\"},{\"@type\":\"WebPage\",\"@id\":\"https:\/\/www.press7.tv\/?p=24770\",\"url\":\"https:\/\/www.press7.tv\/?p=24770\",\"name\":\"Benfica e Reali n\u00eb nj\u00eb tjet\u00ebr p\u00ebrballje - press7.tv\",\"isPartOf\":{\"@id\":\"https:\/\/www.news33.tv\/#website\"},\"primaryImageOfPage\":{\"@id\":\"https:\/\/www.press7.tv\/?p=24770#primaryimage\"},\"image\":{\"@id\":\"https:\/\/www.press7.tv\/?p=24770#primaryimage\"},\"thumbnailUrl\":\"https:\/\/www.press7.tv\/wp-content\/uploads\/2026\/01\/201ba2e2-104e-4bfb-988f-3a5bfff6df39.avif\",\"datePublished\":\"2026-01-30T15:16:49+00:00\",\"breadcrumb\":{\"@id\":\"https:\/\/www.press7.tv\/?p=24770#breadcrumb\"},\"inLanguage\":\"en-US\",\"potentialAction\":[{\"@type\":\"ReadAction\",\"target\":[\"https:\/\/www.press7.tv\/?p=24770\"]}]},{\"@type\":\"ImageObject\",\"inLanguage\":\"en-US\",\"@id\":\"https:\/\/www.press7.tv\/?p=24770#primaryimage\",\"url\":\"https:\/\/www.press7.tv\/wp-content\/uploads\/2026\/01\/201ba2e2-104e-4bfb-988f-3a5bfff6df39.avif\",\"contentUrl\":\"https:\/\/www.press7.tv\/wp-content\/uploads\/2026\/01\/201ba2e2-104e-4bfb-988f-3a5bfff6df39.avif\",\"width\":680,\"height\":434},{\"@type\":\"BreadcrumbList\",\"@id\":\"https:\/\/www.press7.tv\/?p=24770#breadcrumb\",\"itemListElement\":[{\"@type\":\"ListItem\",\"position\":1,\"name\":\"Home\",\"item\":\"https:\/\/www.press7.tv\/\"},{\"@type\":\"ListItem\",\"position\":2,\"name\":\"Benfica e Reali n\u00eb nj\u00eb tjet\u00ebr p\u00ebrballje\"}]},{\"@type\":\"WebSite\",\"@id\":\"https:\/\/www.news33.tv\/#website\",\"url\":\"https:\/\/www.news33.tv\/\",\"name\":\"News33.tv Media\",\"description\":\"Media\",\"publisher\":{\"@id\":\"https:\/\/www.news33.tv\/#organization\"},\"potentialAction\":[{\"@type\":\"SearchAction\",\"target\":{\"@type\":\"EntryPoint\",\"urlTemplate\":\"https:\/\/www.news33.tv\/?s={search_term_string}\"},\"query-input\":{\"@type\":\"PropertyValueSpecification\",\"valueRequired\":true,\"valueName\":\"search_term_string\"}}],\"inLanguage\":\"en-US\"},{\"@type\":\"Organization\",\"@id\":\"https:\/\/www.news33.tv\/#organization\",\"name\":\"News33.tv Media\",\"url\":\"https:\/\/www.news33.tv\/\",\"logo\":{\"@type\":\"ImageObject\",\"inLanguage\":\"en-US\",\"@id\":\"https:\/\/www.news33.tv\/#\/schema\/logo\/image\/\",\"url\":\"https:\/\/www.press7.tv\/wp-content\/uploads\/2024\/02\/logo-news33-black.png\",\"contentUrl\":\"https:\/\/www.press7.tv\/wp-content\/uploads\/2024\/02\/logo-news33-black.png\",\"width\":180,\"height\":37,\"caption\":\"News33.tv Media\"},\"image\":{\"@id\":\"https:\/\/www.news33.tv\/#\/schema\/logo\/image\/\"},\"sameAs\":[\"https:\/\/www.facebook.com\/press7.tv\"]},{\"@type\":\"Person\",\"@id\":\"https:\/\/www.news33.tv\/#\/schema\/person\/5a04a38a23ccdba82f9bd665cd8f9efa\",\"name\":\"gazetar2\",\"image\":{\"@type\":\"ImageObject\",\"inLanguage\":\"en-US\",\"@id\":\"https:\/\/www.news33.tv\/#\/schema\/person\/image\/\",\"url\":\"https:\/\/www.press7.tv\/wp-content\/litespeed\/avatar\/41975e402c3049d9ddb03adca8f7a883.jpg?ver=1777169572\",\"contentUrl\":\"https:\/\/www.press7.tv\/wp-content\/litespeed\/avatar\/41975e402c3049d9ddb03adca8f7a883.jpg?ver=1777169572\",\"caption\":\"gazetar2\"},\"url\":\"https:\/\/www.press7.tv\/?author=8\"}]}<\/script>\n<!-- \/ Yoast SEO plugin. -->","yoast_head_json":{"title":"Benfica e Reali n\u00eb nj\u00eb tjet\u00ebr p\u00ebrballje - press7.tv","robots":{"index":"index","follow":"follow","max-snippet":"max-snippet:-1","max-image-preview":"max-image-preview:large","max-video-preview":"max-video-preview:-1"},"canonical":"https:\/\/www.press7.tv\/?p=24770","og_locale":"en_US","og_type":"article","og_title":"Benfica e Reali n\u00eb nj\u00eb tjet\u00ebr p\u00ebrballje - press7.tv","og_description":"Pasi e humbi mund\u00ebsin\u00eb q\u00eb t\u00eb avanconte direkt n\u00eb nj\u00eb t\u00eb tet\u00ebn e finales s\u00eb Lig\u00ebs s\u00eb kampion\u00ebve, Real Madridi e m\u00ebsoi fatin n\u00eb shortin e t\u00ebrhequr n\u00eb Nyon t\u00eb Zvicr\u00ebs t\u00eb premten. Rrug\u00ebn p\u00ebr n\u00eb Budapest t\u00eb Hungaris\u00eb n\u00eb finalen e 30 majit, Real Madridi duhet ta vazhdoj\u00eb n\u00ebp\u00ebrmjet kund\u00ebrshtarit t\u00eb nj\u00ebjt\u00eb q\u00eb e [&hellip;]","og_url":"https:\/\/www.press7.tv\/?p=24770","og_site_name":"press7.tv","article_publisher":"https:\/\/www.facebook.com\/press7.tv","article_published_time":"2026-01-30T15:16:49+00:00","og_image":[{"width":680,"height":434,"url":"https:\/\/www.press7.tv\/wp-content\/uploads\/2026\/01\/201ba2e2-104e-4bfb-988f-3a5bfff6df39.avif","type":"image\/webp"}],"author":"gazetar2","twitter_card":"summary_large_image","twitter_misc":{"Written by":"gazetar2","Est. reading time":"1 minute"},"schema":{"@context":"https:\/\/schema.org","@graph":[{"@type":"Article","@id":"https:\/\/www.press7.tv\/?p=24770#article","isPartOf":{"@id":"https:\/\/www.press7.tv\/?p=24770"},"author":{"name":"gazetar2","@id":"https:\/\/www.news33.tv\/#\/schema\/person\/5a04a38a23ccdba82f9bd665cd8f9efa"},"headline":"Benfica e Reali n\u00eb nj\u00eb tjet\u00ebr p\u00ebrballje","datePublished":"2026-01-30T15:16:49+00:00","mainEntityOfPage":{"@id":"https:\/\/www.press7.tv\/?p=24770"},"wordCount":612,"publisher":{"@id":"https:\/\/www.news33.tv\/#organization"},"image":{"@id":"https:\/\/www.press7.tv\/?p=24770#primaryimage"},"thumbnailUrl":"https:\/\/www.press7.tv\/wp-content\/uploads\/2026\/01\/201ba2e2-104e-4bfb-988f-3a5bfff6df39.avif","articleSection":["Sport"],"inLanguage":"en-US"},{"@type":"WebPage","@id":"https:\/\/www.press7.tv\/?p=24770","url":"https:\/\/www.press7.tv\/?p=24770","name":"Benfica e Reali n\u00eb nj\u00eb tjet\u00ebr p\u00ebrballje - press7.tv","isPartOf":{"@id":"https:\/\/www.news33.tv\/#website"},"primaryImageOfPage":{"@id":"https:\/\/www.press7.tv\/?p=24770#primaryimage"},"image":{"@id":"https:\/\/www.press7.tv\/?p=24770#primaryimage"},"thumbnailUrl":"https:\/\/www.press7.tv\/wp-content\/uploads\/2026\/01\/201ba2e2-104e-4bfb-988f-3a5bfff6df39.avif","datePublished":"2026-01-30T15:16:49+00:00","breadcrumb":{"@id":"https:\/\/www.press7.tv\/?p=24770#breadcrumb"},"inLanguage":"en-US","potentialAction":[{"@type":"ReadAction","target":["https:\/\/www.press7.tv\/?p=24770"]}]},{"@type":"ImageObject","inLanguage":"en-US","@id":"https:\/\/www.press7.tv\/?p=24770#primaryimage","url":"https:\/\/www.press7.tv\/wp-content\/uploads\/2026\/01\/201ba2e2-104e-4bfb-988f-3a5bfff6df39.avif","contentUrl":"https:\/\/www.press7.tv\/wp-content\/uploads\/2026\/01\/201ba2e2-104e-4bfb-988f-3a5bfff6df39.avif","width":680,"height":434},{"@type":"BreadcrumbList","@id":"https:\/\/www.press7.tv\/?p=24770#breadcrumb","itemListElement":[{"@type":"ListItem","position":1,"name":"Home","item":"https:\/\/www.press7.tv\/"},{"@type":"ListItem","position":2,"name":"Benfica e Reali n\u00eb nj\u00eb tjet\u00ebr p\u00ebrballje"}]},{"@type":"WebSite","@id":"https:\/\/www.news33.tv\/#website","url":"https:\/\/www.news33.tv\/","name":"News33.tv Media","description":"Media","publisher":{"@id":"https:\/\/www.news33.tv\/#organization"},"potentialAction":[{"@type":"SearchAction","target":{"@type":"EntryPoint","urlTemplate":"https:\/\/www.news33.tv\/?s={search_term_string}"},"query-input":{"@type":"PropertyValueSpecification","valueRequired":true,"valueName":"search_term_string"}}],"inLanguage":"en-US"},{"@type":"Organization","@id":"https:\/\/www.news33.tv\/#organization","name":"News33.tv Media","url":"https:\/\/www.news33.tv\/","logo":{"@type":"ImageObject","inLanguage":"en-US","@id":"https:\/\/www.news33.tv\/#\/schema\/logo\/image\/","url":"https:\/\/www.press7.tv\/wp-content\/uploads\/2024\/02\/logo-news33-black.png","contentUrl":"https:\/\/www.press7.tv\/wp-content\/uploads\/2024\/02\/logo-news33-black.png","width":180,"height":37,"caption":"News33.tv Media"},"image":{"@id":"https:\/\/www.news33.tv\/#\/schema\/logo\/image\/"},"sameAs":["https:\/\/www.facebook.com\/press7.tv"]},{"@type":"Person","@id":"https:\/\/www.news33.tv\/#\/schema\/person\/5a04a38a23ccdba82f9bd665cd8f9efa","name":"gazetar2","image":{"@type":"ImageObject","inLanguage":"en-US","@id":"https:\/\/www.news33.tv\/#\/schema\/person\/image\/","url":"https:\/\/www.press7.tv\/wp-content\/litespeed\/avatar\/41975e402c3049d9ddb03adca8f7a883.jpg?ver=1777169572","contentUrl":"https:\/\/www.press7.tv\/wp-content\/litespeed\/avatar\/41975e402c3049d9ddb03adca8f7a883.jpg?ver=1777169572","caption":"gazetar2"},"url":"https:\/\/www.press7.tv\/?author=8"}]}},"amp_enabled":true,"_links":{"self":[{"href":"https:\/\/www.press7.tv\/index.php?rest_route=\/wp\/v2\/posts\/24770","targetHints":{"allow":["GET"]}}],"collection":[{"href":"https:\/\/www.press7.tv\/index.php?rest_route=\/wp\/v2\/posts"}],"about":[{"href":"https:\/\/www.press7.tv\/index.php?rest_route=\/wp\/v2\/types\/post"}],"author":[{"embeddable":true,"href":"https:\/\/www.press7.tv\/index.php?rest_route=\/wp\/v2\/users\/8"}],"replies":[{"embeddable":true,"href":"https:\/\/www.press7.tv\/index.php?rest_route=%2Fwp%2Fv2%2Fcomments&post=24770"}],"version-history":[{"count":1,"href":"https:\/\/www.press7.tv\/index.php?rest_route=\/wp\/v2\/posts\/24770\/revisions"}],"predecessor-version":[{"id":24772,"href":"https:\/\/www.press7.tv\/index.php?rest_route=\/wp\/v2\/posts\/24770\/revisions\/24772"}],"wp:featuredmedia":[{"embeddable":true,"href":"https:\/\/www.press7.tv\/index.php?rest_route=\/wp\/v2\/media\/24771"}],"wp:attachment":[{"href":"https:\/\/www.press7.tv\/index.php?rest_route=%2Fwp%2Fv2%2Fmedia&parent=24770"}],"wp:term":[{"taxonomy":"category","embeddable":true,"href":"https:\/\/www.press7.tv\/index.php?rest_route=%2Fwp%2Fv2%2Fcategories&post=24770"},{"taxonomy":"post_tag","embeddable":true,"href":"https:\/\/www.press7.tv\/index.php?rest_route=%2Fwp%2Fv2%2Ftags&post=24770"}],"curies":[{"name":"wp","href":"https:\/\/api.w.org\/{rel}","templated":true}]}}