{"id":24767,"date":"2026-01-30T15:04:30","date_gmt":"2026-01-30T15:04:30","guid":{"rendered":"https:\/\/www.press7.tv\/?p=24767"},"modified":"2026-01-30T15:04:30","modified_gmt":"2026-01-30T15:04:30","slug":"kurti-kemi-nevoje-per-bashkepunim-me-opoziten-per-presidentin","status":"publish","type":"post","link":"https:\/\/www.press7.tv\/?p=24767","title":{"rendered":"Kurti: Kemi nevoj\u00eb p\u00ebr bashk\u00ebpunim me opozit\u00ebn p\u00ebr presidentin"},"content":{"rendered":"\n    <div class=\"xs_social_share_widget xs_share_url before_content \t\tmain_content  wslu-style-2 wslu-share-box-shaped wslu-fill-colored wslu-share-m-5 wslu-none wslu-share-vertical wslu-theme-font-no wslu-main_content\">\n\n\t\t\n        <ul>\n\t\t\t        <\/ul>\n    <\/div> \n<p>Kryeministri n\u00eb detyr\u00eb, Albin Kurti, ka th\u00ebn\u00eb se \u00ebsht\u00eb i gatsh\u00ebm dhe ka interesim p\u00ebr nj\u00eb bashk\u00ebpunim me opozit\u00ebn por q\u00eb a \u00ebsht\u00eb kjo reciproke, thot\u00eb se mbetet t\u00eb shihet n\u00eb muajin shkurt, por thekson se duhet t\u00eb shihet n\u00eb Kuvend n\u00ebse ka atmosfer\u00eb p\u00ebr nj\u00eb raport t\u00eb ri Qeveri- opozit\u00eb.<\/p>\n<p>Kurti para mediave gjat\u00eb nj\u00eb vizite q\u00eb pati n\u00eb Od\u00ebn e Mjek\u00ebve t\u00eb Kosov\u00ebs, tha se \u00ebsht\u00eb takuar dhe me presidenten, por n\u00ebnvizon se para procesit t\u00eb zgjedhjes s\u00eb presidentit duhet fillimisht t\u00eb kalohen tre hapa t\u00eb tjer\u00eb.<\/p>\n<p>\u201cNe duhet t\u00eb shohim n\u00eb Kuvend se a ka atmosfer\u00eb p\u00ebr nj\u00eb raport t\u00eb ri Qeveri\u2013Opozit\u00eb. Un\u00eb nuk mund ta them k\u00ebt\u00eb paraprakisht, por pa dyshim muaji shkurt \u00ebsht\u00eb muaji q\u00eb do t\u00eb na tregoj\u00eb a do t\u00eb mund t\u00eb hapim nj\u00eb kapitull t\u00eb ri t\u00eb raporteve tona. Populli na ka dh\u00ebn\u00eb nj\u00eb mb\u00ebshtetje shum\u00eb t\u00eb madhe, e cila \u00ebsht\u00eb p\u00ebrgjegj\u00ebsi e lart\u00eb p\u00ebr ne p\u00ebr formimin e qeveris\u00eb; nuk do t\u00eb kemi asnj\u00eb problem, por p\u00ebr dy t\u00eb tretat e votave q\u00eb nevojiten n\u00eb Kuvend, prej marr\u00ebveshjeve nd\u00ebrkomb\u00ebtare deri te zgjedhja e presidentes apo presidentit, ne kemi nevoj\u00eb p\u00ebr bashk\u00ebpunim me opozit\u00ebn. Nga ana jon\u00eb, gatishm\u00ebria dhe interesimi ekziston. N\u00eb muajin shkurt do t\u00eb shohim se a ka gatishm\u00ebri dhe interesim nga opozita\u201d, tha ai.<\/p>\n<p>Kurti p\u00ebrmend hapat deri te \u00e7\u00ebshtja e presidentit.<\/p>\n<p>\u201cNd\u00ebrkaq, sa i p\u00ebrket takimit me presidenten, jemi n\u00eb komunikim dhe jemi dakorduar, por ta keni parasysh se ai do t\u00eb jet\u00eb hapi i kat\u00ebrt. Pas certifikimit t\u00eb rezultatit t\u00eb zgjedhjeve dhe trajtimit t\u00eb t\u00eb gjitha ankesave t\u00eb mundshme, kemi nevoj\u00eb p\u00ebr tre hapa paraprak\u00eb. I pari, konstituimi i Kuvendit, q\u00eb n\u00ebnkupton zgjedhjen e kryetares apo kryetarit dhe pes\u00eb n\u00ebnkryetar\u00ebve; pastaj formimi i qeveris\u00eb; dhe pastaj na duhet q\u00eb menj\u00ebher\u00eb t\u00eb fillojm\u00eb me vendimet p\u00ebr marr\u00ebveshjet nd\u00ebrkomb\u00ebtare. Kemi tri marr\u00ebveshje me Bank\u00ebn Bot\u00ebrore dhe kemi planin e rritjes s\u00eb BE-s\u00eb, i cili \u00ebsht\u00eb n\u00eb shum\u00ebn e gjithmbar\u00ebshme prej 882.6 milion\u00eb euro, ku rreth 30 p\u00ebr qind jan\u00eb grante, nd\u00ebrkaq 70 p\u00ebr qind jan\u00eb kredi\u201d, theksoi ai.<\/p>\n","protected":false},"excerpt":{"rendered":"<p>Kryeministri n\u00eb detyr\u00eb, Albin Kurti, ka th\u00ebn\u00eb se \u00ebsht\u00eb i gatsh\u00ebm dhe ka interesim p\u00ebr nj\u00eb bashk\u00ebpunim me opozit\u00ebn por q\u00eb a \u00ebsht\u00eb kjo reciproke, thot\u00eb se mbetet t\u00eb shihet n\u00eb muajin shkurt, por thekson se duhet t\u00eb shihet n\u00eb Kuvend n\u00ebse ka atmosfer\u00eb p\u00ebr nj\u00eb raport t\u00eb ri Qeveri- opozit\u00eb. Kurti para mediave gjat\u00eb [&hellip;]<\/p>\n","protected":false},"author":8,"featured_media":24768,"comment_status":"closed","ping_status":"closed","sticky":false,"template":"","format":"standard","meta":{"footnotes":""},"categories":[215,213],"tags":[],"class_list":["post-24767","post","type-post","status-publish","format-standard","has-post-thumbnail","hentry","category-kosove","category-lajme"],"yoast_head":"<!-- This site is optimized with the Yoast SEO plugin v25.1 - https:\/\/yoast.com\/wordpress\/plugins\/seo\/ -->\n<title>Kurti: Kemi nevoj\u00eb p\u00ebr bashk\u00ebpunim me opozit\u00ebn p\u00ebr presidentin - press7.tv<\/title>\n<meta name=\"robots\" content=\"index, follow, max-snippet:-1, max-image-preview:large, max-video-preview:-1\" \/>\n<link rel=\"canonical\" href=\"https:\/\/www.press7.tv\/?p=24767\" \/>\n<meta property=\"og:locale\" content=\"en_US\" \/>\n<meta property=\"og:type\" content=\"article\" \/>\n<meta property=\"og:title\" content=\"Kurti: Kemi nevoj\u00eb p\u00ebr bashk\u00ebpunim me opozit\u00ebn p\u00ebr presidentin - press7.tv\" \/>\n<meta property=\"og:description\" content=\"Kryeministri n\u00eb detyr\u00eb, Albin Kurti, ka th\u00ebn\u00eb se \u00ebsht\u00eb i gatsh\u00ebm dhe ka interesim p\u00ebr nj\u00eb bashk\u00ebpunim me opozit\u00ebn por q\u00eb a \u00ebsht\u00eb kjo reciproke, thot\u00eb se mbetet t\u00eb shihet n\u00eb muajin shkurt, por thekson se duhet t\u00eb shihet n\u00eb Kuvend n\u00ebse ka atmosfer\u00eb p\u00ebr nj\u00eb raport t\u00eb ri Qeveri- opozit\u00eb. Kurti para mediave gjat\u00eb [&hellip;]\" \/>\n<meta property=\"og:url\" content=\"https:\/\/www.press7.tv\/?p=24767\" \/>\n<meta property=\"og:site_name\" content=\"press7.tv\" \/>\n<meta property=\"article:publisher\" content=\"https:\/\/www.facebook.com\/press7.tv\" \/>\n<meta property=\"article:published_time\" content=\"2026-01-30T15:04:30+00:00\" \/>\n<meta property=\"og:image\" content=\"https:\/\/www.press7.tv\/wp-content\/uploads\/2026\/01\/bf1bf418-9c3f-4890-a609-e987242d3361.avif\" \/>\n\t<meta property=\"og:image:width\" content=\"680\" \/>\n\t<meta property=\"og:image:height\" content=\"434\" \/>\n\t<meta property=\"og:image:type\" content=\"image\/webp\" \/>\n<meta name=\"author\" content=\"gazetar2\" \/>\n<meta name=\"twitter:card\" content=\"summary_large_image\" \/>\n<meta name=\"twitter:label1\" content=\"Written by\" \/>\n\t<meta name=\"twitter:data1\" content=\"gazetar2\" \/>\n\t<meta name=\"twitter:label2\" content=\"Est. reading time\" \/>\n\t<meta name=\"twitter:data2\" content=\"1 minute\" \/>\n<script type=\"application\/ld+json\" class=\"yoast-schema-graph\">{\"@context\":\"https:\/\/schema.org\",\"@graph\":[{\"@type\":\"Article\",\"@id\":\"https:\/\/www.press7.tv\/?p=24767#article\",\"isPartOf\":{\"@id\":\"https:\/\/www.press7.tv\/?p=24767\"},\"author\":{\"name\":\"gazetar2\",\"@id\":\"https:\/\/www.news33.tv\/#\/schema\/person\/5a04a38a23ccdba82f9bd665cd8f9efa\"},\"headline\":\"Kurti: Kemi nevoj\u00eb p\u00ebr bashk\u00ebpunim me opozit\u00ebn p\u00ebr presidentin\",\"datePublished\":\"2026-01-30T15:04:30+00:00\",\"mainEntityOfPage\":{\"@id\":\"https:\/\/www.press7.tv\/?p=24767\"},\"wordCount\":399,\"publisher\":{\"@id\":\"https:\/\/www.news33.tv\/#organization\"},\"image\":{\"@id\":\"https:\/\/www.press7.tv\/?p=24767#primaryimage\"},\"thumbnailUrl\":\"https:\/\/www.press7.tv\/wp-content\/uploads\/2026\/01\/bf1bf418-9c3f-4890-a609-e987242d3361.avif\",\"articleSection\":[\"Kosov\u00eb\",\"Lajme\"],\"inLanguage\":\"en-US\"},{\"@type\":\"WebPage\",\"@id\":\"https:\/\/www.press7.tv\/?p=24767\",\"url\":\"https:\/\/www.press7.tv\/?p=24767\",\"name\":\"Kurti: Kemi nevoj\u00eb p\u00ebr bashk\u00ebpunim me opozit\u00ebn p\u00ebr presidentin - press7.tv\",\"isPartOf\":{\"@id\":\"https:\/\/www.news33.tv\/#website\"},\"primaryImageOfPage\":{\"@id\":\"https:\/\/www.press7.tv\/?p=24767#primaryimage\"},\"image\":{\"@id\":\"https:\/\/www.press7.tv\/?p=24767#primaryimage\"},\"thumbnailUrl\":\"https:\/\/www.press7.tv\/wp-content\/uploads\/2026\/01\/bf1bf418-9c3f-4890-a609-e987242d3361.avif\",\"datePublished\":\"2026-01-30T15:04:30+00:00\",\"breadcrumb\":{\"@id\":\"https:\/\/www.press7.tv\/?p=24767#breadcrumb\"},\"inLanguage\":\"en-US\",\"potentialAction\":[{\"@type\":\"ReadAction\",\"target\":[\"https:\/\/www.press7.tv\/?p=24767\"]}]},{\"@type\":\"ImageObject\",\"inLanguage\":\"en-US\",\"@id\":\"https:\/\/www.press7.tv\/?p=24767#primaryimage\",\"url\":\"https:\/\/www.press7.tv\/wp-content\/uploads\/2026\/01\/bf1bf418-9c3f-4890-a609-e987242d3361.avif\",\"contentUrl\":\"https:\/\/www.press7.tv\/wp-content\/uploads\/2026\/01\/bf1bf418-9c3f-4890-a609-e987242d3361.avif\",\"width\":680,\"height\":434},{\"@type\":\"BreadcrumbList\",\"@id\":\"https:\/\/www.press7.tv\/?p=24767#breadcrumb\",\"itemListElement\":[{\"@type\":\"ListItem\",\"position\":1,\"name\":\"Home\",\"item\":\"https:\/\/www.press7.tv\/\"},{\"@type\":\"ListItem\",\"position\":2,\"name\":\"Kurti: Kemi nevoj\u00eb p\u00ebr bashk\u00ebpunim me opozit\u00ebn p\u00ebr presidentin\"}]},{\"@type\":\"WebSite\",\"@id\":\"https:\/\/www.news33.tv\/#website\",\"url\":\"https:\/\/www.news33.tv\/\",\"name\":\"News33.tv Media\",\"description\":\"Media\",\"publisher\":{\"@id\":\"https:\/\/www.news33.tv\/#organization\"},\"potentialAction\":[{\"@type\":\"SearchAction\",\"target\":{\"@type\":\"EntryPoint\",\"urlTemplate\":\"https:\/\/www.news33.tv\/?s={search_term_string}\"},\"query-input\":{\"@type\":\"PropertyValueSpecification\",\"valueRequired\":true,\"valueName\":\"search_term_string\"}}],\"inLanguage\":\"en-US\"},{\"@type\":\"Organization\",\"@id\":\"https:\/\/www.news33.tv\/#organization\",\"name\":\"News33.tv Media\",\"url\":\"https:\/\/www.news33.tv\/\",\"logo\":{\"@type\":\"ImageObject\",\"inLanguage\":\"en-US\",\"@id\":\"https:\/\/www.news33.tv\/#\/schema\/logo\/image\/\",\"url\":\"https:\/\/www.press7.tv\/wp-content\/uploads\/2024\/02\/logo-news33-black.png\",\"contentUrl\":\"https:\/\/www.press7.tv\/wp-content\/uploads\/2024\/02\/logo-news33-black.png\",\"width\":180,\"height\":37,\"caption\":\"News33.tv Media\"},\"image\":{\"@id\":\"https:\/\/www.news33.tv\/#\/schema\/logo\/image\/\"},\"sameAs\":[\"https:\/\/www.facebook.com\/press7.tv\"]},{\"@type\":\"Person\",\"@id\":\"https:\/\/www.news33.tv\/#\/schema\/person\/5a04a38a23ccdba82f9bd665cd8f9efa\",\"name\":\"gazetar2\",\"image\":{\"@type\":\"ImageObject\",\"inLanguage\":\"en-US\",\"@id\":\"https:\/\/www.news33.tv\/#\/schema\/person\/image\/\",\"url\":\"https:\/\/www.press7.tv\/wp-content\/litespeed\/avatar\/41975e402c3049d9ddb03adca8f7a883.jpg?ver=1777169572\",\"contentUrl\":\"https:\/\/www.press7.tv\/wp-content\/litespeed\/avatar\/41975e402c3049d9ddb03adca8f7a883.jpg?ver=1777169572\",\"caption\":\"gazetar2\"},\"url\":\"https:\/\/www.press7.tv\/?author=8\"}]}<\/script>\n<!-- \/ Yoast SEO plugin. -->","yoast_head_json":{"title":"Kurti: Kemi nevoj\u00eb p\u00ebr bashk\u00ebpunim me opozit\u00ebn p\u00ebr presidentin - press7.tv","robots":{"index":"index","follow":"follow","max-snippet":"max-snippet:-1","max-image-preview":"max-image-preview:large","max-video-preview":"max-video-preview:-1"},"canonical":"https:\/\/www.press7.tv\/?p=24767","og_locale":"en_US","og_type":"article","og_title":"Kurti: Kemi nevoj\u00eb p\u00ebr bashk\u00ebpunim me opozit\u00ebn p\u00ebr presidentin - press7.tv","og_description":"Kryeministri n\u00eb detyr\u00eb, Albin Kurti, ka th\u00ebn\u00eb se \u00ebsht\u00eb i gatsh\u00ebm dhe ka interesim p\u00ebr nj\u00eb bashk\u00ebpunim me opozit\u00ebn por q\u00eb a \u00ebsht\u00eb kjo reciproke, thot\u00eb se mbetet t\u00eb shihet n\u00eb muajin shkurt, por thekson se duhet t\u00eb shihet n\u00eb Kuvend n\u00ebse ka atmosfer\u00eb p\u00ebr nj\u00eb raport t\u00eb ri Qeveri- opozit\u00eb. Kurti para mediave gjat\u00eb [&hellip;]","og_url":"https:\/\/www.press7.tv\/?p=24767","og_site_name":"press7.tv","article_publisher":"https:\/\/www.facebook.com\/press7.tv","article_published_time":"2026-01-30T15:04:30+00:00","og_image":[{"width":680,"height":434,"url":"https:\/\/www.press7.tv\/wp-content\/uploads\/2026\/01\/bf1bf418-9c3f-4890-a609-e987242d3361.avif","type":"image\/webp"}],"author":"gazetar2","twitter_card":"summary_large_image","twitter_misc":{"Written by":"gazetar2","Est. reading time":"1 minute"},"schema":{"@context":"https:\/\/schema.org","@graph":[{"@type":"Article","@id":"https:\/\/www.press7.tv\/?p=24767#article","isPartOf":{"@id":"https:\/\/www.press7.tv\/?p=24767"},"author":{"name":"gazetar2","@id":"https:\/\/www.news33.tv\/#\/schema\/person\/5a04a38a23ccdba82f9bd665cd8f9efa"},"headline":"Kurti: Kemi nevoj\u00eb p\u00ebr bashk\u00ebpunim me opozit\u00ebn p\u00ebr presidentin","datePublished":"2026-01-30T15:04:30+00:00","mainEntityOfPage":{"@id":"https:\/\/www.press7.tv\/?p=24767"},"wordCount":399,"publisher":{"@id":"https:\/\/www.news33.tv\/#organization"},"image":{"@id":"https:\/\/www.press7.tv\/?p=24767#primaryimage"},"thumbnailUrl":"https:\/\/www.press7.tv\/wp-content\/uploads\/2026\/01\/bf1bf418-9c3f-4890-a609-e987242d3361.avif","articleSection":["Kosov\u00eb","Lajme"],"inLanguage":"en-US"},{"@type":"WebPage","@id":"https:\/\/www.press7.tv\/?p=24767","url":"https:\/\/www.press7.tv\/?p=24767","name":"Kurti: Kemi nevoj\u00eb p\u00ebr bashk\u00ebpunim me opozit\u00ebn p\u00ebr presidentin - press7.tv","isPartOf":{"@id":"https:\/\/www.news33.tv\/#website"},"primaryImageOfPage":{"@id":"https:\/\/www.press7.tv\/?p=24767#primaryimage"},"image":{"@id":"https:\/\/www.press7.tv\/?p=24767#primaryimage"},"thumbnailUrl":"https:\/\/www.press7.tv\/wp-content\/uploads\/2026\/01\/bf1bf418-9c3f-4890-a609-e987242d3361.avif","datePublished":"2026-01-30T15:04:30+00:00","breadcrumb":{"@id":"https:\/\/www.press7.tv\/?p=24767#breadcrumb"},"inLanguage":"en-US","potentialAction":[{"@type":"ReadAction","target":["https:\/\/www.press7.tv\/?p=24767"]}]},{"@type":"ImageObject","inLanguage":"en-US","@id":"https:\/\/www.press7.tv\/?p=24767#primaryimage","url":"https:\/\/www.press7.tv\/wp-content\/uploads\/2026\/01\/bf1bf418-9c3f-4890-a609-e987242d3361.avif","contentUrl":"https:\/\/www.press7.tv\/wp-content\/uploads\/2026\/01\/bf1bf418-9c3f-4890-a609-e987242d3361.avif","width":680,"height":434},{"@type":"BreadcrumbList","@id":"https:\/\/www.press7.tv\/?p=24767#breadcrumb","itemListElement":[{"@type":"ListItem","position":1,"name":"Home","item":"https:\/\/www.press7.tv\/"},{"@type":"ListItem","position":2,"name":"Kurti: Kemi nevoj\u00eb p\u00ebr bashk\u00ebpunim me opozit\u00ebn p\u00ebr presidentin"}]},{"@type":"WebSite","@id":"https:\/\/www.news33.tv\/#website","url":"https:\/\/www.news33.tv\/","name":"News33.tv Media","description":"Media","publisher":{"@id":"https:\/\/www.news33.tv\/#organization"},"potentialAction":[{"@type":"SearchAction","target":{"@type":"EntryPoint","urlTemplate":"https:\/\/www.news33.tv\/?s={search_term_string}"},"query-input":{"@type":"PropertyValueSpecification","valueRequired":true,"valueName":"search_term_string"}}],"inLanguage":"en-US"},{"@type":"Organization","@id":"https:\/\/www.news33.tv\/#organization","name":"News33.tv Media","url":"https:\/\/www.news33.tv\/","logo":{"@type":"ImageObject","inLanguage":"en-US","@id":"https:\/\/www.news33.tv\/#\/schema\/logo\/image\/","url":"https:\/\/www.press7.tv\/wp-content\/uploads\/2024\/02\/logo-news33-black.png","contentUrl":"https:\/\/www.press7.tv\/wp-content\/uploads\/2024\/02\/logo-news33-black.png","width":180,"height":37,"caption":"News33.tv Media"},"image":{"@id":"https:\/\/www.news33.tv\/#\/schema\/logo\/image\/"},"sameAs":["https:\/\/www.facebook.com\/press7.tv"]},{"@type":"Person","@id":"https:\/\/www.news33.tv\/#\/schema\/person\/5a04a38a23ccdba82f9bd665cd8f9efa","name":"gazetar2","image":{"@type":"ImageObject","inLanguage":"en-US","@id":"https:\/\/www.news33.tv\/#\/schema\/person\/image\/","url":"https:\/\/www.press7.tv\/wp-content\/litespeed\/avatar\/41975e402c3049d9ddb03adca8f7a883.jpg?ver=1777169572","contentUrl":"https:\/\/www.press7.tv\/wp-content\/litespeed\/avatar\/41975e402c3049d9ddb03adca8f7a883.jpg?ver=1777169572","caption":"gazetar2"},"url":"https:\/\/www.press7.tv\/?author=8"}]}},"amp_enabled":true,"_links":{"self":[{"href":"https:\/\/www.press7.tv\/index.php?rest_route=\/wp\/v2\/posts\/24767","targetHints":{"allow":["GET"]}}],"collection":[{"href":"https:\/\/www.press7.tv\/index.php?rest_route=\/wp\/v2\/posts"}],"about":[{"href":"https:\/\/www.press7.tv\/index.php?rest_route=\/wp\/v2\/types\/post"}],"author":[{"embeddable":true,"href":"https:\/\/www.press7.tv\/index.php?rest_route=\/wp\/v2\/users\/8"}],"replies":[{"embeddable":true,"href":"https:\/\/www.press7.tv\/index.php?rest_route=%2Fwp%2Fv2%2Fcomments&post=24767"}],"version-history":[{"count":1,"href":"https:\/\/www.press7.tv\/index.php?rest_route=\/wp\/v2\/posts\/24767\/revisions"}],"predecessor-version":[{"id":24769,"href":"https:\/\/www.press7.tv\/index.php?rest_route=\/wp\/v2\/posts\/24767\/revisions\/24769"}],"wp:featuredmedia":[{"embeddable":true,"href":"https:\/\/www.press7.tv\/index.php?rest_route=\/wp\/v2\/media\/24768"}],"wp:attachment":[{"href":"https:\/\/www.press7.tv\/index.php?rest_route=%2Fwp%2Fv2%2Fmedia&parent=24767"}],"wp:term":[{"taxonomy":"category","embeddable":true,"href":"https:\/\/www.press7.tv\/index.php?rest_route=%2Fwp%2Fv2%2Fcategories&post=24767"},{"taxonomy":"post_tag","embeddable":true,"href":"https:\/\/www.press7.tv\/index.php?rest_route=%2Fwp%2Fv2%2Ftags&post=24767"}],"curies":[{"name":"wp","href":"https:\/\/api.w.org\/{rel}","templated":true}]}}