{"id":24760,"date":"2026-01-29T23:03:15","date_gmt":"2026-01-29T23:03:15","guid":{"rendered":"https:\/\/www.press7.tv\/?p=24760"},"modified":"2026-01-29T23:03:15","modified_gmt":"2026-01-29T23:03:15","slug":"fetai-mickoski-e-demantoi-ahmetin-per-zgjedhjet-vlen-me-e-bashkuar-se-kurre","status":"publish","type":"post","link":"https:\/\/www.press7.tv\/?p=24760","title":{"rendered":"Fetai: Mickoski e demantoi Ahmetin p\u00ebr zgjedhjet, VLEN m\u00eb e bashkuar se kurr\u00eb"},"content":{"rendered":"\n    <div class=\"xs_social_share_widget xs_share_url before_content \t\tmain_content  wslu-style-2 wslu-share-box-shaped wslu-fill-colored wslu-share-m-5 wslu-none wslu-share-vertical wslu-theme-font-no wslu-main_content\">\n\n\t\t\n        <ul>\n\t\t\t        <\/ul>\n    <\/div> \n<p>Z\u00ebvend\u00ebskryeministri dhe nj\u00ebri nga lider\u00ebt e VLEN, Arben Fetai n\u00eb emisionin \u201cRizhtazi\u201d n\u00eb Koha cast\u201d ka th\u00ebn\u00eb se k\u00ebto dit\u00eb u zbuluan edhe disa g\u00ebnjeshtra t\u00eb BDI-s\u00eb. Hiq m\u00eb larg se mbr\u00ebm\u00eb, shtoi ai, kryeministri e demantoi Ali Ahmetin se gjoja paska pasur marr\u00ebveshje p\u00ebr zgjedhje t\u00eb dyfishta n\u00eb tetorin q\u00eb lam\u00eb pas.<\/p>\n<p>\u201cK\u00ebt\u00eb jav\u00eb p\u00ebrs\u00ebri me fakte u tha nga p\u00ebrfaq\u00ebsues t\u00eb VMRO-DPMNE-s\u00eb n\u00eb debatet n\u00eb Kuvend se BDI kishte pranuar t\u00eb futet n\u00eb qeveri me nj\u00eb minist\u00ebr m\u00eb pak dhe pa kryetarin e Kuvendit\u201d, thekson Fetai, duke shtuar se \u00ebsht\u00eb e ul\u00ebt kjo qasje e q\u00ebndrimit mbas der\u00eb dhe e uljes s\u00eb pazarit.<\/p>\n<p>Sipas tij, madje zgjedhjet e parakohshme jan\u00eb n\u00eb interes t\u00eb VLEN-it, sepse si\u00e7 thot\u00eb, \u201clegjitimitetin n\u00eb t\u00ebr\u00ebsi e kemi ne, terrenin e kemi ne\u201d.<\/p>\n<p>\u201cPor t\u00eb themi t\u00eb v\u00ebrtet\u00ebn nuk \u00ebsht\u00eb n\u00eb interes t\u00eb vendit dhe qytetar\u00ebve q\u00eb t\u00eb humbim edhe nja 6 muaj t\u00eb tjer\u00eb sepse roli i opozit\u00ebs \u00ebsht\u00eb t\u00eb k\u00ebrkoj\u00eb zgjedhje n\u00eb vazhdim\u00ebsi, derisa roli i qeveris\u00eb \u00ebsht\u00eb t\u00eb shohin proceset dhe b\u00ebjn\u00eb reformat e nevojshme\u201d, thekson ai.<\/p>\n<p>Shum\u00eb m\u00eb t\u00eb fort\u00eb pa Taravarin<\/p>\n<p>Sa i takon pyetjes se a do b\u00ebhet nj\u00eb parti VLEN, Fetai me p\u00ebrgjigje:<\/p>\n<p>\u201cVLEN \u00ebsht\u00eb me e bashkuar se kurr\u00eb, rezultati i zgjedhjeve lokale e ka d\u00ebshmuar k\u00ebt\u00eb, si n\u00eb komuna dhe vot\u00eb q\u00eb kemi marr\u00eb si VLEN. Taravari kishte th\u00ebn\u00eb se VLEN me t\u00eb ka pasur diku 107 mij\u00eb vota, pa t\u00eb 91 mij\u00eb, un\u00eb e shoh se AKI kishte 137 mij\u00eb vota, nd\u00ebrsa me t\u00eb ka 107 mij\u00eb, i ka humbur nja 30 mij\u00eb vota, pra ky \u00ebsht\u00eb impakti i k\u00ebtyre zgjedhjeve lokale. Kemi harmoni q\u00eb nuk e kemi pasur gjat\u00eb periudh\u00ebs paraprake sa ishte aty Taravari dhe p\u00ebr k\u00ebt\u00eb u desh t\u00eb b\u00ebhet nj\u00eb sakrific\u00eb e madhe\u201d, tha ai.<\/p>\n","protected":false},"excerpt":{"rendered":"<p>Z\u00ebvend\u00ebskryeministri dhe nj\u00ebri nga lider\u00ebt e VLEN, Arben Fetai n\u00eb emisionin \u201cRizhtazi\u201d n\u00eb Koha cast\u201d ka th\u00ebn\u00eb se k\u00ebto dit\u00eb u zbuluan edhe disa g\u00ebnjeshtra t\u00eb BDI-s\u00eb. Hiq m\u00eb larg se mbr\u00ebm\u00eb, shtoi ai, kryeministri e demantoi Ali Ahmetin se gjoja paska pasur marr\u00ebveshje p\u00ebr zgjedhje t\u00eb dyfishta n\u00eb tetorin q\u00eb lam\u00eb pas. \u201cK\u00ebt\u00eb jav\u00eb [&hellip;]<\/p>\n","protected":false},"author":8,"featured_media":24761,"comment_status":"closed","ping_status":"closed","sticky":false,"template":"","format":"standard","meta":{"footnotes":""},"categories":[213,214],"tags":[],"class_list":["post-24760","post","type-post","status-publish","format-standard","has-post-thumbnail","hentry","category-lajme","category-maqedoni"],"yoast_head":"<!-- This site is optimized with the Yoast SEO plugin v25.1 - https:\/\/yoast.com\/wordpress\/plugins\/seo\/ -->\n<title>Fetai: Mickoski e demantoi Ahmetin p\u00ebr zgjedhjet, VLEN m\u00eb e bashkuar se kurr\u00eb - press7.tv<\/title>\n<meta name=\"robots\" content=\"index, follow, max-snippet:-1, max-image-preview:large, max-video-preview:-1\" \/>\n<link rel=\"canonical\" href=\"https:\/\/www.press7.tv\/?p=24760\" \/>\n<meta property=\"og:locale\" content=\"en_US\" \/>\n<meta property=\"og:type\" content=\"article\" \/>\n<meta property=\"og:title\" content=\"Fetai: Mickoski e demantoi Ahmetin p\u00ebr zgjedhjet, VLEN m\u00eb e bashkuar se kurr\u00eb - press7.tv\" \/>\n<meta property=\"og:description\" content=\"Z\u00ebvend\u00ebskryeministri dhe nj\u00ebri nga lider\u00ebt e VLEN, Arben Fetai n\u00eb emisionin \u201cRizhtazi\u201d n\u00eb Koha cast\u201d ka th\u00ebn\u00eb se k\u00ebto dit\u00eb u zbuluan edhe disa g\u00ebnjeshtra t\u00eb BDI-s\u00eb. Hiq m\u00eb larg se mbr\u00ebm\u00eb, shtoi ai, kryeministri e demantoi Ali Ahmetin se gjoja paska pasur marr\u00ebveshje p\u00ebr zgjedhje t\u00eb dyfishta n\u00eb tetorin q\u00eb lam\u00eb pas. \u201cK\u00ebt\u00eb jav\u00eb [&hellip;]\" \/>\n<meta property=\"og:url\" content=\"https:\/\/www.press7.tv\/?p=24760\" \/>\n<meta property=\"og:site_name\" content=\"press7.tv\" \/>\n<meta property=\"article:publisher\" content=\"https:\/\/www.facebook.com\/press7.tv\" \/>\n<meta property=\"article:published_time\" content=\"2026-01-29T23:03:15+00:00\" \/>\n<meta property=\"og:image\" content=\"https:\/\/www.press7.tv\/wp-content\/uploads\/2026\/01\/IMG_4059.avif\" \/>\n\t<meta property=\"og:image:width\" content=\"950\" \/>\n\t<meta property=\"og:image:height\" content=\"617\" \/>\n\t<meta property=\"og:image:type\" content=\"image\/jpeg\" \/>\n<meta name=\"author\" content=\"gazetar2\" \/>\n<meta name=\"twitter:card\" content=\"summary_large_image\" \/>\n<meta name=\"twitter:label1\" content=\"Written by\" \/>\n\t<meta name=\"twitter:data1\" content=\"gazetar2\" \/>\n\t<meta name=\"twitter:label2\" content=\"Est. reading time\" \/>\n\t<meta name=\"twitter:data2\" content=\"1 minute\" \/>\n<script type=\"application\/ld+json\" class=\"yoast-schema-graph\">{\"@context\":\"https:\/\/schema.org\",\"@graph\":[{\"@type\":\"Article\",\"@id\":\"https:\/\/www.press7.tv\/?p=24760#article\",\"isPartOf\":{\"@id\":\"https:\/\/www.press7.tv\/?p=24760\"},\"author\":{\"name\":\"gazetar2\",\"@id\":\"https:\/\/www.news33.tv\/#\/schema\/person\/5a04a38a23ccdba82f9bd665cd8f9efa\"},\"headline\":\"Fetai: Mickoski e demantoi Ahmetin p\u00ebr zgjedhjet, VLEN m\u00eb e bashkuar se kurr\u00eb\",\"datePublished\":\"2026-01-29T23:03:15+00:00\",\"mainEntityOfPage\":{\"@id\":\"https:\/\/www.press7.tv\/?p=24760\"},\"wordCount\":341,\"publisher\":{\"@id\":\"https:\/\/www.news33.tv\/#organization\"},\"image\":{\"@id\":\"https:\/\/www.press7.tv\/?p=24760#primaryimage\"},\"thumbnailUrl\":\"https:\/\/www.press7.tv\/wp-content\/uploads\/2026\/01\/IMG_4059.avif\",\"articleSection\":[\"Lajme\",\"Maqedoni\"],\"inLanguage\":\"en-US\"},{\"@type\":\"WebPage\",\"@id\":\"https:\/\/www.press7.tv\/?p=24760\",\"url\":\"https:\/\/www.press7.tv\/?p=24760\",\"name\":\"Fetai: Mickoski e demantoi Ahmetin p\u00ebr zgjedhjet, VLEN m\u00eb e bashkuar se kurr\u00eb - press7.tv\",\"isPartOf\":{\"@id\":\"https:\/\/www.news33.tv\/#website\"},\"primaryImageOfPage\":{\"@id\":\"https:\/\/www.press7.tv\/?p=24760#primaryimage\"},\"image\":{\"@id\":\"https:\/\/www.press7.tv\/?p=24760#primaryimage\"},\"thumbnailUrl\":\"https:\/\/www.press7.tv\/wp-content\/uploads\/2026\/01\/IMG_4059.avif\",\"datePublished\":\"2026-01-29T23:03:15+00:00\",\"breadcrumb\":{\"@id\":\"https:\/\/www.press7.tv\/?p=24760#breadcrumb\"},\"inLanguage\":\"en-US\",\"potentialAction\":[{\"@type\":\"ReadAction\",\"target\":[\"https:\/\/www.press7.tv\/?p=24760\"]}]},{\"@type\":\"ImageObject\",\"inLanguage\":\"en-US\",\"@id\":\"https:\/\/www.press7.tv\/?p=24760#primaryimage\",\"url\":\"https:\/\/www.press7.tv\/wp-content\/uploads\/2026\/01\/IMG_4059.avif\",\"contentUrl\":\"https:\/\/www.press7.tv\/wp-content\/uploads\/2026\/01\/IMG_4059.avif\",\"width\":950,\"height\":617},{\"@type\":\"BreadcrumbList\",\"@id\":\"https:\/\/www.press7.tv\/?p=24760#breadcrumb\",\"itemListElement\":[{\"@type\":\"ListItem\",\"position\":1,\"name\":\"Home\",\"item\":\"https:\/\/www.press7.tv\/\"},{\"@type\":\"ListItem\",\"position\":2,\"name\":\"Fetai: Mickoski e demantoi Ahmetin p\u00ebr zgjedhjet, VLEN m\u00eb e bashkuar se kurr\u00eb\"}]},{\"@type\":\"WebSite\",\"@id\":\"https:\/\/www.news33.tv\/#website\",\"url\":\"https:\/\/www.news33.tv\/\",\"name\":\"News33.tv Media\",\"description\":\"Media\",\"publisher\":{\"@id\":\"https:\/\/www.news33.tv\/#organization\"},\"potentialAction\":[{\"@type\":\"SearchAction\",\"target\":{\"@type\":\"EntryPoint\",\"urlTemplate\":\"https:\/\/www.news33.tv\/?s={search_term_string}\"},\"query-input\":{\"@type\":\"PropertyValueSpecification\",\"valueRequired\":true,\"valueName\":\"search_term_string\"}}],\"inLanguage\":\"en-US\"},{\"@type\":\"Organization\",\"@id\":\"https:\/\/www.news33.tv\/#organization\",\"name\":\"News33.tv Media\",\"url\":\"https:\/\/www.news33.tv\/\",\"logo\":{\"@type\":\"ImageObject\",\"inLanguage\":\"en-US\",\"@id\":\"https:\/\/www.news33.tv\/#\/schema\/logo\/image\/\",\"url\":\"https:\/\/www.press7.tv\/wp-content\/uploads\/2024\/02\/logo-news33-black.png\",\"contentUrl\":\"https:\/\/www.press7.tv\/wp-content\/uploads\/2024\/02\/logo-news33-black.png\",\"width\":180,\"height\":37,\"caption\":\"News33.tv Media\"},\"image\":{\"@id\":\"https:\/\/www.news33.tv\/#\/schema\/logo\/image\/\"},\"sameAs\":[\"https:\/\/www.facebook.com\/press7.tv\"]},{\"@type\":\"Person\",\"@id\":\"https:\/\/www.news33.tv\/#\/schema\/person\/5a04a38a23ccdba82f9bd665cd8f9efa\",\"name\":\"gazetar2\",\"image\":{\"@type\":\"ImageObject\",\"inLanguage\":\"en-US\",\"@id\":\"https:\/\/www.news33.tv\/#\/schema\/person\/image\/\",\"url\":\"https:\/\/www.press7.tv\/wp-content\/litespeed\/avatar\/41975e402c3049d9ddb03adca8f7a883.jpg?ver=1777169572\",\"contentUrl\":\"https:\/\/www.press7.tv\/wp-content\/litespeed\/avatar\/41975e402c3049d9ddb03adca8f7a883.jpg?ver=1777169572\",\"caption\":\"gazetar2\"},\"url\":\"https:\/\/www.press7.tv\/?author=8\"}]}<\/script>\n<!-- \/ Yoast SEO plugin. -->","yoast_head_json":{"title":"Fetai: Mickoski e demantoi Ahmetin p\u00ebr zgjedhjet, VLEN m\u00eb e bashkuar se kurr\u00eb - press7.tv","robots":{"index":"index","follow":"follow","max-snippet":"max-snippet:-1","max-image-preview":"max-image-preview:large","max-video-preview":"max-video-preview:-1"},"canonical":"https:\/\/www.press7.tv\/?p=24760","og_locale":"en_US","og_type":"article","og_title":"Fetai: Mickoski e demantoi Ahmetin p\u00ebr zgjedhjet, VLEN m\u00eb e bashkuar se kurr\u00eb - press7.tv","og_description":"Z\u00ebvend\u00ebskryeministri dhe nj\u00ebri nga lider\u00ebt e VLEN, Arben Fetai n\u00eb emisionin \u201cRizhtazi\u201d n\u00eb Koha cast\u201d ka th\u00ebn\u00eb se k\u00ebto dit\u00eb u zbuluan edhe disa g\u00ebnjeshtra t\u00eb BDI-s\u00eb. Hiq m\u00eb larg se mbr\u00ebm\u00eb, shtoi ai, kryeministri e demantoi Ali Ahmetin se gjoja paska pasur marr\u00ebveshje p\u00ebr zgjedhje t\u00eb dyfishta n\u00eb tetorin q\u00eb lam\u00eb pas. \u201cK\u00ebt\u00eb jav\u00eb [&hellip;]","og_url":"https:\/\/www.press7.tv\/?p=24760","og_site_name":"press7.tv","article_publisher":"https:\/\/www.facebook.com\/press7.tv","article_published_time":"2026-01-29T23:03:15+00:00","og_image":[{"width":950,"height":617,"url":"https:\/\/www.press7.tv\/wp-content\/uploads\/2026\/01\/IMG_4059.avif","type":"image\/jpeg"}],"author":"gazetar2","twitter_card":"summary_large_image","twitter_misc":{"Written by":"gazetar2","Est. reading time":"1 minute"},"schema":{"@context":"https:\/\/schema.org","@graph":[{"@type":"Article","@id":"https:\/\/www.press7.tv\/?p=24760#article","isPartOf":{"@id":"https:\/\/www.press7.tv\/?p=24760"},"author":{"name":"gazetar2","@id":"https:\/\/www.news33.tv\/#\/schema\/person\/5a04a38a23ccdba82f9bd665cd8f9efa"},"headline":"Fetai: Mickoski e demantoi Ahmetin p\u00ebr zgjedhjet, VLEN m\u00eb e bashkuar se kurr\u00eb","datePublished":"2026-01-29T23:03:15+00:00","mainEntityOfPage":{"@id":"https:\/\/www.press7.tv\/?p=24760"},"wordCount":341,"publisher":{"@id":"https:\/\/www.news33.tv\/#organization"},"image":{"@id":"https:\/\/www.press7.tv\/?p=24760#primaryimage"},"thumbnailUrl":"https:\/\/www.press7.tv\/wp-content\/uploads\/2026\/01\/IMG_4059.avif","articleSection":["Lajme","Maqedoni"],"inLanguage":"en-US"},{"@type":"WebPage","@id":"https:\/\/www.press7.tv\/?p=24760","url":"https:\/\/www.press7.tv\/?p=24760","name":"Fetai: Mickoski e demantoi Ahmetin p\u00ebr zgjedhjet, VLEN m\u00eb e bashkuar se kurr\u00eb - press7.tv","isPartOf":{"@id":"https:\/\/www.news33.tv\/#website"},"primaryImageOfPage":{"@id":"https:\/\/www.press7.tv\/?p=24760#primaryimage"},"image":{"@id":"https:\/\/www.press7.tv\/?p=24760#primaryimage"},"thumbnailUrl":"https:\/\/www.press7.tv\/wp-content\/uploads\/2026\/01\/IMG_4059.avif","datePublished":"2026-01-29T23:03:15+00:00","breadcrumb":{"@id":"https:\/\/www.press7.tv\/?p=24760#breadcrumb"},"inLanguage":"en-US","potentialAction":[{"@type":"ReadAction","target":["https:\/\/www.press7.tv\/?p=24760"]}]},{"@type":"ImageObject","inLanguage":"en-US","@id":"https:\/\/www.press7.tv\/?p=24760#primaryimage","url":"https:\/\/www.press7.tv\/wp-content\/uploads\/2026\/01\/IMG_4059.avif","contentUrl":"https:\/\/www.press7.tv\/wp-content\/uploads\/2026\/01\/IMG_4059.avif","width":950,"height":617},{"@type":"BreadcrumbList","@id":"https:\/\/www.press7.tv\/?p=24760#breadcrumb","itemListElement":[{"@type":"ListItem","position":1,"name":"Home","item":"https:\/\/www.press7.tv\/"},{"@type":"ListItem","position":2,"name":"Fetai: Mickoski e demantoi Ahmetin p\u00ebr zgjedhjet, VLEN m\u00eb e bashkuar se kurr\u00eb"}]},{"@type":"WebSite","@id":"https:\/\/www.news33.tv\/#website","url":"https:\/\/www.news33.tv\/","name":"News33.tv Media","description":"Media","publisher":{"@id":"https:\/\/www.news33.tv\/#organization"},"potentialAction":[{"@type":"SearchAction","target":{"@type":"EntryPoint","urlTemplate":"https:\/\/www.news33.tv\/?s={search_term_string}"},"query-input":{"@type":"PropertyValueSpecification","valueRequired":true,"valueName":"search_term_string"}}],"inLanguage":"en-US"},{"@type":"Organization","@id":"https:\/\/www.news33.tv\/#organization","name":"News33.tv Media","url":"https:\/\/www.news33.tv\/","logo":{"@type":"ImageObject","inLanguage":"en-US","@id":"https:\/\/www.news33.tv\/#\/schema\/logo\/image\/","url":"https:\/\/www.press7.tv\/wp-content\/uploads\/2024\/02\/logo-news33-black.png","contentUrl":"https:\/\/www.press7.tv\/wp-content\/uploads\/2024\/02\/logo-news33-black.png","width":180,"height":37,"caption":"News33.tv Media"},"image":{"@id":"https:\/\/www.news33.tv\/#\/schema\/logo\/image\/"},"sameAs":["https:\/\/www.facebook.com\/press7.tv"]},{"@type":"Person","@id":"https:\/\/www.news33.tv\/#\/schema\/person\/5a04a38a23ccdba82f9bd665cd8f9efa","name":"gazetar2","image":{"@type":"ImageObject","inLanguage":"en-US","@id":"https:\/\/www.news33.tv\/#\/schema\/person\/image\/","url":"https:\/\/www.press7.tv\/wp-content\/litespeed\/avatar\/41975e402c3049d9ddb03adca8f7a883.jpg?ver=1777169572","contentUrl":"https:\/\/www.press7.tv\/wp-content\/litespeed\/avatar\/41975e402c3049d9ddb03adca8f7a883.jpg?ver=1777169572","caption":"gazetar2"},"url":"https:\/\/www.press7.tv\/?author=8"}]}},"amp_enabled":true,"_links":{"self":[{"href":"https:\/\/www.press7.tv\/index.php?rest_route=\/wp\/v2\/posts\/24760","targetHints":{"allow":["GET"]}}],"collection":[{"href":"https:\/\/www.press7.tv\/index.php?rest_route=\/wp\/v2\/posts"}],"about":[{"href":"https:\/\/www.press7.tv\/index.php?rest_route=\/wp\/v2\/types\/post"}],"author":[{"embeddable":true,"href":"https:\/\/www.press7.tv\/index.php?rest_route=\/wp\/v2\/users\/8"}],"replies":[{"embeddable":true,"href":"https:\/\/www.press7.tv\/index.php?rest_route=%2Fwp%2Fv2%2Fcomments&post=24760"}],"version-history":[{"count":1,"href":"https:\/\/www.press7.tv\/index.php?rest_route=\/wp\/v2\/posts\/24760\/revisions"}],"predecessor-version":[{"id":24762,"href":"https:\/\/www.press7.tv\/index.php?rest_route=\/wp\/v2\/posts\/24760\/revisions\/24762"}],"wp:featuredmedia":[{"embeddable":true,"href":"https:\/\/www.press7.tv\/index.php?rest_route=\/wp\/v2\/media\/24761"}],"wp:attachment":[{"href":"https:\/\/www.press7.tv\/index.php?rest_route=%2Fwp%2Fv2%2Fmedia&parent=24760"}],"wp:term":[{"taxonomy":"category","embeddable":true,"href":"https:\/\/www.press7.tv\/index.php?rest_route=%2Fwp%2Fv2%2Fcategories&post=24760"},{"taxonomy":"post_tag","embeddable":true,"href":"https:\/\/www.press7.tv\/index.php?rest_route=%2Fwp%2Fv2%2Ftags&post=24760"}],"curies":[{"name":"wp","href":"https:\/\/api.w.org\/{rel}","templated":true}]}}