{"id":24753,"date":"2026-01-29T22:34:43","date_gmt":"2026-01-29T22:34:43","guid":{"rendered":"https:\/\/www.press7.tv\/?p=24753"},"modified":"2026-01-29T22:34:43","modified_gmt":"2026-01-29T22:34:43","slug":"peci-mitrovica-do-te-behet-me-spital-te-ri","status":"publish","type":"post","link":"https:\/\/www.press7.tv\/?p=24753","title":{"rendered":"Peci: Mitrovica do t\u00eb b\u00ebhet me spital t\u00eb ri"},"content":{"rendered":"\n    <div class=\"xs_social_share_widget xs_share_url before_content \t\tmain_content  wslu-style-2 wslu-share-box-shaped wslu-fill-colored wslu-share-m-5 wslu-none wslu-share-vertical wslu-theme-font-no wslu-main_content\">\n\n\t\t\n        <ul>\n\t\t\t        <\/ul>\n    <\/div> \n<p>Kryetari i Komun\u00ebs s\u00eb Mitrovic\u00ebs, Faton Peci, ka njoftuar se qyteti do t\u00eb b\u00ebhet me spital t\u00eb ri. <\/p>\n<p>Ai ka njoftuar se t\u00eb enjten ka pritur n\u00eb takim ministrin n\u00eb detyr\u00eb t\u00eb Sh\u00ebndet\u00ebsis\u00eb, Arben Vitia, me t\u00eb cilin ka diskutuar p\u00ebr gjendjen e sektorit t\u00eb sh\u00ebndet\u00ebsis\u00eb dhe projektet q\u00eb Ministria e Sh\u00ebndet\u00ebsis\u00eb planifikon t\u2019i realizoj\u00eb n\u00eb Mitrovic\u00eb.<\/p>\n<p>Sipas Pecit, n\u00eb fokus t\u00eb diskutimeve ka qen\u00eb ecuria dhe dinamika e projektit p\u00ebr nd\u00ebrtimin e spitalit t\u00eb ri.<\/p>\n<p>Ai ka theksuar se implementimi i projektit do t\u00eb nis\u00eb sapo t\u00eb formohet qeveria e re.<\/p>\n<p>\u201cSpitali i ri, me hap\u00ebsira moderne dhe me t\u00eb gjitha sh\u00ebrbimet sh\u00ebndet\u00ebsore, do t\u00eb realizohet, nd\u00ebrsa implementimi i tij do t\u00eb filloj\u00eb sapo Qeveria Kurti 3 t\u00eb formohet\u201d, ka shkruar Peci n\u00eb Facebook.<\/p>\n<p>Gjat\u00eb takimit thuhet se \u00ebsht\u00eb shqyrtuar edhe mund\u00ebsia e zhvendosjes s\u00eb ambulancave specialistike nga Spitali i P\u00ebrgjithsh\u00ebm i Mitrovic\u00ebs n\u00eb hap\u00ebsira t\u00eb Qendr\u00ebs Kryesore t\u00eb Mjek\u00ebsis\u00eb Familjare.<\/p>\n","protected":false},"excerpt":{"rendered":"<p>Kryetari i Komun\u00ebs s\u00eb Mitrovic\u00ebs, Faton Peci, ka njoftuar se qyteti do t\u00eb b\u00ebhet me spital t\u00eb ri. Ai ka njoftuar se t\u00eb enjten ka pritur n\u00eb takim ministrin n\u00eb detyr\u00eb t\u00eb Sh\u00ebndet\u00ebsis\u00eb, Arben Vitia, me t\u00eb cilin ka diskutuar p\u00ebr gjendjen e sektorit t\u00eb sh\u00ebndet\u00ebsis\u00eb dhe projektet q\u00eb Ministria e Sh\u00ebndet\u00ebsis\u00eb planifikon t\u2019i realizoj\u00eb [&hellip;]<\/p>\n","protected":false},"author":8,"featured_media":24754,"comment_status":"closed","ping_status":"closed","sticky":false,"template":"","format":"standard","meta":{"footnotes":""},"categories":[215,213],"tags":[],"class_list":["post-24753","post","type-post","status-publish","format-standard","has-post-thumbnail","hentry","category-kosove","category-lajme"],"yoast_head":"<!-- This site is optimized with the Yoast SEO plugin v25.1 - https:\/\/yoast.com\/wordpress\/plugins\/seo\/ -->\n<title>Peci: Mitrovica do t\u00eb b\u00ebhet me spital t\u00eb ri - press7.tv<\/title>\n<meta name=\"robots\" content=\"index, follow, max-snippet:-1, max-image-preview:large, max-video-preview:-1\" \/>\n<link rel=\"canonical\" href=\"https:\/\/www.press7.tv\/?p=24753\" \/>\n<meta property=\"og:locale\" content=\"en_US\" \/>\n<meta property=\"og:type\" content=\"article\" \/>\n<meta property=\"og:title\" content=\"Peci: Mitrovica do t\u00eb b\u00ebhet me spital t\u00eb ri - press7.tv\" \/>\n<meta property=\"og:description\" content=\"Kryetari i Komun\u00ebs s\u00eb Mitrovic\u00ebs, Faton Peci, ka njoftuar se qyteti do t\u00eb b\u00ebhet me spital t\u00eb ri. Ai ka njoftuar se t\u00eb enjten ka pritur n\u00eb takim ministrin n\u00eb detyr\u00eb t\u00eb Sh\u00ebndet\u00ebsis\u00eb, Arben Vitia, me t\u00eb cilin ka diskutuar p\u00ebr gjendjen e sektorit t\u00eb sh\u00ebndet\u00ebsis\u00eb dhe projektet q\u00eb Ministria e Sh\u00ebndet\u00ebsis\u00eb planifikon t\u2019i realizoj\u00eb [&hellip;]\" \/>\n<meta property=\"og:url\" content=\"https:\/\/www.press7.tv\/?p=24753\" \/>\n<meta property=\"og:site_name\" content=\"press7.tv\" \/>\n<meta property=\"article:publisher\" content=\"https:\/\/www.facebook.com\/press7.tv\" \/>\n<meta property=\"article:published_time\" content=\"2026-01-29T22:34:43+00:00\" \/>\n<meta property=\"og:image\" content=\"https:\/\/www.press7.tv\/wp-content\/uploads\/2026\/01\/b7c1fcdd-579c-445e-9305-2e2ae87eea82.avif\" \/>\n\t<meta property=\"og:image:width\" content=\"680\" \/>\n\t<meta property=\"og:image:height\" content=\"434\" \/>\n\t<meta property=\"og:image:type\" content=\"image\/webp\" \/>\n<meta name=\"author\" content=\"gazetar2\" \/>\n<meta name=\"twitter:card\" content=\"summary_large_image\" \/>\n<meta name=\"twitter:label1\" content=\"Written by\" \/>\n\t<meta name=\"twitter:data1\" content=\"gazetar2\" \/>\n\t<meta name=\"twitter:label2\" content=\"Est. reading time\" \/>\n\t<meta name=\"twitter:data2\" content=\"1 minute\" \/>\n<script type=\"application\/ld+json\" class=\"yoast-schema-graph\">{\"@context\":\"https:\/\/schema.org\",\"@graph\":[{\"@type\":\"Article\",\"@id\":\"https:\/\/www.press7.tv\/?p=24753#article\",\"isPartOf\":{\"@id\":\"https:\/\/www.press7.tv\/?p=24753\"},\"author\":{\"name\":\"gazetar2\",\"@id\":\"https:\/\/www.news33.tv\/#\/schema\/person\/5a04a38a23ccdba82f9bd665cd8f9efa\"},\"headline\":\"Peci: Mitrovica do t\u00eb b\u00ebhet me spital t\u00eb ri\",\"datePublished\":\"2026-01-29T22:34:43+00:00\",\"mainEntityOfPage\":{\"@id\":\"https:\/\/www.press7.tv\/?p=24753\"},\"wordCount\":186,\"publisher\":{\"@id\":\"https:\/\/www.news33.tv\/#organization\"},\"image\":{\"@id\":\"https:\/\/www.press7.tv\/?p=24753#primaryimage\"},\"thumbnailUrl\":\"https:\/\/www.press7.tv\/wp-content\/uploads\/2026\/01\/b7c1fcdd-579c-445e-9305-2e2ae87eea82.avif\",\"articleSection\":[\"Kosov\u00eb\",\"Lajme\"],\"inLanguage\":\"en-US\"},{\"@type\":\"WebPage\",\"@id\":\"https:\/\/www.press7.tv\/?p=24753\",\"url\":\"https:\/\/www.press7.tv\/?p=24753\",\"name\":\"Peci: Mitrovica do t\u00eb b\u00ebhet me spital t\u00eb ri - press7.tv\",\"isPartOf\":{\"@id\":\"https:\/\/www.news33.tv\/#website\"},\"primaryImageOfPage\":{\"@id\":\"https:\/\/www.press7.tv\/?p=24753#primaryimage\"},\"image\":{\"@id\":\"https:\/\/www.press7.tv\/?p=24753#primaryimage\"},\"thumbnailUrl\":\"https:\/\/www.press7.tv\/wp-content\/uploads\/2026\/01\/b7c1fcdd-579c-445e-9305-2e2ae87eea82.avif\",\"datePublished\":\"2026-01-29T22:34:43+00:00\",\"breadcrumb\":{\"@id\":\"https:\/\/www.press7.tv\/?p=24753#breadcrumb\"},\"inLanguage\":\"en-US\",\"potentialAction\":[{\"@type\":\"ReadAction\",\"target\":[\"https:\/\/www.press7.tv\/?p=24753\"]}]},{\"@type\":\"ImageObject\",\"inLanguage\":\"en-US\",\"@id\":\"https:\/\/www.press7.tv\/?p=24753#primaryimage\",\"url\":\"https:\/\/www.press7.tv\/wp-content\/uploads\/2026\/01\/b7c1fcdd-579c-445e-9305-2e2ae87eea82.avif\",\"contentUrl\":\"https:\/\/www.press7.tv\/wp-content\/uploads\/2026\/01\/b7c1fcdd-579c-445e-9305-2e2ae87eea82.avif\",\"width\":680,\"height\":434},{\"@type\":\"BreadcrumbList\",\"@id\":\"https:\/\/www.press7.tv\/?p=24753#breadcrumb\",\"itemListElement\":[{\"@type\":\"ListItem\",\"position\":1,\"name\":\"Home\",\"item\":\"https:\/\/www.press7.tv\/\"},{\"@type\":\"ListItem\",\"position\":2,\"name\":\"Peci: Mitrovica do t\u00eb b\u00ebhet me spital t\u00eb ri\"}]},{\"@type\":\"WebSite\",\"@id\":\"https:\/\/www.news33.tv\/#website\",\"url\":\"https:\/\/www.news33.tv\/\",\"name\":\"News33.tv Media\",\"description\":\"Media\",\"publisher\":{\"@id\":\"https:\/\/www.news33.tv\/#organization\"},\"potentialAction\":[{\"@type\":\"SearchAction\",\"target\":{\"@type\":\"EntryPoint\",\"urlTemplate\":\"https:\/\/www.news33.tv\/?s={search_term_string}\"},\"query-input\":{\"@type\":\"PropertyValueSpecification\",\"valueRequired\":true,\"valueName\":\"search_term_string\"}}],\"inLanguage\":\"en-US\"},{\"@type\":\"Organization\",\"@id\":\"https:\/\/www.news33.tv\/#organization\",\"name\":\"News33.tv Media\",\"url\":\"https:\/\/www.news33.tv\/\",\"logo\":{\"@type\":\"ImageObject\",\"inLanguage\":\"en-US\",\"@id\":\"https:\/\/www.news33.tv\/#\/schema\/logo\/image\/\",\"url\":\"https:\/\/www.press7.tv\/wp-content\/uploads\/2024\/02\/logo-news33-black.png\",\"contentUrl\":\"https:\/\/www.press7.tv\/wp-content\/uploads\/2024\/02\/logo-news33-black.png\",\"width\":180,\"height\":37,\"caption\":\"News33.tv Media\"},\"image\":{\"@id\":\"https:\/\/www.news33.tv\/#\/schema\/logo\/image\/\"},\"sameAs\":[\"https:\/\/www.facebook.com\/press7.tv\"]},{\"@type\":\"Person\",\"@id\":\"https:\/\/www.news33.tv\/#\/schema\/person\/5a04a38a23ccdba82f9bd665cd8f9efa\",\"name\":\"gazetar2\",\"image\":{\"@type\":\"ImageObject\",\"inLanguage\":\"en-US\",\"@id\":\"https:\/\/www.news33.tv\/#\/schema\/person\/image\/\",\"url\":\"https:\/\/www.press7.tv\/wp-content\/litespeed\/avatar\/41975e402c3049d9ddb03adca8f7a883.jpg?ver=1777169572\",\"contentUrl\":\"https:\/\/www.press7.tv\/wp-content\/litespeed\/avatar\/41975e402c3049d9ddb03adca8f7a883.jpg?ver=1777169572\",\"caption\":\"gazetar2\"},\"url\":\"https:\/\/www.press7.tv\/?author=8\"}]}<\/script>\n<!-- \/ Yoast SEO plugin. -->","yoast_head_json":{"title":"Peci: Mitrovica do t\u00eb b\u00ebhet me spital t\u00eb ri - press7.tv","robots":{"index":"index","follow":"follow","max-snippet":"max-snippet:-1","max-image-preview":"max-image-preview:large","max-video-preview":"max-video-preview:-1"},"canonical":"https:\/\/www.press7.tv\/?p=24753","og_locale":"en_US","og_type":"article","og_title":"Peci: Mitrovica do t\u00eb b\u00ebhet me spital t\u00eb ri - press7.tv","og_description":"Kryetari i Komun\u00ebs s\u00eb Mitrovic\u00ebs, Faton Peci, ka njoftuar se qyteti do t\u00eb b\u00ebhet me spital t\u00eb ri. Ai ka njoftuar se t\u00eb enjten ka pritur n\u00eb takim ministrin n\u00eb detyr\u00eb t\u00eb Sh\u00ebndet\u00ebsis\u00eb, Arben Vitia, me t\u00eb cilin ka diskutuar p\u00ebr gjendjen e sektorit t\u00eb sh\u00ebndet\u00ebsis\u00eb dhe projektet q\u00eb Ministria e Sh\u00ebndet\u00ebsis\u00eb planifikon t\u2019i realizoj\u00eb [&hellip;]","og_url":"https:\/\/www.press7.tv\/?p=24753","og_site_name":"press7.tv","article_publisher":"https:\/\/www.facebook.com\/press7.tv","article_published_time":"2026-01-29T22:34:43+00:00","og_image":[{"width":680,"height":434,"url":"https:\/\/www.press7.tv\/wp-content\/uploads\/2026\/01\/b7c1fcdd-579c-445e-9305-2e2ae87eea82.avif","type":"image\/webp"}],"author":"gazetar2","twitter_card":"summary_large_image","twitter_misc":{"Written by":"gazetar2","Est. reading time":"1 minute"},"schema":{"@context":"https:\/\/schema.org","@graph":[{"@type":"Article","@id":"https:\/\/www.press7.tv\/?p=24753#article","isPartOf":{"@id":"https:\/\/www.press7.tv\/?p=24753"},"author":{"name":"gazetar2","@id":"https:\/\/www.news33.tv\/#\/schema\/person\/5a04a38a23ccdba82f9bd665cd8f9efa"},"headline":"Peci: Mitrovica do t\u00eb b\u00ebhet me spital t\u00eb ri","datePublished":"2026-01-29T22:34:43+00:00","mainEntityOfPage":{"@id":"https:\/\/www.press7.tv\/?p=24753"},"wordCount":186,"publisher":{"@id":"https:\/\/www.news33.tv\/#organization"},"image":{"@id":"https:\/\/www.press7.tv\/?p=24753#primaryimage"},"thumbnailUrl":"https:\/\/www.press7.tv\/wp-content\/uploads\/2026\/01\/b7c1fcdd-579c-445e-9305-2e2ae87eea82.avif","articleSection":["Kosov\u00eb","Lajme"],"inLanguage":"en-US"},{"@type":"WebPage","@id":"https:\/\/www.press7.tv\/?p=24753","url":"https:\/\/www.press7.tv\/?p=24753","name":"Peci: Mitrovica do t\u00eb b\u00ebhet me spital t\u00eb ri - press7.tv","isPartOf":{"@id":"https:\/\/www.news33.tv\/#website"},"primaryImageOfPage":{"@id":"https:\/\/www.press7.tv\/?p=24753#primaryimage"},"image":{"@id":"https:\/\/www.press7.tv\/?p=24753#primaryimage"},"thumbnailUrl":"https:\/\/www.press7.tv\/wp-content\/uploads\/2026\/01\/b7c1fcdd-579c-445e-9305-2e2ae87eea82.avif","datePublished":"2026-01-29T22:34:43+00:00","breadcrumb":{"@id":"https:\/\/www.press7.tv\/?p=24753#breadcrumb"},"inLanguage":"en-US","potentialAction":[{"@type":"ReadAction","target":["https:\/\/www.press7.tv\/?p=24753"]}]},{"@type":"ImageObject","inLanguage":"en-US","@id":"https:\/\/www.press7.tv\/?p=24753#primaryimage","url":"https:\/\/www.press7.tv\/wp-content\/uploads\/2026\/01\/b7c1fcdd-579c-445e-9305-2e2ae87eea82.avif","contentUrl":"https:\/\/www.press7.tv\/wp-content\/uploads\/2026\/01\/b7c1fcdd-579c-445e-9305-2e2ae87eea82.avif","width":680,"height":434},{"@type":"BreadcrumbList","@id":"https:\/\/www.press7.tv\/?p=24753#breadcrumb","itemListElement":[{"@type":"ListItem","position":1,"name":"Home","item":"https:\/\/www.press7.tv\/"},{"@type":"ListItem","position":2,"name":"Peci: Mitrovica do t\u00eb b\u00ebhet me spital t\u00eb ri"}]},{"@type":"WebSite","@id":"https:\/\/www.news33.tv\/#website","url":"https:\/\/www.news33.tv\/","name":"News33.tv Media","description":"Media","publisher":{"@id":"https:\/\/www.news33.tv\/#organization"},"potentialAction":[{"@type":"SearchAction","target":{"@type":"EntryPoint","urlTemplate":"https:\/\/www.news33.tv\/?s={search_term_string}"},"query-input":{"@type":"PropertyValueSpecification","valueRequired":true,"valueName":"search_term_string"}}],"inLanguage":"en-US"},{"@type":"Organization","@id":"https:\/\/www.news33.tv\/#organization","name":"News33.tv Media","url":"https:\/\/www.news33.tv\/","logo":{"@type":"ImageObject","inLanguage":"en-US","@id":"https:\/\/www.news33.tv\/#\/schema\/logo\/image\/","url":"https:\/\/www.press7.tv\/wp-content\/uploads\/2024\/02\/logo-news33-black.png","contentUrl":"https:\/\/www.press7.tv\/wp-content\/uploads\/2024\/02\/logo-news33-black.png","width":180,"height":37,"caption":"News33.tv Media"},"image":{"@id":"https:\/\/www.news33.tv\/#\/schema\/logo\/image\/"},"sameAs":["https:\/\/www.facebook.com\/press7.tv"]},{"@type":"Person","@id":"https:\/\/www.news33.tv\/#\/schema\/person\/5a04a38a23ccdba82f9bd665cd8f9efa","name":"gazetar2","image":{"@type":"ImageObject","inLanguage":"en-US","@id":"https:\/\/www.news33.tv\/#\/schema\/person\/image\/","url":"https:\/\/www.press7.tv\/wp-content\/litespeed\/avatar\/41975e402c3049d9ddb03adca8f7a883.jpg?ver=1777169572","contentUrl":"https:\/\/www.press7.tv\/wp-content\/litespeed\/avatar\/41975e402c3049d9ddb03adca8f7a883.jpg?ver=1777169572","caption":"gazetar2"},"url":"https:\/\/www.press7.tv\/?author=8"}]}},"amp_enabled":true,"_links":{"self":[{"href":"https:\/\/www.press7.tv\/index.php?rest_route=\/wp\/v2\/posts\/24753","targetHints":{"allow":["GET"]}}],"collection":[{"href":"https:\/\/www.press7.tv\/index.php?rest_route=\/wp\/v2\/posts"}],"about":[{"href":"https:\/\/www.press7.tv\/index.php?rest_route=\/wp\/v2\/types\/post"}],"author":[{"embeddable":true,"href":"https:\/\/www.press7.tv\/index.php?rest_route=\/wp\/v2\/users\/8"}],"replies":[{"embeddable":true,"href":"https:\/\/www.press7.tv\/index.php?rest_route=%2Fwp%2Fv2%2Fcomments&post=24753"}],"version-history":[{"count":1,"href":"https:\/\/www.press7.tv\/index.php?rest_route=\/wp\/v2\/posts\/24753\/revisions"}],"predecessor-version":[{"id":24755,"href":"https:\/\/www.press7.tv\/index.php?rest_route=\/wp\/v2\/posts\/24753\/revisions\/24755"}],"wp:featuredmedia":[{"embeddable":true,"href":"https:\/\/www.press7.tv\/index.php?rest_route=\/wp\/v2\/media\/24754"}],"wp:attachment":[{"href":"https:\/\/www.press7.tv\/index.php?rest_route=%2Fwp%2Fv2%2Fmedia&parent=24753"}],"wp:term":[{"taxonomy":"category","embeddable":true,"href":"https:\/\/www.press7.tv\/index.php?rest_route=%2Fwp%2Fv2%2Fcategories&post=24753"},{"taxonomy":"post_tag","embeddable":true,"href":"https:\/\/www.press7.tv\/index.php?rest_route=%2Fwp%2Fv2%2Ftags&post=24753"}],"curies":[{"name":"wp","href":"https:\/\/api.w.org\/{rel}","templated":true}]}}