{"id":24750,"date":"2026-01-29T22:16:22","date_gmt":"2026-01-29T22:16:22","guid":{"rendered":"https:\/\/www.press7.tv\/?p=24750"},"modified":"2026-01-29T22:16:22","modified_gmt":"2026-01-29T22:16:22","slug":"zv-ministri-iseni-kercenimet-ndaj-gazetares-liridona-vejseli-nuk-kalojne-rasti-do-te-shkoje-deri-ne-fund","status":"publish","type":"post","link":"https:\/\/www.press7.tv\/?p=24750","title":{"rendered":"Zv. ministri Iseni: K\u00ebrc\u00ebnimet ndaj gazetares Liridona Vejseli nuk kalojn\u00eb, rasti do t\u00eb shkoj\u00eb deri n\u00eb fund"},"content":{"rendered":"\n    <div class=\"xs_social_share_widget xs_share_url before_content \t\tmain_content  wslu-style-2 wslu-share-box-shaped wslu-fill-colored wslu-share-m-5 wslu-none wslu-share-vertical wslu-theme-font-no wslu-main_content\">\n\n\t\t\n        <ul>\n\t\t\t        <\/ul>\n    <\/div> \n<p>Z\u00ebvend\u00ebsministri i Pun\u00ebve t\u00eb Brendshme, Astrit Iseni, ka reaguar publikisht lidhur me rastin e gazetares Liridona Vejseli, duke theksuar se k\u00ebrc\u00ebnimet dhe presioni ndaj saj nuk do t\u00eb tolerohen dhe se institucionet do ta ndjekin \u00e7\u00ebshtjen deri n\u00eb fund.<\/p>\n<p>Iseni ka theksuar se d\u00ebshmia publike e gazetares n\u00eb nj\u00eb emision televiziv \u00ebsht\u00eb prov\u00eb e qart\u00eb se policia i ka q\u00ebndruar pran\u00eb p\u00ebr ta mbrojtur dhe p\u00ebr t\u00eb garantuar sigurin\u00eb e saj, n\u00eb nj\u00eb moment kur presioni ndaj fjal\u00ebs s\u00eb lir\u00eb nga i dyshuari ishte i lart\u00eb. Sipas tij, Ministria e Pun\u00ebve t\u00eb Brendshme ka vepruar me profesionaliz\u00ebm, ka mbledhur faktet, ka siguruar d\u00ebshmit\u00eb dhe ka kryer t\u00eb gjitha veprimet e nevojshme deri n\u00eb momentin kur rasti i ka kaluar gjyq\u00ebsorit.<\/p>\n<p>N\u00eb reagimin e tij, z\u00ebvend\u00ebsministri ka kritikuar ashp\u00ebr gjyq\u00ebsorin, duke e cil\u00ebsuar paradoksale q\u00eb sot si mbrojt\u00ebs t\u00eb drejt\u00ebsis\u00eb paraqiten pik\u00ebrisht ata q\u00eb p\u00ebr vite me radh\u00eb e kan\u00eb politizuar, kapur dhe d\u00ebmtuar sistemin. Ai ka theksuar se r\u00ebnia e besueshm\u00ebris\u00eb s\u00eb drejt\u00ebsis\u00eb n\u00eb rreth 3 p\u00ebr qind nuk \u00ebsht\u00eb rast\u00ebsi, por pasoj\u00eb direkte e instalimeve politike dhe nd\u00ebrhyrjeve t\u00eb vazhdueshme.<\/p>\n<p>Iseni ka n\u00ebnvizuar se ata q\u00eb sot shtiren si mbrojt\u00ebs t\u00eb gazetar\u00ebve dhe t\u00eb liris\u00eb s\u00eb medias, dje kan\u00eb heshtur, frik\u00ebsuar dhe shantazhuar z\u00ebrat kritik\u00eb. Ai ka garantuar se rasti i Liridona Vejselit do t\u00eb shkoj\u00eb deri n\u00eb fund dhe se \u00e7do vendim i mundsh\u00ebm i nj\u00eb gjyq\u00ebsori t\u00eb kapur nuk e zbeh faktin dhe as profesionalizmin e pun\u00ebs s\u00eb MPB-s\u00eb, e cila, sipas tij, ka vepruar dhe do t\u00eb veproj\u00eb pa asnj\u00eb kompromis.<\/p>\n<p>N\u00eb fund, z\u00ebvend\u00ebsministri ka riafirmuar mb\u00ebshtetjen e plot\u00eb p\u00ebr gazetarin\u00eb e mir\u00ebfillt\u00eb, denoncuese dhe investiguese, duke theksuar se gazetar\u00ebt e guximsh\u00ebm jan\u00eb korrigjuesi real i sistemit dhe nj\u00eb mekaniz\u00ebm i domosdosh\u00ebm q\u00eb i detyron institucionet t\u00eb japin llogari. Ai ka theksuar se \u00e7do gazetar apo gazetare q\u00eb guxon t\u00eb flas\u00eb hapur dhe t\u00eb denoncoj\u00eb bashk\u00ebpunimin joprofesional t\u00eb prokuror\u00ebve dhe gjykat\u00ebsve kund\u00ebr atyre q\u00eb ngrejn\u00eb z\u00ebrin, meriton p\u00ebrkrahje t\u00eb plot\u00eb.\/press7.tv<\/p>\n","protected":false},"excerpt":{"rendered":"<p>Z\u00ebvend\u00ebsministri i Pun\u00ebve t\u00eb Brendshme, Astrit Iseni, ka reaguar publikisht lidhur me rastin e gazetares Liridona Vejseli, duke theksuar se k\u00ebrc\u00ebnimet dhe presioni ndaj saj nuk do t\u00eb tolerohen dhe se institucionet do ta ndjekin \u00e7\u00ebshtjen deri n\u00eb fund. Iseni ka theksuar se d\u00ebshmia publike e gazetares n\u00eb nj\u00eb emision televiziv \u00ebsht\u00eb prov\u00eb e qart\u00eb [&hellip;]<\/p>\n","protected":false},"author":8,"featured_media":24751,"comment_status":"closed","ping_status":"closed","sticky":false,"template":"","format":"standard","meta":{"footnotes":""},"categories":[213,214],"tags":[],"class_list":["post-24750","post","type-post","status-publish","format-standard","has-post-thumbnail","hentry","category-lajme","category-maqedoni"],"yoast_head":"<!-- This site is optimized with the Yoast SEO plugin v25.1 - https:\/\/yoast.com\/wordpress\/plugins\/seo\/ -->\n<title>Zv. ministri Iseni: K\u00ebrc\u00ebnimet ndaj gazetares Liridona Vejseli nuk kalojn\u00eb, rasti do t\u00eb shkoj\u00eb deri n\u00eb fund - press7.tv<\/title>\n<meta name=\"robots\" content=\"index, follow, max-snippet:-1, max-image-preview:large, max-video-preview:-1\" \/>\n<link rel=\"canonical\" href=\"https:\/\/www.press7.tv\/?p=24750\" \/>\n<meta property=\"og:locale\" content=\"en_US\" \/>\n<meta property=\"og:type\" content=\"article\" \/>\n<meta property=\"og:title\" content=\"Zv. ministri Iseni: K\u00ebrc\u00ebnimet ndaj gazetares Liridona Vejseli nuk kalojn\u00eb, rasti do t\u00eb shkoj\u00eb deri n\u00eb fund - press7.tv\" \/>\n<meta property=\"og:description\" content=\"Z\u00ebvend\u00ebsministri i Pun\u00ebve t\u00eb Brendshme, Astrit Iseni, ka reaguar publikisht lidhur me rastin e gazetares Liridona Vejseli, duke theksuar se k\u00ebrc\u00ebnimet dhe presioni ndaj saj nuk do t\u00eb tolerohen dhe se institucionet do ta ndjekin \u00e7\u00ebshtjen deri n\u00eb fund. Iseni ka theksuar se d\u00ebshmia publike e gazetares n\u00eb nj\u00eb emision televiziv \u00ebsht\u00eb prov\u00eb e qart\u00eb [&hellip;]\" \/>\n<meta property=\"og:url\" content=\"https:\/\/www.press7.tv\/?p=24750\" \/>\n<meta property=\"og:site_name\" content=\"press7.tv\" \/>\n<meta property=\"article:publisher\" content=\"https:\/\/www.facebook.com\/press7.tv\" \/>\n<meta property=\"article:published_time\" content=\"2026-01-29T22:16:22+00:00\" \/>\n<meta property=\"og:image\" content=\"https:\/\/www.press7.tv\/wp-content\/uploads\/2026\/01\/dc936bd8-f161-4301-875c-f2ea84445756.avif\" \/>\n\t<meta property=\"og:image:width\" content=\"2048\" \/>\n\t<meta property=\"og:image:height\" content=\"2048\" \/>\n\t<meta property=\"og:image:type\" content=\"image\/jpeg\" \/>\n<meta name=\"author\" content=\"gazetar2\" \/>\n<meta name=\"twitter:card\" content=\"summary_large_image\" \/>\n<meta name=\"twitter:label1\" content=\"Written by\" \/>\n\t<meta name=\"twitter:data1\" content=\"gazetar2\" \/>\n\t<meta name=\"twitter:label2\" content=\"Est. reading time\" \/>\n\t<meta name=\"twitter:data2\" content=\"1 minute\" \/>\n<script type=\"application\/ld+json\" class=\"yoast-schema-graph\">{\"@context\":\"https:\/\/schema.org\",\"@graph\":[{\"@type\":\"Article\",\"@id\":\"https:\/\/www.press7.tv\/?p=24750#article\",\"isPartOf\":{\"@id\":\"https:\/\/www.press7.tv\/?p=24750\"},\"author\":{\"name\":\"gazetar2\",\"@id\":\"https:\/\/www.news33.tv\/#\/schema\/person\/5a04a38a23ccdba82f9bd665cd8f9efa\"},\"headline\":\"Zv. ministri Iseni: K\u00ebrc\u00ebnimet ndaj gazetares Liridona Vejseli nuk kalojn\u00eb, rasti do t\u00eb shkoj\u00eb deri n\u00eb fund\",\"datePublished\":\"2026-01-29T22:16:22+00:00\",\"mainEntityOfPage\":{\"@id\":\"https:\/\/www.press7.tv\/?p=24750\"},\"wordCount\":397,\"publisher\":{\"@id\":\"https:\/\/www.news33.tv\/#organization\"},\"image\":{\"@id\":\"https:\/\/www.press7.tv\/?p=24750#primaryimage\"},\"thumbnailUrl\":\"https:\/\/www.press7.tv\/wp-content\/uploads\/2026\/01\/dc936bd8-f161-4301-875c-f2ea84445756.avif\",\"articleSection\":[\"Lajme\",\"Maqedoni\"],\"inLanguage\":\"en-US\"},{\"@type\":\"WebPage\",\"@id\":\"https:\/\/www.press7.tv\/?p=24750\",\"url\":\"https:\/\/www.press7.tv\/?p=24750\",\"name\":\"Zv. ministri Iseni: K\u00ebrc\u00ebnimet ndaj gazetares Liridona Vejseli nuk kalojn\u00eb, rasti do t\u00eb shkoj\u00eb deri n\u00eb fund - press7.tv\",\"isPartOf\":{\"@id\":\"https:\/\/www.news33.tv\/#website\"},\"primaryImageOfPage\":{\"@id\":\"https:\/\/www.press7.tv\/?p=24750#primaryimage\"},\"image\":{\"@id\":\"https:\/\/www.press7.tv\/?p=24750#primaryimage\"},\"thumbnailUrl\":\"https:\/\/www.press7.tv\/wp-content\/uploads\/2026\/01\/dc936bd8-f161-4301-875c-f2ea84445756.avif\",\"datePublished\":\"2026-01-29T22:16:22+00:00\",\"breadcrumb\":{\"@id\":\"https:\/\/www.press7.tv\/?p=24750#breadcrumb\"},\"inLanguage\":\"en-US\",\"potentialAction\":[{\"@type\":\"ReadAction\",\"target\":[\"https:\/\/www.press7.tv\/?p=24750\"]}]},{\"@type\":\"ImageObject\",\"inLanguage\":\"en-US\",\"@id\":\"https:\/\/www.press7.tv\/?p=24750#primaryimage\",\"url\":\"https:\/\/www.press7.tv\/wp-content\/uploads\/2026\/01\/dc936bd8-f161-4301-875c-f2ea84445756.avif\",\"contentUrl\":\"https:\/\/www.press7.tv\/wp-content\/uploads\/2026\/01\/dc936bd8-f161-4301-875c-f2ea84445756.avif\",\"width\":2048,\"height\":2048},{\"@type\":\"BreadcrumbList\",\"@id\":\"https:\/\/www.press7.tv\/?p=24750#breadcrumb\",\"itemListElement\":[{\"@type\":\"ListItem\",\"position\":1,\"name\":\"Home\",\"item\":\"https:\/\/www.press7.tv\/\"},{\"@type\":\"ListItem\",\"position\":2,\"name\":\"Zv. ministri Iseni: K\u00ebrc\u00ebnimet ndaj gazetares Liridona Vejseli nuk kalojn\u00eb, rasti do t\u00eb shkoj\u00eb deri n\u00eb fund\"}]},{\"@type\":\"WebSite\",\"@id\":\"https:\/\/www.news33.tv\/#website\",\"url\":\"https:\/\/www.news33.tv\/\",\"name\":\"News33.tv Media\",\"description\":\"Media\",\"publisher\":{\"@id\":\"https:\/\/www.news33.tv\/#organization\"},\"potentialAction\":[{\"@type\":\"SearchAction\",\"target\":{\"@type\":\"EntryPoint\",\"urlTemplate\":\"https:\/\/www.news33.tv\/?s={search_term_string}\"},\"query-input\":{\"@type\":\"PropertyValueSpecification\",\"valueRequired\":true,\"valueName\":\"search_term_string\"}}],\"inLanguage\":\"en-US\"},{\"@type\":\"Organization\",\"@id\":\"https:\/\/www.news33.tv\/#organization\",\"name\":\"News33.tv Media\",\"url\":\"https:\/\/www.news33.tv\/\",\"logo\":{\"@type\":\"ImageObject\",\"inLanguage\":\"en-US\",\"@id\":\"https:\/\/www.news33.tv\/#\/schema\/logo\/image\/\",\"url\":\"https:\/\/www.press7.tv\/wp-content\/uploads\/2024\/02\/logo-news33-black.png\",\"contentUrl\":\"https:\/\/www.press7.tv\/wp-content\/uploads\/2024\/02\/logo-news33-black.png\",\"width\":180,\"height\":37,\"caption\":\"News33.tv Media\"},\"image\":{\"@id\":\"https:\/\/www.news33.tv\/#\/schema\/logo\/image\/\"},\"sameAs\":[\"https:\/\/www.facebook.com\/press7.tv\"]},{\"@type\":\"Person\",\"@id\":\"https:\/\/www.news33.tv\/#\/schema\/person\/5a04a38a23ccdba82f9bd665cd8f9efa\",\"name\":\"gazetar2\",\"image\":{\"@type\":\"ImageObject\",\"inLanguage\":\"en-US\",\"@id\":\"https:\/\/www.news33.tv\/#\/schema\/person\/image\/\",\"url\":\"https:\/\/www.press7.tv\/wp-content\/litespeed\/avatar\/41975e402c3049d9ddb03adca8f7a883.jpg?ver=1777169572\",\"contentUrl\":\"https:\/\/www.press7.tv\/wp-content\/litespeed\/avatar\/41975e402c3049d9ddb03adca8f7a883.jpg?ver=1777169572\",\"caption\":\"gazetar2\"},\"url\":\"https:\/\/www.press7.tv\/?author=8\"}]}<\/script>\n<!-- \/ Yoast SEO plugin. -->","yoast_head_json":{"title":"Zv. ministri Iseni: K\u00ebrc\u00ebnimet ndaj gazetares Liridona Vejseli nuk kalojn\u00eb, rasti do t\u00eb shkoj\u00eb deri n\u00eb fund - press7.tv","robots":{"index":"index","follow":"follow","max-snippet":"max-snippet:-1","max-image-preview":"max-image-preview:large","max-video-preview":"max-video-preview:-1"},"canonical":"https:\/\/www.press7.tv\/?p=24750","og_locale":"en_US","og_type":"article","og_title":"Zv. ministri Iseni: K\u00ebrc\u00ebnimet ndaj gazetares Liridona Vejseli nuk kalojn\u00eb, rasti do t\u00eb shkoj\u00eb deri n\u00eb fund - press7.tv","og_description":"Z\u00ebvend\u00ebsministri i Pun\u00ebve t\u00eb Brendshme, Astrit Iseni, ka reaguar publikisht lidhur me rastin e gazetares Liridona Vejseli, duke theksuar se k\u00ebrc\u00ebnimet dhe presioni ndaj saj nuk do t\u00eb tolerohen dhe se institucionet do ta ndjekin \u00e7\u00ebshtjen deri n\u00eb fund. Iseni ka theksuar se d\u00ebshmia publike e gazetares n\u00eb nj\u00eb emision televiziv \u00ebsht\u00eb prov\u00eb e qart\u00eb [&hellip;]","og_url":"https:\/\/www.press7.tv\/?p=24750","og_site_name":"press7.tv","article_publisher":"https:\/\/www.facebook.com\/press7.tv","article_published_time":"2026-01-29T22:16:22+00:00","og_image":[{"width":2048,"height":2048,"url":"https:\/\/www.press7.tv\/wp-content\/uploads\/2026\/01\/dc936bd8-f161-4301-875c-f2ea84445756.avif","type":"image\/jpeg"}],"author":"gazetar2","twitter_card":"summary_large_image","twitter_misc":{"Written by":"gazetar2","Est. reading time":"1 minute"},"schema":{"@context":"https:\/\/schema.org","@graph":[{"@type":"Article","@id":"https:\/\/www.press7.tv\/?p=24750#article","isPartOf":{"@id":"https:\/\/www.press7.tv\/?p=24750"},"author":{"name":"gazetar2","@id":"https:\/\/www.news33.tv\/#\/schema\/person\/5a04a38a23ccdba82f9bd665cd8f9efa"},"headline":"Zv. ministri Iseni: K\u00ebrc\u00ebnimet ndaj gazetares Liridona Vejseli nuk kalojn\u00eb, rasti do t\u00eb shkoj\u00eb deri n\u00eb fund","datePublished":"2026-01-29T22:16:22+00:00","mainEntityOfPage":{"@id":"https:\/\/www.press7.tv\/?p=24750"},"wordCount":397,"publisher":{"@id":"https:\/\/www.news33.tv\/#organization"},"image":{"@id":"https:\/\/www.press7.tv\/?p=24750#primaryimage"},"thumbnailUrl":"https:\/\/www.press7.tv\/wp-content\/uploads\/2026\/01\/dc936bd8-f161-4301-875c-f2ea84445756.avif","articleSection":["Lajme","Maqedoni"],"inLanguage":"en-US"},{"@type":"WebPage","@id":"https:\/\/www.press7.tv\/?p=24750","url":"https:\/\/www.press7.tv\/?p=24750","name":"Zv. ministri Iseni: K\u00ebrc\u00ebnimet ndaj gazetares Liridona Vejseli nuk kalojn\u00eb, rasti do t\u00eb shkoj\u00eb deri n\u00eb fund - press7.tv","isPartOf":{"@id":"https:\/\/www.news33.tv\/#website"},"primaryImageOfPage":{"@id":"https:\/\/www.press7.tv\/?p=24750#primaryimage"},"image":{"@id":"https:\/\/www.press7.tv\/?p=24750#primaryimage"},"thumbnailUrl":"https:\/\/www.press7.tv\/wp-content\/uploads\/2026\/01\/dc936bd8-f161-4301-875c-f2ea84445756.avif","datePublished":"2026-01-29T22:16:22+00:00","breadcrumb":{"@id":"https:\/\/www.press7.tv\/?p=24750#breadcrumb"},"inLanguage":"en-US","potentialAction":[{"@type":"ReadAction","target":["https:\/\/www.press7.tv\/?p=24750"]}]},{"@type":"ImageObject","inLanguage":"en-US","@id":"https:\/\/www.press7.tv\/?p=24750#primaryimage","url":"https:\/\/www.press7.tv\/wp-content\/uploads\/2026\/01\/dc936bd8-f161-4301-875c-f2ea84445756.avif","contentUrl":"https:\/\/www.press7.tv\/wp-content\/uploads\/2026\/01\/dc936bd8-f161-4301-875c-f2ea84445756.avif","width":2048,"height":2048},{"@type":"BreadcrumbList","@id":"https:\/\/www.press7.tv\/?p=24750#breadcrumb","itemListElement":[{"@type":"ListItem","position":1,"name":"Home","item":"https:\/\/www.press7.tv\/"},{"@type":"ListItem","position":2,"name":"Zv. ministri Iseni: K\u00ebrc\u00ebnimet ndaj gazetares Liridona Vejseli nuk kalojn\u00eb, rasti do t\u00eb shkoj\u00eb deri n\u00eb fund"}]},{"@type":"WebSite","@id":"https:\/\/www.news33.tv\/#website","url":"https:\/\/www.news33.tv\/","name":"News33.tv Media","description":"Media","publisher":{"@id":"https:\/\/www.news33.tv\/#organization"},"potentialAction":[{"@type":"SearchAction","target":{"@type":"EntryPoint","urlTemplate":"https:\/\/www.news33.tv\/?s={search_term_string}"},"query-input":{"@type":"PropertyValueSpecification","valueRequired":true,"valueName":"search_term_string"}}],"inLanguage":"en-US"},{"@type":"Organization","@id":"https:\/\/www.news33.tv\/#organization","name":"News33.tv Media","url":"https:\/\/www.news33.tv\/","logo":{"@type":"ImageObject","inLanguage":"en-US","@id":"https:\/\/www.news33.tv\/#\/schema\/logo\/image\/","url":"https:\/\/www.press7.tv\/wp-content\/uploads\/2024\/02\/logo-news33-black.png","contentUrl":"https:\/\/www.press7.tv\/wp-content\/uploads\/2024\/02\/logo-news33-black.png","width":180,"height":37,"caption":"News33.tv Media"},"image":{"@id":"https:\/\/www.news33.tv\/#\/schema\/logo\/image\/"},"sameAs":["https:\/\/www.facebook.com\/press7.tv"]},{"@type":"Person","@id":"https:\/\/www.news33.tv\/#\/schema\/person\/5a04a38a23ccdba82f9bd665cd8f9efa","name":"gazetar2","image":{"@type":"ImageObject","inLanguage":"en-US","@id":"https:\/\/www.news33.tv\/#\/schema\/person\/image\/","url":"https:\/\/www.press7.tv\/wp-content\/litespeed\/avatar\/41975e402c3049d9ddb03adca8f7a883.jpg?ver=1777169572","contentUrl":"https:\/\/www.press7.tv\/wp-content\/litespeed\/avatar\/41975e402c3049d9ddb03adca8f7a883.jpg?ver=1777169572","caption":"gazetar2"},"url":"https:\/\/www.press7.tv\/?author=8"}]}},"amp_enabled":true,"_links":{"self":[{"href":"https:\/\/www.press7.tv\/index.php?rest_route=\/wp\/v2\/posts\/24750","targetHints":{"allow":["GET"]}}],"collection":[{"href":"https:\/\/www.press7.tv\/index.php?rest_route=\/wp\/v2\/posts"}],"about":[{"href":"https:\/\/www.press7.tv\/index.php?rest_route=\/wp\/v2\/types\/post"}],"author":[{"embeddable":true,"href":"https:\/\/www.press7.tv\/index.php?rest_route=\/wp\/v2\/users\/8"}],"replies":[{"embeddable":true,"href":"https:\/\/www.press7.tv\/index.php?rest_route=%2Fwp%2Fv2%2Fcomments&post=24750"}],"version-history":[{"count":1,"href":"https:\/\/www.press7.tv\/index.php?rest_route=\/wp\/v2\/posts\/24750\/revisions"}],"predecessor-version":[{"id":24752,"href":"https:\/\/www.press7.tv\/index.php?rest_route=\/wp\/v2\/posts\/24750\/revisions\/24752"}],"wp:featuredmedia":[{"embeddable":true,"href":"https:\/\/www.press7.tv\/index.php?rest_route=\/wp\/v2\/media\/24751"}],"wp:attachment":[{"href":"https:\/\/www.press7.tv\/index.php?rest_route=%2Fwp%2Fv2%2Fmedia&parent=24750"}],"wp:term":[{"taxonomy":"category","embeddable":true,"href":"https:\/\/www.press7.tv\/index.php?rest_route=%2Fwp%2Fv2%2Fcategories&post=24750"},{"taxonomy":"post_tag","embeddable":true,"href":"https:\/\/www.press7.tv\/index.php?rest_route=%2Fwp%2Fv2%2Ftags&post=24750"}],"curies":[{"name":"wp","href":"https:\/\/api.w.org\/{rel}","templated":true}]}}