{"id":24726,"date":"2026-01-29T15:50:25","date_gmt":"2026-01-29T15:50:25","guid":{"rendered":"https:\/\/www.press7.tv\/?p=24726"},"modified":"2026-01-29T15:50:25","modified_gmt":"2026-01-29T15:50:25","slug":"nicki-minaj-dore-per-dore-me-trumpin","status":"publish","type":"post","link":"https:\/\/www.press7.tv\/?p=24726","title":{"rendered":"Nicki Minaj dor\u00eb p\u00ebr dore me Trumpin"},"content":{"rendered":"\n    <div class=\"xs_social_share_widget xs_share_url before_content \t\tmain_content  wslu-style-2 wslu-share-box-shaped wslu-fill-colored wslu-share-m-5 wslu-none wslu-share-vertical wslu-theme-font-no wslu-main_content\">\n\n\t\t\n        <ul>\n\t\t\t        <\/ul>\n    <\/div> \n<p>K\u00ebng\u00ebtarja e mir\u00ebnjohur, Nicki Minaj, ka riafirmuar publikisht mb\u00ebshtetjen e saj p\u00ebr presidentin amerikan Donald Trump, duke u vet\u00ebshpallur \u201cfansja num\u00ebr nj\u00eb\u201d e tij, nd\u00ebrsa nj\u00eb moment ku t\u00eb dy shihen duke u mbajtur p\u00ebr dore \u00ebsht\u00eb b\u00ebr\u00eb viral n\u00eb rrjete sociale.<\/p>\n<p>Reperja dhe presidenti u fotografuan s\u00eb bashku gjat\u00eb nj\u00eb aktiviteti n\u00eb Departamentin Amerikan t\u00eb Thesarit, t\u00eb quajtur \u201cTrump Accounts Summit\u201d.<\/p>\n<p>Pamjet u shp\u00ebrndan\u00eb me shpejt\u00ebsi n\u00eb platform\u00ebn X, ku reagimet ishin t\u00eb shumta dhe shpesh ironike.<\/p>\n<p>\u201cNicki Minaj dhe Trump duke u mbajtur p\u00ebr dore nuk ishte n\u00eb list\u00ebn time t\u00eb ngjarjeve p\u00ebr vitin 2026\u201d, ka shkruar nj\u00eb p\u00ebrdorues.<\/p>\n<p>Nj\u00eb tjet\u00ebr komentonte se \u201cJo, Nicki Minaj duke u mbajtur p\u00ebr dore me Donald Trump, karriera e saj ka marr\u00eb fund\u201d, nd\u00ebrsa t\u00eb tjer\u00eb shpreh\u00ebn habi me figura duke shkruar: \u201cNicki Minaj duke u mbajtur p\u00ebr dore me Donald Trump????\u201d.<\/p>\n<p>Gjat\u00eb aktivitetit, Trumpi e ka ftuar Minajn n\u00eb sken\u00eb p\u00ebr t\u00eb folur para t\u00eb pranishm\u00ebve, duke b\u00ebr\u00eb edhe nj\u00eb koment me humor p\u00ebr thonjt\u00eb e saj.<\/p>\n<p>\u201cI thash\u00eb vetes se do t\u2019i l\u00eb thonjt\u00eb t\u00eb rriten, sepse i dua shum\u00eb k\u00ebta thonj. Do t\u2019i l\u00eb t\u00eb rriten\u201d, ka th\u00ebn\u00eb Trump.<\/p>\n<p>Nga ana e saj, Minaj ka theksuar se kritikat dhe sulmet nuk ndikojn\u00eb aspak tek ajo.<\/p>\n<p>\u201cUrrejtja, ose \u00e7far\u00ebdo q\u00eb njer\u00ebzit thon\u00eb, nuk m\u00eb prek fare\u201d, u shpreh ajo.<\/p>\n<p>Reperja ka sulmuar gjithashtu guvernatorin e Kalifornis\u00eb, Gavin Newsom.<\/p>\n<p>\u201cOh jo, nuk d\u00ebshiron t\u00eb b\u00ebj\u00eb ndryshim, absolutisht jo. Ai vet\u00ebm d\u00ebshiron t\u00eb shihet. Nuk d\u00ebshiron t\u00eb b\u00ebj\u00eb asgj\u00eb serioze me koh\u00ebn apo jet\u00ebn e tij\u201d, ka th\u00ebn\u00eb Minaj para publikut.<\/p>\n<p>Duke folur m\u00eb gjer\u00ebsisht p\u00ebr politik\u00ebn, ajo ka kritikuar disa politikan\u00eb.<\/p>\n<p>\u201cJan\u00eb thjesht politikan\u00eb q\u00eb duan t\u00eb b\u00ebhen t\u00eb famsh\u00ebm. Nuk u intereson n\u00ebse politikat e tyre funksionojn\u00eb pas dy muajsh apo dy minutash. Nuk u intereson t\u00eb frym\u00ebzojn\u00eb brezin e ardhsh\u00ebm. U intereson vet\u00ebm t\u00eb marrin pushtetin\u201d, ka th\u00ebn\u00eb ajo.<\/p>\n<p>Sipas Minaj, Trumpi \u00ebsht\u00eb ndryshe.<\/p>\n<p>\u201cAi \u00ebsht\u00eb nj\u00eb qenie tjet\u00ebr njer\u00ebzore. Ky \u00ebsht\u00eb nj\u00eb president ndryshe, nj\u00eb lloj tjet\u00ebr udh\u00ebheq\u00ebsi. Ai \u00ebsht\u00eb nj\u00eb biznesmen dhe nj\u00eb njeri autentik. Kur thot\u00eb se d\u00ebshiron t\u00eb kontribuoj\u00eb p\u00ebr di\u00e7ka afatgjat\u00eb, edhe pasi t\u00eb largohet nga zyra, ai e ka seriozisht\u201d, ka th\u00ebn\u00eb ajo.<\/p>\n<p>Minaj ka shtuar se mb\u00ebshtetja p\u00ebr Trumpin vet\u00ebm sa \u00ebsht\u00eb forcuar nga kritikat q\u00eb ka marr\u00eb.<\/p>\n<p>\u201cNdoshta jam fansja num\u00ebr nj\u00eb e presidentit. Dhe kjo nuk do t\u00eb ndryshoj\u00eb. Urrejtja nuk ndikon aspak n\u00eb mua. P\u00ebrkundrazi, m\u00eb motivon ta mb\u00ebshtes edhe m\u00eb shum\u00eb\u201d, ka th\u00ebn\u00eb ylli.<\/p>\n<p>Ajo ka vazhduar duke th\u00ebn\u00eb se kjo do t\u2019i motivoj\u00eb mb\u00ebshtet\u00ebsit e tij q\u00eb ta p\u00ebrkrahin edhe m\u00eb shum\u00eb.<\/p>\n<p>\u201cNuk do t\u2019i lejojm\u00eb t\u00eb shp\u00ebtojn\u00eb  duke b\u00ebr\u00eb bullizim dhe fushata shpifjeje. Nuk do t\u00eb funksionoj\u00eb. Ai ka shum\u00eb forc\u00eb pas vetes dhe Zoti po e mbron. Amen\u201d, ka th\u00ebn\u00eb ajo.<\/p>\n<p>N\u00eb t\u00eb nj\u00ebjtin aktivitet ka folur edhe Kevin O\u2019Leary, i njohur nga emisioni \u201cShark Tank\u201d, i cili ka fal\u00ebnderuar Trumpin n\u00eb em\u00ebr t\u00eb sip\u00ebrmarr\u00ebsve amerikan\u00eb.<\/p>\n<p>\u201cN\u00eb em\u00ebr t\u00eb t\u00eb gjith\u00eb sip\u00ebrmarr\u00ebsve n\u00eb Amerik\u00eb, dua t\u2019ju fal\u00ebnderoj, zoti president, sepse ne krijojm\u00eb 72 p\u00ebr qind t\u00eb vendeve t\u00eb pun\u00ebs. Na intereson politika pro-biznes dhe k\u00ebto llogari jan\u00eb fantastike p\u00ebr pavar\u00ebsi dhe mb\u00ebshtetje\u201d, ka th\u00ebn\u00eb ai.<\/p>\n<p>Trump ka prezantuar gjat\u00eb samitit t\u00eb ashtuquajturat \u201cTrump accounts\u201d, nj\u00eb iniciativ\u00eb e re q\u00eb parashikon dh\u00ebnien e 1.000 dollar\u00ebve p\u00ebr \u00e7do f\u00ebmij\u00eb t\u00eb lindur mes viteve 2025 dhe 2028, me kusht q\u00eb prind\u00ebrit t\u00eb hapin nj\u00eb llogari investimi.<\/p>\n<p>Parat\u00eb investohen n\u00eb tregun e aksioneve dhe f\u00ebmija mund t\u2019i p\u00ebrdor\u00eb kur mbush 18 vje\u00e7.<\/p>\n<p>Pas fjalimeve, Trump b\u00ebri shaka teksa Minaj dhe O\u2019Leary u larguan nga skena.<\/p>\n<p>\u201cNj\u00eb nd\u00ebrprerje e vog\u00ebl. Shum\u00eb m\u00eb mir\u00eb sesa t\u00eb sillnim Scott Bessentin k\u00ebtu\u201d, ka th\u00ebn\u00eb ai.<\/p>\n<p>M\u00eb von\u00eb, Minaj dhe Trump publikuan edhe nj\u00eb video t\u00eb p\u00ebrbashk\u00ebt n\u00eb TikTok, ku reperja e quajti Trumpin \u201cpresidenti m\u00eb i mir\u00eb i t\u00eb gjitha koh\u00ebrave\u201d, nd\u00ebrsa Trump e shpalli at\u00eb \u201cmbret\u00ebresh\u00ebn e repit\u201d.<\/p>\n<p>Nicki Minaj, e njohur si \u201cmbret\u00ebresha e repit\u201d q\u00eb nga debutimi i saj me albumin \u201cPink Friday\u201d n\u00eb vitin 2010, ka hyr\u00eb m\u00eb thell\u00eb n\u00eb politik\u00eb gjat\u00eb mandatit t\u00eb dyt\u00eb t\u00eb Trumpit.<\/p>\n<p>Ajo ka shprehur mb\u00ebshtetje edhe n\u00eb rrjete sociale dhe \u00ebsht\u00eb shfaqur s\u00eb fundmi n\u00eb konferenc\u00ebn AmericaFest t\u00eb organizuar nga Turning Point USA, ku ka lavd\u00ebruar Trumpin dhe z\u00ebvend\u00ebspresidentin JD Vance.<\/p>\n<p>Ani pse m\u00eb par\u00eb ka mb\u00ebshtetur kandidat\u00ebt demokrat\u00eb, Minaj ka th\u00ebn\u00eb se ka \u201crespektin maksimal\u201d p\u00ebr administrat\u00ebn republikane, t\u00eb cil\u00ebn e vler\u00ebson p\u00ebr faktin se u jep njer\u00ebzve shpres\u00eb n\u00eb koh\u00eb t\u00eb v\u00ebshtira.<\/p>\n<p>\u201cAta nuk e kan\u00eb humbur kontaktin me bot\u00ebn. Jan\u00eb ende t\u00eb lidhur me realitetin, me t\u00eb rinjt\u00eb dhe t\u00eb moshuarit, me njer\u00ebzit e pasur dhe ata m\u00eb pak t\u00eb pasur. Ata kan\u00eb aft\u00ebsin\u00eb t\u00eb lidhen me njer\u00ebzit dhe t\u00eb na b\u00ebjn\u00eb t\u00eb ndihemi krenar\u00eb q\u00eb jemi amerikan\u00eb\u201d, ka th\u00ebn\u00eb ajo.<\/p>\n","protected":false},"excerpt":{"rendered":"<p>K\u00ebng\u00ebtarja e mir\u00ebnjohur, Nicki Minaj, ka riafirmuar publikisht mb\u00ebshtetjen e saj p\u00ebr presidentin amerikan Donald Trump, duke u vet\u00ebshpallur \u201cfansja num\u00ebr nj\u00eb\u201d e tij, nd\u00ebrsa nj\u00eb moment ku t\u00eb dy shihen duke u mbajtur p\u00ebr dore \u00ebsht\u00eb b\u00ebr\u00eb viral n\u00eb rrjete sociale. Reperja dhe presidenti u fotografuan s\u00eb bashku gjat\u00eb nj\u00eb aktiviteti n\u00eb Departamentin Amerikan [&hellip;]<\/p>\n","protected":false},"author":8,"featured_media":24727,"comment_status":"closed","ping_status":"closed","sticky":false,"template":"","format":"standard","meta":{"footnotes":""},"categories":[217,213],"tags":[],"class_list":["post-24726","post","type-post","status-publish","format-standard","has-post-thumbnail","hentry","category-bote","category-lajme"],"yoast_head":"<!-- This site is optimized with the Yoast SEO plugin v25.1 - https:\/\/yoast.com\/wordpress\/plugins\/seo\/ -->\n<title>Nicki Minaj dor\u00eb p\u00ebr dore me Trumpin - press7.tv<\/title>\n<meta name=\"robots\" content=\"index, follow, max-snippet:-1, max-image-preview:large, max-video-preview:-1\" \/>\n<link rel=\"canonical\" href=\"https:\/\/www.press7.tv\/?p=24726\" \/>\n<meta property=\"og:locale\" content=\"en_US\" \/>\n<meta property=\"og:type\" content=\"article\" \/>\n<meta property=\"og:title\" content=\"Nicki Minaj dor\u00eb p\u00ebr dore me Trumpin - press7.tv\" \/>\n<meta property=\"og:description\" content=\"K\u00ebng\u00ebtarja e mir\u00ebnjohur, Nicki Minaj, ka riafirmuar publikisht mb\u00ebshtetjen e saj p\u00ebr presidentin amerikan Donald Trump, duke u vet\u00ebshpallur \u201cfansja num\u00ebr nj\u00eb\u201d e tij, nd\u00ebrsa nj\u00eb moment ku t\u00eb dy shihen duke u mbajtur p\u00ebr dore \u00ebsht\u00eb b\u00ebr\u00eb viral n\u00eb rrjete sociale. Reperja dhe presidenti u fotografuan s\u00eb bashku gjat\u00eb nj\u00eb aktiviteti n\u00eb Departamentin Amerikan [&hellip;]\" \/>\n<meta property=\"og:url\" content=\"https:\/\/www.press7.tv\/?p=24726\" \/>\n<meta property=\"og:site_name\" content=\"press7.tv\" \/>\n<meta property=\"article:publisher\" content=\"https:\/\/www.facebook.com\/press7.tv\" \/>\n<meta property=\"article:published_time\" content=\"2026-01-29T15:50:25+00:00\" \/>\n<meta property=\"og:image\" content=\"https:\/\/www.press7.tv\/wp-content\/uploads\/2026\/01\/4bd0e780-d980-461b-9069-907d09d28f29-1.avif\" \/>\n\t<meta property=\"og:image:width\" content=\"680\" \/>\n\t<meta property=\"og:image:height\" content=\"434\" \/>\n\t<meta property=\"og:image:type\" content=\"image\/webp\" \/>\n<meta name=\"author\" content=\"gazetar2\" \/>\n<meta name=\"twitter:card\" content=\"summary_large_image\" \/>\n<meta name=\"twitter:label1\" content=\"Written by\" \/>\n\t<meta name=\"twitter:data1\" content=\"gazetar2\" \/>\n\t<meta name=\"twitter:label2\" content=\"Est. reading time\" \/>\n\t<meta name=\"twitter:data2\" content=\"1 minute\" \/>\n<script type=\"application\/ld+json\" class=\"yoast-schema-graph\">{\"@context\":\"https:\/\/schema.org\",\"@graph\":[{\"@type\":\"Article\",\"@id\":\"https:\/\/www.press7.tv\/?p=24726#article\",\"isPartOf\":{\"@id\":\"https:\/\/www.press7.tv\/?p=24726\"},\"author\":{\"name\":\"gazetar2\",\"@id\":\"https:\/\/www.news33.tv\/#\/schema\/person\/5a04a38a23ccdba82f9bd665cd8f9efa\"},\"headline\":\"Nicki Minaj dor\u00eb p\u00ebr dore me Trumpin\",\"datePublished\":\"2026-01-29T15:50:25+00:00\",\"mainEntityOfPage\":{\"@id\":\"https:\/\/www.press7.tv\/?p=24726\"},\"wordCount\":919,\"publisher\":{\"@id\":\"https:\/\/www.news33.tv\/#organization\"},\"image\":{\"@id\":\"https:\/\/www.press7.tv\/?p=24726#primaryimage\"},\"thumbnailUrl\":\"https:\/\/www.press7.tv\/wp-content\/uploads\/2026\/01\/4bd0e780-d980-461b-9069-907d09d28f29-1.avif\",\"articleSection\":[\"Bot\u00eb\",\"Lajme\"],\"inLanguage\":\"en-US\"},{\"@type\":\"WebPage\",\"@id\":\"https:\/\/www.press7.tv\/?p=24726\",\"url\":\"https:\/\/www.press7.tv\/?p=24726\",\"name\":\"Nicki Minaj dor\u00eb p\u00ebr dore me Trumpin - press7.tv\",\"isPartOf\":{\"@id\":\"https:\/\/www.news33.tv\/#website\"},\"primaryImageOfPage\":{\"@id\":\"https:\/\/www.press7.tv\/?p=24726#primaryimage\"},\"image\":{\"@id\":\"https:\/\/www.press7.tv\/?p=24726#primaryimage\"},\"thumbnailUrl\":\"https:\/\/www.press7.tv\/wp-content\/uploads\/2026\/01\/4bd0e780-d980-461b-9069-907d09d28f29-1.avif\",\"datePublished\":\"2026-01-29T15:50:25+00:00\",\"breadcrumb\":{\"@id\":\"https:\/\/www.press7.tv\/?p=24726#breadcrumb\"},\"inLanguage\":\"en-US\",\"potentialAction\":[{\"@type\":\"ReadAction\",\"target\":[\"https:\/\/www.press7.tv\/?p=24726\"]}]},{\"@type\":\"ImageObject\",\"inLanguage\":\"en-US\",\"@id\":\"https:\/\/www.press7.tv\/?p=24726#primaryimage\",\"url\":\"https:\/\/www.press7.tv\/wp-content\/uploads\/2026\/01\/4bd0e780-d980-461b-9069-907d09d28f29-1.avif\",\"contentUrl\":\"https:\/\/www.press7.tv\/wp-content\/uploads\/2026\/01\/4bd0e780-d980-461b-9069-907d09d28f29-1.avif\",\"width\":680,\"height\":434},{\"@type\":\"BreadcrumbList\",\"@id\":\"https:\/\/www.press7.tv\/?p=24726#breadcrumb\",\"itemListElement\":[{\"@type\":\"ListItem\",\"position\":1,\"name\":\"Home\",\"item\":\"https:\/\/www.press7.tv\/\"},{\"@type\":\"ListItem\",\"position\":2,\"name\":\"Nicki Minaj dor\u00eb p\u00ebr dore me Trumpin\"}]},{\"@type\":\"WebSite\",\"@id\":\"https:\/\/www.news33.tv\/#website\",\"url\":\"https:\/\/www.news33.tv\/\",\"name\":\"News33.tv Media\",\"description\":\"Media\",\"publisher\":{\"@id\":\"https:\/\/www.news33.tv\/#organization\"},\"potentialAction\":[{\"@type\":\"SearchAction\",\"target\":{\"@type\":\"EntryPoint\",\"urlTemplate\":\"https:\/\/www.news33.tv\/?s={search_term_string}\"},\"query-input\":{\"@type\":\"PropertyValueSpecification\",\"valueRequired\":true,\"valueName\":\"search_term_string\"}}],\"inLanguage\":\"en-US\"},{\"@type\":\"Organization\",\"@id\":\"https:\/\/www.news33.tv\/#organization\",\"name\":\"News33.tv Media\",\"url\":\"https:\/\/www.news33.tv\/\",\"logo\":{\"@type\":\"ImageObject\",\"inLanguage\":\"en-US\",\"@id\":\"https:\/\/www.news33.tv\/#\/schema\/logo\/image\/\",\"url\":\"https:\/\/www.press7.tv\/wp-content\/uploads\/2024\/02\/logo-news33-black.png\",\"contentUrl\":\"https:\/\/www.press7.tv\/wp-content\/uploads\/2024\/02\/logo-news33-black.png\",\"width\":180,\"height\":37,\"caption\":\"News33.tv Media\"},\"image\":{\"@id\":\"https:\/\/www.news33.tv\/#\/schema\/logo\/image\/\"},\"sameAs\":[\"https:\/\/www.facebook.com\/press7.tv\"]},{\"@type\":\"Person\",\"@id\":\"https:\/\/www.news33.tv\/#\/schema\/person\/5a04a38a23ccdba82f9bd665cd8f9efa\",\"name\":\"gazetar2\",\"image\":{\"@type\":\"ImageObject\",\"inLanguage\":\"en-US\",\"@id\":\"https:\/\/www.news33.tv\/#\/schema\/person\/image\/\",\"url\":\"https:\/\/www.press7.tv\/wp-content\/litespeed\/avatar\/41975e402c3049d9ddb03adca8f7a883.jpg?ver=1777169572\",\"contentUrl\":\"https:\/\/www.press7.tv\/wp-content\/litespeed\/avatar\/41975e402c3049d9ddb03adca8f7a883.jpg?ver=1777169572\",\"caption\":\"gazetar2\"},\"url\":\"https:\/\/www.press7.tv\/?author=8\"}]}<\/script>\n<!-- \/ Yoast SEO plugin. -->","yoast_head_json":{"title":"Nicki Minaj dor\u00eb p\u00ebr dore me Trumpin - press7.tv","robots":{"index":"index","follow":"follow","max-snippet":"max-snippet:-1","max-image-preview":"max-image-preview:large","max-video-preview":"max-video-preview:-1"},"canonical":"https:\/\/www.press7.tv\/?p=24726","og_locale":"en_US","og_type":"article","og_title":"Nicki Minaj dor\u00eb p\u00ebr dore me Trumpin - press7.tv","og_description":"K\u00ebng\u00ebtarja e mir\u00ebnjohur, Nicki Minaj, ka riafirmuar publikisht mb\u00ebshtetjen e saj p\u00ebr presidentin amerikan Donald Trump, duke u vet\u00ebshpallur \u201cfansja num\u00ebr nj\u00eb\u201d e tij, nd\u00ebrsa nj\u00eb moment ku t\u00eb dy shihen duke u mbajtur p\u00ebr dore \u00ebsht\u00eb b\u00ebr\u00eb viral n\u00eb rrjete sociale. Reperja dhe presidenti u fotografuan s\u00eb bashku gjat\u00eb nj\u00eb aktiviteti n\u00eb Departamentin Amerikan [&hellip;]","og_url":"https:\/\/www.press7.tv\/?p=24726","og_site_name":"press7.tv","article_publisher":"https:\/\/www.facebook.com\/press7.tv","article_published_time":"2026-01-29T15:50:25+00:00","og_image":[{"width":680,"height":434,"url":"https:\/\/www.press7.tv\/wp-content\/uploads\/2026\/01\/4bd0e780-d980-461b-9069-907d09d28f29-1.avif","type":"image\/webp"}],"author":"gazetar2","twitter_card":"summary_large_image","twitter_misc":{"Written by":"gazetar2","Est. reading time":"1 minute"},"schema":{"@context":"https:\/\/schema.org","@graph":[{"@type":"Article","@id":"https:\/\/www.press7.tv\/?p=24726#article","isPartOf":{"@id":"https:\/\/www.press7.tv\/?p=24726"},"author":{"name":"gazetar2","@id":"https:\/\/www.news33.tv\/#\/schema\/person\/5a04a38a23ccdba82f9bd665cd8f9efa"},"headline":"Nicki Minaj dor\u00eb p\u00ebr dore me Trumpin","datePublished":"2026-01-29T15:50:25+00:00","mainEntityOfPage":{"@id":"https:\/\/www.press7.tv\/?p=24726"},"wordCount":919,"publisher":{"@id":"https:\/\/www.news33.tv\/#organization"},"image":{"@id":"https:\/\/www.press7.tv\/?p=24726#primaryimage"},"thumbnailUrl":"https:\/\/www.press7.tv\/wp-content\/uploads\/2026\/01\/4bd0e780-d980-461b-9069-907d09d28f29-1.avif","articleSection":["Bot\u00eb","Lajme"],"inLanguage":"en-US"},{"@type":"WebPage","@id":"https:\/\/www.press7.tv\/?p=24726","url":"https:\/\/www.press7.tv\/?p=24726","name":"Nicki Minaj dor\u00eb p\u00ebr dore me Trumpin - press7.tv","isPartOf":{"@id":"https:\/\/www.news33.tv\/#website"},"primaryImageOfPage":{"@id":"https:\/\/www.press7.tv\/?p=24726#primaryimage"},"image":{"@id":"https:\/\/www.press7.tv\/?p=24726#primaryimage"},"thumbnailUrl":"https:\/\/www.press7.tv\/wp-content\/uploads\/2026\/01\/4bd0e780-d980-461b-9069-907d09d28f29-1.avif","datePublished":"2026-01-29T15:50:25+00:00","breadcrumb":{"@id":"https:\/\/www.press7.tv\/?p=24726#breadcrumb"},"inLanguage":"en-US","potentialAction":[{"@type":"ReadAction","target":["https:\/\/www.press7.tv\/?p=24726"]}]},{"@type":"ImageObject","inLanguage":"en-US","@id":"https:\/\/www.press7.tv\/?p=24726#primaryimage","url":"https:\/\/www.press7.tv\/wp-content\/uploads\/2026\/01\/4bd0e780-d980-461b-9069-907d09d28f29-1.avif","contentUrl":"https:\/\/www.press7.tv\/wp-content\/uploads\/2026\/01\/4bd0e780-d980-461b-9069-907d09d28f29-1.avif","width":680,"height":434},{"@type":"BreadcrumbList","@id":"https:\/\/www.press7.tv\/?p=24726#breadcrumb","itemListElement":[{"@type":"ListItem","position":1,"name":"Home","item":"https:\/\/www.press7.tv\/"},{"@type":"ListItem","position":2,"name":"Nicki Minaj dor\u00eb p\u00ebr dore me Trumpin"}]},{"@type":"WebSite","@id":"https:\/\/www.news33.tv\/#website","url":"https:\/\/www.news33.tv\/","name":"News33.tv Media","description":"Media","publisher":{"@id":"https:\/\/www.news33.tv\/#organization"},"potentialAction":[{"@type":"SearchAction","target":{"@type":"EntryPoint","urlTemplate":"https:\/\/www.news33.tv\/?s={search_term_string}"},"query-input":{"@type":"PropertyValueSpecification","valueRequired":true,"valueName":"search_term_string"}}],"inLanguage":"en-US"},{"@type":"Organization","@id":"https:\/\/www.news33.tv\/#organization","name":"News33.tv Media","url":"https:\/\/www.news33.tv\/","logo":{"@type":"ImageObject","inLanguage":"en-US","@id":"https:\/\/www.news33.tv\/#\/schema\/logo\/image\/","url":"https:\/\/www.press7.tv\/wp-content\/uploads\/2024\/02\/logo-news33-black.png","contentUrl":"https:\/\/www.press7.tv\/wp-content\/uploads\/2024\/02\/logo-news33-black.png","width":180,"height":37,"caption":"News33.tv Media"},"image":{"@id":"https:\/\/www.news33.tv\/#\/schema\/logo\/image\/"},"sameAs":["https:\/\/www.facebook.com\/press7.tv"]},{"@type":"Person","@id":"https:\/\/www.news33.tv\/#\/schema\/person\/5a04a38a23ccdba82f9bd665cd8f9efa","name":"gazetar2","image":{"@type":"ImageObject","inLanguage":"en-US","@id":"https:\/\/www.news33.tv\/#\/schema\/person\/image\/","url":"https:\/\/www.press7.tv\/wp-content\/litespeed\/avatar\/41975e402c3049d9ddb03adca8f7a883.jpg?ver=1777169572","contentUrl":"https:\/\/www.press7.tv\/wp-content\/litespeed\/avatar\/41975e402c3049d9ddb03adca8f7a883.jpg?ver=1777169572","caption":"gazetar2"},"url":"https:\/\/www.press7.tv\/?author=8"}]}},"amp_enabled":true,"_links":{"self":[{"href":"https:\/\/www.press7.tv\/index.php?rest_route=\/wp\/v2\/posts\/24726","targetHints":{"allow":["GET"]}}],"collection":[{"href":"https:\/\/www.press7.tv\/index.php?rest_route=\/wp\/v2\/posts"}],"about":[{"href":"https:\/\/www.press7.tv\/index.php?rest_route=\/wp\/v2\/types\/post"}],"author":[{"embeddable":true,"href":"https:\/\/www.press7.tv\/index.php?rest_route=\/wp\/v2\/users\/8"}],"replies":[{"embeddable":true,"href":"https:\/\/www.press7.tv\/index.php?rest_route=%2Fwp%2Fv2%2Fcomments&post=24726"}],"version-history":[{"count":1,"href":"https:\/\/www.press7.tv\/index.php?rest_route=\/wp\/v2\/posts\/24726\/revisions"}],"predecessor-version":[{"id":24728,"href":"https:\/\/www.press7.tv\/index.php?rest_route=\/wp\/v2\/posts\/24726\/revisions\/24728"}],"wp:featuredmedia":[{"embeddable":true,"href":"https:\/\/www.press7.tv\/index.php?rest_route=\/wp\/v2\/media\/24727"}],"wp:attachment":[{"href":"https:\/\/www.press7.tv\/index.php?rest_route=%2Fwp%2Fv2%2Fmedia&parent=24726"}],"wp:term":[{"taxonomy":"category","embeddable":true,"href":"https:\/\/www.press7.tv\/index.php?rest_route=%2Fwp%2Fv2%2Fcategories&post=24726"},{"taxonomy":"post_tag","embeddable":true,"href":"https:\/\/www.press7.tv\/index.php?rest_route=%2Fwp%2Fv2%2Ftags&post=24726"}],"curies":[{"name":"wp","href":"https:\/\/api.w.org\/{rel}","templated":true}]}}