{"id":24723,"date":"2026-01-29T15:13:51","date_gmt":"2026-01-29T15:13:51","guid":{"rendered":"https:\/\/www.press7.tv\/?p=24723"},"modified":"2026-01-29T15:13:51","modified_gmt":"2026-01-29T15:13:51","slug":"mustafa-para-kuvendit-te-ldk-se-problemet-nuk-zgjidhen-me-tifozllek-pergjegjesia-eshte-ceshtje-etike","status":"publish","type":"post","link":"https:\/\/www.press7.tv\/?p=24723","title":{"rendered":"Mustafa para Kuvendit t\u00eb LDK-s\u00eb: Problemet nuk zgjidhen me tifozll\u00ebk, p\u00ebrgjegj\u00ebsia \u00ebsht\u00eb \u00e7\u00ebshtje etike"},"content":{"rendered":"\n    <div class=\"xs_social_share_widget xs_share_url before_content \t\tmain_content  wslu-style-2 wslu-share-box-shaped wslu-fill-colored wslu-share-m-5 wslu-none wslu-share-vertical wslu-theme-font-no wslu-main_content\">\n\n\t\t\n        <ul>\n\t\t\t        <\/ul>\n    <\/div> \n<p>Ish-kryetari i Lidhjes Demokratike t\u00eb Kosov\u00ebs, Isa Mustafa, ka reaguar para Kuvendit t\u00eb partis\u00eb q\u00eb pritet t\u00eb mbahet t\u00eb shtun\u00ebn, duke b\u00ebr\u00eb thirrje p\u00ebr maturi, unitet dhe respektim t\u00eb proceseve t\u00eb brendshme partiake.<\/p>\n<p>Mustafa ka th\u00ebn\u00eb se, ndon\u00ebse ka pasur k\u00ebrkesa t\u00eb shumta nga media p\u00ebr t\u00eb komentuar zhvillimet aktuale n\u00eb LDK, ka zgjedhur t\u00eb mos p\u00ebrfshihet n\u00eb debate publike rreth rezultatit zgjedhor apo \u00e7\u00ebshtjes s\u00eb dor\u00ebheqjeve, duke theksuar se p\u00ebrgjegj\u00ebsia p\u00ebr rezultatin \u00ebsht\u00eb \u00e7\u00ebshtje etike dhe zgjidhet vet\u00ebm n\u00eb organet vendimmarr\u00ebse t\u00eb partis\u00eb.<\/p>\n<p>Sipas tij, deklarimet nga deg\u00eb, simpatizant\u00eb apo individ\u00eb jasht\u00eb strukturave vendimmarr\u00ebse e deformojn\u00eb demokracin\u00eb e brendshme dhe rrezikojn\u00eb q\u00eb Kuvendi t\u00eb shnd\u00ebrrohet n\u00eb aren\u00eb p\u00ebr\u00e7arjesh, gj\u00eb q\u00eb, si\u00e7 u shpreh ai, LDK-ja nuk e ka kap\u00ebrcyer ende plot\u00ebsisht q\u00eb nga nj\u00eb p\u00ebrvoj\u00eb e ngjashme para rreth 20 vjet\u00ebsh.<\/p>\n<p>Mustafa ka theksuar se LDK-ja nuk meriton \u201cepitafe\u201d, duke vler\u00ebsuar se partia ka potencial dhe forc\u00eb vet\u00ebrregulluese p\u00ebr t\u2019u ringritur si subjekt i fort\u00eb politik dhe faktor balancues n\u00eb nd\u00ebrtimin demokratik t\u00eb shtetit t\u00eb Kosov\u00ebs. Ai ka n\u00ebnvizuar se LDK-ja q\u00ebndron mbi \u00e7do em\u00ebr individual dhe se, p\u00ebrve\u00e7 kryetarit historik Ibrahim Rugova, nuk identifikohet me asnj\u00eb figur\u00eb t\u00eb ve\u00e7ant\u00eb.<\/p>\n<p>N\u00eb prag t\u00eb Kuvendit, ish-kryetari i LDK-s\u00eb ka b\u00ebr\u00eb thirrje p\u00ebr rikonfirmimin e vlerave themelore t\u00eb partis\u00eb si subjekt konservator i qendr\u00ebs s\u00eb djatht\u00eb me orientim t\u00eb pal\u00ebkundur euroatlantik, duke theksuar se beteja politike e LDK-s\u00eb duhet t\u00eb jet\u00eb ofert\u00eb p\u00ebr nd\u00ebrtimin e nj\u00eb shteti t\u00eb fort\u00eb dhe t\u00eb q\u00ebndruesh\u00ebm, e jo \u201cankand se kush jep m\u00eb shum\u00eb\u201d.<\/p>\n<p>Ai ka shtuar se reformat duhet t\u00eb udh\u00ebhiqen nga njer\u00ebz besnik\u00eb ndaj LDK-s\u00eb, t\u00eb hapur p\u00ebr prurje t\u00eb reja, duke refuzuar ndarjet mes t\u00eb vjet\u00ebrve dhe t\u00eb rinjve, si dhe duke theksuar se p\u00ebrgjegj\u00ebsia politike duhet t\u00eb trajtohet si standard normal i etik\u00ebs demokratike.<\/p>\n<p>\u201cKuvendi mund ta gjej\u00eb zgjidhjen m\u00eb t\u00eb mir\u00eb p\u00ebr rritjen, progresin dhe unitetin e LDK-s\u00eb, sepse asnj\u00eb njeri n\u00eb LDK nuk \u00ebsht\u00eb i tep\u00ebrt\u201d, ka shkruar Mustafa n\u00eb Facebook t\u00eb enjten. <\/p>\n<p>LDK-ja n\u00eb zgjedhjet e 28 dhjetorit t\u00eb vitit 2025 ka marr\u00eb 126 mij\u00eb e 133 vota, t\u00eb cilat ia siguruan 15 ul\u00ebse n\u00eb Kuvend apo pes\u00eb deputet\u00eb m\u00eb pak se q\u00eb pati n\u00eb zgjedhjet e 9 shkurtit t\u00eb vitit 2025.<\/p>\n<p>Pas k\u00ebsaj, kryetari Lumir Abdixhiku ka njoftuar se do t\u00eb ofroj\u00eb dor\u00ebheqjen n\u00eb Kuvend dhe m\u00eb pas do t\u00eb jen\u00eb kuvendar\u00ebt q\u00eb do t\u00eb vendosin n\u00ebse do ta pranojn\u00eb k\u00ebt\u00eb apo jo, p\u00ebr \u00e7ka ka nxitur kritika te disa nga figurat m\u00eb t\u00eb njohura t\u00eb partis\u00eb.<\/p>\n<p>Abdixhiku ka ftuar delegat\u00ebt q\u00eb t\u00eb marrin pjes\u00eb n\u00eb Kuvendin e k\u00ebsaj partie q\u00eb do t\u00eb mbahet t\u00eb shtun\u00ebn. Derisa ka publikuar ftes\u00ebn p\u00ebr ta, Abdixhiku ka th\u00ebn\u00eb se do t\u00eb diskutojn\u00eb e vendosin p\u00ebr t\u00eb gjitha \u00e7\u00ebshtjet, me vullnet e vot\u00eb t\u00eb lir\u00eb.<\/p>\n<p>Kandidatur\u00ebn p\u00ebr kryetar t\u00eb LDK-s\u00eb e ka shpallur ish-kryeministri Avdullah Hoti.<\/p>\n","protected":false},"excerpt":{"rendered":"<p>Ish-kryetari i Lidhjes Demokratike t\u00eb Kosov\u00ebs, Isa Mustafa, ka reaguar para Kuvendit t\u00eb partis\u00eb q\u00eb pritet t\u00eb mbahet t\u00eb shtun\u00ebn, duke b\u00ebr\u00eb thirrje p\u00ebr maturi, unitet dhe respektim t\u00eb proceseve t\u00eb brendshme partiake. Mustafa ka th\u00ebn\u00eb se, ndon\u00ebse ka pasur k\u00ebrkesa t\u00eb shumta nga media p\u00ebr t\u00eb komentuar zhvillimet aktuale n\u00eb LDK, ka zgjedhur t\u00eb [&hellip;]<\/p>\n","protected":false},"author":8,"featured_media":24724,"comment_status":"closed","ping_status":"closed","sticky":false,"template":"","format":"standard","meta":{"footnotes":""},"categories":[215,213],"tags":[],"class_list":["post-24723","post","type-post","status-publish","format-standard","has-post-thumbnail","hentry","category-kosove","category-lajme"],"yoast_head":"<!-- This site is optimized with the Yoast SEO plugin v25.1 - https:\/\/yoast.com\/wordpress\/plugins\/seo\/ -->\n<title>Mustafa para Kuvendit t\u00eb LDK-s\u00eb: Problemet nuk zgjidhen me tifozll\u00ebk, p\u00ebrgjegj\u00ebsia \u00ebsht\u00eb \u00e7\u00ebshtje etike - press7.tv<\/title>\n<meta name=\"robots\" content=\"index, follow, max-snippet:-1, max-image-preview:large, max-video-preview:-1\" \/>\n<link rel=\"canonical\" href=\"https:\/\/www.press7.tv\/?p=24723\" \/>\n<meta property=\"og:locale\" content=\"en_US\" \/>\n<meta property=\"og:type\" content=\"article\" \/>\n<meta property=\"og:title\" content=\"Mustafa para Kuvendit t\u00eb LDK-s\u00eb: Problemet nuk zgjidhen me tifozll\u00ebk, p\u00ebrgjegj\u00ebsia \u00ebsht\u00eb \u00e7\u00ebshtje etike - press7.tv\" \/>\n<meta property=\"og:description\" content=\"Ish-kryetari i Lidhjes Demokratike t\u00eb Kosov\u00ebs, Isa Mustafa, ka reaguar para Kuvendit t\u00eb partis\u00eb q\u00eb pritet t\u00eb mbahet t\u00eb shtun\u00ebn, duke b\u00ebr\u00eb thirrje p\u00ebr maturi, unitet dhe respektim t\u00eb proceseve t\u00eb brendshme partiake. Mustafa ka th\u00ebn\u00eb se, ndon\u00ebse ka pasur k\u00ebrkesa t\u00eb shumta nga media p\u00ebr t\u00eb komentuar zhvillimet aktuale n\u00eb LDK, ka zgjedhur t\u00eb [&hellip;]\" \/>\n<meta property=\"og:url\" content=\"https:\/\/www.press7.tv\/?p=24723\" \/>\n<meta property=\"og:site_name\" content=\"press7.tv\" \/>\n<meta property=\"article:publisher\" content=\"https:\/\/www.facebook.com\/press7.tv\" \/>\n<meta property=\"article:published_time\" content=\"2026-01-29T15:13:51+00:00\" \/>\n<meta property=\"og:image\" content=\"https:\/\/www.press7.tv\/wp-content\/uploads\/2026\/01\/e84be7cd-efac-43c7-86b4-4e4835de1277.avif\" \/>\n\t<meta property=\"og:image:width\" content=\"680\" \/>\n\t<meta property=\"og:image:height\" content=\"434\" \/>\n\t<meta property=\"og:image:type\" content=\"image\/webp\" \/>\n<meta name=\"author\" content=\"gazetar2\" \/>\n<meta name=\"twitter:card\" content=\"summary_large_image\" \/>\n<meta name=\"twitter:label1\" content=\"Written by\" \/>\n\t<meta name=\"twitter:data1\" content=\"gazetar2\" \/>\n\t<meta name=\"twitter:label2\" content=\"Est. reading time\" \/>\n\t<meta name=\"twitter:data2\" content=\"1 minute\" \/>\n<script type=\"application\/ld+json\" class=\"yoast-schema-graph\">{\"@context\":\"https:\/\/schema.org\",\"@graph\":[{\"@type\":\"Article\",\"@id\":\"https:\/\/www.press7.tv\/?p=24723#article\",\"isPartOf\":{\"@id\":\"https:\/\/www.press7.tv\/?p=24723\"},\"author\":{\"name\":\"gazetar2\",\"@id\":\"https:\/\/www.news33.tv\/#\/schema\/person\/5a04a38a23ccdba82f9bd665cd8f9efa\"},\"headline\":\"Mustafa para Kuvendit t\u00eb LDK-s\u00eb: Problemet nuk zgjidhen me tifozll\u00ebk, p\u00ebrgjegj\u00ebsia \u00ebsht\u00eb \u00e7\u00ebshtje etike\",\"datePublished\":\"2026-01-29T15:13:51+00:00\",\"mainEntityOfPage\":{\"@id\":\"https:\/\/www.press7.tv\/?p=24723\"},\"wordCount\":541,\"publisher\":{\"@id\":\"https:\/\/www.news33.tv\/#organization\"},\"image\":{\"@id\":\"https:\/\/www.press7.tv\/?p=24723#primaryimage\"},\"thumbnailUrl\":\"https:\/\/www.press7.tv\/wp-content\/uploads\/2026\/01\/e84be7cd-efac-43c7-86b4-4e4835de1277.avif\",\"articleSection\":[\"Kosov\u00eb\",\"Lajme\"],\"inLanguage\":\"en-US\"},{\"@type\":\"WebPage\",\"@id\":\"https:\/\/www.press7.tv\/?p=24723\",\"url\":\"https:\/\/www.press7.tv\/?p=24723\",\"name\":\"Mustafa para Kuvendit t\u00eb LDK-s\u00eb: Problemet nuk zgjidhen me tifozll\u00ebk, p\u00ebrgjegj\u00ebsia \u00ebsht\u00eb \u00e7\u00ebshtje etike - press7.tv\",\"isPartOf\":{\"@id\":\"https:\/\/www.news33.tv\/#website\"},\"primaryImageOfPage\":{\"@id\":\"https:\/\/www.press7.tv\/?p=24723#primaryimage\"},\"image\":{\"@id\":\"https:\/\/www.press7.tv\/?p=24723#primaryimage\"},\"thumbnailUrl\":\"https:\/\/www.press7.tv\/wp-content\/uploads\/2026\/01\/e84be7cd-efac-43c7-86b4-4e4835de1277.avif\",\"datePublished\":\"2026-01-29T15:13:51+00:00\",\"breadcrumb\":{\"@id\":\"https:\/\/www.press7.tv\/?p=24723#breadcrumb\"},\"inLanguage\":\"en-US\",\"potentialAction\":[{\"@type\":\"ReadAction\",\"target\":[\"https:\/\/www.press7.tv\/?p=24723\"]}]},{\"@type\":\"ImageObject\",\"inLanguage\":\"en-US\",\"@id\":\"https:\/\/www.press7.tv\/?p=24723#primaryimage\",\"url\":\"https:\/\/www.press7.tv\/wp-content\/uploads\/2026\/01\/e84be7cd-efac-43c7-86b4-4e4835de1277.avif\",\"contentUrl\":\"https:\/\/www.press7.tv\/wp-content\/uploads\/2026\/01\/e84be7cd-efac-43c7-86b4-4e4835de1277.avif\",\"width\":680,\"height\":434},{\"@type\":\"BreadcrumbList\",\"@id\":\"https:\/\/www.press7.tv\/?p=24723#breadcrumb\",\"itemListElement\":[{\"@type\":\"ListItem\",\"position\":1,\"name\":\"Home\",\"item\":\"https:\/\/www.press7.tv\/\"},{\"@type\":\"ListItem\",\"position\":2,\"name\":\"Mustafa para Kuvendit t\u00eb LDK-s\u00eb: Problemet nuk zgjidhen me tifozll\u00ebk, p\u00ebrgjegj\u00ebsia \u00ebsht\u00eb \u00e7\u00ebshtje etike\"}]},{\"@type\":\"WebSite\",\"@id\":\"https:\/\/www.news33.tv\/#website\",\"url\":\"https:\/\/www.news33.tv\/\",\"name\":\"News33.tv Media\",\"description\":\"Media\",\"publisher\":{\"@id\":\"https:\/\/www.news33.tv\/#organization\"},\"potentialAction\":[{\"@type\":\"SearchAction\",\"target\":{\"@type\":\"EntryPoint\",\"urlTemplate\":\"https:\/\/www.news33.tv\/?s={search_term_string}\"},\"query-input\":{\"@type\":\"PropertyValueSpecification\",\"valueRequired\":true,\"valueName\":\"search_term_string\"}}],\"inLanguage\":\"en-US\"},{\"@type\":\"Organization\",\"@id\":\"https:\/\/www.news33.tv\/#organization\",\"name\":\"News33.tv Media\",\"url\":\"https:\/\/www.news33.tv\/\",\"logo\":{\"@type\":\"ImageObject\",\"inLanguage\":\"en-US\",\"@id\":\"https:\/\/www.news33.tv\/#\/schema\/logo\/image\/\",\"url\":\"https:\/\/www.press7.tv\/wp-content\/uploads\/2024\/02\/logo-news33-black.png\",\"contentUrl\":\"https:\/\/www.press7.tv\/wp-content\/uploads\/2024\/02\/logo-news33-black.png\",\"width\":180,\"height\":37,\"caption\":\"News33.tv Media\"},\"image\":{\"@id\":\"https:\/\/www.news33.tv\/#\/schema\/logo\/image\/\"},\"sameAs\":[\"https:\/\/www.facebook.com\/press7.tv\"]},{\"@type\":\"Person\",\"@id\":\"https:\/\/www.news33.tv\/#\/schema\/person\/5a04a38a23ccdba82f9bd665cd8f9efa\",\"name\":\"gazetar2\",\"image\":{\"@type\":\"ImageObject\",\"inLanguage\":\"en-US\",\"@id\":\"https:\/\/www.news33.tv\/#\/schema\/person\/image\/\",\"url\":\"https:\/\/www.press7.tv\/wp-content\/litespeed\/avatar\/41975e402c3049d9ddb03adca8f7a883.jpg?ver=1777169572\",\"contentUrl\":\"https:\/\/www.press7.tv\/wp-content\/litespeed\/avatar\/41975e402c3049d9ddb03adca8f7a883.jpg?ver=1777169572\",\"caption\":\"gazetar2\"},\"url\":\"https:\/\/www.press7.tv\/?author=8\"}]}<\/script>\n<!-- \/ Yoast SEO plugin. -->","yoast_head_json":{"title":"Mustafa para Kuvendit t\u00eb LDK-s\u00eb: Problemet nuk zgjidhen me tifozll\u00ebk, p\u00ebrgjegj\u00ebsia \u00ebsht\u00eb \u00e7\u00ebshtje etike - press7.tv","robots":{"index":"index","follow":"follow","max-snippet":"max-snippet:-1","max-image-preview":"max-image-preview:large","max-video-preview":"max-video-preview:-1"},"canonical":"https:\/\/www.press7.tv\/?p=24723","og_locale":"en_US","og_type":"article","og_title":"Mustafa para Kuvendit t\u00eb LDK-s\u00eb: Problemet nuk zgjidhen me tifozll\u00ebk, p\u00ebrgjegj\u00ebsia \u00ebsht\u00eb \u00e7\u00ebshtje etike - press7.tv","og_description":"Ish-kryetari i Lidhjes Demokratike t\u00eb Kosov\u00ebs, Isa Mustafa, ka reaguar para Kuvendit t\u00eb partis\u00eb q\u00eb pritet t\u00eb mbahet t\u00eb shtun\u00ebn, duke b\u00ebr\u00eb thirrje p\u00ebr maturi, unitet dhe respektim t\u00eb proceseve t\u00eb brendshme partiake. Mustafa ka th\u00ebn\u00eb se, ndon\u00ebse ka pasur k\u00ebrkesa t\u00eb shumta nga media p\u00ebr t\u00eb komentuar zhvillimet aktuale n\u00eb LDK, ka zgjedhur t\u00eb [&hellip;]","og_url":"https:\/\/www.press7.tv\/?p=24723","og_site_name":"press7.tv","article_publisher":"https:\/\/www.facebook.com\/press7.tv","article_published_time":"2026-01-29T15:13:51+00:00","og_image":[{"width":680,"height":434,"url":"https:\/\/www.press7.tv\/wp-content\/uploads\/2026\/01\/e84be7cd-efac-43c7-86b4-4e4835de1277.avif","type":"image\/webp"}],"author":"gazetar2","twitter_card":"summary_large_image","twitter_misc":{"Written by":"gazetar2","Est. reading time":"1 minute"},"schema":{"@context":"https:\/\/schema.org","@graph":[{"@type":"Article","@id":"https:\/\/www.press7.tv\/?p=24723#article","isPartOf":{"@id":"https:\/\/www.press7.tv\/?p=24723"},"author":{"name":"gazetar2","@id":"https:\/\/www.news33.tv\/#\/schema\/person\/5a04a38a23ccdba82f9bd665cd8f9efa"},"headline":"Mustafa para Kuvendit t\u00eb LDK-s\u00eb: Problemet nuk zgjidhen me tifozll\u00ebk, p\u00ebrgjegj\u00ebsia \u00ebsht\u00eb \u00e7\u00ebshtje etike","datePublished":"2026-01-29T15:13:51+00:00","mainEntityOfPage":{"@id":"https:\/\/www.press7.tv\/?p=24723"},"wordCount":541,"publisher":{"@id":"https:\/\/www.news33.tv\/#organization"},"image":{"@id":"https:\/\/www.press7.tv\/?p=24723#primaryimage"},"thumbnailUrl":"https:\/\/www.press7.tv\/wp-content\/uploads\/2026\/01\/e84be7cd-efac-43c7-86b4-4e4835de1277.avif","articleSection":["Kosov\u00eb","Lajme"],"inLanguage":"en-US"},{"@type":"WebPage","@id":"https:\/\/www.press7.tv\/?p=24723","url":"https:\/\/www.press7.tv\/?p=24723","name":"Mustafa para Kuvendit t\u00eb LDK-s\u00eb: Problemet nuk zgjidhen me tifozll\u00ebk, p\u00ebrgjegj\u00ebsia \u00ebsht\u00eb \u00e7\u00ebshtje etike - press7.tv","isPartOf":{"@id":"https:\/\/www.news33.tv\/#website"},"primaryImageOfPage":{"@id":"https:\/\/www.press7.tv\/?p=24723#primaryimage"},"image":{"@id":"https:\/\/www.press7.tv\/?p=24723#primaryimage"},"thumbnailUrl":"https:\/\/www.press7.tv\/wp-content\/uploads\/2026\/01\/e84be7cd-efac-43c7-86b4-4e4835de1277.avif","datePublished":"2026-01-29T15:13:51+00:00","breadcrumb":{"@id":"https:\/\/www.press7.tv\/?p=24723#breadcrumb"},"inLanguage":"en-US","potentialAction":[{"@type":"ReadAction","target":["https:\/\/www.press7.tv\/?p=24723"]}]},{"@type":"ImageObject","inLanguage":"en-US","@id":"https:\/\/www.press7.tv\/?p=24723#primaryimage","url":"https:\/\/www.press7.tv\/wp-content\/uploads\/2026\/01\/e84be7cd-efac-43c7-86b4-4e4835de1277.avif","contentUrl":"https:\/\/www.press7.tv\/wp-content\/uploads\/2026\/01\/e84be7cd-efac-43c7-86b4-4e4835de1277.avif","width":680,"height":434},{"@type":"BreadcrumbList","@id":"https:\/\/www.press7.tv\/?p=24723#breadcrumb","itemListElement":[{"@type":"ListItem","position":1,"name":"Home","item":"https:\/\/www.press7.tv\/"},{"@type":"ListItem","position":2,"name":"Mustafa para Kuvendit t\u00eb LDK-s\u00eb: Problemet nuk zgjidhen me tifozll\u00ebk, p\u00ebrgjegj\u00ebsia \u00ebsht\u00eb \u00e7\u00ebshtje etike"}]},{"@type":"WebSite","@id":"https:\/\/www.news33.tv\/#website","url":"https:\/\/www.news33.tv\/","name":"News33.tv Media","description":"Media","publisher":{"@id":"https:\/\/www.news33.tv\/#organization"},"potentialAction":[{"@type":"SearchAction","target":{"@type":"EntryPoint","urlTemplate":"https:\/\/www.news33.tv\/?s={search_term_string}"},"query-input":{"@type":"PropertyValueSpecification","valueRequired":true,"valueName":"search_term_string"}}],"inLanguage":"en-US"},{"@type":"Organization","@id":"https:\/\/www.news33.tv\/#organization","name":"News33.tv Media","url":"https:\/\/www.news33.tv\/","logo":{"@type":"ImageObject","inLanguage":"en-US","@id":"https:\/\/www.news33.tv\/#\/schema\/logo\/image\/","url":"https:\/\/www.press7.tv\/wp-content\/uploads\/2024\/02\/logo-news33-black.png","contentUrl":"https:\/\/www.press7.tv\/wp-content\/uploads\/2024\/02\/logo-news33-black.png","width":180,"height":37,"caption":"News33.tv Media"},"image":{"@id":"https:\/\/www.news33.tv\/#\/schema\/logo\/image\/"},"sameAs":["https:\/\/www.facebook.com\/press7.tv"]},{"@type":"Person","@id":"https:\/\/www.news33.tv\/#\/schema\/person\/5a04a38a23ccdba82f9bd665cd8f9efa","name":"gazetar2","image":{"@type":"ImageObject","inLanguage":"en-US","@id":"https:\/\/www.news33.tv\/#\/schema\/person\/image\/","url":"https:\/\/www.press7.tv\/wp-content\/litespeed\/avatar\/41975e402c3049d9ddb03adca8f7a883.jpg?ver=1777169572","contentUrl":"https:\/\/www.press7.tv\/wp-content\/litespeed\/avatar\/41975e402c3049d9ddb03adca8f7a883.jpg?ver=1777169572","caption":"gazetar2"},"url":"https:\/\/www.press7.tv\/?author=8"}]}},"amp_enabled":true,"_links":{"self":[{"href":"https:\/\/www.press7.tv\/index.php?rest_route=\/wp\/v2\/posts\/24723","targetHints":{"allow":["GET"]}}],"collection":[{"href":"https:\/\/www.press7.tv\/index.php?rest_route=\/wp\/v2\/posts"}],"about":[{"href":"https:\/\/www.press7.tv\/index.php?rest_route=\/wp\/v2\/types\/post"}],"author":[{"embeddable":true,"href":"https:\/\/www.press7.tv\/index.php?rest_route=\/wp\/v2\/users\/8"}],"replies":[{"embeddable":true,"href":"https:\/\/www.press7.tv\/index.php?rest_route=%2Fwp%2Fv2%2Fcomments&post=24723"}],"version-history":[{"count":1,"href":"https:\/\/www.press7.tv\/index.php?rest_route=\/wp\/v2\/posts\/24723\/revisions"}],"predecessor-version":[{"id":24725,"href":"https:\/\/www.press7.tv\/index.php?rest_route=\/wp\/v2\/posts\/24723\/revisions\/24725"}],"wp:featuredmedia":[{"embeddable":true,"href":"https:\/\/www.press7.tv\/index.php?rest_route=\/wp\/v2\/media\/24724"}],"wp:attachment":[{"href":"https:\/\/www.press7.tv\/index.php?rest_route=%2Fwp%2Fv2%2Fmedia&parent=24723"}],"wp:term":[{"taxonomy":"category","embeddable":true,"href":"https:\/\/www.press7.tv\/index.php?rest_route=%2Fwp%2Fv2%2Fcategories&post=24723"},{"taxonomy":"post_tag","embeddable":true,"href":"https:\/\/www.press7.tv\/index.php?rest_route=%2Fwp%2Fv2%2Ftags&post=24723"}],"curies":[{"name":"wp","href":"https:\/\/api.w.org\/{rel}","templated":true}]}}