{"id":24712,"date":"2026-01-28T21:32:54","date_gmt":"2026-01-28T21:32:54","guid":{"rendered":"https:\/\/www.press7.tv\/?p=24712"},"modified":"2026-01-28T21:37:27","modified_gmt":"2026-01-28T21:37:27","slug":"propozim-martese-buze-detit-fejohet-kengetarja-egli-tako","status":"publish","type":"post","link":"https:\/\/www.press7.tv\/?p=24712","title":{"rendered":"Propozim martese buz\u00eb detit: Fejohet k\u00ebng\u00ebtarja Egli Tako"},"content":{"rendered":"\n    <div class=\"xs_social_share_widget xs_share_url before_content \t\tmain_content  wslu-style-2 wslu-share-box-shaped wslu-fill-colored wslu-share-m-5 wslu-none wslu-share-vertical wslu-theme-font-no wslu-main_content\">\n\n\t\t\n        <ul>\n\t\t\t        <\/ul>\n    <\/div> \n<p>K\u00ebng\u00ebtarja e njohur Egli Tako ka ndezur rrjetet sociale me nj\u00eb publikim t\u00eb fundit n\u00eb InstaStory, ku ka l\u00ebn\u00eb t\u00eb kuptohet se ka pranuar nj\u00eb propozim martese. N\u00eb fotografin\u00eb e publikuar, Egli shfaqet n\u00eb nj\u00eb ambient luksoz buz\u00eb detit, gjat\u00eb per\u00ebndimit t\u00eb diellit, me nj\u00eb tavolin\u00eb t\u00eb p\u00ebrgatitur p\u00ebr nj\u00eb dark\u00eb romantike.<\/p>\n<p>Pamja idilike shoq\u00ebrohet me mbishkrimin: \u201cPara 3 or\u00ebsh n\u00eb nj\u00eb dark\u00eb romantike pran\u00eb detit\u2026 Nj\u00eb nat\u00eb q\u00eb do e mbaj mend gjat\u00eb\u201d, duke u pasuar nga emoji q\u00eb simbolizojn\u00eb romanc\u00ebn dhe fejes\u00ebn. Ky detaj ka qen\u00eb i mjaftuesh\u00ebm q\u00eb ndjek\u00ebsit t\u00eb aludojn\u00eb p\u00ebr nj\u00eb propozim martese dhe fejes\u00eb.<\/p>\n<p>Edhe pse k\u00ebng\u00ebtarja nuk ka dh\u00ebn\u00eb detaje shtes\u00eb dhe nuk ka zbuluar identitetin e partnerit, publikimi \u00ebsht\u00eb pritur me reagime t\u00eb shumta dhe urime nga fansat. Momenti i ndar\u00eb duket t\u00eb jet\u00eb nj\u00eb nga m\u00eb t\u00eb ve\u00e7ant\u00ebt n\u00eb jet\u00ebn personale t\u00eb Egli Takos.<\/p>\n<p>Pritet q\u00eb n\u00eb dit\u00ebt n\u00eb vijim, k\u00ebng\u00ebtarja t\u00eb ndaj\u00eb m\u00eb shum\u00eb detaje rreth k\u00ebtij kapitulli t\u00eb ri n\u00eb jet\u00ebn e saj.\/press7.tv<\/p>\n<p><img data-dominant-color=\"6c4935\" data-has-transparency=\"false\" style=\"--dominant-color: #6c4935;\" decoding=\"async\" src=\"https:\/\/www.press7.tv\/wp-content\/uploads\/2026\/01\/IMG_4002-139x300.avif\" alt=\"\" width=\"139\" height=\"300\" class=\"alignnone size-medium wp-image-24715 not-transparent\" srcset=\"https:\/\/www.press7.tv\/wp-content\/uploads\/2026\/01\/IMG_4002-139x300.avif 139w, https:\/\/www.press7.tv\/wp-content\/uploads\/2026\/01\/IMG_4002-473x1024.avif 473w, https:\/\/www.press7.tv\/wp-content\/uploads\/2026\/01\/IMG_4002-768x1662.avif 768w, https:\/\/www.press7.tv\/wp-content\/uploads\/2026\/01\/IMG_4002-710x1536.avif 710w, https:\/\/www.press7.tv\/wp-content\/uploads\/2026\/01\/IMG_4002-946x2048.avif 946w, https:\/\/www.press7.tv\/wp-content\/uploads\/2026\/01\/IMG_4002-scaled.avif 1183w\" sizes=\"(max-width: 139px) 100vw, 139px\" \/><\/p>\n","protected":false},"excerpt":{"rendered":"<p>K\u00ebng\u00ebtarja e njohur Egli Tako ka ndezur rrjetet sociale me nj\u00eb publikim t\u00eb fundit n\u00eb InstaStory, ku ka l\u00ebn\u00eb t\u00eb kuptohet se ka pranuar nj\u00eb propozim martese. N\u00eb fotografin\u00eb e publikuar, Egli shfaqet n\u00eb nj\u00eb ambient luksoz buz\u00eb detit, gjat\u00eb per\u00ebndimit t\u00eb diellit, me nj\u00eb tavolin\u00eb t\u00eb p\u00ebrgatitur p\u00ebr nj\u00eb dark\u00eb romantike. Pamja idilike shoq\u00ebrohet [&hellip;]<\/p>\n","protected":false},"author":8,"featured_media":24713,"comment_status":"closed","ping_status":"closed","sticky":false,"template":"","format":"standard","meta":{"footnotes":""},"categories":[238],"tags":[],"class_list":["post-24712","post","type-post","status-publish","format-standard","has-post-thumbnail","hentry","category-showbiz"],"yoast_head":"<!-- This site is optimized with the Yoast SEO plugin v25.1 - https:\/\/yoast.com\/wordpress\/plugins\/seo\/ -->\n<title>Propozim martese buz\u00eb detit: Fejohet k\u00ebng\u00ebtarja Egli Tako - press7.tv<\/title>\n<meta name=\"robots\" content=\"index, follow, max-snippet:-1, max-image-preview:large, max-video-preview:-1\" \/>\n<link rel=\"canonical\" href=\"https:\/\/www.press7.tv\/?p=24712\" \/>\n<meta property=\"og:locale\" content=\"en_US\" \/>\n<meta property=\"og:type\" content=\"article\" \/>\n<meta property=\"og:title\" content=\"Propozim martese buz\u00eb detit: Fejohet k\u00ebng\u00ebtarja Egli Tako - press7.tv\" \/>\n<meta property=\"og:description\" content=\"K\u00ebng\u00ebtarja e njohur Egli Tako ka ndezur rrjetet sociale me nj\u00eb publikim t\u00eb fundit n\u00eb InstaStory, ku ka l\u00ebn\u00eb t\u00eb kuptohet se ka pranuar nj\u00eb propozim martese. N\u00eb fotografin\u00eb e publikuar, Egli shfaqet n\u00eb nj\u00eb ambient luksoz buz\u00eb detit, gjat\u00eb per\u00ebndimit t\u00eb diellit, me nj\u00eb tavolin\u00eb t\u00eb p\u00ebrgatitur p\u00ebr nj\u00eb dark\u00eb romantike. Pamja idilike shoq\u00ebrohet [&hellip;]\" \/>\n<meta property=\"og:url\" content=\"https:\/\/www.press7.tv\/?p=24712\" \/>\n<meta property=\"og:site_name\" content=\"press7.tv\" \/>\n<meta property=\"article:publisher\" content=\"https:\/\/www.facebook.com\/press7.tv\" \/>\n<meta property=\"article:published_time\" content=\"2026-01-28T21:32:54+00:00\" \/>\n<meta property=\"article:modified_time\" content=\"2026-01-28T21:37:27+00:00\" \/>\n<meta property=\"og:image\" content=\"https:\/\/www.press7.tv\/wp-content\/uploads\/2026\/01\/download-2.avif\" \/>\n\t<meta property=\"og:image:width\" content=\"1290\" \/>\n\t<meta property=\"og:image:height\" content=\"1236\" \/>\n\t<meta property=\"og:image:type\" content=\"image\/jpeg\" \/>\n<meta name=\"author\" content=\"gazetar2\" \/>\n<meta name=\"twitter:card\" content=\"summary_large_image\" \/>\n<meta name=\"twitter:label1\" content=\"Written by\" \/>\n\t<meta name=\"twitter:data1\" content=\"gazetar2\" \/>\n\t<meta name=\"twitter:label2\" content=\"Est. reading time\" \/>\n\t<meta name=\"twitter:data2\" content=\"2 minutes\" \/>\n<script type=\"application\/ld+json\" class=\"yoast-schema-graph\">{\"@context\":\"https:\/\/schema.org\",\"@graph\":[{\"@type\":\"Article\",\"@id\":\"https:\/\/www.press7.tv\/?p=24712#article\",\"isPartOf\":{\"@id\":\"https:\/\/www.press7.tv\/?p=24712\"},\"author\":{\"name\":\"gazetar2\",\"@id\":\"https:\/\/www.news33.tv\/#\/schema\/person\/5a04a38a23ccdba82f9bd665cd8f9efa\"},\"headline\":\"Propozim martese buz\u00eb detit: Fejohet k\u00ebng\u00ebtarja Egli Tako\",\"datePublished\":\"2026-01-28T21:32:54+00:00\",\"dateModified\":\"2026-01-28T21:37:27+00:00\",\"mainEntityOfPage\":{\"@id\":\"https:\/\/www.press7.tv\/?p=24712\"},\"wordCount\":199,\"publisher\":{\"@id\":\"https:\/\/www.news33.tv\/#organization\"},\"image\":{\"@id\":\"https:\/\/www.press7.tv\/?p=24712#primaryimage\"},\"thumbnailUrl\":\"https:\/\/www.press7.tv\/wp-content\/uploads\/2026\/01\/download-2.avif\",\"articleSection\":[\"ShowBiz\"],\"inLanguage\":\"en-US\"},{\"@type\":\"WebPage\",\"@id\":\"https:\/\/www.press7.tv\/?p=24712\",\"url\":\"https:\/\/www.press7.tv\/?p=24712\",\"name\":\"Propozim martese buz\u00eb detit: Fejohet k\u00ebng\u00ebtarja Egli Tako - press7.tv\",\"isPartOf\":{\"@id\":\"https:\/\/www.news33.tv\/#website\"},\"primaryImageOfPage\":{\"@id\":\"https:\/\/www.press7.tv\/?p=24712#primaryimage\"},\"image\":{\"@id\":\"https:\/\/www.press7.tv\/?p=24712#primaryimage\"},\"thumbnailUrl\":\"https:\/\/www.press7.tv\/wp-content\/uploads\/2026\/01\/download-2.avif\",\"datePublished\":\"2026-01-28T21:32:54+00:00\",\"dateModified\":\"2026-01-28T21:37:27+00:00\",\"breadcrumb\":{\"@id\":\"https:\/\/www.press7.tv\/?p=24712#breadcrumb\"},\"inLanguage\":\"en-US\",\"potentialAction\":[{\"@type\":\"ReadAction\",\"target\":[\"https:\/\/www.press7.tv\/?p=24712\"]}]},{\"@type\":\"ImageObject\",\"inLanguage\":\"en-US\",\"@id\":\"https:\/\/www.press7.tv\/?p=24712#primaryimage\",\"url\":\"https:\/\/www.press7.tv\/wp-content\/uploads\/2026\/01\/download-2.avif\",\"contentUrl\":\"https:\/\/www.press7.tv\/wp-content\/uploads\/2026\/01\/download-2.avif\",\"width\":1290,\"height\":1236},{\"@type\":\"BreadcrumbList\",\"@id\":\"https:\/\/www.press7.tv\/?p=24712#breadcrumb\",\"itemListElement\":[{\"@type\":\"ListItem\",\"position\":1,\"name\":\"Home\",\"item\":\"https:\/\/www.press7.tv\/\"},{\"@type\":\"ListItem\",\"position\":2,\"name\":\"Propozim martese buz\u00eb detit: Fejohet k\u00ebng\u00ebtarja Egli Tako\"}]},{\"@type\":\"WebSite\",\"@id\":\"https:\/\/www.news33.tv\/#website\",\"url\":\"https:\/\/www.news33.tv\/\",\"name\":\"News33.tv Media\",\"description\":\"Media\",\"publisher\":{\"@id\":\"https:\/\/www.news33.tv\/#organization\"},\"potentialAction\":[{\"@type\":\"SearchAction\",\"target\":{\"@type\":\"EntryPoint\",\"urlTemplate\":\"https:\/\/www.news33.tv\/?s={search_term_string}\"},\"query-input\":{\"@type\":\"PropertyValueSpecification\",\"valueRequired\":true,\"valueName\":\"search_term_string\"}}],\"inLanguage\":\"en-US\"},{\"@type\":\"Organization\",\"@id\":\"https:\/\/www.news33.tv\/#organization\",\"name\":\"News33.tv Media\",\"url\":\"https:\/\/www.news33.tv\/\",\"logo\":{\"@type\":\"ImageObject\",\"inLanguage\":\"en-US\",\"@id\":\"https:\/\/www.news33.tv\/#\/schema\/logo\/image\/\",\"url\":\"https:\/\/www.press7.tv\/wp-content\/uploads\/2024\/02\/logo-news33-black.png\",\"contentUrl\":\"https:\/\/www.press7.tv\/wp-content\/uploads\/2024\/02\/logo-news33-black.png\",\"width\":180,\"height\":37,\"caption\":\"News33.tv Media\"},\"image\":{\"@id\":\"https:\/\/www.news33.tv\/#\/schema\/logo\/image\/\"},\"sameAs\":[\"https:\/\/www.facebook.com\/press7.tv\"]},{\"@type\":\"Person\",\"@id\":\"https:\/\/www.news33.tv\/#\/schema\/person\/5a04a38a23ccdba82f9bd665cd8f9efa\",\"name\":\"gazetar2\",\"image\":{\"@type\":\"ImageObject\",\"inLanguage\":\"en-US\",\"@id\":\"https:\/\/www.news33.tv\/#\/schema\/person\/image\/\",\"url\":\"https:\/\/www.press7.tv\/wp-content\/litespeed\/avatar\/41975e402c3049d9ddb03adca8f7a883.jpg?ver=1777169572\",\"contentUrl\":\"https:\/\/www.press7.tv\/wp-content\/litespeed\/avatar\/41975e402c3049d9ddb03adca8f7a883.jpg?ver=1777169572\",\"caption\":\"gazetar2\"},\"url\":\"https:\/\/www.press7.tv\/?author=8\"}]}<\/script>\n<!-- \/ Yoast SEO plugin. -->","yoast_head_json":{"title":"Propozim martese buz\u00eb detit: Fejohet k\u00ebng\u00ebtarja Egli Tako - press7.tv","robots":{"index":"index","follow":"follow","max-snippet":"max-snippet:-1","max-image-preview":"max-image-preview:large","max-video-preview":"max-video-preview:-1"},"canonical":"https:\/\/www.press7.tv\/?p=24712","og_locale":"en_US","og_type":"article","og_title":"Propozim martese buz\u00eb detit: Fejohet k\u00ebng\u00ebtarja Egli Tako - press7.tv","og_description":"K\u00ebng\u00ebtarja e njohur Egli Tako ka ndezur rrjetet sociale me nj\u00eb publikim t\u00eb fundit n\u00eb InstaStory, ku ka l\u00ebn\u00eb t\u00eb kuptohet se ka pranuar nj\u00eb propozim martese. N\u00eb fotografin\u00eb e publikuar, Egli shfaqet n\u00eb nj\u00eb ambient luksoz buz\u00eb detit, gjat\u00eb per\u00ebndimit t\u00eb diellit, me nj\u00eb tavolin\u00eb t\u00eb p\u00ebrgatitur p\u00ebr nj\u00eb dark\u00eb romantike. Pamja idilike shoq\u00ebrohet [&hellip;]","og_url":"https:\/\/www.press7.tv\/?p=24712","og_site_name":"press7.tv","article_publisher":"https:\/\/www.facebook.com\/press7.tv","article_published_time":"2026-01-28T21:32:54+00:00","article_modified_time":"2026-01-28T21:37:27+00:00","og_image":[{"width":1290,"height":1236,"url":"https:\/\/www.press7.tv\/wp-content\/uploads\/2026\/01\/download-2.avif","type":"image\/jpeg"}],"author":"gazetar2","twitter_card":"summary_large_image","twitter_misc":{"Written by":"gazetar2","Est. reading time":"2 minutes"},"schema":{"@context":"https:\/\/schema.org","@graph":[{"@type":"Article","@id":"https:\/\/www.press7.tv\/?p=24712#article","isPartOf":{"@id":"https:\/\/www.press7.tv\/?p=24712"},"author":{"name":"gazetar2","@id":"https:\/\/www.news33.tv\/#\/schema\/person\/5a04a38a23ccdba82f9bd665cd8f9efa"},"headline":"Propozim martese buz\u00eb detit: Fejohet k\u00ebng\u00ebtarja Egli Tako","datePublished":"2026-01-28T21:32:54+00:00","dateModified":"2026-01-28T21:37:27+00:00","mainEntityOfPage":{"@id":"https:\/\/www.press7.tv\/?p=24712"},"wordCount":199,"publisher":{"@id":"https:\/\/www.news33.tv\/#organization"},"image":{"@id":"https:\/\/www.press7.tv\/?p=24712#primaryimage"},"thumbnailUrl":"https:\/\/www.press7.tv\/wp-content\/uploads\/2026\/01\/download-2.avif","articleSection":["ShowBiz"],"inLanguage":"en-US"},{"@type":"WebPage","@id":"https:\/\/www.press7.tv\/?p=24712","url":"https:\/\/www.press7.tv\/?p=24712","name":"Propozim martese buz\u00eb detit: Fejohet k\u00ebng\u00ebtarja Egli Tako - press7.tv","isPartOf":{"@id":"https:\/\/www.news33.tv\/#website"},"primaryImageOfPage":{"@id":"https:\/\/www.press7.tv\/?p=24712#primaryimage"},"image":{"@id":"https:\/\/www.press7.tv\/?p=24712#primaryimage"},"thumbnailUrl":"https:\/\/www.press7.tv\/wp-content\/uploads\/2026\/01\/download-2.avif","datePublished":"2026-01-28T21:32:54+00:00","dateModified":"2026-01-28T21:37:27+00:00","breadcrumb":{"@id":"https:\/\/www.press7.tv\/?p=24712#breadcrumb"},"inLanguage":"en-US","potentialAction":[{"@type":"ReadAction","target":["https:\/\/www.press7.tv\/?p=24712"]}]},{"@type":"ImageObject","inLanguage":"en-US","@id":"https:\/\/www.press7.tv\/?p=24712#primaryimage","url":"https:\/\/www.press7.tv\/wp-content\/uploads\/2026\/01\/download-2.avif","contentUrl":"https:\/\/www.press7.tv\/wp-content\/uploads\/2026\/01\/download-2.avif","width":1290,"height":1236},{"@type":"BreadcrumbList","@id":"https:\/\/www.press7.tv\/?p=24712#breadcrumb","itemListElement":[{"@type":"ListItem","position":1,"name":"Home","item":"https:\/\/www.press7.tv\/"},{"@type":"ListItem","position":2,"name":"Propozim martese buz\u00eb detit: Fejohet k\u00ebng\u00ebtarja Egli Tako"}]},{"@type":"WebSite","@id":"https:\/\/www.news33.tv\/#website","url":"https:\/\/www.news33.tv\/","name":"News33.tv Media","description":"Media","publisher":{"@id":"https:\/\/www.news33.tv\/#organization"},"potentialAction":[{"@type":"SearchAction","target":{"@type":"EntryPoint","urlTemplate":"https:\/\/www.news33.tv\/?s={search_term_string}"},"query-input":{"@type":"PropertyValueSpecification","valueRequired":true,"valueName":"search_term_string"}}],"inLanguage":"en-US"},{"@type":"Organization","@id":"https:\/\/www.news33.tv\/#organization","name":"News33.tv Media","url":"https:\/\/www.news33.tv\/","logo":{"@type":"ImageObject","inLanguage":"en-US","@id":"https:\/\/www.news33.tv\/#\/schema\/logo\/image\/","url":"https:\/\/www.press7.tv\/wp-content\/uploads\/2024\/02\/logo-news33-black.png","contentUrl":"https:\/\/www.press7.tv\/wp-content\/uploads\/2024\/02\/logo-news33-black.png","width":180,"height":37,"caption":"News33.tv Media"},"image":{"@id":"https:\/\/www.news33.tv\/#\/schema\/logo\/image\/"},"sameAs":["https:\/\/www.facebook.com\/press7.tv"]},{"@type":"Person","@id":"https:\/\/www.news33.tv\/#\/schema\/person\/5a04a38a23ccdba82f9bd665cd8f9efa","name":"gazetar2","image":{"@type":"ImageObject","inLanguage":"en-US","@id":"https:\/\/www.news33.tv\/#\/schema\/person\/image\/","url":"https:\/\/www.press7.tv\/wp-content\/litespeed\/avatar\/41975e402c3049d9ddb03adca8f7a883.jpg?ver=1777169572","contentUrl":"https:\/\/www.press7.tv\/wp-content\/litespeed\/avatar\/41975e402c3049d9ddb03adca8f7a883.jpg?ver=1777169572","caption":"gazetar2"},"url":"https:\/\/www.press7.tv\/?author=8"}]}},"amp_enabled":true,"_links":{"self":[{"href":"https:\/\/www.press7.tv\/index.php?rest_route=\/wp\/v2\/posts\/24712","targetHints":{"allow":["GET"]}}],"collection":[{"href":"https:\/\/www.press7.tv\/index.php?rest_route=\/wp\/v2\/posts"}],"about":[{"href":"https:\/\/www.press7.tv\/index.php?rest_route=\/wp\/v2\/types\/post"}],"author":[{"embeddable":true,"href":"https:\/\/www.press7.tv\/index.php?rest_route=\/wp\/v2\/users\/8"}],"replies":[{"embeddable":true,"href":"https:\/\/www.press7.tv\/index.php?rest_route=%2Fwp%2Fv2%2Fcomments&post=24712"}],"version-history":[{"count":2,"href":"https:\/\/www.press7.tv\/index.php?rest_route=\/wp\/v2\/posts\/24712\/revisions"}],"predecessor-version":[{"id":24716,"href":"https:\/\/www.press7.tv\/index.php?rest_route=\/wp\/v2\/posts\/24712\/revisions\/24716"}],"wp:featuredmedia":[{"embeddable":true,"href":"https:\/\/www.press7.tv\/index.php?rest_route=\/wp\/v2\/media\/24713"}],"wp:attachment":[{"href":"https:\/\/www.press7.tv\/index.php?rest_route=%2Fwp%2Fv2%2Fmedia&parent=24712"}],"wp:term":[{"taxonomy":"category","embeddable":true,"href":"https:\/\/www.press7.tv\/index.php?rest_route=%2Fwp%2Fv2%2Fcategories&post=24712"},{"taxonomy":"post_tag","embeddable":true,"href":"https:\/\/www.press7.tv\/index.php?rest_route=%2Fwp%2Fv2%2Ftags&post=24712"}],"curies":[{"name":"wp","href":"https:\/\/api.w.org\/{rel}","templated":true}]}}