{"id":24709,"date":"2026-01-28T21:18:11","date_gmt":"2026-01-28T21:18:11","guid":{"rendered":"https:\/\/www.press7.tv\/?p=24709"},"modified":"2026-01-28T21:18:11","modified_gmt":"2026-01-28T21:18:11","slug":"osmani-ben-fushate-ne-rrjete-shoqeria-civile-e-quan-presion-mbi-partite","status":"publish","type":"post","link":"https:\/\/www.press7.tv\/?p=24709","title":{"rendered":"Osmani b\u00ebn \u201cfushat\u00eb\u201d n\u00eb rrjete, shoq\u00ebria civile e quan presion mbi partit\u00eb"},"content":{"rendered":"\n    <div class=\"xs_social_share_widget xs_share_url before_content \t\tmain_content  wslu-style-2 wslu-share-box-shaped wslu-fill-colored wslu-share-m-5 wslu-none wslu-share-vertical wslu-theme-font-no wslu-main_content\">\n\n\t\t\n        <ul>\n\t\t\t        <\/ul>\n    <\/div> \n<p>N\u00eb prag t\u00eb p\u00ebrfundimit t\u00eb mandatit, presidentja Vjosa Osmani ka rritur aktivitetin n\u00eb rrjetet sociale, duke promovuar at\u00eb q\u00eb ka b\u00ebr\u00eb p\u00ebr pes\u00eb vjet. Ajo n\u00eb disa raste ka shprehur synimin p\u00ebr t\u00eb marr\u00eb edhe nj\u00eb mandat. E njoh\u00ebs t\u00eb zhvillimeve politike kan\u00eb ngritur nevoj\u00ebn p\u00ebr rregullimin ligjor t\u00eb b\u00ebrjes fushat\u00eb. Po ashtu aktivitetin e presidentes me video promovuese e kan\u00eb quajtur presion mbi partit\u00eb<br \/>\nN\u00eb 6 minuta e 50 sekonda, presidentja Vjosa Osmani ka p\u00ebrmbledhur angazhimin e saj n\u00eb krye t\u00eb shtetit n\u00eb pes\u00eb vjet\u00ebt e fundit. <\/p>\n<p>\u201cSot, Kosova l\u00ebviz m\u00eb lirsh\u00ebm. Bashk\u00ebpunon m\u00eb gjer\u00ebsisht. Respektohet m\u00eb fort. Kjo \u00ebsht\u00eb puna e b\u00ebr\u00eb me besimin e qytetar\u00ebve tan\u00eb, p\u00ebr qytetar\u00ebt tan\u00eb. Dhe kemi ende shum\u00eb pun\u00eb p\u00ebrpara, sepse nj\u00eb rrug\u00eb kur nd\u00ebrtohet me drejtim t\u00eb qart\u00eb, n\u00eb interes shtet\u00ebror dhe me p\u00ebrkushtim t\u00eb sinqert\u00eb, ajo rrug\u00eb nuk mund t\u00eb ndalet n\u00eb mes, ajo rrug\u00eb vazhdon\u201d, d\u00ebgjohet duke th\u00ebn\u00eb ajo. <\/p>\n<p>Gjith\u00eb k\u00ebto, nga njoh\u00ebs t\u00eb zhvillimeve politike, po konsiderohen nisje e fushat\u00ebs s\u00eb presidentes Osmani n\u00eb drejtim t\u00eb realizimit t\u00eb synimit t\u00eb saj p\u00ebr t`u rizgjedhur edhe p\u00ebr nj\u00eb mandat. <\/p>\n<p>Eugen Cakolli, hulumtues n\u00eb Institutin Demokratik t\u00eb Kosov\u00ebs, vler\u00ebson se zhvillimi i nj\u00eb aktiviteti t\u00eb till\u00eb \u00ebsht\u00eb i parregulluar e ngrit dilema. <\/p>\n<p>\u201cNormalisht nj\u00eb gj\u00eb e till\u00eb ndon\u00ebse nuk \u00ebsht\u00eb e ndaluar ngrit gjithmon\u00eb dilema sa i p\u00ebrket n\u00eb radh\u00eb t\u00eb par\u00eb koh\u00ebs, por edhe vet ides\u00eb se a mund t\u00eb ket\u00eb fushata p\u00ebr president p\u00ebr sa koh\u00eb q\u00eb zgjedhja b\u00ebhet nga ana e deputet\u00ebve. Nj\u00eb format i till\u00eb i t\u00eb b\u00ebrit fushat\u00eb ndon\u00ebse \u00ebsht\u00eb i lejuar do t\u00eb kishte shum\u00eb m\u00eb shum\u00eb kuptim n\u00ebse Kosova do t\u00eb aplikonte zgjedhjen e drejtp\u00ebrdrejt\u00eb t\u00eb presidentit ku pastaj individ\u00ebt peshojn\u00eb gar\u00ebn e tyre\u201d, ka th\u00ebn\u00eb Cakolli. <\/p>\n<p>Ai thot\u00eb se nga fushatat e tilla deputet\u00ebt mund t\u00eb vihen n\u00eb presion n\u00eb raport me rizgjedhjen apo mosrizgjedhjen e saj, bazuar n\u00eb promovimin e pun\u00ebs s\u00eb b\u00ebr\u00eb.<\/p>\n<p>\u201cEdhe pse ndikimi nuk \u00ebsht\u00eb i drejtp\u00ebrdrejt\u00eb n\u00eb ndryshim t\u00eb mendjes apo marrje t\u00eb votave sepse gara nuk \u00ebsht\u00eb n\u00eb raport me qytetar\u00ebt por me deputet\u00ebt, un\u00eb besoj q\u00eb nj\u00eb format i till\u00eb i promovimit dhe i fushat\u00ebs, n\u00ebse mund ta quajm\u00eb k\u00ebshtu, mund t\u00eb ket\u00eb ndikim tek orientimet partiake mbi at\u00eb se a do t\u00eb p\u00ebrkrahet zonja Osmani si kandidate p\u00ebr presidente apo jo meqen\u00ebse refuzimi i nj\u00eb kandidateje q\u00eb potencialisht arrin q\u00eb ta etabloj\u00eb figur\u00ebn e saj mbi baz\u00ebn e k\u00ebtyre videove dhe mbase dhe jo vet\u00ebm k\u00ebtyre videove, padyshim q\u00eb mund t\u00eb ket\u00eb te votuesit e atyre partive dhe presionin q\u00eb ata mund ta ushtrojn\u00eb drejt t\u00eb t\u00eb zgjedhurve t\u00eb tyre\u201d, ka deklaruar ai.<\/p>\n<p>Nd\u00ebrkaq politologu Melazim Koci vler\u00ebson se presidentja Osmani nuk duhet t\u00eb shfryt\u00ebzoj\u00eb resurset shtet\u00ebrore p\u00ebr t\u00eb zhvilluar fushat\u00ebn, t\u00eb cil\u00ebn e sheh legjitime. <\/p>\n<p>\u201cN\u00ebse (fushat\u00ebn) e b\u00ebn n\u00eb k\u00ebt\u00eb drejtim, si person, si kandidate e ardhshme, mendoj q\u00eb nuk ka asgj\u00eb t\u00eb keqe por nuk do t\u00eb duhej t\u00eb shfryt\u00ebzonte pozicionin e t\u00eb par\u00ebs s\u00eb shtetit p\u00ebr fushat\u00eb zgjedhore. Por n\u00ebse kjo mbetet si angazhim i saj personal jasht\u00eb pozicionit t\u00eb saj shtet\u00ebror nuk shoh di\u00e7ka kontestuese. K\u00ebt\u00eb (p\u00ebrdorimin e resurseve shtet\u00ebrore v.j.) besoj q\u00eb do t\u00eb duhej shmangur presidentja n\u00eb maksimum, jo n\u00eb maksimum por krejt\u00ebsisht sepse \u00ebsht\u00eb shfryt\u00ebzim i burimeve shtet\u00ebrore p\u00ebr di\u00e7ka tjet\u00ebr, \u00ebsht\u00eb e sakt\u00eb q\u00eb ajo kandidon p\u00ebr postin e presidentes por kandidimi \u00ebsht\u00eb nj\u00eb vij\u00eb tjet\u00ebr dhe pozicioni i saj aktual si presidente \u00ebsht\u00eb di\u00e7ka tjet\u00ebr\u201d, ka th\u00ebn\u00eb Koci.<\/p>\n<p>E hulumtuesi i KDI-s\u00eb, Cakolli konsideron se zhvillimi i fushatave nga kandidat\u00ebt p\u00ebr president duhet t\u00eb rregullohet. <\/p>\n<p>\u201cUn\u00eb besoj q\u00eb do t\u00eb duhej n\u00eb t\u00eb ardhmen kurdo q\u00eb diskutohet mbi rregullimin e till\u00eb t\u00eb p\u00ebrcaktohet modalitetet se a mund t\u00eb ket\u00eb n\u00eb fakt presidenca si e till\u00eb ndon\u00ebse ajo n\u00ebnkupton individ n\u00eb radh\u00eb t\u00eb par\u00eb video promovuese n\u00eb fund t\u00eb mandatit pak para rizgjedhjes dhe n\u00eb periudh\u00ebn kur e nj\u00ebjta po tenton q\u00eb ta marr\u00eb nj\u00eb mandat t\u00eb ri\u201d, ka th\u00ebn\u00eb ai.<\/p>\n<p>Osmani \u00ebsht\u00eb zgjedhur presidente pes\u00eb vjet m\u00eb par\u00eb. Mandati i saj p\u00ebrfundon n\u00eb fillim t\u00eb muajit prill.<br \/>\nAjo n\u00eb disa raste ka shprehur synimin edhe p\u00ebr nj\u00eb mandat. Madje n\u00eb nj\u00eb paraqitje ka th\u00ebn\u00eb: \u201cn\u00ebse nuk m\u00eb doni presidente do m\u00eb keni p\u00ebrball\u00eb n\u00eb zgjedhje\u201d.<\/p>\n<p>\u201cN\u00eb qoft\u00eb se [partit\u00eb] vendosin q\u00eb po, do t\u00eb vazhdojm\u00eb me pun\u00eb t\u00eb mira p\u00ebr vendin, mbrojtje t\u00eb interesave t\u00eb qytetar\u00ebve, n\u00eb qoft\u00eb se vendosin q\u00eb jo, at\u00ebher\u00eb un\u00eb e vazhdoj pun\u00ebn n\u00eb nj\u00eb m\u00ebnyr\u00eb tjet\u00ebr, n\u00ebp\u00ebrmjet angazhimit politik dhe kurdo q\u00eb t\u00eb ket\u00eb zgjedhje, at\u00ebher\u00eb i p\u00ebrballim idet\u00eb, nocionet, q\u00ebndrimet, energjin\u00eb besa e shum\u00eb\u00e7ka tjet\u00ebr\u201d, ka th\u00ebn\u00eb Osmani jav\u00eb m\u00eb par\u00eb.<\/p>\n<p>Kryeministri n\u00eb detyr\u00eb dhe lideri i partis\u00eb fituese t\u00eb zgjedhjeve, Vet\u00ebvendosje, Albin Kurti, ka th\u00ebn\u00eb se fillimisht do t\u00eb diskutoj\u00eb me Osmanin e m\u00eb pas me partit\u00eb opozitare.<\/p>\n<p>Disa prej deputet\u00ebve t\u00eb zgjedhur nga partit\u00eb opozitare kan\u00eb kund\u00ebrshtuar iden\u00eb e rizgjedhjes s\u00eb Osmanit, me arsyetimin se gjat\u00eb mandatit q\u00eb po kalon, ishte e anshme.<\/p>\n<p>P\u00ebr zgjedhjen e presidentit n\u00eb dy raundet e para duhen 80 vota p\u00ebr, e n\u00eb raundin e tret\u00eb, mjaftojn\u00eb 61 vota p\u00ebr me kushtin q\u00eb n\u00eb sall\u00eb t\u00eb jen\u00eb 80 deputet\u00eb.<\/p>\n","protected":false},"excerpt":{"rendered":"<p>N\u00eb prag t\u00eb p\u00ebrfundimit t\u00eb mandatit, presidentja Vjosa Osmani ka rritur aktivitetin n\u00eb rrjetet sociale, duke promovuar at\u00eb q\u00eb ka b\u00ebr\u00eb p\u00ebr pes\u00eb vjet. Ajo n\u00eb disa raste ka shprehur synimin p\u00ebr t\u00eb marr\u00eb edhe nj\u00eb mandat. E njoh\u00ebs t\u00eb zhvillimeve politike kan\u00eb ngritur nevoj\u00ebn p\u00ebr rregullimin ligjor t\u00eb b\u00ebrjes fushat\u00eb. Po ashtu aktivitetin e [&hellip;]<\/p>\n","protected":false},"author":8,"featured_media":24710,"comment_status":"closed","ping_status":"closed","sticky":false,"template":"","format":"standard","meta":{"footnotes":""},"categories":[215,213],"tags":[],"class_list":["post-24709","post","type-post","status-publish","format-standard","has-post-thumbnail","hentry","category-kosove","category-lajme"],"yoast_head":"<!-- This site is optimized with the Yoast SEO plugin v25.1 - https:\/\/yoast.com\/wordpress\/plugins\/seo\/ -->\n<title>Osmani b\u00ebn \u201cfushat\u00eb\u201d n\u00eb rrjete, shoq\u00ebria civile e quan presion mbi partit\u00eb - press7.tv<\/title>\n<meta name=\"robots\" content=\"index, follow, max-snippet:-1, max-image-preview:large, max-video-preview:-1\" \/>\n<link rel=\"canonical\" href=\"https:\/\/www.press7.tv\/?p=24709\" \/>\n<meta property=\"og:locale\" content=\"en_US\" \/>\n<meta property=\"og:type\" content=\"article\" \/>\n<meta property=\"og:title\" content=\"Osmani b\u00ebn \u201cfushat\u00eb\u201d n\u00eb rrjete, shoq\u00ebria civile e quan presion mbi partit\u00eb - press7.tv\" \/>\n<meta property=\"og:description\" content=\"N\u00eb prag t\u00eb p\u00ebrfundimit t\u00eb mandatit, presidentja Vjosa Osmani ka rritur aktivitetin n\u00eb rrjetet sociale, duke promovuar at\u00eb q\u00eb ka b\u00ebr\u00eb p\u00ebr pes\u00eb vjet. Ajo n\u00eb disa raste ka shprehur synimin p\u00ebr t\u00eb marr\u00eb edhe nj\u00eb mandat. E njoh\u00ebs t\u00eb zhvillimeve politike kan\u00eb ngritur nevoj\u00ebn p\u00ebr rregullimin ligjor t\u00eb b\u00ebrjes fushat\u00eb. Po ashtu aktivitetin e [&hellip;]\" \/>\n<meta property=\"og:url\" content=\"https:\/\/www.press7.tv\/?p=24709\" \/>\n<meta property=\"og:site_name\" content=\"press7.tv\" \/>\n<meta property=\"article:publisher\" content=\"https:\/\/www.facebook.com\/press7.tv\" \/>\n<meta property=\"article:published_time\" content=\"2026-01-28T21:18:11+00:00\" \/>\n<meta property=\"og:image\" content=\"https:\/\/www.press7.tv\/wp-content\/uploads\/2026\/01\/download-1.avif\" \/>\n\t<meta property=\"og:image:width\" content=\"900\" \/>\n\t<meta property=\"og:image:height\" content=\"900\" \/>\n\t<meta property=\"og:image:type\" content=\"image\/jpeg\" \/>\n<meta name=\"author\" content=\"gazetar2\" \/>\n<meta name=\"twitter:card\" content=\"summary_large_image\" \/>\n<meta name=\"twitter:label1\" content=\"Written by\" \/>\n\t<meta name=\"twitter:data1\" content=\"gazetar2\" \/>\n\t<meta name=\"twitter:label2\" content=\"Est. reading time\" \/>\n\t<meta name=\"twitter:data2\" content=\"1 minute\" \/>\n<script type=\"application\/ld+json\" class=\"yoast-schema-graph\">{\"@context\":\"https:\/\/schema.org\",\"@graph\":[{\"@type\":\"Article\",\"@id\":\"https:\/\/www.press7.tv\/?p=24709#article\",\"isPartOf\":{\"@id\":\"https:\/\/www.press7.tv\/?p=24709\"},\"author\":{\"name\":\"gazetar2\",\"@id\":\"https:\/\/www.news33.tv\/#\/schema\/person\/5a04a38a23ccdba82f9bd665cd8f9efa\"},\"headline\":\"Osmani b\u00ebn \u201cfushat\u00eb\u201d n\u00eb rrjete, shoq\u00ebria civile e quan presion mbi partit\u00eb\",\"datePublished\":\"2026-01-28T21:18:11+00:00\",\"mainEntityOfPage\":{\"@id\":\"https:\/\/www.press7.tv\/?p=24709\"},\"wordCount\":976,\"publisher\":{\"@id\":\"https:\/\/www.news33.tv\/#organization\"},\"image\":{\"@id\":\"https:\/\/www.press7.tv\/?p=24709#primaryimage\"},\"thumbnailUrl\":\"https:\/\/www.press7.tv\/wp-content\/uploads\/2026\/01\/download-1.avif\",\"articleSection\":[\"Kosov\u00eb\",\"Lajme\"],\"inLanguage\":\"en-US\"},{\"@type\":\"WebPage\",\"@id\":\"https:\/\/www.press7.tv\/?p=24709\",\"url\":\"https:\/\/www.press7.tv\/?p=24709\",\"name\":\"Osmani b\u00ebn \u201cfushat\u00eb\u201d n\u00eb rrjete, shoq\u00ebria civile e quan presion mbi partit\u00eb - press7.tv\",\"isPartOf\":{\"@id\":\"https:\/\/www.news33.tv\/#website\"},\"primaryImageOfPage\":{\"@id\":\"https:\/\/www.press7.tv\/?p=24709#primaryimage\"},\"image\":{\"@id\":\"https:\/\/www.press7.tv\/?p=24709#primaryimage\"},\"thumbnailUrl\":\"https:\/\/www.press7.tv\/wp-content\/uploads\/2026\/01\/download-1.avif\",\"datePublished\":\"2026-01-28T21:18:11+00:00\",\"breadcrumb\":{\"@id\":\"https:\/\/www.press7.tv\/?p=24709#breadcrumb\"},\"inLanguage\":\"en-US\",\"potentialAction\":[{\"@type\":\"ReadAction\",\"target\":[\"https:\/\/www.press7.tv\/?p=24709\"]}]},{\"@type\":\"ImageObject\",\"inLanguage\":\"en-US\",\"@id\":\"https:\/\/www.press7.tv\/?p=24709#primaryimage\",\"url\":\"https:\/\/www.press7.tv\/wp-content\/uploads\/2026\/01\/download-1.avif\",\"contentUrl\":\"https:\/\/www.press7.tv\/wp-content\/uploads\/2026\/01\/download-1.avif\",\"width\":900,\"height\":900},{\"@type\":\"BreadcrumbList\",\"@id\":\"https:\/\/www.press7.tv\/?p=24709#breadcrumb\",\"itemListElement\":[{\"@type\":\"ListItem\",\"position\":1,\"name\":\"Home\",\"item\":\"https:\/\/www.press7.tv\/\"},{\"@type\":\"ListItem\",\"position\":2,\"name\":\"Osmani b\u00ebn \u201cfushat\u00eb\u201d n\u00eb rrjete, shoq\u00ebria civile e quan presion mbi partit\u00eb\"}]},{\"@type\":\"WebSite\",\"@id\":\"https:\/\/www.news33.tv\/#website\",\"url\":\"https:\/\/www.news33.tv\/\",\"name\":\"News33.tv Media\",\"description\":\"Media\",\"publisher\":{\"@id\":\"https:\/\/www.news33.tv\/#organization\"},\"potentialAction\":[{\"@type\":\"SearchAction\",\"target\":{\"@type\":\"EntryPoint\",\"urlTemplate\":\"https:\/\/www.news33.tv\/?s={search_term_string}\"},\"query-input\":{\"@type\":\"PropertyValueSpecification\",\"valueRequired\":true,\"valueName\":\"search_term_string\"}}],\"inLanguage\":\"en-US\"},{\"@type\":\"Organization\",\"@id\":\"https:\/\/www.news33.tv\/#organization\",\"name\":\"News33.tv Media\",\"url\":\"https:\/\/www.news33.tv\/\",\"logo\":{\"@type\":\"ImageObject\",\"inLanguage\":\"en-US\",\"@id\":\"https:\/\/www.news33.tv\/#\/schema\/logo\/image\/\",\"url\":\"https:\/\/www.press7.tv\/wp-content\/uploads\/2024\/02\/logo-news33-black.png\",\"contentUrl\":\"https:\/\/www.press7.tv\/wp-content\/uploads\/2024\/02\/logo-news33-black.png\",\"width\":180,\"height\":37,\"caption\":\"News33.tv Media\"},\"image\":{\"@id\":\"https:\/\/www.news33.tv\/#\/schema\/logo\/image\/\"},\"sameAs\":[\"https:\/\/www.facebook.com\/press7.tv\"]},{\"@type\":\"Person\",\"@id\":\"https:\/\/www.news33.tv\/#\/schema\/person\/5a04a38a23ccdba82f9bd665cd8f9efa\",\"name\":\"gazetar2\",\"image\":{\"@type\":\"ImageObject\",\"inLanguage\":\"en-US\",\"@id\":\"https:\/\/www.news33.tv\/#\/schema\/person\/image\/\",\"url\":\"https:\/\/www.press7.tv\/wp-content\/litespeed\/avatar\/41975e402c3049d9ddb03adca8f7a883.jpg?ver=1777169572\",\"contentUrl\":\"https:\/\/www.press7.tv\/wp-content\/litespeed\/avatar\/41975e402c3049d9ddb03adca8f7a883.jpg?ver=1777169572\",\"caption\":\"gazetar2\"},\"url\":\"https:\/\/www.press7.tv\/?author=8\"}]}<\/script>\n<!-- \/ Yoast SEO plugin. -->","yoast_head_json":{"title":"Osmani b\u00ebn \u201cfushat\u00eb\u201d n\u00eb rrjete, shoq\u00ebria civile e quan presion mbi partit\u00eb - press7.tv","robots":{"index":"index","follow":"follow","max-snippet":"max-snippet:-1","max-image-preview":"max-image-preview:large","max-video-preview":"max-video-preview:-1"},"canonical":"https:\/\/www.press7.tv\/?p=24709","og_locale":"en_US","og_type":"article","og_title":"Osmani b\u00ebn \u201cfushat\u00eb\u201d n\u00eb rrjete, shoq\u00ebria civile e quan presion mbi partit\u00eb - press7.tv","og_description":"N\u00eb prag t\u00eb p\u00ebrfundimit t\u00eb mandatit, presidentja Vjosa Osmani ka rritur aktivitetin n\u00eb rrjetet sociale, duke promovuar at\u00eb q\u00eb ka b\u00ebr\u00eb p\u00ebr pes\u00eb vjet. Ajo n\u00eb disa raste ka shprehur synimin p\u00ebr t\u00eb marr\u00eb edhe nj\u00eb mandat. E njoh\u00ebs t\u00eb zhvillimeve politike kan\u00eb ngritur nevoj\u00ebn p\u00ebr rregullimin ligjor t\u00eb b\u00ebrjes fushat\u00eb. Po ashtu aktivitetin e [&hellip;]","og_url":"https:\/\/www.press7.tv\/?p=24709","og_site_name":"press7.tv","article_publisher":"https:\/\/www.facebook.com\/press7.tv","article_published_time":"2026-01-28T21:18:11+00:00","og_image":[{"width":900,"height":900,"url":"https:\/\/www.press7.tv\/wp-content\/uploads\/2026\/01\/download-1.avif","type":"image\/jpeg"}],"author":"gazetar2","twitter_card":"summary_large_image","twitter_misc":{"Written by":"gazetar2","Est. reading time":"1 minute"},"schema":{"@context":"https:\/\/schema.org","@graph":[{"@type":"Article","@id":"https:\/\/www.press7.tv\/?p=24709#article","isPartOf":{"@id":"https:\/\/www.press7.tv\/?p=24709"},"author":{"name":"gazetar2","@id":"https:\/\/www.news33.tv\/#\/schema\/person\/5a04a38a23ccdba82f9bd665cd8f9efa"},"headline":"Osmani b\u00ebn \u201cfushat\u00eb\u201d n\u00eb rrjete, shoq\u00ebria civile e quan presion mbi partit\u00eb","datePublished":"2026-01-28T21:18:11+00:00","mainEntityOfPage":{"@id":"https:\/\/www.press7.tv\/?p=24709"},"wordCount":976,"publisher":{"@id":"https:\/\/www.news33.tv\/#organization"},"image":{"@id":"https:\/\/www.press7.tv\/?p=24709#primaryimage"},"thumbnailUrl":"https:\/\/www.press7.tv\/wp-content\/uploads\/2026\/01\/download-1.avif","articleSection":["Kosov\u00eb","Lajme"],"inLanguage":"en-US"},{"@type":"WebPage","@id":"https:\/\/www.press7.tv\/?p=24709","url":"https:\/\/www.press7.tv\/?p=24709","name":"Osmani b\u00ebn \u201cfushat\u00eb\u201d n\u00eb rrjete, shoq\u00ebria civile e quan presion mbi partit\u00eb - press7.tv","isPartOf":{"@id":"https:\/\/www.news33.tv\/#website"},"primaryImageOfPage":{"@id":"https:\/\/www.press7.tv\/?p=24709#primaryimage"},"image":{"@id":"https:\/\/www.press7.tv\/?p=24709#primaryimage"},"thumbnailUrl":"https:\/\/www.press7.tv\/wp-content\/uploads\/2026\/01\/download-1.avif","datePublished":"2026-01-28T21:18:11+00:00","breadcrumb":{"@id":"https:\/\/www.press7.tv\/?p=24709#breadcrumb"},"inLanguage":"en-US","potentialAction":[{"@type":"ReadAction","target":["https:\/\/www.press7.tv\/?p=24709"]}]},{"@type":"ImageObject","inLanguage":"en-US","@id":"https:\/\/www.press7.tv\/?p=24709#primaryimage","url":"https:\/\/www.press7.tv\/wp-content\/uploads\/2026\/01\/download-1.avif","contentUrl":"https:\/\/www.press7.tv\/wp-content\/uploads\/2026\/01\/download-1.avif","width":900,"height":900},{"@type":"BreadcrumbList","@id":"https:\/\/www.press7.tv\/?p=24709#breadcrumb","itemListElement":[{"@type":"ListItem","position":1,"name":"Home","item":"https:\/\/www.press7.tv\/"},{"@type":"ListItem","position":2,"name":"Osmani b\u00ebn \u201cfushat\u00eb\u201d n\u00eb rrjete, shoq\u00ebria civile e quan presion mbi partit\u00eb"}]},{"@type":"WebSite","@id":"https:\/\/www.news33.tv\/#website","url":"https:\/\/www.news33.tv\/","name":"News33.tv Media","description":"Media","publisher":{"@id":"https:\/\/www.news33.tv\/#organization"},"potentialAction":[{"@type":"SearchAction","target":{"@type":"EntryPoint","urlTemplate":"https:\/\/www.news33.tv\/?s={search_term_string}"},"query-input":{"@type":"PropertyValueSpecification","valueRequired":true,"valueName":"search_term_string"}}],"inLanguage":"en-US"},{"@type":"Organization","@id":"https:\/\/www.news33.tv\/#organization","name":"News33.tv Media","url":"https:\/\/www.news33.tv\/","logo":{"@type":"ImageObject","inLanguage":"en-US","@id":"https:\/\/www.news33.tv\/#\/schema\/logo\/image\/","url":"https:\/\/www.press7.tv\/wp-content\/uploads\/2024\/02\/logo-news33-black.png","contentUrl":"https:\/\/www.press7.tv\/wp-content\/uploads\/2024\/02\/logo-news33-black.png","width":180,"height":37,"caption":"News33.tv Media"},"image":{"@id":"https:\/\/www.news33.tv\/#\/schema\/logo\/image\/"},"sameAs":["https:\/\/www.facebook.com\/press7.tv"]},{"@type":"Person","@id":"https:\/\/www.news33.tv\/#\/schema\/person\/5a04a38a23ccdba82f9bd665cd8f9efa","name":"gazetar2","image":{"@type":"ImageObject","inLanguage":"en-US","@id":"https:\/\/www.news33.tv\/#\/schema\/person\/image\/","url":"https:\/\/www.press7.tv\/wp-content\/litespeed\/avatar\/41975e402c3049d9ddb03adca8f7a883.jpg?ver=1777169572","contentUrl":"https:\/\/www.press7.tv\/wp-content\/litespeed\/avatar\/41975e402c3049d9ddb03adca8f7a883.jpg?ver=1777169572","caption":"gazetar2"},"url":"https:\/\/www.press7.tv\/?author=8"}]}},"amp_enabled":true,"_links":{"self":[{"href":"https:\/\/www.press7.tv\/index.php?rest_route=\/wp\/v2\/posts\/24709","targetHints":{"allow":["GET"]}}],"collection":[{"href":"https:\/\/www.press7.tv\/index.php?rest_route=\/wp\/v2\/posts"}],"about":[{"href":"https:\/\/www.press7.tv\/index.php?rest_route=\/wp\/v2\/types\/post"}],"author":[{"embeddable":true,"href":"https:\/\/www.press7.tv\/index.php?rest_route=\/wp\/v2\/users\/8"}],"replies":[{"embeddable":true,"href":"https:\/\/www.press7.tv\/index.php?rest_route=%2Fwp%2Fv2%2Fcomments&post=24709"}],"version-history":[{"count":1,"href":"https:\/\/www.press7.tv\/index.php?rest_route=\/wp\/v2\/posts\/24709\/revisions"}],"predecessor-version":[{"id":24711,"href":"https:\/\/www.press7.tv\/index.php?rest_route=\/wp\/v2\/posts\/24709\/revisions\/24711"}],"wp:featuredmedia":[{"embeddable":true,"href":"https:\/\/www.press7.tv\/index.php?rest_route=\/wp\/v2\/media\/24710"}],"wp:attachment":[{"href":"https:\/\/www.press7.tv\/index.php?rest_route=%2Fwp%2Fv2%2Fmedia&parent=24709"}],"wp:term":[{"taxonomy":"category","embeddable":true,"href":"https:\/\/www.press7.tv\/index.php?rest_route=%2Fwp%2Fv2%2Fcategories&post=24709"},{"taxonomy":"post_tag","embeddable":true,"href":"https:\/\/www.press7.tv\/index.php?rest_route=%2Fwp%2Fv2%2Ftags&post=24709"}],"curies":[{"name":"wp","href":"https:\/\/api.w.org\/{rel}","templated":true}]}}