{"id":24706,"date":"2026-01-28T18:07:46","date_gmt":"2026-01-28T18:07:46","guid":{"rendered":"https:\/\/www.press7.tv\/?p=24706"},"modified":"2026-01-28T18:07:46","modified_gmt":"2026-01-28T18:07:46","slug":"ismet-kryeziu-ne-mbrojtje-te-kushtrim-sadikut-humanizmi-nuk-duhet-te-jete-selektiv","status":"publish","type":"post","link":"https:\/\/www.press7.tv\/?p=24706","title":{"rendered":"Ismet Kryeziu n\u00eb mbrojtje t\u00eb Kushtrim Sadikut: Humanizmi nuk duhet t\u00eb jet\u00eb selektiv"},"content":{"rendered":"\n    <div class=\"xs_social_share_widget xs_share_url before_content \t\tmain_content  wslu-style-2 wslu-share-box-shaped wslu-fill-colored wslu-share-m-5 wslu-none wslu-share-vertical wslu-theme-font-no wslu-main_content\">\n\n\t\t\n        <ul>\n\t\t\t        <\/ul>\n    <\/div> \n<p>Ismet Kryeziu nga shoq\u00ebria civile i ka dal\u00eb n\u00eb mbrojtje gazetarit Kushtrim Sadiku pas dokumentarit \u201cDhimbja q\u00eb nuk harrohet\u201d, duke kritikuar ashp\u00ebr reagimet dhe sulmet publike q\u00eb pasuan transmetimin e tij.<\/p>\n<p>Kryeziu vler\u00ebson se debati i krijuar nuk ka t\u00eb b\u00ebj\u00eb me humanizmin universal, por me rreshtime ideologjike dhe fetare selektive, ku empatia p\u00ebrdoret si mjet presioni, lin\u00e7imi dhe p\u00ebrjashtimi.<\/p>\n<p>Sipas tij, viktimat nuk duhet t\u00eb ndahen sipas identitetit t\u00eb vras\u00ebsit apo bindjeve politike e fetare, nd\u00ebrsa humanizmi i v\u00ebrtet\u00eb duhet t\u00eb jet\u00eb i pakusht\u00ebzuar.<\/p>\n<p>Ai thekson se interesat komb\u00ebtare shqiptare lidhen me shtetin laik, integrimin euro-atlantik dhe stabilitetin, dhe jo me emocione apo rreshtime ideologjike q\u00eb d\u00ebmtojn\u00eb kohezionin shoq\u00ebror.<\/p>\n<p>Dhimbja q\u00eb nuk harrohetPas reagimeve t\u00eb shumta n\u00eb em\u00ebr t\u00eb t\u00eb ashtuquajturave vlera universale humane, k\u00ebrc\u00ebnimeve dhe shkrimeve q\u00eb u prodhuan pas dokumentarit \u201cDhimbja q\u00eb nuk harrohet\u201d, filmi e ka b\u00ebr\u00eb t\u00eb qart\u00eb, at\u00eb q\u00eb tashm\u00eb dihet : debati publik nuk po zhvillohet rreth humanizmit si parim, por rreth rreshtimit ideologjik q\u00eb secili zgjedh t\u00eb mbroj\u00eb. Dhe k\u00ebt\u00eb porosi nuk besoj se filmi e ka pasur si q\u00ebllim; p\u00ebrkundrazi, po tentohet t\u00eb vendoset artificialisht n\u00eb k\u00ebt\u00eb diskurs.<\/p>\n<p>Shum\u00eb kritik\u00eb q\u00eb sot po shkruajn\u00eb n\u00eb em\u00ebr t\u00eb mbrojtjes s\u00eb vlerave humane, n\u00eb shum\u00eb raste mendimet e tyre i kan\u00eb shnd\u00ebrruar n\u00eb gjuh\u00eb p\u00ebrjashtuese, presion moral, lin\u00e7im virtual dhe k\u00ebrc\u00ebnime.Kjo ngre nj\u00eb pyetje thelb\u00ebsore: a po flasim realisht p\u00ebr empati universale ndaj viktim\u00ebs, apo p\u00ebr nj\u00eb humaniz\u00ebm selektiv q\u00eb aktivizohet vet\u00ebm kur i sh\u00ebrben nj\u00eb narrative t\u00eb caktuar politike apo fetare?Vdekja e mbi 40.000 njer\u00ebzve n\u00eb Iran vet\u00ebm gjat\u00eb muajit janar, shtypja sistematike e kurd\u00ebve apo krimet e kryera brenda bot\u00ebs myslimane rrall\u00ebher\u00eb ngjallin reagim masiv. Nuk shohim protesta, fjalime morale apo mobilizim emocional t\u00eb krahasuesh\u00ebm me at\u00eb p\u00ebr Gaz\u00ebn.<\/p>\n<p>Solidariteti p\u00ebr Gaz\u00ebn, n\u00eb shum\u00eb raste, duket qart\u00eb se nuk buron nga parimi universal i mbrojtjes s\u00eb jet\u00ebs civile, por nga fakti se vuajtja e atij populli p\u00ebrdoret p\u00ebr t\u00eb kund\u00ebrshtuar nj\u00eb pal\u00eb tjet\u00ebr \u2014 nj\u00eb religjion apo kamp politik tjet\u00ebr, Izraelin. Sepse, edhe pse viktimat n\u00eb Iran jan\u00eb mysliman\u00eb, heshtja vazhdon, pasi ata q\u00eb po i shkaktojn\u00eb viktimat n\u00eb k\u00ebt\u00eb rast jan\u00eb po ashtu mysliman. Kjo tregon se problemi nuk jan\u00eb viktimat n\u00eb vetvete, por armiku q\u00eb duhet identifikuar dhe demonizuar.<\/p>\n<p>N\u00eb k\u00ebt\u00eb klim\u00eb, disa t\u00eb ashtuquajtura \u201cmendje t\u00eb ndritura\u201d t\u00eb rrjeteve sociale, t\u00eb maskuara n\u00ebn vlerat e humanizmit, i kan\u00eb mprehur tastierat p\u00ebr t\u00eb gozhduar gazetarin Kushtrim B. Sadiku n\u00eb em\u00ebr t\u00eb k\u00ebtyre vlerave. Humanizmin po e shnd\u00ebrrojn\u00eb n\u00eb arm\u00eb, nd\u00ebrsa empatin\u00eb po e p\u00ebrdorin si mjet presioni dhe p\u00ebrjashtimi. Megjithat\u00eb, disa prej tyre krijojn\u00eb p\u00ebrshtypjen se, m\u00eb shum\u00eb sesa p\u00ebr vlera humane, fetare apo \u00e7far\u00ebdo tjet\u00ebr, jan\u00eb t\u00eb interesuar p\u00ebr v\u00ebmendje dhe prezenc\u00eb n\u00eb rrjete sociale.Humanizmi dhe empatia p\u00ebr viktim\u00ebn nuk duhet t\u00eb varen nga identiteti i vras\u00ebsit, nga bindjet e tij fetare apo politike, e as nga rrethanat n\u00eb t\u00eb cilat \u00ebsht\u00eb vrar\u00eb viktima. Ndjenja njer\u00ebzore aktivizohet nga vet\u00eb fakti i vuajtjes, jo nga kampi ku b\u00ebn pjes\u00eb agresori apo viktima. \u00c7do devijim nga ky parim e zbraz empatin\u00eb nga p\u00ebrmbajtja e saj morale.Viktima mbetet viktim\u00eb pavar\u00ebsisht p\u00ebrkat\u00ebsis\u00eb etnike, fetare apo ideologjike, dhe pa r\u00ebnd\u00ebsi n\u00ebse \u00ebsht\u00eb vrar\u00eb nga nj\u00eb shtet, nj\u00eb regjim, nj\u00eb fe apo nj\u00eb ideologji.<\/p>\n<p>Humanizmi i v\u00ebrtet\u00eb nuk zgjedh an\u00eb; ai zgjedh njeriun. \u00c7do gj\u00eb tjet\u00ebr \u00ebsht\u00eb empati e kusht\u00ebzuar dhe, n\u00eb thelb, hipokrizi morale.N\u00eb momentin kur fillojm\u00eb t\u00eb pyesim se kush e vrau, pse e vrau dhe n\u00eb em\u00ebr t\u00eb cil\u00ebs ideologji, p\u00ebrpara se t\u00eb ndiejm\u00eb dhembshuri p\u00ebr jet\u00ebn e humbur, at\u00ebher\u00eb nuk po reagojm\u00eb si qenie njer\u00ebzore, por si pjes\u00eb e nj\u00eb fronti. Pik\u00ebrisht aty empatia pushon s\u00eb qeni vler\u00eb morale dhe shnd\u00ebrrohet n\u00eb mjet justifikimi politik apo fetar.N\u00ebse empatia jon\u00eb vjen si produkt i rreshtimit politik apo religjioz dhe diskutimi zhvendoset n\u00eb planin e orientimit politik e fetar, at\u00ebher\u00eb pyetja q\u00eb duhet shtruar \u00ebsht\u00eb thelb\u00ebsore: cilat q\u00ebndrime dhe orientime sot i sh\u00ebrbejn\u00eb interesit komb\u00ebtar shqiptar dhe cilat i sh\u00ebrbejn\u00eb interesave fetare?<\/p>\n<p>A e p\u00ebrjashtojn\u00eb k\u00ebto dy interesa nj\u00ebra-tjetr\u00ebn dhe cila ka pesh\u00eb reale p\u00ebr ne? Pas cilit interes po rreshtohemi sot?Interesi shqiptar, historikisht dhe praktikisht, \u00ebsht\u00eb i lidhur me shtetin laik, sovranitetin, integrimin euro-atlantik dhe ruajtjen e kohezionit komb\u00ebtar p\u00ebrtej dallimeve fetare. Politikat q\u00eb forcojn\u00eb pozicionin e Kosov\u00ebs n\u00eb NATO, afrimin me Bashkimin Evropian, bashk\u00ebpunimin strategjik me Shtetet e Bashkuara dhe stabilitetin rajonal jan\u00eb politika n\u00eb interes shqiptar. K\u00ebto nuk jan\u00eb \u00e7\u00ebshtje sentimenti apo emocioni, por \u00e7\u00ebshtje sigurie, zhvillimi dhe mbijetese afatgjat\u00eb.<\/p>\n","protected":false},"excerpt":{"rendered":"<p>Ismet Kryeziu nga shoq\u00ebria civile i ka dal\u00eb n\u00eb mbrojtje gazetarit Kushtrim Sadiku pas dokumentarit \u201cDhimbja q\u00eb nuk harrohet\u201d, duke kritikuar ashp\u00ebr reagimet dhe sulmet publike q\u00eb pasuan transmetimin e tij. Kryeziu vler\u00ebson se debati i krijuar nuk ka t\u00eb b\u00ebj\u00eb me humanizmin universal, por me rreshtime ideologjike dhe fetare selektive, ku empatia p\u00ebrdoret si [&hellip;]<\/p>\n","protected":false},"author":8,"featured_media":24707,"comment_status":"closed","ping_status":"closed","sticky":false,"template":"","format":"standard","meta":{"footnotes":""},"categories":[218],"tags":[],"class_list":["post-24706","post","type-post","status-publish","format-standard","has-post-thumbnail","hentry","category-opinione"],"yoast_head":"<!-- This site is optimized with the Yoast SEO plugin v25.1 - https:\/\/yoast.com\/wordpress\/plugins\/seo\/ -->\n<title>Ismet Kryeziu n\u00eb mbrojtje t\u00eb Kushtrim Sadikut: Humanizmi nuk duhet t\u00eb jet\u00eb selektiv - press7.tv<\/title>\n<meta name=\"robots\" content=\"index, follow, max-snippet:-1, max-image-preview:large, max-video-preview:-1\" \/>\n<link rel=\"canonical\" href=\"https:\/\/www.press7.tv\/?p=24706\" \/>\n<meta property=\"og:locale\" content=\"en_US\" \/>\n<meta property=\"og:type\" content=\"article\" \/>\n<meta property=\"og:title\" content=\"Ismet Kryeziu n\u00eb mbrojtje t\u00eb Kushtrim Sadikut: Humanizmi nuk duhet t\u00eb jet\u00eb selektiv - press7.tv\" \/>\n<meta property=\"og:description\" content=\"Ismet Kryeziu nga shoq\u00ebria civile i ka dal\u00eb n\u00eb mbrojtje gazetarit Kushtrim Sadiku pas dokumentarit \u201cDhimbja q\u00eb nuk harrohet\u201d, duke kritikuar ashp\u00ebr reagimet dhe sulmet publike q\u00eb pasuan transmetimin e tij. Kryeziu vler\u00ebson se debati i krijuar nuk ka t\u00eb b\u00ebj\u00eb me humanizmin universal, por me rreshtime ideologjike dhe fetare selektive, ku empatia p\u00ebrdoret si [&hellip;]\" \/>\n<meta property=\"og:url\" content=\"https:\/\/www.press7.tv\/?p=24706\" \/>\n<meta property=\"og:site_name\" content=\"press7.tv\" \/>\n<meta property=\"article:publisher\" content=\"https:\/\/www.facebook.com\/press7.tv\" \/>\n<meta property=\"article:published_time\" content=\"2026-01-28T18:07:46+00:00\" \/>\n<meta property=\"og:image\" content=\"https:\/\/www.press7.tv\/wp-content\/uploads\/2026\/01\/65656565-1536x1072-1.avif\" \/>\n\t<meta property=\"og:image:width\" content=\"1536\" \/>\n\t<meta property=\"og:image:height\" content=\"1072\" \/>\n\t<meta property=\"og:image:type\" content=\"image\/jpeg\" \/>\n<meta name=\"author\" content=\"gazetar2\" \/>\n<meta name=\"twitter:card\" content=\"summary_large_image\" \/>\n<meta name=\"twitter:label1\" content=\"Written by\" \/>\n\t<meta name=\"twitter:data1\" content=\"gazetar2\" \/>\n\t<meta name=\"twitter:label2\" content=\"Est. reading time\" \/>\n\t<meta name=\"twitter:data2\" content=\"1 minute\" \/>\n<script type=\"application\/ld+json\" class=\"yoast-schema-graph\">{\"@context\":\"https:\/\/schema.org\",\"@graph\":[{\"@type\":\"Article\",\"@id\":\"https:\/\/www.press7.tv\/?p=24706#article\",\"isPartOf\":{\"@id\":\"https:\/\/www.press7.tv\/?p=24706\"},\"author\":{\"name\":\"gazetar2\",\"@id\":\"https:\/\/www.news33.tv\/#\/schema\/person\/5a04a38a23ccdba82f9bd665cd8f9efa\"},\"headline\":\"Ismet Kryeziu n\u00eb mbrojtje t\u00eb Kushtrim Sadikut: Humanizmi nuk duhet t\u00eb jet\u00eb selektiv\",\"datePublished\":\"2026-01-28T18:07:46+00:00\",\"mainEntityOfPage\":{\"@id\":\"https:\/\/www.press7.tv\/?p=24706\"},\"wordCount\":856,\"publisher\":{\"@id\":\"https:\/\/www.news33.tv\/#organization\"},\"image\":{\"@id\":\"https:\/\/www.press7.tv\/?p=24706#primaryimage\"},\"thumbnailUrl\":\"https:\/\/www.press7.tv\/wp-content\/uploads\/2026\/01\/65656565-1536x1072-1.avif\",\"articleSection\":[\"Opinione\"],\"inLanguage\":\"en-US\"},{\"@type\":\"WebPage\",\"@id\":\"https:\/\/www.press7.tv\/?p=24706\",\"url\":\"https:\/\/www.press7.tv\/?p=24706\",\"name\":\"Ismet Kryeziu n\u00eb mbrojtje t\u00eb Kushtrim Sadikut: Humanizmi nuk duhet t\u00eb jet\u00eb selektiv - press7.tv\",\"isPartOf\":{\"@id\":\"https:\/\/www.news33.tv\/#website\"},\"primaryImageOfPage\":{\"@id\":\"https:\/\/www.press7.tv\/?p=24706#primaryimage\"},\"image\":{\"@id\":\"https:\/\/www.press7.tv\/?p=24706#primaryimage\"},\"thumbnailUrl\":\"https:\/\/www.press7.tv\/wp-content\/uploads\/2026\/01\/65656565-1536x1072-1.avif\",\"datePublished\":\"2026-01-28T18:07:46+00:00\",\"breadcrumb\":{\"@id\":\"https:\/\/www.press7.tv\/?p=24706#breadcrumb\"},\"inLanguage\":\"en-US\",\"potentialAction\":[{\"@type\":\"ReadAction\",\"target\":[\"https:\/\/www.press7.tv\/?p=24706\"]}]},{\"@type\":\"ImageObject\",\"inLanguage\":\"en-US\",\"@id\":\"https:\/\/www.press7.tv\/?p=24706#primaryimage\",\"url\":\"https:\/\/www.press7.tv\/wp-content\/uploads\/2026\/01\/65656565-1536x1072-1.avif\",\"contentUrl\":\"https:\/\/www.press7.tv\/wp-content\/uploads\/2026\/01\/65656565-1536x1072-1.avif\",\"width\":1536,\"height\":1072},{\"@type\":\"BreadcrumbList\",\"@id\":\"https:\/\/www.press7.tv\/?p=24706#breadcrumb\",\"itemListElement\":[{\"@type\":\"ListItem\",\"position\":1,\"name\":\"Home\",\"item\":\"https:\/\/www.press7.tv\/\"},{\"@type\":\"ListItem\",\"position\":2,\"name\":\"Ismet Kryeziu n\u00eb mbrojtje t\u00eb Kushtrim Sadikut: Humanizmi nuk duhet t\u00eb jet\u00eb selektiv\"}]},{\"@type\":\"WebSite\",\"@id\":\"https:\/\/www.news33.tv\/#website\",\"url\":\"https:\/\/www.news33.tv\/\",\"name\":\"News33.tv Media\",\"description\":\"Media\",\"publisher\":{\"@id\":\"https:\/\/www.news33.tv\/#organization\"},\"potentialAction\":[{\"@type\":\"SearchAction\",\"target\":{\"@type\":\"EntryPoint\",\"urlTemplate\":\"https:\/\/www.news33.tv\/?s={search_term_string}\"},\"query-input\":{\"@type\":\"PropertyValueSpecification\",\"valueRequired\":true,\"valueName\":\"search_term_string\"}}],\"inLanguage\":\"en-US\"},{\"@type\":\"Organization\",\"@id\":\"https:\/\/www.news33.tv\/#organization\",\"name\":\"News33.tv Media\",\"url\":\"https:\/\/www.news33.tv\/\",\"logo\":{\"@type\":\"ImageObject\",\"inLanguage\":\"en-US\",\"@id\":\"https:\/\/www.news33.tv\/#\/schema\/logo\/image\/\",\"url\":\"https:\/\/www.press7.tv\/wp-content\/uploads\/2024\/02\/logo-news33-black.png\",\"contentUrl\":\"https:\/\/www.press7.tv\/wp-content\/uploads\/2024\/02\/logo-news33-black.png\",\"width\":180,\"height\":37,\"caption\":\"News33.tv Media\"},\"image\":{\"@id\":\"https:\/\/www.news33.tv\/#\/schema\/logo\/image\/\"},\"sameAs\":[\"https:\/\/www.facebook.com\/press7.tv\"]},{\"@type\":\"Person\",\"@id\":\"https:\/\/www.news33.tv\/#\/schema\/person\/5a04a38a23ccdba82f9bd665cd8f9efa\",\"name\":\"gazetar2\",\"image\":{\"@type\":\"ImageObject\",\"inLanguage\":\"en-US\",\"@id\":\"https:\/\/www.news33.tv\/#\/schema\/person\/image\/\",\"url\":\"https:\/\/www.press7.tv\/wp-content\/litespeed\/avatar\/41975e402c3049d9ddb03adca8f7a883.jpg?ver=1777169572\",\"contentUrl\":\"https:\/\/www.press7.tv\/wp-content\/litespeed\/avatar\/41975e402c3049d9ddb03adca8f7a883.jpg?ver=1777169572\",\"caption\":\"gazetar2\"},\"url\":\"https:\/\/www.press7.tv\/?author=8\"}]}<\/script>\n<!-- \/ Yoast SEO plugin. -->","yoast_head_json":{"title":"Ismet Kryeziu n\u00eb mbrojtje t\u00eb Kushtrim Sadikut: Humanizmi nuk duhet t\u00eb jet\u00eb selektiv - press7.tv","robots":{"index":"index","follow":"follow","max-snippet":"max-snippet:-1","max-image-preview":"max-image-preview:large","max-video-preview":"max-video-preview:-1"},"canonical":"https:\/\/www.press7.tv\/?p=24706","og_locale":"en_US","og_type":"article","og_title":"Ismet Kryeziu n\u00eb mbrojtje t\u00eb Kushtrim Sadikut: Humanizmi nuk duhet t\u00eb jet\u00eb selektiv - press7.tv","og_description":"Ismet Kryeziu nga shoq\u00ebria civile i ka dal\u00eb n\u00eb mbrojtje gazetarit Kushtrim Sadiku pas dokumentarit \u201cDhimbja q\u00eb nuk harrohet\u201d, duke kritikuar ashp\u00ebr reagimet dhe sulmet publike q\u00eb pasuan transmetimin e tij. Kryeziu vler\u00ebson se debati i krijuar nuk ka t\u00eb b\u00ebj\u00eb me humanizmin universal, por me rreshtime ideologjike dhe fetare selektive, ku empatia p\u00ebrdoret si [&hellip;]","og_url":"https:\/\/www.press7.tv\/?p=24706","og_site_name":"press7.tv","article_publisher":"https:\/\/www.facebook.com\/press7.tv","article_published_time":"2026-01-28T18:07:46+00:00","og_image":[{"width":1536,"height":1072,"url":"https:\/\/www.press7.tv\/wp-content\/uploads\/2026\/01\/65656565-1536x1072-1.avif","type":"image\/jpeg"}],"author":"gazetar2","twitter_card":"summary_large_image","twitter_misc":{"Written by":"gazetar2","Est. reading time":"1 minute"},"schema":{"@context":"https:\/\/schema.org","@graph":[{"@type":"Article","@id":"https:\/\/www.press7.tv\/?p=24706#article","isPartOf":{"@id":"https:\/\/www.press7.tv\/?p=24706"},"author":{"name":"gazetar2","@id":"https:\/\/www.news33.tv\/#\/schema\/person\/5a04a38a23ccdba82f9bd665cd8f9efa"},"headline":"Ismet Kryeziu n\u00eb mbrojtje t\u00eb Kushtrim Sadikut: Humanizmi nuk duhet t\u00eb jet\u00eb selektiv","datePublished":"2026-01-28T18:07:46+00:00","mainEntityOfPage":{"@id":"https:\/\/www.press7.tv\/?p=24706"},"wordCount":856,"publisher":{"@id":"https:\/\/www.news33.tv\/#organization"},"image":{"@id":"https:\/\/www.press7.tv\/?p=24706#primaryimage"},"thumbnailUrl":"https:\/\/www.press7.tv\/wp-content\/uploads\/2026\/01\/65656565-1536x1072-1.avif","articleSection":["Opinione"],"inLanguage":"en-US"},{"@type":"WebPage","@id":"https:\/\/www.press7.tv\/?p=24706","url":"https:\/\/www.press7.tv\/?p=24706","name":"Ismet Kryeziu n\u00eb mbrojtje t\u00eb Kushtrim Sadikut: Humanizmi nuk duhet t\u00eb jet\u00eb selektiv - press7.tv","isPartOf":{"@id":"https:\/\/www.news33.tv\/#website"},"primaryImageOfPage":{"@id":"https:\/\/www.press7.tv\/?p=24706#primaryimage"},"image":{"@id":"https:\/\/www.press7.tv\/?p=24706#primaryimage"},"thumbnailUrl":"https:\/\/www.press7.tv\/wp-content\/uploads\/2026\/01\/65656565-1536x1072-1.avif","datePublished":"2026-01-28T18:07:46+00:00","breadcrumb":{"@id":"https:\/\/www.press7.tv\/?p=24706#breadcrumb"},"inLanguage":"en-US","potentialAction":[{"@type":"ReadAction","target":["https:\/\/www.press7.tv\/?p=24706"]}]},{"@type":"ImageObject","inLanguage":"en-US","@id":"https:\/\/www.press7.tv\/?p=24706#primaryimage","url":"https:\/\/www.press7.tv\/wp-content\/uploads\/2026\/01\/65656565-1536x1072-1.avif","contentUrl":"https:\/\/www.press7.tv\/wp-content\/uploads\/2026\/01\/65656565-1536x1072-1.avif","width":1536,"height":1072},{"@type":"BreadcrumbList","@id":"https:\/\/www.press7.tv\/?p=24706#breadcrumb","itemListElement":[{"@type":"ListItem","position":1,"name":"Home","item":"https:\/\/www.press7.tv\/"},{"@type":"ListItem","position":2,"name":"Ismet Kryeziu n\u00eb mbrojtje t\u00eb Kushtrim Sadikut: Humanizmi nuk duhet t\u00eb jet\u00eb selektiv"}]},{"@type":"WebSite","@id":"https:\/\/www.news33.tv\/#website","url":"https:\/\/www.news33.tv\/","name":"News33.tv Media","description":"Media","publisher":{"@id":"https:\/\/www.news33.tv\/#organization"},"potentialAction":[{"@type":"SearchAction","target":{"@type":"EntryPoint","urlTemplate":"https:\/\/www.news33.tv\/?s={search_term_string}"},"query-input":{"@type":"PropertyValueSpecification","valueRequired":true,"valueName":"search_term_string"}}],"inLanguage":"en-US"},{"@type":"Organization","@id":"https:\/\/www.news33.tv\/#organization","name":"News33.tv Media","url":"https:\/\/www.news33.tv\/","logo":{"@type":"ImageObject","inLanguage":"en-US","@id":"https:\/\/www.news33.tv\/#\/schema\/logo\/image\/","url":"https:\/\/www.press7.tv\/wp-content\/uploads\/2024\/02\/logo-news33-black.png","contentUrl":"https:\/\/www.press7.tv\/wp-content\/uploads\/2024\/02\/logo-news33-black.png","width":180,"height":37,"caption":"News33.tv Media"},"image":{"@id":"https:\/\/www.news33.tv\/#\/schema\/logo\/image\/"},"sameAs":["https:\/\/www.facebook.com\/press7.tv"]},{"@type":"Person","@id":"https:\/\/www.news33.tv\/#\/schema\/person\/5a04a38a23ccdba82f9bd665cd8f9efa","name":"gazetar2","image":{"@type":"ImageObject","inLanguage":"en-US","@id":"https:\/\/www.news33.tv\/#\/schema\/person\/image\/","url":"https:\/\/www.press7.tv\/wp-content\/litespeed\/avatar\/41975e402c3049d9ddb03adca8f7a883.jpg?ver=1777169572","contentUrl":"https:\/\/www.press7.tv\/wp-content\/litespeed\/avatar\/41975e402c3049d9ddb03adca8f7a883.jpg?ver=1777169572","caption":"gazetar2"},"url":"https:\/\/www.press7.tv\/?author=8"}]}},"amp_enabled":true,"_links":{"self":[{"href":"https:\/\/www.press7.tv\/index.php?rest_route=\/wp\/v2\/posts\/24706","targetHints":{"allow":["GET"]}}],"collection":[{"href":"https:\/\/www.press7.tv\/index.php?rest_route=\/wp\/v2\/posts"}],"about":[{"href":"https:\/\/www.press7.tv\/index.php?rest_route=\/wp\/v2\/types\/post"}],"author":[{"embeddable":true,"href":"https:\/\/www.press7.tv\/index.php?rest_route=\/wp\/v2\/users\/8"}],"replies":[{"embeddable":true,"href":"https:\/\/www.press7.tv\/index.php?rest_route=%2Fwp%2Fv2%2Fcomments&post=24706"}],"version-history":[{"count":1,"href":"https:\/\/www.press7.tv\/index.php?rest_route=\/wp\/v2\/posts\/24706\/revisions"}],"predecessor-version":[{"id":24708,"href":"https:\/\/www.press7.tv\/index.php?rest_route=\/wp\/v2\/posts\/24706\/revisions\/24708"}],"wp:featuredmedia":[{"embeddable":true,"href":"https:\/\/www.press7.tv\/index.php?rest_route=\/wp\/v2\/media\/24707"}],"wp:attachment":[{"href":"https:\/\/www.press7.tv\/index.php?rest_route=%2Fwp%2Fv2%2Fmedia&parent=24706"}],"wp:term":[{"taxonomy":"category","embeddable":true,"href":"https:\/\/www.press7.tv\/index.php?rest_route=%2Fwp%2Fv2%2Fcategories&post=24706"},{"taxonomy":"post_tag","embeddable":true,"href":"https:\/\/www.press7.tv\/index.php?rest_route=%2Fwp%2Fv2%2Ftags&post=24706"}],"curies":[{"name":"wp","href":"https:\/\/api.w.org\/{rel}","templated":true}]}}