{"id":24700,"date":"2026-01-28T17:52:53","date_gmt":"2026-01-28T17:52:53","guid":{"rendered":"https:\/\/www.press7.tv\/?p=24700"},"modified":"2026-01-28T17:52:53","modified_gmt":"2026-01-28T17:52:53","slug":"ballkani-kryeson-per-duhanpirje-me-shifra-dy-here-me-te-larta-se-vendet-e-evropes","status":"publish","type":"post","link":"https:\/\/www.press7.tv\/?p=24700","title":{"rendered":"Ballkani kryeson p\u00ebr duhanpirje, me shifra dy her\u00eb m\u00eb t\u00eb larta se vendet e Evrop\u00ebs"},"content":{"rendered":"\n    <div class=\"xs_social_share_widget xs_share_url before_content \t\tmain_content  wslu-style-2 wslu-share-box-shaped wslu-fill-colored wslu-share-m-5 wslu-none wslu-share-vertical wslu-theme-font-no wslu-main_content\">\n\n\t\t\n        <ul>\n\t\t\t        <\/ul>\n    <\/div> \n<p>Evropa \u00ebsht\u00eb rajoni me shkall\u00ebn m\u00eb t\u00eb lart\u00eb t\u00eb duhanpirjes n\u00eb bot\u00eb, ku mesatarisht 25.9 p\u00ebr qind e popullsis\u00eb mbi 15 vje\u00e7 p\u00ebrdor produkte duhani, tregojn\u00eb t\u00eb dh\u00ebnat e platform\u00ebs \u201cBrilliant Maps\u201d bazuar n\u00eb raportin global t\u00eb Organizat\u00ebs Bot\u00ebrore t\u00eb Sh\u00ebndet\u00ebsis\u00eb (OBSh) p\u00ebr trendet e p\u00ebrdorimit t\u00eb duhanit dhe nikotin\u00ebs nga viti 2000 deri n\u00eb 2022, me parashikime deri n\u00eb vitin 2030.<\/p>\n<p>Vendet e Ballkanit jan\u00eb nd\u00ebr shtetet evropiane me shkall\u00ebn m\u00eb t\u00eb lart\u00eb t\u00eb duhanit. Numri m\u00eb i madh i duhanpir\u00ebsve aktiv\u00eb \u00ebsht\u00eb regjistruar n\u00eb Bullgari dhe Serbi, ku 39.5 p\u00ebr qind e popullsis\u00eb p\u00ebrdor duhan. M\u00eb pas vijn\u00eb Kroacia me 37 p\u00ebr qind, Greqia me 32.8 p\u00ebr qind, Sllovakia me 32.4 p\u00ebr qind, Hungaria me 32.2 p\u00ebr qind dhe Rumania me 30 p\u00ebr qind, q\u00eb \u00ebsht\u00eb duksh\u00ebm mbi mesataren evropiane.<\/p>\n<p>BTC Income<br \/>\nBeograd: milionerka pokazuje kako zara\u0111uje 375.000 dinara<br \/>\n\u00d7<br \/>\nN\u00eb Evrop\u00ebn Per\u00ebndimore shkalla e duhanpirjes \u00ebsht\u00eb m\u00eb e ul\u00ebt, por me diferenca t\u00eb konsiderueshme nd\u00ebrmjet vendeve. P\u00ebrqindja m\u00eb e lart\u00eb \u00ebsht\u00eb regjistruar n\u00eb Franc\u00eb, me 34.6 p\u00ebr qind, q\u00eb \u00ebsht\u00eb mbi mesataren evropiane dhe af\u00ebr niveleve t\u00eb vendeve ballkanike.<\/p>\n<p>T\u00eb dh\u00ebnat p\u00ebr t\u00eb rinjt\u00eb jan\u00eb shqet\u00ebsuese, ve\u00e7an\u00ebrisht n\u00eb lidhje me cigaret elektronike dhe produktet e reja t\u00eb nikotin\u00ebs. M\u00eb shum\u00eb se 100 milion njer\u00ebz n\u00eb bot\u00eb p\u00ebrdorin cigare elektronike, dhe n\u00eb disa vende evropiane shkall\u00ebt tek adoleshent\u00ebt nga 13 deri 15 vje\u00e7 jan\u00eb m\u00eb t\u00eb larta sesa tek t\u00eb rriturit.<\/p>\n<p>Raporti i OBSh tregon se, pavar\u00ebsisht uljes globale t\u00eb numrit t\u00eb p\u00ebrdoruesve t\u00eb duhanit, nga 1.38 miliard\u00eb n\u00eb vitin 2000 n\u00eb af\u00ebrsisht 1.2 miliard\u00eb n\u00eb vitin 2024, p\u00ebrdorimi i duhanit mbetet nj\u00eb k\u00ebrc\u00ebnim serioz p\u00ebr sh\u00ebndetin publik. Rajoni evropian \u00ebsht\u00eb i vetmi q\u00eb nuk pritet t\u00eb arrij\u00eb objektivin prej 30 p\u00ebr qind t\u00eb parashikuar n\u00eb Planin Global t\u00eb Veprimit t\u00eb OBSh-s\u00eb dhe parashikohet q\u00eb deri n\u00eb vitin 2030 Evropa t\u00eb mbetet me prevalenc\u00ebn m\u00eb t\u00eb lart\u00eb t\u00eb duhanit, mbi 23 p\u00ebr qind.<\/p>\n<p>BTC Income<br \/>\nSamohrana majka iz Beograd pri\u010da kako zara\u0111uje 675.000 din dnevno<br \/>\n\u00d7<br \/>\nT\u00eb dh\u00ebnat tregojn\u00eb se 18 p\u00ebr qind e vdekjeve nga s\u00ebmundjet jo-infektive n\u00eb Evrop\u00eb n\u00eb vitin 2019 lidhen me p\u00ebrdorimin e duhanit, q\u00eb do t\u00eb thot\u00eb se pothuajse \u00e7do pes\u00eb vdekje t\u00eb parakohshme mund t\u00eb shmangeshin n\u00ebse duhani eliminohej.<\/p>\n<p>N\u00eb Republik\u00ebn e Maqedonis\u00eb s\u00eb Veriut, t\u00eb dh\u00ebnat e Institutit t\u00eb Sh\u00ebndetit Publik (ISHP) p\u00ebr Dit\u00ebn Bot\u00ebrore Kund\u00ebr P\u00ebrdorimit t\u00eb Duhanit, vitin e kaluar tregojn\u00eb se 45.4 p\u00ebr qind e popullsis\u00eb jan\u00eb duhanpir\u00ebs aktiv\u00eb, q\u00eb \u00ebsht\u00eb duksh\u00ebm mbi mesataren e Bashkimit Evropian dhe vendosin vendin nd\u00ebr shtetet me shkall\u00eb m\u00eb t\u00eb lart\u00eb t\u00eb duhanit n\u00eb bot\u00eb.<\/p>\n<p>Sipas ISHP-s\u00eb, pjes\u00ebmarrja n\u00eb k\u00ebshillimet p\u00ebr l\u00ebnien e duhanit, q\u00eb funksionojn\u00eb n\u00eb kuad\u00ebr t\u00eb qendrave t\u00eb sh\u00ebndetit publik, \u00ebsht\u00eb shum\u00eb e vog\u00ebl; n\u00eb vitin 2023 vet\u00ebm 43 persona kan\u00eb k\u00ebrkuar ndihm\u00eb.<\/p>\n<p>Instituti thekson se p\u00ebrdorimi i duhanit kontribuon seriozisht n\u00eb d\u00ebm t\u00eb sh\u00ebndetit t\u00eb p\u00ebrgjithsh\u00ebm t\u00eb popullsis\u00eb, duke n\u00ebnvizuar se si pasoj\u00eb e p\u00ebrdorimit t\u00eb rregullt t\u00eb duhanit mund t\u00eb shfaqen s\u00ebmundje kardiovaskulare, respiratore, riprodhuese, malinje, endokrine dhe shum\u00eb lloje t\u00eb tjera s\u00ebmundjesh.<\/p>\n<p>Industria e duhanit, sipas Institutit, me t\u00eb gjitha burimet e saj, lufton me sukses p\u00ebrpjekjet p\u00ebr forcimin e legjislacionit, i cili n\u00eb fakt \u00ebsht\u00eb nj\u00eb nga kushtet p\u00ebr integrim n\u00eb Bashkimin Evropian, prandaj nevojitet p\u00ebrshtatja e ligjeve me ato t\u00eb BE-s\u00eb p\u00ebr avancimin e vendit.<\/p>\n<p>Edhe pse Republika e Maqedonis\u00eb s\u00eb Veriut n\u00eb vitin 2006 ratifikoi Konvent\u00ebn Korniz\u00eb p\u00ebr Kontrollin e Duhanit t\u00eb OBSh-s\u00eb dhe gjat\u00eb viteve ka pasur p\u00ebrpjekje p\u00ebr t\u00eb forcuar rregullat lidhur me p\u00ebrdorimin e duhanit, n\u00eb vitet e fundit ka pasur stagnim n\u00eb k\u00ebt\u00eb fush\u00eb me heqjen e ndalimeve p\u00ebr duhanpirje n\u00eb tarracat e lokaleve, dhe gjithashtu \u00ebsht\u00eb lejuar p\u00ebrdorimi i pajisjeve elektronike q\u00eb ngrohin, por nuk djegin duhanin n\u00eb ambiente t\u00eb mbyllura publike \u2013 theksoi Instituti p\u00ebr Dit\u00ebn Bot\u00ebrore t\u00eb Duhanit t\u00eb vitit t\u00eb kaluar.<br \/>\nOBSh dhe institucione t\u00eb tjera nd\u00ebrkomb\u00ebtare sh\u00ebndet\u00ebsore b\u00ebjn\u00eb thirrje p\u00ebr forcimin e politikave komb\u00ebtare dhe rajonale p\u00ebr kontrollin e duhanit, p\u00ebrmes rritjes s\u00eb taksave, zbatimit strikt t\u00eb ndalimeve p\u00ebr duhanpirje n\u00eb vende publike, kufizimit t\u00eb reklamimit dhe zgjerimit t\u00eb programeve p\u00ebr mb\u00ebshtetje n\u00eb l\u00ebnien e duhanit.<\/p>\n","protected":false},"excerpt":{"rendered":"<p>Evropa \u00ebsht\u00eb rajoni me shkall\u00ebn m\u00eb t\u00eb lart\u00eb t\u00eb duhanpirjes n\u00eb bot\u00eb, ku mesatarisht 25.9 p\u00ebr qind e popullsis\u00eb mbi 15 vje\u00e7 p\u00ebrdor produkte duhani, tregojn\u00eb t\u00eb dh\u00ebnat e platform\u00ebs \u201cBrilliant Maps\u201d bazuar n\u00eb raportin global t\u00eb Organizat\u00ebs Bot\u00ebrore t\u00eb Sh\u00ebndet\u00ebsis\u00eb (OBSh) p\u00ebr trendet e p\u00ebrdorimit t\u00eb duhanit dhe nikotin\u00ebs nga viti 2000 deri n\u00eb [&hellip;]<\/p>\n","protected":false},"author":8,"featured_media":24701,"comment_status":"closed","ping_status":"closed","sticky":false,"template":"","format":"standard","meta":{"footnotes":""},"categories":[217,213],"tags":[],"class_list":["post-24700","post","type-post","status-publish","format-standard","has-post-thumbnail","hentry","category-bote","category-lajme"],"yoast_head":"<!-- This site is optimized with the Yoast SEO plugin v25.1 - https:\/\/yoast.com\/wordpress\/plugins\/seo\/ -->\n<title>Ballkani kryeson p\u00ebr duhanpirje, me shifra dy her\u00eb m\u00eb t\u00eb larta se vendet e Evrop\u00ebs - press7.tv<\/title>\n<meta name=\"robots\" content=\"index, follow, max-snippet:-1, max-image-preview:large, max-video-preview:-1\" \/>\n<link rel=\"canonical\" href=\"https:\/\/www.press7.tv\/?p=24700\" \/>\n<meta property=\"og:locale\" content=\"en_US\" \/>\n<meta property=\"og:type\" content=\"article\" \/>\n<meta property=\"og:title\" content=\"Ballkani kryeson p\u00ebr duhanpirje, me shifra dy her\u00eb m\u00eb t\u00eb larta se vendet e Evrop\u00ebs - press7.tv\" \/>\n<meta property=\"og:description\" content=\"Evropa \u00ebsht\u00eb rajoni me shkall\u00ebn m\u00eb t\u00eb lart\u00eb t\u00eb duhanpirjes n\u00eb bot\u00eb, ku mesatarisht 25.9 p\u00ebr qind e popullsis\u00eb mbi 15 vje\u00e7 p\u00ebrdor produkte duhani, tregojn\u00eb t\u00eb dh\u00ebnat e platform\u00ebs \u201cBrilliant Maps\u201d bazuar n\u00eb raportin global t\u00eb Organizat\u00ebs Bot\u00ebrore t\u00eb Sh\u00ebndet\u00ebsis\u00eb (OBSh) p\u00ebr trendet e p\u00ebrdorimit t\u00eb duhanit dhe nikotin\u00ebs nga viti 2000 deri n\u00eb [&hellip;]\" \/>\n<meta property=\"og:url\" content=\"https:\/\/www.press7.tv\/?p=24700\" \/>\n<meta property=\"og:site_name\" content=\"press7.tv\" \/>\n<meta property=\"article:publisher\" content=\"https:\/\/www.facebook.com\/press7.tv\" \/>\n<meta property=\"article:published_time\" content=\"2026-01-28T17:52:53+00:00\" \/>\n<meta property=\"og:image\" content=\"https:\/\/www.press7.tv\/wp-content\/uploads\/2026\/01\/1-63-696x491-1.avif\" \/>\n\t<meta property=\"og:image:width\" content=\"696\" \/>\n\t<meta property=\"og:image:height\" content=\"491\" \/>\n\t<meta property=\"og:image:type\" content=\"image\/jpeg\" \/>\n<meta name=\"author\" content=\"gazetar2\" \/>\n<meta name=\"twitter:card\" content=\"summary_large_image\" \/>\n<meta name=\"twitter:label1\" content=\"Written by\" \/>\n\t<meta name=\"twitter:data1\" content=\"gazetar2\" \/>\n\t<meta name=\"twitter:label2\" content=\"Est. reading time\" \/>\n\t<meta name=\"twitter:data2\" content=\"1 minute\" \/>\n<script type=\"application\/ld+json\" class=\"yoast-schema-graph\">{\"@context\":\"https:\/\/schema.org\",\"@graph\":[{\"@type\":\"Article\",\"@id\":\"https:\/\/www.press7.tv\/?p=24700#article\",\"isPartOf\":{\"@id\":\"https:\/\/www.press7.tv\/?p=24700\"},\"author\":{\"name\":\"gazetar2\",\"@id\":\"https:\/\/www.news33.tv\/#\/schema\/person\/5a04a38a23ccdba82f9bd665cd8f9efa\"},\"headline\":\"Ballkani kryeson p\u00ebr duhanpirje, me shifra dy her\u00eb m\u00eb t\u00eb larta se vendet e Evrop\u00ebs\",\"datePublished\":\"2026-01-28T17:52:53+00:00\",\"mainEntityOfPage\":{\"@id\":\"https:\/\/www.press7.tv\/?p=24700\"},\"wordCount\":774,\"publisher\":{\"@id\":\"https:\/\/www.news33.tv\/#organization\"},\"image\":{\"@id\":\"https:\/\/www.press7.tv\/?p=24700#primaryimage\"},\"thumbnailUrl\":\"https:\/\/www.press7.tv\/wp-content\/uploads\/2026\/01\/1-63-696x491-1.avif\",\"articleSection\":[\"Bot\u00eb\",\"Lajme\"],\"inLanguage\":\"en-US\"},{\"@type\":\"WebPage\",\"@id\":\"https:\/\/www.press7.tv\/?p=24700\",\"url\":\"https:\/\/www.press7.tv\/?p=24700\",\"name\":\"Ballkani kryeson p\u00ebr duhanpirje, me shifra dy her\u00eb m\u00eb t\u00eb larta se vendet e Evrop\u00ebs - press7.tv\",\"isPartOf\":{\"@id\":\"https:\/\/www.news33.tv\/#website\"},\"primaryImageOfPage\":{\"@id\":\"https:\/\/www.press7.tv\/?p=24700#primaryimage\"},\"image\":{\"@id\":\"https:\/\/www.press7.tv\/?p=24700#primaryimage\"},\"thumbnailUrl\":\"https:\/\/www.press7.tv\/wp-content\/uploads\/2026\/01\/1-63-696x491-1.avif\",\"datePublished\":\"2026-01-28T17:52:53+00:00\",\"breadcrumb\":{\"@id\":\"https:\/\/www.press7.tv\/?p=24700#breadcrumb\"},\"inLanguage\":\"en-US\",\"potentialAction\":[{\"@type\":\"ReadAction\",\"target\":[\"https:\/\/www.press7.tv\/?p=24700\"]}]},{\"@type\":\"ImageObject\",\"inLanguage\":\"en-US\",\"@id\":\"https:\/\/www.press7.tv\/?p=24700#primaryimage\",\"url\":\"https:\/\/www.press7.tv\/wp-content\/uploads\/2026\/01\/1-63-696x491-1.avif\",\"contentUrl\":\"https:\/\/www.press7.tv\/wp-content\/uploads\/2026\/01\/1-63-696x491-1.avif\",\"width\":696,\"height\":491},{\"@type\":\"BreadcrumbList\",\"@id\":\"https:\/\/www.press7.tv\/?p=24700#breadcrumb\",\"itemListElement\":[{\"@type\":\"ListItem\",\"position\":1,\"name\":\"Home\",\"item\":\"https:\/\/www.press7.tv\/\"},{\"@type\":\"ListItem\",\"position\":2,\"name\":\"Ballkani kryeson p\u00ebr duhanpirje, me shifra dy her\u00eb m\u00eb t\u00eb larta se vendet e Evrop\u00ebs\"}]},{\"@type\":\"WebSite\",\"@id\":\"https:\/\/www.news33.tv\/#website\",\"url\":\"https:\/\/www.news33.tv\/\",\"name\":\"News33.tv Media\",\"description\":\"Media\",\"publisher\":{\"@id\":\"https:\/\/www.news33.tv\/#organization\"},\"potentialAction\":[{\"@type\":\"SearchAction\",\"target\":{\"@type\":\"EntryPoint\",\"urlTemplate\":\"https:\/\/www.news33.tv\/?s={search_term_string}\"},\"query-input\":{\"@type\":\"PropertyValueSpecification\",\"valueRequired\":true,\"valueName\":\"search_term_string\"}}],\"inLanguage\":\"en-US\"},{\"@type\":\"Organization\",\"@id\":\"https:\/\/www.news33.tv\/#organization\",\"name\":\"News33.tv Media\",\"url\":\"https:\/\/www.news33.tv\/\",\"logo\":{\"@type\":\"ImageObject\",\"inLanguage\":\"en-US\",\"@id\":\"https:\/\/www.news33.tv\/#\/schema\/logo\/image\/\",\"url\":\"https:\/\/www.press7.tv\/wp-content\/uploads\/2024\/02\/logo-news33-black.png\",\"contentUrl\":\"https:\/\/www.press7.tv\/wp-content\/uploads\/2024\/02\/logo-news33-black.png\",\"width\":180,\"height\":37,\"caption\":\"News33.tv Media\"},\"image\":{\"@id\":\"https:\/\/www.news33.tv\/#\/schema\/logo\/image\/\"},\"sameAs\":[\"https:\/\/www.facebook.com\/press7.tv\"]},{\"@type\":\"Person\",\"@id\":\"https:\/\/www.news33.tv\/#\/schema\/person\/5a04a38a23ccdba82f9bd665cd8f9efa\",\"name\":\"gazetar2\",\"image\":{\"@type\":\"ImageObject\",\"inLanguage\":\"en-US\",\"@id\":\"https:\/\/www.news33.tv\/#\/schema\/person\/image\/\",\"url\":\"https:\/\/www.press7.tv\/wp-content\/litespeed\/avatar\/41975e402c3049d9ddb03adca8f7a883.jpg?ver=1777169572\",\"contentUrl\":\"https:\/\/www.press7.tv\/wp-content\/litespeed\/avatar\/41975e402c3049d9ddb03adca8f7a883.jpg?ver=1777169572\",\"caption\":\"gazetar2\"},\"url\":\"https:\/\/www.press7.tv\/?author=8\"}]}<\/script>\n<!-- \/ Yoast SEO plugin. -->","yoast_head_json":{"title":"Ballkani kryeson p\u00ebr duhanpirje, me shifra dy her\u00eb m\u00eb t\u00eb larta se vendet e Evrop\u00ebs - press7.tv","robots":{"index":"index","follow":"follow","max-snippet":"max-snippet:-1","max-image-preview":"max-image-preview:large","max-video-preview":"max-video-preview:-1"},"canonical":"https:\/\/www.press7.tv\/?p=24700","og_locale":"en_US","og_type":"article","og_title":"Ballkani kryeson p\u00ebr duhanpirje, me shifra dy her\u00eb m\u00eb t\u00eb larta se vendet e Evrop\u00ebs - press7.tv","og_description":"Evropa \u00ebsht\u00eb rajoni me shkall\u00ebn m\u00eb t\u00eb lart\u00eb t\u00eb duhanpirjes n\u00eb bot\u00eb, ku mesatarisht 25.9 p\u00ebr qind e popullsis\u00eb mbi 15 vje\u00e7 p\u00ebrdor produkte duhani, tregojn\u00eb t\u00eb dh\u00ebnat e platform\u00ebs \u201cBrilliant Maps\u201d bazuar n\u00eb raportin global t\u00eb Organizat\u00ebs Bot\u00ebrore t\u00eb Sh\u00ebndet\u00ebsis\u00eb (OBSh) p\u00ebr trendet e p\u00ebrdorimit t\u00eb duhanit dhe nikotin\u00ebs nga viti 2000 deri n\u00eb [&hellip;]","og_url":"https:\/\/www.press7.tv\/?p=24700","og_site_name":"press7.tv","article_publisher":"https:\/\/www.facebook.com\/press7.tv","article_published_time":"2026-01-28T17:52:53+00:00","og_image":[{"width":696,"height":491,"url":"https:\/\/www.press7.tv\/wp-content\/uploads\/2026\/01\/1-63-696x491-1.avif","type":"image\/jpeg"}],"author":"gazetar2","twitter_card":"summary_large_image","twitter_misc":{"Written by":"gazetar2","Est. reading time":"1 minute"},"schema":{"@context":"https:\/\/schema.org","@graph":[{"@type":"Article","@id":"https:\/\/www.press7.tv\/?p=24700#article","isPartOf":{"@id":"https:\/\/www.press7.tv\/?p=24700"},"author":{"name":"gazetar2","@id":"https:\/\/www.news33.tv\/#\/schema\/person\/5a04a38a23ccdba82f9bd665cd8f9efa"},"headline":"Ballkani kryeson p\u00ebr duhanpirje, me shifra dy her\u00eb m\u00eb t\u00eb larta se vendet e Evrop\u00ebs","datePublished":"2026-01-28T17:52:53+00:00","mainEntityOfPage":{"@id":"https:\/\/www.press7.tv\/?p=24700"},"wordCount":774,"publisher":{"@id":"https:\/\/www.news33.tv\/#organization"},"image":{"@id":"https:\/\/www.press7.tv\/?p=24700#primaryimage"},"thumbnailUrl":"https:\/\/www.press7.tv\/wp-content\/uploads\/2026\/01\/1-63-696x491-1.avif","articleSection":["Bot\u00eb","Lajme"],"inLanguage":"en-US"},{"@type":"WebPage","@id":"https:\/\/www.press7.tv\/?p=24700","url":"https:\/\/www.press7.tv\/?p=24700","name":"Ballkani kryeson p\u00ebr duhanpirje, me shifra dy her\u00eb m\u00eb t\u00eb larta se vendet e Evrop\u00ebs - press7.tv","isPartOf":{"@id":"https:\/\/www.news33.tv\/#website"},"primaryImageOfPage":{"@id":"https:\/\/www.press7.tv\/?p=24700#primaryimage"},"image":{"@id":"https:\/\/www.press7.tv\/?p=24700#primaryimage"},"thumbnailUrl":"https:\/\/www.press7.tv\/wp-content\/uploads\/2026\/01\/1-63-696x491-1.avif","datePublished":"2026-01-28T17:52:53+00:00","breadcrumb":{"@id":"https:\/\/www.press7.tv\/?p=24700#breadcrumb"},"inLanguage":"en-US","potentialAction":[{"@type":"ReadAction","target":["https:\/\/www.press7.tv\/?p=24700"]}]},{"@type":"ImageObject","inLanguage":"en-US","@id":"https:\/\/www.press7.tv\/?p=24700#primaryimage","url":"https:\/\/www.press7.tv\/wp-content\/uploads\/2026\/01\/1-63-696x491-1.avif","contentUrl":"https:\/\/www.press7.tv\/wp-content\/uploads\/2026\/01\/1-63-696x491-1.avif","width":696,"height":491},{"@type":"BreadcrumbList","@id":"https:\/\/www.press7.tv\/?p=24700#breadcrumb","itemListElement":[{"@type":"ListItem","position":1,"name":"Home","item":"https:\/\/www.press7.tv\/"},{"@type":"ListItem","position":2,"name":"Ballkani kryeson p\u00ebr duhanpirje, me shifra dy her\u00eb m\u00eb t\u00eb larta se vendet e Evrop\u00ebs"}]},{"@type":"WebSite","@id":"https:\/\/www.news33.tv\/#website","url":"https:\/\/www.news33.tv\/","name":"News33.tv Media","description":"Media","publisher":{"@id":"https:\/\/www.news33.tv\/#organization"},"potentialAction":[{"@type":"SearchAction","target":{"@type":"EntryPoint","urlTemplate":"https:\/\/www.news33.tv\/?s={search_term_string}"},"query-input":{"@type":"PropertyValueSpecification","valueRequired":true,"valueName":"search_term_string"}}],"inLanguage":"en-US"},{"@type":"Organization","@id":"https:\/\/www.news33.tv\/#organization","name":"News33.tv Media","url":"https:\/\/www.news33.tv\/","logo":{"@type":"ImageObject","inLanguage":"en-US","@id":"https:\/\/www.news33.tv\/#\/schema\/logo\/image\/","url":"https:\/\/www.press7.tv\/wp-content\/uploads\/2024\/02\/logo-news33-black.png","contentUrl":"https:\/\/www.press7.tv\/wp-content\/uploads\/2024\/02\/logo-news33-black.png","width":180,"height":37,"caption":"News33.tv Media"},"image":{"@id":"https:\/\/www.news33.tv\/#\/schema\/logo\/image\/"},"sameAs":["https:\/\/www.facebook.com\/press7.tv"]},{"@type":"Person","@id":"https:\/\/www.news33.tv\/#\/schema\/person\/5a04a38a23ccdba82f9bd665cd8f9efa","name":"gazetar2","image":{"@type":"ImageObject","inLanguage":"en-US","@id":"https:\/\/www.news33.tv\/#\/schema\/person\/image\/","url":"https:\/\/www.press7.tv\/wp-content\/litespeed\/avatar\/41975e402c3049d9ddb03adca8f7a883.jpg?ver=1777169572","contentUrl":"https:\/\/www.press7.tv\/wp-content\/litespeed\/avatar\/41975e402c3049d9ddb03adca8f7a883.jpg?ver=1777169572","caption":"gazetar2"},"url":"https:\/\/www.press7.tv\/?author=8"}]}},"amp_enabled":true,"_links":{"self":[{"href":"https:\/\/www.press7.tv\/index.php?rest_route=\/wp\/v2\/posts\/24700","targetHints":{"allow":["GET"]}}],"collection":[{"href":"https:\/\/www.press7.tv\/index.php?rest_route=\/wp\/v2\/posts"}],"about":[{"href":"https:\/\/www.press7.tv\/index.php?rest_route=\/wp\/v2\/types\/post"}],"author":[{"embeddable":true,"href":"https:\/\/www.press7.tv\/index.php?rest_route=\/wp\/v2\/users\/8"}],"replies":[{"embeddable":true,"href":"https:\/\/www.press7.tv\/index.php?rest_route=%2Fwp%2Fv2%2Fcomments&post=24700"}],"version-history":[{"count":1,"href":"https:\/\/www.press7.tv\/index.php?rest_route=\/wp\/v2\/posts\/24700\/revisions"}],"predecessor-version":[{"id":24702,"href":"https:\/\/www.press7.tv\/index.php?rest_route=\/wp\/v2\/posts\/24700\/revisions\/24702"}],"wp:featuredmedia":[{"embeddable":true,"href":"https:\/\/www.press7.tv\/index.php?rest_route=\/wp\/v2\/media\/24701"}],"wp:attachment":[{"href":"https:\/\/www.press7.tv\/index.php?rest_route=%2Fwp%2Fv2%2Fmedia&parent=24700"}],"wp:term":[{"taxonomy":"category","embeddable":true,"href":"https:\/\/www.press7.tv\/index.php?rest_route=%2Fwp%2Fv2%2Fcategories&post=24700"},{"taxonomy":"post_tag","embeddable":true,"href":"https:\/\/www.press7.tv\/index.php?rest_route=%2Fwp%2Fv2%2Ftags&post=24700"}],"curies":[{"name":"wp","href":"https:\/\/api.w.org\/{rel}","templated":true}]}}