{"id":24678,"date":"2026-01-28T12:14:44","date_gmt":"2026-01-28T12:14:44","guid":{"rendered":"https:\/\/www.press7.tv\/?p=24678"},"modified":"2026-01-28T12:14:44","modified_gmt":"2026-01-28T12:14:44","slug":"68-te-ftuar-per-intervistim-per-dallaveret-me-vota-ne-malisheve","status":"publish","type":"post","link":"https:\/\/www.press7.tv\/?p=24678","title":{"rendered":"68 t\u00eb ftuar p\u00ebr intervistim p\u00ebr dallaveret me vota n\u00eb Malishev\u00eb"},"content":{"rendered":"\n    <div class=\"xs_social_share_widget xs_share_url before_content \t\tmain_content  wslu-style-2 wslu-share-box-shaped wslu-fill-colored wslu-share-m-5 wslu-none wslu-share-vertical wslu-theme-font-no wslu-main_content\">\n\n\t\t\n        <ul>\n\t\t\t        <\/ul>\n    <\/div> \n<p>Prokuroria Themelore n\u00eb Gjakov\u00eb ka ftuar p\u00ebr intervistim 68 persona, lidhur me dyshimet p\u00ebr dallavere me vota n\u00eb zgjedhjet parlamentare t\u00eb 28 dhjetorit n\u00eb komun\u00ebn e Malishev\u00ebs.<\/p>\n<p>Prokuroria Themelore n\u00eb Gjakov\u00eb ka nisur t\u00eb m\u00ebrkur\u00ebn nj\u00eb aksion lidhur me dyshimet p\u00ebr falsifikim t\u00eb rezultateve zgjedhore n\u00eb komun\u00ebn e Malishev\u00ebs, duke intervistuar dhjet\u00ebra komisioner\u00eb. <\/p>\n<p>Z\u00ebdh\u00ebn\u00ebsi i Prokuroris\u00eb, Drin Domi, ka konfirmuar p\u00ebr KOH\u00cbN se aksioni ka t\u00eb b\u00ebj\u00eb me dyshime p\u00ebr manipulime me vota n\u00eb favor t\u00eb kandidat\u00ebve p\u00ebr deputet\u00eb.<\/p>\n<p>Ngjash\u00ebm si n\u00eb Prizren, edhe n\u00eb Malishev\u00eb, dallimet m\u00eb t\u00eb m\u00ebdha n\u00eb numrin e votave pas rinum\u00ebrimit jan\u00eb evidentuar te Partia Demokratike e Kosov\u00ebs (PDK). N\u00eb k\u00ebt\u00eb parti, kandidati Gazmend Maliqaj ka rezultuar me 927 vota m\u00eb pak, nd\u00ebrsa Fetah Pa\u00e7arizi, i cili n\u00eb Prizren kishte mbi 6 mij\u00eb vota m\u00eb pak, n\u00eb Malishev\u00eb ka pasur 728 vota m\u00eb pak. Po ashtu, kandidati Adnan Thaqi ka humbur 703 vota pas rinum\u00ebrimit, nd\u00ebrsa Hajdar Beqa dhe Arbnor Salihu kan\u00eb pasur nga 244, p\u00ebrkat\u00ebsisht 209 vota m\u00eb pak.<\/p>\n<p>N\u00eb L\u00ebvizjen Vet\u00ebvendosje, kandidati Valon Hoti ka pasur 312 vota m\u00eb pak, nd\u00ebrsa Gani Krasniqi 271 m\u00eb pak pas rinum\u00ebrimit.<\/p>\n<p>Nd\u00ebrkoh\u00eb, n\u00eb Lidhjen Demokratike e Kosov\u00ebs (LDK), vet\u00ebm kandidati G\u00ebzim Hazrolli ka sh\u00ebnuar nj\u00eb dallim m\u00eb t\u00eb theksuar, me 340 vota m\u00eb pak pas rinum\u00ebrimit n\u00eb Malishev\u00eb.<\/p>\n<p>P\u00ebr dallavere me vota nga kandidat\u00ebt p\u00ebr deputet\u00eb, n\u00eb nj\u00eb aksion t\u00eb Prokuroris\u00eb, u arrestuan 109 persona n\u00eb Prizren. Prej tyre, 23 p\u00ebrfunduan n\u00eb paraburgim.<\/p>\n<p>Ka pasur nisje t\u00eb hetimeve edhe n\u00eb komuna t\u00eb tjera.<\/p>\n","protected":false},"excerpt":{"rendered":"<p>Prokuroria Themelore n\u00eb Gjakov\u00eb ka ftuar p\u00ebr intervistim 68 persona, lidhur me dyshimet p\u00ebr dallavere me vota n\u00eb zgjedhjet parlamentare t\u00eb 28 dhjetorit n\u00eb komun\u00ebn e Malishev\u00ebs. Prokuroria Themelore n\u00eb Gjakov\u00eb ka nisur t\u00eb m\u00ebrkur\u00ebn nj\u00eb aksion lidhur me dyshimet p\u00ebr falsifikim t\u00eb rezultateve zgjedhore n\u00eb komun\u00ebn e Malishev\u00ebs, duke intervistuar dhjet\u00ebra komisioner\u00eb. Z\u00ebdh\u00ebn\u00ebsi i [&hellip;]<\/p>\n","protected":false},"author":8,"featured_media":24679,"comment_status":"closed","ping_status":"closed","sticky":false,"template":"","format":"standard","meta":{"footnotes":""},"categories":[215,213],"tags":[],"class_list":["post-24678","post","type-post","status-publish","format-standard","has-post-thumbnail","hentry","category-kosove","category-lajme"],"yoast_head":"<!-- This site is optimized with the Yoast SEO plugin v25.1 - https:\/\/yoast.com\/wordpress\/plugins\/seo\/ -->\n<title>68 t\u00eb ftuar p\u00ebr intervistim p\u00ebr dallaveret me vota n\u00eb Malishev\u00eb - press7.tv<\/title>\n<meta name=\"robots\" content=\"index, follow, max-snippet:-1, max-image-preview:large, max-video-preview:-1\" \/>\n<link rel=\"canonical\" href=\"https:\/\/www.press7.tv\/?p=24678\" \/>\n<meta property=\"og:locale\" content=\"en_US\" \/>\n<meta property=\"og:type\" content=\"article\" \/>\n<meta property=\"og:title\" content=\"68 t\u00eb ftuar p\u00ebr intervistim p\u00ebr dallaveret me vota n\u00eb Malishev\u00eb - press7.tv\" \/>\n<meta property=\"og:description\" content=\"Prokuroria Themelore n\u00eb Gjakov\u00eb ka ftuar p\u00ebr intervistim 68 persona, lidhur me dyshimet p\u00ebr dallavere me vota n\u00eb zgjedhjet parlamentare t\u00eb 28 dhjetorit n\u00eb komun\u00ebn e Malishev\u00ebs. Prokuroria Themelore n\u00eb Gjakov\u00eb ka nisur t\u00eb m\u00ebrkur\u00ebn nj\u00eb aksion lidhur me dyshimet p\u00ebr falsifikim t\u00eb rezultateve zgjedhore n\u00eb komun\u00ebn e Malishev\u00ebs, duke intervistuar dhjet\u00ebra komisioner\u00eb. Z\u00ebdh\u00ebn\u00ebsi i [&hellip;]\" \/>\n<meta property=\"og:url\" content=\"https:\/\/www.press7.tv\/?p=24678\" \/>\n<meta property=\"og:site_name\" content=\"press7.tv\" \/>\n<meta property=\"article:publisher\" content=\"https:\/\/www.facebook.com\/press7.tv\" \/>\n<meta property=\"article:published_time\" content=\"2026-01-28T12:14:44+00:00\" \/>\n<meta property=\"og:image\" content=\"https:\/\/www.press7.tv\/wp-content\/uploads\/2026\/01\/005b73a5-1c94-469f-b5c7-ec43e284c113.avif\" \/>\n\t<meta property=\"og:image:width\" content=\"680\" \/>\n\t<meta property=\"og:image:height\" content=\"434\" \/>\n\t<meta property=\"og:image:type\" content=\"image\/webp\" \/>\n<meta name=\"author\" content=\"gazetar2\" \/>\n<meta name=\"twitter:card\" content=\"summary_large_image\" \/>\n<meta name=\"twitter:label1\" content=\"Written by\" \/>\n\t<meta name=\"twitter:data1\" content=\"gazetar2\" \/>\n\t<meta name=\"twitter:label2\" content=\"Est. reading time\" \/>\n\t<meta name=\"twitter:data2\" content=\"1 minute\" \/>\n<script type=\"application\/ld+json\" class=\"yoast-schema-graph\">{\"@context\":\"https:\/\/schema.org\",\"@graph\":[{\"@type\":\"Article\",\"@id\":\"https:\/\/www.press7.tv\/?p=24678#article\",\"isPartOf\":{\"@id\":\"https:\/\/www.press7.tv\/?p=24678\"},\"author\":{\"name\":\"gazetar2\",\"@id\":\"https:\/\/www.news33.tv\/#\/schema\/person\/5a04a38a23ccdba82f9bd665cd8f9efa\"},\"headline\":\"68 t\u00eb ftuar p\u00ebr intervistim p\u00ebr dallaveret me vota n\u00eb Malishev\u00eb\",\"datePublished\":\"2026-01-28T12:14:44+00:00\",\"mainEntityOfPage\":{\"@id\":\"https:\/\/www.press7.tv\/?p=24678\"},\"wordCount\":290,\"publisher\":{\"@id\":\"https:\/\/www.news33.tv\/#organization\"},\"image\":{\"@id\":\"https:\/\/www.press7.tv\/?p=24678#primaryimage\"},\"thumbnailUrl\":\"https:\/\/www.press7.tv\/wp-content\/uploads\/2026\/01\/005b73a5-1c94-469f-b5c7-ec43e284c113.avif\",\"articleSection\":[\"Kosov\u00eb\",\"Lajme\"],\"inLanguage\":\"en-US\"},{\"@type\":\"WebPage\",\"@id\":\"https:\/\/www.press7.tv\/?p=24678\",\"url\":\"https:\/\/www.press7.tv\/?p=24678\",\"name\":\"68 t\u00eb ftuar p\u00ebr intervistim p\u00ebr dallaveret me vota n\u00eb Malishev\u00eb - press7.tv\",\"isPartOf\":{\"@id\":\"https:\/\/www.news33.tv\/#website\"},\"primaryImageOfPage\":{\"@id\":\"https:\/\/www.press7.tv\/?p=24678#primaryimage\"},\"image\":{\"@id\":\"https:\/\/www.press7.tv\/?p=24678#primaryimage\"},\"thumbnailUrl\":\"https:\/\/www.press7.tv\/wp-content\/uploads\/2026\/01\/005b73a5-1c94-469f-b5c7-ec43e284c113.avif\",\"datePublished\":\"2026-01-28T12:14:44+00:00\",\"breadcrumb\":{\"@id\":\"https:\/\/www.press7.tv\/?p=24678#breadcrumb\"},\"inLanguage\":\"en-US\",\"potentialAction\":[{\"@type\":\"ReadAction\",\"target\":[\"https:\/\/www.press7.tv\/?p=24678\"]}]},{\"@type\":\"ImageObject\",\"inLanguage\":\"en-US\",\"@id\":\"https:\/\/www.press7.tv\/?p=24678#primaryimage\",\"url\":\"https:\/\/www.press7.tv\/wp-content\/uploads\/2026\/01\/005b73a5-1c94-469f-b5c7-ec43e284c113.avif\",\"contentUrl\":\"https:\/\/www.press7.tv\/wp-content\/uploads\/2026\/01\/005b73a5-1c94-469f-b5c7-ec43e284c113.avif\",\"width\":680,\"height\":434},{\"@type\":\"BreadcrumbList\",\"@id\":\"https:\/\/www.press7.tv\/?p=24678#breadcrumb\",\"itemListElement\":[{\"@type\":\"ListItem\",\"position\":1,\"name\":\"Home\",\"item\":\"https:\/\/www.press7.tv\/\"},{\"@type\":\"ListItem\",\"position\":2,\"name\":\"68 t\u00eb ftuar p\u00ebr intervistim p\u00ebr dallaveret me vota n\u00eb Malishev\u00eb\"}]},{\"@type\":\"WebSite\",\"@id\":\"https:\/\/www.news33.tv\/#website\",\"url\":\"https:\/\/www.news33.tv\/\",\"name\":\"News33.tv Media\",\"description\":\"Media\",\"publisher\":{\"@id\":\"https:\/\/www.news33.tv\/#organization\"},\"potentialAction\":[{\"@type\":\"SearchAction\",\"target\":{\"@type\":\"EntryPoint\",\"urlTemplate\":\"https:\/\/www.news33.tv\/?s={search_term_string}\"},\"query-input\":{\"@type\":\"PropertyValueSpecification\",\"valueRequired\":true,\"valueName\":\"search_term_string\"}}],\"inLanguage\":\"en-US\"},{\"@type\":\"Organization\",\"@id\":\"https:\/\/www.news33.tv\/#organization\",\"name\":\"News33.tv Media\",\"url\":\"https:\/\/www.news33.tv\/\",\"logo\":{\"@type\":\"ImageObject\",\"inLanguage\":\"en-US\",\"@id\":\"https:\/\/www.news33.tv\/#\/schema\/logo\/image\/\",\"url\":\"https:\/\/www.press7.tv\/wp-content\/uploads\/2024\/02\/logo-news33-black.png\",\"contentUrl\":\"https:\/\/www.press7.tv\/wp-content\/uploads\/2024\/02\/logo-news33-black.png\",\"width\":180,\"height\":37,\"caption\":\"News33.tv Media\"},\"image\":{\"@id\":\"https:\/\/www.news33.tv\/#\/schema\/logo\/image\/\"},\"sameAs\":[\"https:\/\/www.facebook.com\/press7.tv\"]},{\"@type\":\"Person\",\"@id\":\"https:\/\/www.news33.tv\/#\/schema\/person\/5a04a38a23ccdba82f9bd665cd8f9efa\",\"name\":\"gazetar2\",\"image\":{\"@type\":\"ImageObject\",\"inLanguage\":\"en-US\",\"@id\":\"https:\/\/www.news33.tv\/#\/schema\/person\/image\/\",\"url\":\"https:\/\/www.press7.tv\/wp-content\/litespeed\/avatar\/41975e402c3049d9ddb03adca8f7a883.jpg?ver=1777169572\",\"contentUrl\":\"https:\/\/www.press7.tv\/wp-content\/litespeed\/avatar\/41975e402c3049d9ddb03adca8f7a883.jpg?ver=1777169572\",\"caption\":\"gazetar2\"},\"url\":\"https:\/\/www.press7.tv\/?author=8\"}]}<\/script>\n<!-- \/ Yoast SEO plugin. -->","yoast_head_json":{"title":"68 t\u00eb ftuar p\u00ebr intervistim p\u00ebr dallaveret me vota n\u00eb Malishev\u00eb - press7.tv","robots":{"index":"index","follow":"follow","max-snippet":"max-snippet:-1","max-image-preview":"max-image-preview:large","max-video-preview":"max-video-preview:-1"},"canonical":"https:\/\/www.press7.tv\/?p=24678","og_locale":"en_US","og_type":"article","og_title":"68 t\u00eb ftuar p\u00ebr intervistim p\u00ebr dallaveret me vota n\u00eb Malishev\u00eb - press7.tv","og_description":"Prokuroria Themelore n\u00eb Gjakov\u00eb ka ftuar p\u00ebr intervistim 68 persona, lidhur me dyshimet p\u00ebr dallavere me vota n\u00eb zgjedhjet parlamentare t\u00eb 28 dhjetorit n\u00eb komun\u00ebn e Malishev\u00ebs. Prokuroria Themelore n\u00eb Gjakov\u00eb ka nisur t\u00eb m\u00ebrkur\u00ebn nj\u00eb aksion lidhur me dyshimet p\u00ebr falsifikim t\u00eb rezultateve zgjedhore n\u00eb komun\u00ebn e Malishev\u00ebs, duke intervistuar dhjet\u00ebra komisioner\u00eb. Z\u00ebdh\u00ebn\u00ebsi i [&hellip;]","og_url":"https:\/\/www.press7.tv\/?p=24678","og_site_name":"press7.tv","article_publisher":"https:\/\/www.facebook.com\/press7.tv","article_published_time":"2026-01-28T12:14:44+00:00","og_image":[{"width":680,"height":434,"url":"https:\/\/www.press7.tv\/wp-content\/uploads\/2026\/01\/005b73a5-1c94-469f-b5c7-ec43e284c113.avif","type":"image\/webp"}],"author":"gazetar2","twitter_card":"summary_large_image","twitter_misc":{"Written by":"gazetar2","Est. reading time":"1 minute"},"schema":{"@context":"https:\/\/schema.org","@graph":[{"@type":"Article","@id":"https:\/\/www.press7.tv\/?p=24678#article","isPartOf":{"@id":"https:\/\/www.press7.tv\/?p=24678"},"author":{"name":"gazetar2","@id":"https:\/\/www.news33.tv\/#\/schema\/person\/5a04a38a23ccdba82f9bd665cd8f9efa"},"headline":"68 t\u00eb ftuar p\u00ebr intervistim p\u00ebr dallaveret me vota n\u00eb Malishev\u00eb","datePublished":"2026-01-28T12:14:44+00:00","mainEntityOfPage":{"@id":"https:\/\/www.press7.tv\/?p=24678"},"wordCount":290,"publisher":{"@id":"https:\/\/www.news33.tv\/#organization"},"image":{"@id":"https:\/\/www.press7.tv\/?p=24678#primaryimage"},"thumbnailUrl":"https:\/\/www.press7.tv\/wp-content\/uploads\/2026\/01\/005b73a5-1c94-469f-b5c7-ec43e284c113.avif","articleSection":["Kosov\u00eb","Lajme"],"inLanguage":"en-US"},{"@type":"WebPage","@id":"https:\/\/www.press7.tv\/?p=24678","url":"https:\/\/www.press7.tv\/?p=24678","name":"68 t\u00eb ftuar p\u00ebr intervistim p\u00ebr dallaveret me vota n\u00eb Malishev\u00eb - press7.tv","isPartOf":{"@id":"https:\/\/www.news33.tv\/#website"},"primaryImageOfPage":{"@id":"https:\/\/www.press7.tv\/?p=24678#primaryimage"},"image":{"@id":"https:\/\/www.press7.tv\/?p=24678#primaryimage"},"thumbnailUrl":"https:\/\/www.press7.tv\/wp-content\/uploads\/2026\/01\/005b73a5-1c94-469f-b5c7-ec43e284c113.avif","datePublished":"2026-01-28T12:14:44+00:00","breadcrumb":{"@id":"https:\/\/www.press7.tv\/?p=24678#breadcrumb"},"inLanguage":"en-US","potentialAction":[{"@type":"ReadAction","target":["https:\/\/www.press7.tv\/?p=24678"]}]},{"@type":"ImageObject","inLanguage":"en-US","@id":"https:\/\/www.press7.tv\/?p=24678#primaryimage","url":"https:\/\/www.press7.tv\/wp-content\/uploads\/2026\/01\/005b73a5-1c94-469f-b5c7-ec43e284c113.avif","contentUrl":"https:\/\/www.press7.tv\/wp-content\/uploads\/2026\/01\/005b73a5-1c94-469f-b5c7-ec43e284c113.avif","width":680,"height":434},{"@type":"BreadcrumbList","@id":"https:\/\/www.press7.tv\/?p=24678#breadcrumb","itemListElement":[{"@type":"ListItem","position":1,"name":"Home","item":"https:\/\/www.press7.tv\/"},{"@type":"ListItem","position":2,"name":"68 t\u00eb ftuar p\u00ebr intervistim p\u00ebr dallaveret me vota n\u00eb Malishev\u00eb"}]},{"@type":"WebSite","@id":"https:\/\/www.news33.tv\/#website","url":"https:\/\/www.news33.tv\/","name":"News33.tv Media","description":"Media","publisher":{"@id":"https:\/\/www.news33.tv\/#organization"},"potentialAction":[{"@type":"SearchAction","target":{"@type":"EntryPoint","urlTemplate":"https:\/\/www.news33.tv\/?s={search_term_string}"},"query-input":{"@type":"PropertyValueSpecification","valueRequired":true,"valueName":"search_term_string"}}],"inLanguage":"en-US"},{"@type":"Organization","@id":"https:\/\/www.news33.tv\/#organization","name":"News33.tv Media","url":"https:\/\/www.news33.tv\/","logo":{"@type":"ImageObject","inLanguage":"en-US","@id":"https:\/\/www.news33.tv\/#\/schema\/logo\/image\/","url":"https:\/\/www.press7.tv\/wp-content\/uploads\/2024\/02\/logo-news33-black.png","contentUrl":"https:\/\/www.press7.tv\/wp-content\/uploads\/2024\/02\/logo-news33-black.png","width":180,"height":37,"caption":"News33.tv Media"},"image":{"@id":"https:\/\/www.news33.tv\/#\/schema\/logo\/image\/"},"sameAs":["https:\/\/www.facebook.com\/press7.tv"]},{"@type":"Person","@id":"https:\/\/www.news33.tv\/#\/schema\/person\/5a04a38a23ccdba82f9bd665cd8f9efa","name":"gazetar2","image":{"@type":"ImageObject","inLanguage":"en-US","@id":"https:\/\/www.news33.tv\/#\/schema\/person\/image\/","url":"https:\/\/www.press7.tv\/wp-content\/litespeed\/avatar\/41975e402c3049d9ddb03adca8f7a883.jpg?ver=1777169572","contentUrl":"https:\/\/www.press7.tv\/wp-content\/litespeed\/avatar\/41975e402c3049d9ddb03adca8f7a883.jpg?ver=1777169572","caption":"gazetar2"},"url":"https:\/\/www.press7.tv\/?author=8"}]}},"amp_enabled":true,"_links":{"self":[{"href":"https:\/\/www.press7.tv\/index.php?rest_route=\/wp\/v2\/posts\/24678","targetHints":{"allow":["GET"]}}],"collection":[{"href":"https:\/\/www.press7.tv\/index.php?rest_route=\/wp\/v2\/posts"}],"about":[{"href":"https:\/\/www.press7.tv\/index.php?rest_route=\/wp\/v2\/types\/post"}],"author":[{"embeddable":true,"href":"https:\/\/www.press7.tv\/index.php?rest_route=\/wp\/v2\/users\/8"}],"replies":[{"embeddable":true,"href":"https:\/\/www.press7.tv\/index.php?rest_route=%2Fwp%2Fv2%2Fcomments&post=24678"}],"version-history":[{"count":1,"href":"https:\/\/www.press7.tv\/index.php?rest_route=\/wp\/v2\/posts\/24678\/revisions"}],"predecessor-version":[{"id":24680,"href":"https:\/\/www.press7.tv\/index.php?rest_route=\/wp\/v2\/posts\/24678\/revisions\/24680"}],"wp:featuredmedia":[{"embeddable":true,"href":"https:\/\/www.press7.tv\/index.php?rest_route=\/wp\/v2\/media\/24679"}],"wp:attachment":[{"href":"https:\/\/www.press7.tv\/index.php?rest_route=%2Fwp%2Fv2%2Fmedia&parent=24678"}],"wp:term":[{"taxonomy":"category","embeddable":true,"href":"https:\/\/www.press7.tv\/index.php?rest_route=%2Fwp%2Fv2%2Fcategories&post=24678"},{"taxonomy":"post_tag","embeddable":true,"href":"https:\/\/www.press7.tv\/index.php?rest_route=%2Fwp%2Fv2%2Ftags&post=24678"}],"curies":[{"name":"wp","href":"https:\/\/api.w.org\/{rel}","templated":true}]}}