{"id":24653,"date":"2026-01-26T20:41:47","date_gmt":"2026-01-26T20:41:47","guid":{"rendered":"https:\/\/www.press7.tv\/?p=24653"},"modified":"2026-01-26T20:41:47","modified_gmt":"2026-01-26T20:41:47","slug":"skuadra-polake-gjobitet-nga-uefa-per-banerin-kosova-eshte-serbi","status":"publish","type":"post","link":"https:\/\/www.press7.tv\/?p=24653","title":{"rendered":"Skuadra polake gjobitet nga UEFA p\u00ebr banerin \u201cKosova \u00ebsht\u00eb Serbi\u201d"},"content":{"rendered":"\n    <div class=\"xs_social_share_widget xs_share_url before_content \t\tmain_content  wslu-style-2 wslu-share-box-shaped wslu-fill-colored wslu-share-m-5 wslu-none wslu-share-vertical wslu-theme-font-no wslu-main_content\">\n\n\t\t\n        <ul>\n\t\t\t        <\/ul>\n    <\/div> \n<p>Skuadra polake, Lech Poznan ka marr\u00eb nj\u00eb tjet\u00ebr gjob\u00eb nga UEFA. Komiteti i Apelit i UEFA-s e ka nd\u00ebshkuar klubin polak  p\u00ebr disa shkelje gjat\u00eb ndeshjes kualifikuese t\u00eb Lig\u00ebs s\u00eb Kampion\u00ebve kund\u00ebr C\u00ebrvena Zvezd\u00ebs.<\/p>\n<p>UEFA e ka gjobitur Lech Poznanin me 10 mij\u00eb euro p\u00ebr banerin \u201cKosova \u00ebsht\u00eb Serbi t\u00eb shfaqur gjat\u00eb ndeshjes s\u00eb par\u00eb t\u00eb tret\u00eb kualifikues t\u00eb Championsit. K\u00ebshtu ka shkruar t\u00eb h\u00ebn\u00ebn sajti polak \u201ckkslech.com\u201d.<\/p>\n<p>N\u00eb total p\u00ebr shkeljet e ndryshme klubi polak \u00ebsht\u00eb gjobitur 48 mij\u00eb euro.<\/p>\n","protected":false},"excerpt":{"rendered":"<p>Skuadra polake, Lech Poznan ka marr\u00eb nj\u00eb tjet\u00ebr gjob\u00eb nga UEFA. Komiteti i Apelit i UEFA-s e ka nd\u00ebshkuar klubin polak p\u00ebr disa shkelje gjat\u00eb ndeshjes kualifikuese t\u00eb Lig\u00ebs s\u00eb Kampion\u00ebve kund\u00ebr C\u00ebrvena Zvezd\u00ebs. UEFA e ka gjobitur Lech Poznanin me 10 mij\u00eb euro p\u00ebr banerin \u201cKosova \u00ebsht\u00eb Serbi t\u00eb shfaqur gjat\u00eb ndeshjes s\u00eb par\u00eb [&hellip;]<\/p>\n","protected":false},"author":8,"featured_media":24654,"comment_status":"closed","ping_status":"closed","sticky":false,"template":"","format":"standard","meta":{"footnotes":""},"categories":[226],"tags":[],"class_list":["post-24653","post","type-post","status-publish","format-standard","has-post-thumbnail","hentry","category-sport"],"yoast_head":"<!-- This site is optimized with the Yoast SEO plugin v25.1 - https:\/\/yoast.com\/wordpress\/plugins\/seo\/ -->\n<title>Skuadra polake gjobitet nga UEFA p\u00ebr banerin \u201cKosova \u00ebsht\u00eb Serbi\u201d - press7.tv<\/title>\n<meta name=\"robots\" content=\"index, follow, max-snippet:-1, max-image-preview:large, max-video-preview:-1\" \/>\n<link rel=\"canonical\" href=\"https:\/\/www.press7.tv\/?p=24653\" \/>\n<meta property=\"og:locale\" content=\"en_US\" \/>\n<meta property=\"og:type\" content=\"article\" \/>\n<meta property=\"og:title\" content=\"Skuadra polake gjobitet nga UEFA p\u00ebr banerin \u201cKosova \u00ebsht\u00eb Serbi\u201d - press7.tv\" \/>\n<meta property=\"og:description\" content=\"Skuadra polake, Lech Poznan ka marr\u00eb nj\u00eb tjet\u00ebr gjob\u00eb nga UEFA. Komiteti i Apelit i UEFA-s e ka nd\u00ebshkuar klubin polak p\u00ebr disa shkelje gjat\u00eb ndeshjes kualifikuese t\u00eb Lig\u00ebs s\u00eb Kampion\u00ebve kund\u00ebr C\u00ebrvena Zvezd\u00ebs. UEFA e ka gjobitur Lech Poznanin me 10 mij\u00eb euro p\u00ebr banerin \u201cKosova \u00ebsht\u00eb Serbi t\u00eb shfaqur gjat\u00eb ndeshjes s\u00eb par\u00eb [&hellip;]\" \/>\n<meta property=\"og:url\" content=\"https:\/\/www.press7.tv\/?p=24653\" \/>\n<meta property=\"og:site_name\" content=\"press7.tv\" \/>\n<meta property=\"article:publisher\" content=\"https:\/\/www.facebook.com\/press7.tv\" \/>\n<meta property=\"article:published_time\" content=\"2026-01-26T20:41:47+00:00\" \/>\n<meta property=\"og:image\" content=\"https:\/\/www.press7.tv\/wp-content\/uploads\/2026\/01\/b88e35dd-fd95-44ef-9d0e-6494a13d2d12.avif\" \/>\n\t<meta property=\"og:image:width\" content=\"680\" \/>\n\t<meta property=\"og:image:height\" content=\"434\" \/>\n\t<meta property=\"og:image:type\" content=\"image\/webp\" \/>\n<meta name=\"author\" content=\"gazetar2\" \/>\n<meta name=\"twitter:card\" content=\"summary_large_image\" \/>\n<meta name=\"twitter:label1\" content=\"Written by\" \/>\n\t<meta name=\"twitter:data1\" content=\"gazetar2\" \/>\n\t<meta name=\"twitter:label2\" content=\"Est. reading time\" \/>\n\t<meta name=\"twitter:data2\" content=\"1 minute\" \/>\n<script type=\"application\/ld+json\" class=\"yoast-schema-graph\">{\"@context\":\"https:\/\/schema.org\",\"@graph\":[{\"@type\":\"Article\",\"@id\":\"https:\/\/www.press7.tv\/?p=24653#article\",\"isPartOf\":{\"@id\":\"https:\/\/www.press7.tv\/?p=24653\"},\"author\":{\"name\":\"gazetar2\",\"@id\":\"https:\/\/www.news33.tv\/#\/schema\/person\/5a04a38a23ccdba82f9bd665cd8f9efa\"},\"headline\":\"Skuadra polake gjobitet nga UEFA p\u00ebr banerin \u201cKosova \u00ebsht\u00eb Serbi\u201d\",\"datePublished\":\"2026-01-26T20:41:47+00:00\",\"mainEntityOfPage\":{\"@id\":\"https:\/\/www.press7.tv\/?p=24653\"},\"wordCount\":104,\"publisher\":{\"@id\":\"https:\/\/www.news33.tv\/#organization\"},\"image\":{\"@id\":\"https:\/\/www.press7.tv\/?p=24653#primaryimage\"},\"thumbnailUrl\":\"https:\/\/www.press7.tv\/wp-content\/uploads\/2026\/01\/b88e35dd-fd95-44ef-9d0e-6494a13d2d12.avif\",\"articleSection\":[\"Sport\"],\"inLanguage\":\"en-US\"},{\"@type\":\"WebPage\",\"@id\":\"https:\/\/www.press7.tv\/?p=24653\",\"url\":\"https:\/\/www.press7.tv\/?p=24653\",\"name\":\"Skuadra polake gjobitet nga UEFA p\u00ebr banerin \u201cKosova \u00ebsht\u00eb Serbi\u201d - press7.tv\",\"isPartOf\":{\"@id\":\"https:\/\/www.news33.tv\/#website\"},\"primaryImageOfPage\":{\"@id\":\"https:\/\/www.press7.tv\/?p=24653#primaryimage\"},\"image\":{\"@id\":\"https:\/\/www.press7.tv\/?p=24653#primaryimage\"},\"thumbnailUrl\":\"https:\/\/www.press7.tv\/wp-content\/uploads\/2026\/01\/b88e35dd-fd95-44ef-9d0e-6494a13d2d12.avif\",\"datePublished\":\"2026-01-26T20:41:47+00:00\",\"breadcrumb\":{\"@id\":\"https:\/\/www.press7.tv\/?p=24653#breadcrumb\"},\"inLanguage\":\"en-US\",\"potentialAction\":[{\"@type\":\"ReadAction\",\"target\":[\"https:\/\/www.press7.tv\/?p=24653\"]}]},{\"@type\":\"ImageObject\",\"inLanguage\":\"en-US\",\"@id\":\"https:\/\/www.press7.tv\/?p=24653#primaryimage\",\"url\":\"https:\/\/www.press7.tv\/wp-content\/uploads\/2026\/01\/b88e35dd-fd95-44ef-9d0e-6494a13d2d12.avif\",\"contentUrl\":\"https:\/\/www.press7.tv\/wp-content\/uploads\/2026\/01\/b88e35dd-fd95-44ef-9d0e-6494a13d2d12.avif\",\"width\":680,\"height\":434},{\"@type\":\"BreadcrumbList\",\"@id\":\"https:\/\/www.press7.tv\/?p=24653#breadcrumb\",\"itemListElement\":[{\"@type\":\"ListItem\",\"position\":1,\"name\":\"Home\",\"item\":\"https:\/\/www.press7.tv\/\"},{\"@type\":\"ListItem\",\"position\":2,\"name\":\"Skuadra polake gjobitet nga UEFA p\u00ebr banerin \u201cKosova \u00ebsht\u00eb Serbi\u201d\"}]},{\"@type\":\"WebSite\",\"@id\":\"https:\/\/www.news33.tv\/#website\",\"url\":\"https:\/\/www.news33.tv\/\",\"name\":\"News33.tv Media\",\"description\":\"Media\",\"publisher\":{\"@id\":\"https:\/\/www.news33.tv\/#organization\"},\"potentialAction\":[{\"@type\":\"SearchAction\",\"target\":{\"@type\":\"EntryPoint\",\"urlTemplate\":\"https:\/\/www.news33.tv\/?s={search_term_string}\"},\"query-input\":{\"@type\":\"PropertyValueSpecification\",\"valueRequired\":true,\"valueName\":\"search_term_string\"}}],\"inLanguage\":\"en-US\"},{\"@type\":\"Organization\",\"@id\":\"https:\/\/www.news33.tv\/#organization\",\"name\":\"News33.tv Media\",\"url\":\"https:\/\/www.news33.tv\/\",\"logo\":{\"@type\":\"ImageObject\",\"inLanguage\":\"en-US\",\"@id\":\"https:\/\/www.news33.tv\/#\/schema\/logo\/image\/\",\"url\":\"https:\/\/www.press7.tv\/wp-content\/uploads\/2024\/02\/logo-news33-black.png\",\"contentUrl\":\"https:\/\/www.press7.tv\/wp-content\/uploads\/2024\/02\/logo-news33-black.png\",\"width\":180,\"height\":37,\"caption\":\"News33.tv Media\"},\"image\":{\"@id\":\"https:\/\/www.news33.tv\/#\/schema\/logo\/image\/\"},\"sameAs\":[\"https:\/\/www.facebook.com\/press7.tv\"]},{\"@type\":\"Person\",\"@id\":\"https:\/\/www.news33.tv\/#\/schema\/person\/5a04a38a23ccdba82f9bd665cd8f9efa\",\"name\":\"gazetar2\",\"image\":{\"@type\":\"ImageObject\",\"inLanguage\":\"en-US\",\"@id\":\"https:\/\/www.news33.tv\/#\/schema\/person\/image\/\",\"url\":\"https:\/\/www.press7.tv\/wp-content\/litespeed\/avatar\/41975e402c3049d9ddb03adca8f7a883.jpg?ver=1777169572\",\"contentUrl\":\"https:\/\/www.press7.tv\/wp-content\/litespeed\/avatar\/41975e402c3049d9ddb03adca8f7a883.jpg?ver=1777169572\",\"caption\":\"gazetar2\"},\"url\":\"https:\/\/www.press7.tv\/?author=8\"}]}<\/script>\n<!-- \/ Yoast SEO plugin. -->","yoast_head_json":{"title":"Skuadra polake gjobitet nga UEFA p\u00ebr banerin \u201cKosova \u00ebsht\u00eb Serbi\u201d - press7.tv","robots":{"index":"index","follow":"follow","max-snippet":"max-snippet:-1","max-image-preview":"max-image-preview:large","max-video-preview":"max-video-preview:-1"},"canonical":"https:\/\/www.press7.tv\/?p=24653","og_locale":"en_US","og_type":"article","og_title":"Skuadra polake gjobitet nga UEFA p\u00ebr banerin \u201cKosova \u00ebsht\u00eb Serbi\u201d - press7.tv","og_description":"Skuadra polake, Lech Poznan ka marr\u00eb nj\u00eb tjet\u00ebr gjob\u00eb nga UEFA. Komiteti i Apelit i UEFA-s e ka nd\u00ebshkuar klubin polak p\u00ebr disa shkelje gjat\u00eb ndeshjes kualifikuese t\u00eb Lig\u00ebs s\u00eb Kampion\u00ebve kund\u00ebr C\u00ebrvena Zvezd\u00ebs. UEFA e ka gjobitur Lech Poznanin me 10 mij\u00eb euro p\u00ebr banerin \u201cKosova \u00ebsht\u00eb Serbi t\u00eb shfaqur gjat\u00eb ndeshjes s\u00eb par\u00eb [&hellip;]","og_url":"https:\/\/www.press7.tv\/?p=24653","og_site_name":"press7.tv","article_publisher":"https:\/\/www.facebook.com\/press7.tv","article_published_time":"2026-01-26T20:41:47+00:00","og_image":[{"width":680,"height":434,"url":"https:\/\/www.press7.tv\/wp-content\/uploads\/2026\/01\/b88e35dd-fd95-44ef-9d0e-6494a13d2d12.avif","type":"image\/webp"}],"author":"gazetar2","twitter_card":"summary_large_image","twitter_misc":{"Written by":"gazetar2","Est. reading time":"1 minute"},"schema":{"@context":"https:\/\/schema.org","@graph":[{"@type":"Article","@id":"https:\/\/www.press7.tv\/?p=24653#article","isPartOf":{"@id":"https:\/\/www.press7.tv\/?p=24653"},"author":{"name":"gazetar2","@id":"https:\/\/www.news33.tv\/#\/schema\/person\/5a04a38a23ccdba82f9bd665cd8f9efa"},"headline":"Skuadra polake gjobitet nga UEFA p\u00ebr banerin \u201cKosova \u00ebsht\u00eb Serbi\u201d","datePublished":"2026-01-26T20:41:47+00:00","mainEntityOfPage":{"@id":"https:\/\/www.press7.tv\/?p=24653"},"wordCount":104,"publisher":{"@id":"https:\/\/www.news33.tv\/#organization"},"image":{"@id":"https:\/\/www.press7.tv\/?p=24653#primaryimage"},"thumbnailUrl":"https:\/\/www.press7.tv\/wp-content\/uploads\/2026\/01\/b88e35dd-fd95-44ef-9d0e-6494a13d2d12.avif","articleSection":["Sport"],"inLanguage":"en-US"},{"@type":"WebPage","@id":"https:\/\/www.press7.tv\/?p=24653","url":"https:\/\/www.press7.tv\/?p=24653","name":"Skuadra polake gjobitet nga UEFA p\u00ebr banerin \u201cKosova \u00ebsht\u00eb Serbi\u201d - press7.tv","isPartOf":{"@id":"https:\/\/www.news33.tv\/#website"},"primaryImageOfPage":{"@id":"https:\/\/www.press7.tv\/?p=24653#primaryimage"},"image":{"@id":"https:\/\/www.press7.tv\/?p=24653#primaryimage"},"thumbnailUrl":"https:\/\/www.press7.tv\/wp-content\/uploads\/2026\/01\/b88e35dd-fd95-44ef-9d0e-6494a13d2d12.avif","datePublished":"2026-01-26T20:41:47+00:00","breadcrumb":{"@id":"https:\/\/www.press7.tv\/?p=24653#breadcrumb"},"inLanguage":"en-US","potentialAction":[{"@type":"ReadAction","target":["https:\/\/www.press7.tv\/?p=24653"]}]},{"@type":"ImageObject","inLanguage":"en-US","@id":"https:\/\/www.press7.tv\/?p=24653#primaryimage","url":"https:\/\/www.press7.tv\/wp-content\/uploads\/2026\/01\/b88e35dd-fd95-44ef-9d0e-6494a13d2d12.avif","contentUrl":"https:\/\/www.press7.tv\/wp-content\/uploads\/2026\/01\/b88e35dd-fd95-44ef-9d0e-6494a13d2d12.avif","width":680,"height":434},{"@type":"BreadcrumbList","@id":"https:\/\/www.press7.tv\/?p=24653#breadcrumb","itemListElement":[{"@type":"ListItem","position":1,"name":"Home","item":"https:\/\/www.press7.tv\/"},{"@type":"ListItem","position":2,"name":"Skuadra polake gjobitet nga UEFA p\u00ebr banerin \u201cKosova \u00ebsht\u00eb Serbi\u201d"}]},{"@type":"WebSite","@id":"https:\/\/www.news33.tv\/#website","url":"https:\/\/www.news33.tv\/","name":"News33.tv Media","description":"Media","publisher":{"@id":"https:\/\/www.news33.tv\/#organization"},"potentialAction":[{"@type":"SearchAction","target":{"@type":"EntryPoint","urlTemplate":"https:\/\/www.news33.tv\/?s={search_term_string}"},"query-input":{"@type":"PropertyValueSpecification","valueRequired":true,"valueName":"search_term_string"}}],"inLanguage":"en-US"},{"@type":"Organization","@id":"https:\/\/www.news33.tv\/#organization","name":"News33.tv Media","url":"https:\/\/www.news33.tv\/","logo":{"@type":"ImageObject","inLanguage":"en-US","@id":"https:\/\/www.news33.tv\/#\/schema\/logo\/image\/","url":"https:\/\/www.press7.tv\/wp-content\/uploads\/2024\/02\/logo-news33-black.png","contentUrl":"https:\/\/www.press7.tv\/wp-content\/uploads\/2024\/02\/logo-news33-black.png","width":180,"height":37,"caption":"News33.tv Media"},"image":{"@id":"https:\/\/www.news33.tv\/#\/schema\/logo\/image\/"},"sameAs":["https:\/\/www.facebook.com\/press7.tv"]},{"@type":"Person","@id":"https:\/\/www.news33.tv\/#\/schema\/person\/5a04a38a23ccdba82f9bd665cd8f9efa","name":"gazetar2","image":{"@type":"ImageObject","inLanguage":"en-US","@id":"https:\/\/www.news33.tv\/#\/schema\/person\/image\/","url":"https:\/\/www.press7.tv\/wp-content\/litespeed\/avatar\/41975e402c3049d9ddb03adca8f7a883.jpg?ver=1777169572","contentUrl":"https:\/\/www.press7.tv\/wp-content\/litespeed\/avatar\/41975e402c3049d9ddb03adca8f7a883.jpg?ver=1777169572","caption":"gazetar2"},"url":"https:\/\/www.press7.tv\/?author=8"}]}},"amp_enabled":true,"_links":{"self":[{"href":"https:\/\/www.press7.tv\/index.php?rest_route=\/wp\/v2\/posts\/24653","targetHints":{"allow":["GET"]}}],"collection":[{"href":"https:\/\/www.press7.tv\/index.php?rest_route=\/wp\/v2\/posts"}],"about":[{"href":"https:\/\/www.press7.tv\/index.php?rest_route=\/wp\/v2\/types\/post"}],"author":[{"embeddable":true,"href":"https:\/\/www.press7.tv\/index.php?rest_route=\/wp\/v2\/users\/8"}],"replies":[{"embeddable":true,"href":"https:\/\/www.press7.tv\/index.php?rest_route=%2Fwp%2Fv2%2Fcomments&post=24653"}],"version-history":[{"count":1,"href":"https:\/\/www.press7.tv\/index.php?rest_route=\/wp\/v2\/posts\/24653\/revisions"}],"predecessor-version":[{"id":24655,"href":"https:\/\/www.press7.tv\/index.php?rest_route=\/wp\/v2\/posts\/24653\/revisions\/24655"}],"wp:featuredmedia":[{"embeddable":true,"href":"https:\/\/www.press7.tv\/index.php?rest_route=\/wp\/v2\/media\/24654"}],"wp:attachment":[{"href":"https:\/\/www.press7.tv\/index.php?rest_route=%2Fwp%2Fv2%2Fmedia&parent=24653"}],"wp:term":[{"taxonomy":"category","embeddable":true,"href":"https:\/\/www.press7.tv\/index.php?rest_route=%2Fwp%2Fv2%2Fcategories&post=24653"},{"taxonomy":"post_tag","embeddable":true,"href":"https:\/\/www.press7.tv\/index.php?rest_route=%2Fwp%2Fv2%2Ftags&post=24653"}],"curies":[{"name":"wp","href":"https:\/\/api.w.org\/{rel}","templated":true}]}}