{"id":24649,"date":"2026-01-26T20:33:17","date_gmt":"2026-01-26T20:33:17","guid":{"rendered":"https:\/\/www.press7.tv\/?p=24649"},"modified":"2026-01-26T20:33:17","modified_gmt":"2026-01-26T20:33:17","slug":"osmani-avancimi-i-aktit-per-luginen-mesazh-i-qarte-kunder-diskriminimit","status":"publish","type":"post","link":"https:\/\/www.press7.tv\/?p=24649","title":{"rendered":"Osmani: Avancimi i Aktit p\u00ebr Lugin\u00ebn, mesazh i qart\u00eb kund\u00ebr diskriminimit"},"content":{"rendered":"\n    <div class=\"xs_social_share_widget xs_share_url before_content \t\tmain_content  wslu-style-2 wslu-share-box-shaped wslu-fill-colored wslu-share-m-5 wslu-none wslu-share-vertical wslu-theme-font-no wslu-main_content\">\n\n\t\t\n        <ul>\n\t\t\t        <\/ul>\n    <\/div> \n<p>Presidentja e Kosov\u00ebs, Vjosa Osmani, ka th\u00ebn\u00eb se avancimi i Aktit t\u00eb Vler\u00ebsimit t\u00eb Diskriminimit n\u00eb Lugin\u00ebn e Preshev\u00ebs n\u00eb Komitetin e Pun\u00ebve t\u00eb Jashtme t\u00eb Dhom\u00ebs s\u00eb P\u00ebrfaq\u00ebsuesve t\u00eb SHBA-s\u00eb,  \u00ebsht\u00eb mesazh i qart\u00eb se diskriminimi sistematik ndaj komunitetit shqiptar n\u00eb Serbi nuk do t\u00eb mbetet i paduksh\u00ebm. <\/p>\n<p>Osmani ka p\u00ebrg\u00ebzuar kongresistin amerikan Keith Self p\u00ebr prezantimin dhe mb\u00ebshtetjen e k\u00ebtij akti, si dhe kryetarin e komitetit Brian Mast dhe an\u00ebtarin kryesor Gregory Meeks p\u00ebr udh\u00ebheqjen, nd\u00ebrsa ka fal\u00ebnderuar edhe t\u00eb gjith\u00eb deputet\u00ebt q\u00eb votuan pro me mb\u00ebshtetje dypartiake.<\/p>\n<p>\u201cSerbia ka kryer vazhdimisht shkelje autoritare t\u00eb t\u00eb drejtave t\u00eb pakicave, duke p\u00ebrfshir\u00eb fushat\u00ebn e q\u00ebllimshme t\u00eb pasivizimit p\u00ebr spastrim etnik p\u00ebrmes mjeteve administrative, shtypjen e gjuh\u00ebs shqipe, p\u00ebrjashtimin nga institucionet publike, diskriminimin n\u00eb arsim, margjinalizimin ekonomik dhe frik\u00ebsimin nga autoritetet qendrore\u201d, ka shkruar Osmani n\u00eb platform\u00ebn \u201cX\u201d. <\/p>\n<p>T\u00eb m\u00ebrkur\u00ebn mbr\u00ebma, an\u00ebtar\u00ebt e Komitetit p\u00ebr Pun\u00eb t\u00eb Jashtme t\u00eb Kongresit amerikan kan\u00eb miratuar nj\u00eb rezolut\u00eb, e cila shtyn p\u00ebrpara projektligjin, i cili k\u00ebrkon nga sekretari i Shtetit q\u00eb t\u00eb merret me trajtimin e pakicave n\u00eb Serbi, ve\u00e7an\u00ebrisht shqiptar\u00ebt. <\/p>\n<p>Kryetarja e Preshev\u00ebs, Ardita Sinani, n\u00eb nj\u00eb deklarat\u00eb p\u00ebr KOH\u00cbN, e ka vler\u00ebsuar vendimin e komitetit si shum\u00eb t\u00eb r\u00ebnd\u00ebsish\u00ebm, duke th\u00ebn\u00eb se \u00e7\u00ebshtja e diskriminimit t\u00eb shqiptar\u00ebve nga Serbia, tash \u00ebsht\u00eb b\u00ebr\u00eb pjes\u00eb e agjend\u00ebs zyrtare t\u00eb politik\u00ebs amerikane.<\/p>\n<p>Sinani ka b\u00ebr\u00eb nj\u00eb thirrje edhe p\u00ebr Bashkimin Evropian.<\/p>\n<p>\u201cPresim q\u00eb Serbia t\u00eb ndal\u00eb praktikat diskriminuese dhe t\u00eb respektoj\u00eb t\u00eb drejtat themelore t\u00eb shqiptar\u00ebve, n\u00eb t\u00eb nj\u00ebjt\u00ebn koh\u00eb BE-ja duhet ta trajtoj\u00eb k\u00ebt\u00eb \u00e7\u00ebshtje seriozisht dhe t\u00eb lidh\u00eb respektimin e t\u00eb drejtave t\u00eb njeriut me proceset integruese t\u00eb Serbis\u00eb. Diskriminimi nuk mund t\u00eb tolerohet n\u00eb nj\u00eb shtet q\u00eb pretendon an\u00ebtar\u00ebsim n\u00eb BE\u201d, ka shtuar ajo.<\/p>\n","protected":false},"excerpt":{"rendered":"<p>Presidentja e Kosov\u00ebs, Vjosa Osmani, ka th\u00ebn\u00eb se avancimi i Aktit t\u00eb Vler\u00ebsimit t\u00eb Diskriminimit n\u00eb Lugin\u00ebn e Preshev\u00ebs n\u00eb Komitetin e Pun\u00ebve t\u00eb Jashtme t\u00eb Dhom\u00ebs s\u00eb P\u00ebrfaq\u00ebsuesve t\u00eb SHBA-s\u00eb, \u00ebsht\u00eb mesazh i qart\u00eb se diskriminimi sistematik ndaj komunitetit shqiptar n\u00eb Serbi nuk do t\u00eb mbetet i paduksh\u00ebm. Osmani ka p\u00ebrg\u00ebzuar kongresistin amerikan Keith [&hellip;]<\/p>\n","protected":false},"author":8,"featured_media":24650,"comment_status":"closed","ping_status":"closed","sticky":false,"template":"","format":"standard","meta":{"footnotes":""},"categories":[215,213],"tags":[],"class_list":["post-24649","post","type-post","status-publish","format-standard","has-post-thumbnail","hentry","category-kosove","category-lajme"],"yoast_head":"<!-- This site is optimized with the Yoast SEO plugin v25.1 - https:\/\/yoast.com\/wordpress\/plugins\/seo\/ -->\n<title>Osmani: Avancimi i Aktit p\u00ebr Lugin\u00ebn, mesazh i qart\u00eb kund\u00ebr diskriminimit - press7.tv<\/title>\n<meta name=\"robots\" content=\"index, follow, max-snippet:-1, max-image-preview:large, max-video-preview:-1\" \/>\n<link rel=\"canonical\" href=\"https:\/\/www.press7.tv\/?p=24649\" \/>\n<meta property=\"og:locale\" content=\"en_US\" \/>\n<meta property=\"og:type\" content=\"article\" \/>\n<meta property=\"og:title\" content=\"Osmani: Avancimi i Aktit p\u00ebr Lugin\u00ebn, mesazh i qart\u00eb kund\u00ebr diskriminimit - press7.tv\" \/>\n<meta property=\"og:description\" content=\"Presidentja e Kosov\u00ebs, Vjosa Osmani, ka th\u00ebn\u00eb se avancimi i Aktit t\u00eb Vler\u00ebsimit t\u00eb Diskriminimit n\u00eb Lugin\u00ebn e Preshev\u00ebs n\u00eb Komitetin e Pun\u00ebve t\u00eb Jashtme t\u00eb Dhom\u00ebs s\u00eb P\u00ebrfaq\u00ebsuesve t\u00eb SHBA-s\u00eb, \u00ebsht\u00eb mesazh i qart\u00eb se diskriminimi sistematik ndaj komunitetit shqiptar n\u00eb Serbi nuk do t\u00eb mbetet i paduksh\u00ebm. Osmani ka p\u00ebrg\u00ebzuar kongresistin amerikan Keith [&hellip;]\" \/>\n<meta property=\"og:url\" content=\"https:\/\/www.press7.tv\/?p=24649\" \/>\n<meta property=\"og:site_name\" content=\"press7.tv\" \/>\n<meta property=\"article:publisher\" content=\"https:\/\/www.facebook.com\/press7.tv\" \/>\n<meta property=\"article:published_time\" content=\"2026-01-26T20:33:17+00:00\" \/>\n<meta property=\"og:image\" content=\"https:\/\/www.press7.tv\/wp-content\/uploads\/2026\/01\/00bf6c93-9e9c-476a-89c8-09a90420ede7.avif\" \/>\n\t<meta property=\"og:image:width\" content=\"680\" \/>\n\t<meta property=\"og:image:height\" content=\"434\" \/>\n\t<meta property=\"og:image:type\" content=\"image\/webp\" \/>\n<meta name=\"author\" content=\"gazetar2\" \/>\n<meta name=\"twitter:card\" content=\"summary_large_image\" \/>\n<meta name=\"twitter:label1\" content=\"Written by\" \/>\n\t<meta name=\"twitter:data1\" content=\"gazetar2\" \/>\n\t<meta name=\"twitter:label2\" content=\"Est. reading time\" \/>\n\t<meta name=\"twitter:data2\" content=\"1 minute\" \/>\n<script type=\"application\/ld+json\" class=\"yoast-schema-graph\">{\"@context\":\"https:\/\/schema.org\",\"@graph\":[{\"@type\":\"Article\",\"@id\":\"https:\/\/www.press7.tv\/?p=24649#article\",\"isPartOf\":{\"@id\":\"https:\/\/www.press7.tv\/?p=24649\"},\"author\":{\"name\":\"gazetar2\",\"@id\":\"https:\/\/www.news33.tv\/#\/schema\/person\/5a04a38a23ccdba82f9bd665cd8f9efa\"},\"headline\":\"Osmani: Avancimi i Aktit p\u00ebr Lugin\u00ebn, mesazh i qart\u00eb kund\u00ebr diskriminimit\",\"datePublished\":\"2026-01-26T20:33:17+00:00\",\"mainEntityOfPage\":{\"@id\":\"https:\/\/www.press7.tv\/?p=24649\"},\"wordCount\":359,\"publisher\":{\"@id\":\"https:\/\/www.news33.tv\/#organization\"},\"image\":{\"@id\":\"https:\/\/www.press7.tv\/?p=24649#primaryimage\"},\"thumbnailUrl\":\"https:\/\/www.press7.tv\/wp-content\/uploads\/2026\/01\/00bf6c93-9e9c-476a-89c8-09a90420ede7.avif\",\"articleSection\":[\"Kosov\u00eb\",\"Lajme\"],\"inLanguage\":\"en-US\"},{\"@type\":\"WebPage\",\"@id\":\"https:\/\/www.press7.tv\/?p=24649\",\"url\":\"https:\/\/www.press7.tv\/?p=24649\",\"name\":\"Osmani: Avancimi i Aktit p\u00ebr Lugin\u00ebn, mesazh i qart\u00eb kund\u00ebr diskriminimit - press7.tv\",\"isPartOf\":{\"@id\":\"https:\/\/www.news33.tv\/#website\"},\"primaryImageOfPage\":{\"@id\":\"https:\/\/www.press7.tv\/?p=24649#primaryimage\"},\"image\":{\"@id\":\"https:\/\/www.press7.tv\/?p=24649#primaryimage\"},\"thumbnailUrl\":\"https:\/\/www.press7.tv\/wp-content\/uploads\/2026\/01\/00bf6c93-9e9c-476a-89c8-09a90420ede7.avif\",\"datePublished\":\"2026-01-26T20:33:17+00:00\",\"breadcrumb\":{\"@id\":\"https:\/\/www.press7.tv\/?p=24649#breadcrumb\"},\"inLanguage\":\"en-US\",\"potentialAction\":[{\"@type\":\"ReadAction\",\"target\":[\"https:\/\/www.press7.tv\/?p=24649\"]}]},{\"@type\":\"ImageObject\",\"inLanguage\":\"en-US\",\"@id\":\"https:\/\/www.press7.tv\/?p=24649#primaryimage\",\"url\":\"https:\/\/www.press7.tv\/wp-content\/uploads\/2026\/01\/00bf6c93-9e9c-476a-89c8-09a90420ede7.avif\",\"contentUrl\":\"https:\/\/www.press7.tv\/wp-content\/uploads\/2026\/01\/00bf6c93-9e9c-476a-89c8-09a90420ede7.avif\",\"width\":680,\"height\":434},{\"@type\":\"BreadcrumbList\",\"@id\":\"https:\/\/www.press7.tv\/?p=24649#breadcrumb\",\"itemListElement\":[{\"@type\":\"ListItem\",\"position\":1,\"name\":\"Home\",\"item\":\"https:\/\/www.press7.tv\/\"},{\"@type\":\"ListItem\",\"position\":2,\"name\":\"Osmani: Avancimi i Aktit p\u00ebr Lugin\u00ebn, mesazh i qart\u00eb kund\u00ebr diskriminimit\"}]},{\"@type\":\"WebSite\",\"@id\":\"https:\/\/www.news33.tv\/#website\",\"url\":\"https:\/\/www.news33.tv\/\",\"name\":\"News33.tv Media\",\"description\":\"Media\",\"publisher\":{\"@id\":\"https:\/\/www.news33.tv\/#organization\"},\"potentialAction\":[{\"@type\":\"SearchAction\",\"target\":{\"@type\":\"EntryPoint\",\"urlTemplate\":\"https:\/\/www.news33.tv\/?s={search_term_string}\"},\"query-input\":{\"@type\":\"PropertyValueSpecification\",\"valueRequired\":true,\"valueName\":\"search_term_string\"}}],\"inLanguage\":\"en-US\"},{\"@type\":\"Organization\",\"@id\":\"https:\/\/www.news33.tv\/#organization\",\"name\":\"News33.tv Media\",\"url\":\"https:\/\/www.news33.tv\/\",\"logo\":{\"@type\":\"ImageObject\",\"inLanguage\":\"en-US\",\"@id\":\"https:\/\/www.news33.tv\/#\/schema\/logo\/image\/\",\"url\":\"https:\/\/www.press7.tv\/wp-content\/uploads\/2024\/02\/logo-news33-black.png\",\"contentUrl\":\"https:\/\/www.press7.tv\/wp-content\/uploads\/2024\/02\/logo-news33-black.png\",\"width\":180,\"height\":37,\"caption\":\"News33.tv Media\"},\"image\":{\"@id\":\"https:\/\/www.news33.tv\/#\/schema\/logo\/image\/\"},\"sameAs\":[\"https:\/\/www.facebook.com\/press7.tv\"]},{\"@type\":\"Person\",\"@id\":\"https:\/\/www.news33.tv\/#\/schema\/person\/5a04a38a23ccdba82f9bd665cd8f9efa\",\"name\":\"gazetar2\",\"image\":{\"@type\":\"ImageObject\",\"inLanguage\":\"en-US\",\"@id\":\"https:\/\/www.news33.tv\/#\/schema\/person\/image\/\",\"url\":\"https:\/\/www.press7.tv\/wp-content\/litespeed\/avatar\/41975e402c3049d9ddb03adca8f7a883.jpg?ver=1777169572\",\"contentUrl\":\"https:\/\/www.press7.tv\/wp-content\/litespeed\/avatar\/41975e402c3049d9ddb03adca8f7a883.jpg?ver=1777169572\",\"caption\":\"gazetar2\"},\"url\":\"https:\/\/www.press7.tv\/?author=8\"}]}<\/script>\n<!-- \/ Yoast SEO plugin. -->","yoast_head_json":{"title":"Osmani: Avancimi i Aktit p\u00ebr Lugin\u00ebn, mesazh i qart\u00eb kund\u00ebr diskriminimit - press7.tv","robots":{"index":"index","follow":"follow","max-snippet":"max-snippet:-1","max-image-preview":"max-image-preview:large","max-video-preview":"max-video-preview:-1"},"canonical":"https:\/\/www.press7.tv\/?p=24649","og_locale":"en_US","og_type":"article","og_title":"Osmani: Avancimi i Aktit p\u00ebr Lugin\u00ebn, mesazh i qart\u00eb kund\u00ebr diskriminimit - press7.tv","og_description":"Presidentja e Kosov\u00ebs, Vjosa Osmani, ka th\u00ebn\u00eb se avancimi i Aktit t\u00eb Vler\u00ebsimit t\u00eb Diskriminimit n\u00eb Lugin\u00ebn e Preshev\u00ebs n\u00eb Komitetin e Pun\u00ebve t\u00eb Jashtme t\u00eb Dhom\u00ebs s\u00eb P\u00ebrfaq\u00ebsuesve t\u00eb SHBA-s\u00eb, \u00ebsht\u00eb mesazh i qart\u00eb se diskriminimi sistematik ndaj komunitetit shqiptar n\u00eb Serbi nuk do t\u00eb mbetet i paduksh\u00ebm. Osmani ka p\u00ebrg\u00ebzuar kongresistin amerikan Keith [&hellip;]","og_url":"https:\/\/www.press7.tv\/?p=24649","og_site_name":"press7.tv","article_publisher":"https:\/\/www.facebook.com\/press7.tv","article_published_time":"2026-01-26T20:33:17+00:00","og_image":[{"width":680,"height":434,"url":"https:\/\/www.press7.tv\/wp-content\/uploads\/2026\/01\/00bf6c93-9e9c-476a-89c8-09a90420ede7.avif","type":"image\/webp"}],"author":"gazetar2","twitter_card":"summary_large_image","twitter_misc":{"Written by":"gazetar2","Est. reading time":"1 minute"},"schema":{"@context":"https:\/\/schema.org","@graph":[{"@type":"Article","@id":"https:\/\/www.press7.tv\/?p=24649#article","isPartOf":{"@id":"https:\/\/www.press7.tv\/?p=24649"},"author":{"name":"gazetar2","@id":"https:\/\/www.news33.tv\/#\/schema\/person\/5a04a38a23ccdba82f9bd665cd8f9efa"},"headline":"Osmani: Avancimi i Aktit p\u00ebr Lugin\u00ebn, mesazh i qart\u00eb kund\u00ebr diskriminimit","datePublished":"2026-01-26T20:33:17+00:00","mainEntityOfPage":{"@id":"https:\/\/www.press7.tv\/?p=24649"},"wordCount":359,"publisher":{"@id":"https:\/\/www.news33.tv\/#organization"},"image":{"@id":"https:\/\/www.press7.tv\/?p=24649#primaryimage"},"thumbnailUrl":"https:\/\/www.press7.tv\/wp-content\/uploads\/2026\/01\/00bf6c93-9e9c-476a-89c8-09a90420ede7.avif","articleSection":["Kosov\u00eb","Lajme"],"inLanguage":"en-US"},{"@type":"WebPage","@id":"https:\/\/www.press7.tv\/?p=24649","url":"https:\/\/www.press7.tv\/?p=24649","name":"Osmani: Avancimi i Aktit p\u00ebr Lugin\u00ebn, mesazh i qart\u00eb kund\u00ebr diskriminimit - press7.tv","isPartOf":{"@id":"https:\/\/www.news33.tv\/#website"},"primaryImageOfPage":{"@id":"https:\/\/www.press7.tv\/?p=24649#primaryimage"},"image":{"@id":"https:\/\/www.press7.tv\/?p=24649#primaryimage"},"thumbnailUrl":"https:\/\/www.press7.tv\/wp-content\/uploads\/2026\/01\/00bf6c93-9e9c-476a-89c8-09a90420ede7.avif","datePublished":"2026-01-26T20:33:17+00:00","breadcrumb":{"@id":"https:\/\/www.press7.tv\/?p=24649#breadcrumb"},"inLanguage":"en-US","potentialAction":[{"@type":"ReadAction","target":["https:\/\/www.press7.tv\/?p=24649"]}]},{"@type":"ImageObject","inLanguage":"en-US","@id":"https:\/\/www.press7.tv\/?p=24649#primaryimage","url":"https:\/\/www.press7.tv\/wp-content\/uploads\/2026\/01\/00bf6c93-9e9c-476a-89c8-09a90420ede7.avif","contentUrl":"https:\/\/www.press7.tv\/wp-content\/uploads\/2026\/01\/00bf6c93-9e9c-476a-89c8-09a90420ede7.avif","width":680,"height":434},{"@type":"BreadcrumbList","@id":"https:\/\/www.press7.tv\/?p=24649#breadcrumb","itemListElement":[{"@type":"ListItem","position":1,"name":"Home","item":"https:\/\/www.press7.tv\/"},{"@type":"ListItem","position":2,"name":"Osmani: Avancimi i Aktit p\u00ebr Lugin\u00ebn, mesazh i qart\u00eb kund\u00ebr diskriminimit"}]},{"@type":"WebSite","@id":"https:\/\/www.news33.tv\/#website","url":"https:\/\/www.news33.tv\/","name":"News33.tv Media","description":"Media","publisher":{"@id":"https:\/\/www.news33.tv\/#organization"},"potentialAction":[{"@type":"SearchAction","target":{"@type":"EntryPoint","urlTemplate":"https:\/\/www.news33.tv\/?s={search_term_string}"},"query-input":{"@type":"PropertyValueSpecification","valueRequired":true,"valueName":"search_term_string"}}],"inLanguage":"en-US"},{"@type":"Organization","@id":"https:\/\/www.news33.tv\/#organization","name":"News33.tv Media","url":"https:\/\/www.news33.tv\/","logo":{"@type":"ImageObject","inLanguage":"en-US","@id":"https:\/\/www.news33.tv\/#\/schema\/logo\/image\/","url":"https:\/\/www.press7.tv\/wp-content\/uploads\/2024\/02\/logo-news33-black.png","contentUrl":"https:\/\/www.press7.tv\/wp-content\/uploads\/2024\/02\/logo-news33-black.png","width":180,"height":37,"caption":"News33.tv Media"},"image":{"@id":"https:\/\/www.news33.tv\/#\/schema\/logo\/image\/"},"sameAs":["https:\/\/www.facebook.com\/press7.tv"]},{"@type":"Person","@id":"https:\/\/www.news33.tv\/#\/schema\/person\/5a04a38a23ccdba82f9bd665cd8f9efa","name":"gazetar2","image":{"@type":"ImageObject","inLanguage":"en-US","@id":"https:\/\/www.news33.tv\/#\/schema\/person\/image\/","url":"https:\/\/www.press7.tv\/wp-content\/litespeed\/avatar\/41975e402c3049d9ddb03adca8f7a883.jpg?ver=1777169572","contentUrl":"https:\/\/www.press7.tv\/wp-content\/litespeed\/avatar\/41975e402c3049d9ddb03adca8f7a883.jpg?ver=1777169572","caption":"gazetar2"},"url":"https:\/\/www.press7.tv\/?author=8"}]}},"amp_enabled":true,"_links":{"self":[{"href":"https:\/\/www.press7.tv\/index.php?rest_route=\/wp\/v2\/posts\/24649","targetHints":{"allow":["GET"]}}],"collection":[{"href":"https:\/\/www.press7.tv\/index.php?rest_route=\/wp\/v2\/posts"}],"about":[{"href":"https:\/\/www.press7.tv\/index.php?rest_route=\/wp\/v2\/types\/post"}],"author":[{"embeddable":true,"href":"https:\/\/www.press7.tv\/index.php?rest_route=\/wp\/v2\/users\/8"}],"replies":[{"embeddable":true,"href":"https:\/\/www.press7.tv\/index.php?rest_route=%2Fwp%2Fv2%2Fcomments&post=24649"}],"version-history":[{"count":1,"href":"https:\/\/www.press7.tv\/index.php?rest_route=\/wp\/v2\/posts\/24649\/revisions"}],"predecessor-version":[{"id":24651,"href":"https:\/\/www.press7.tv\/index.php?rest_route=\/wp\/v2\/posts\/24649\/revisions\/24651"}],"wp:featuredmedia":[{"embeddable":true,"href":"https:\/\/www.press7.tv\/index.php?rest_route=\/wp\/v2\/media\/24650"}],"wp:attachment":[{"href":"https:\/\/www.press7.tv\/index.php?rest_route=%2Fwp%2Fv2%2Fmedia&parent=24649"}],"wp:term":[{"taxonomy":"category","embeddable":true,"href":"https:\/\/www.press7.tv\/index.php?rest_route=%2Fwp%2Fv2%2Fcategories&post=24649"},{"taxonomy":"post_tag","embeddable":true,"href":"https:\/\/www.press7.tv\/index.php?rest_route=%2Fwp%2Fv2%2Ftags&post=24649"}],"curies":[{"name":"wp","href":"https:\/\/api.w.org\/{rel}","templated":true}]}}