{"id":24636,"date":"2026-01-26T16:00:42","date_gmt":"2026-01-26T16:00:42","guid":{"rendered":"https:\/\/www.press7.tv\/?p=24636"},"modified":"2026-01-26T16:00:42","modified_gmt":"2026-01-26T16:00:42","slug":"platforma-liria-ka-emer-merr-leje-zyrtare-nga-komuna-e-prishtines-per-mbajtjen-e-marshit-me-17-shkurt","status":"publish","type":"post","link":"https:\/\/www.press7.tv\/?p=24636","title":{"rendered":"Platforma \u201cLiria ka Em\u00ebr\u201d merr leje zyrtare nga Komuna e Prishtin\u00ebs p\u00ebr mbajtjen e marshit m\u00eb 17 shkurt"},"content":{"rendered":"\n    <div class=\"xs_social_share_widget xs_share_url before_content \t\tmain_content  wslu-style-2 wslu-share-box-shaped wslu-fill-colored wslu-share-m-5 wslu-none wslu-share-vertical wslu-theme-font-no wslu-main_content\">\n\n\t\t\n        <ul>\n\t\t\t        <\/ul>\n    <\/div> \n<p>Platforma qytetare Liria ka Em\u00ebr njofton opinionin publik se ka siguruar lejen zyrtare nga Komuna e Prishtin\u00ebs p\u00ebr shfryt\u00ebzimin e hap\u00ebsir\u00ebs publike, me q\u00ebllim t\u00eb organizimit t\u00eb marshit qytetar me moton \u201cDrejt\u00ebsi, jo politik\u00eb!\u201d.<\/p>\n<p>Marshi do t\u00eb mbahet m\u00eb 17 shkurt, duke filluar nga ora 14:00, n\u00eb hap\u00ebsir\u00ebn publike t\u00eb miratuar nga autoritetet komunale, n\u00eb p\u00ebrputhje t\u00eb plot\u00eb me k\u00ebrkes\u00ebn e paraqitur nga organizator\u00ebt dhe me legjislacionin n\u00eb fuqi.<\/p>\n<p>Sipas dokumentit zyrtar t\u00eb l\u00ebshuar nga Komuna, leja \u00ebsht\u00eb dh\u00ebn\u00eb p\u00ebr p\u00ebrdorimin e hap\u00ebsir\u00ebs publike n\u00eb orarin e k\u00ebrkuar, duke garantuar k\u00ebshtu mbar\u00ebvajtjen e aktivitetit qytetar n\u00eb m\u00ebnyr\u00eb paq\u00ebsore dhe t\u00eb rregullt.<\/p>\n<p>Platforma \u201cLiria ka Em\u00ebr\u201d u b\u00ebn thirrje qytetar\u00ebve t\u00eb Prishtina dhe mbar\u00eb Kosov\u00ebs q\u00eb t\u2019i bashkohen k\u00ebtij marshi paq\u00ebsor, si shprehje e k\u00ebrkes\u00ebs p\u00ebr drejt\u00ebsi t\u00eb paanshme p\u00ebr ish-krer\u00ebt e Ushtris\u00eb \u00c7lirimtare t\u00eb Kosov\u00ebs, t\u00eb cil\u00ebt po mbahen n\u00eb paraburgim n\u00eb Hag\u00eb p\u00ebr m\u00eb shum\u00eb se pes\u00eb vite.<\/p>\n<p>Ky marsh \u00ebsht\u00eb nj\u00eb thirrje qytetare p\u00ebr respektimin e parimeve t\u00eb drejt\u00ebsis\u00eb, dinjitetit njer\u00ebzor dhe p\u00ebr ndarjen e qart\u00eb t\u00eb drejt\u00ebsis\u00eb nga politika.<\/p>\n","protected":false},"excerpt":{"rendered":"<p>Platforma qytetare Liria ka Em\u00ebr njofton opinionin publik se ka siguruar lejen zyrtare nga Komuna e Prishtin\u00ebs p\u00ebr shfryt\u00ebzimin e hap\u00ebsir\u00ebs publike, me q\u00ebllim t\u00eb organizimit t\u00eb marshit qytetar me moton \u201cDrejt\u00ebsi, jo politik\u00eb!\u201d. Marshi do t\u00eb mbahet m\u00eb 17 shkurt, duke filluar nga ora 14:00, n\u00eb hap\u00ebsir\u00ebn publike t\u00eb miratuar nga autoritetet komunale, n\u00eb [&hellip;]<\/p>\n","protected":false},"author":8,"featured_media":24637,"comment_status":"closed","ping_status":"closed","sticky":false,"template":"","format":"standard","meta":{"footnotes":""},"categories":[215,213],"tags":[],"class_list":["post-24636","post","type-post","status-publish","format-standard","has-post-thumbnail","hentry","category-kosove","category-lajme"],"yoast_head":"<!-- This site is optimized with the Yoast SEO plugin v25.1 - https:\/\/yoast.com\/wordpress\/plugins\/seo\/ -->\n<title>Platforma \u201cLiria ka Em\u00ebr\u201d merr leje zyrtare nga Komuna e Prishtin\u00ebs p\u00ebr mbajtjen e marshit m\u00eb 17 shkurt - press7.tv<\/title>\n<meta name=\"robots\" content=\"index, follow, max-snippet:-1, max-image-preview:large, max-video-preview:-1\" \/>\n<link rel=\"canonical\" href=\"https:\/\/www.press7.tv\/?p=24636\" \/>\n<meta property=\"og:locale\" content=\"en_US\" \/>\n<meta property=\"og:type\" content=\"article\" \/>\n<meta property=\"og:title\" content=\"Platforma \u201cLiria ka Em\u00ebr\u201d merr leje zyrtare nga Komuna e Prishtin\u00ebs p\u00ebr mbajtjen e marshit m\u00eb 17 shkurt - press7.tv\" \/>\n<meta property=\"og:description\" content=\"Platforma qytetare Liria ka Em\u00ebr njofton opinionin publik se ka siguruar lejen zyrtare nga Komuna e Prishtin\u00ebs p\u00ebr shfryt\u00ebzimin e hap\u00ebsir\u00ebs publike, me q\u00ebllim t\u00eb organizimit t\u00eb marshit qytetar me moton \u201cDrejt\u00ebsi, jo politik\u00eb!\u201d. Marshi do t\u00eb mbahet m\u00eb 17 shkurt, duke filluar nga ora 14:00, n\u00eb hap\u00ebsir\u00ebn publike t\u00eb miratuar nga autoritetet komunale, n\u00eb [&hellip;]\" \/>\n<meta property=\"og:url\" content=\"https:\/\/www.press7.tv\/?p=24636\" \/>\n<meta property=\"og:site_name\" content=\"press7.tv\" \/>\n<meta property=\"article:publisher\" content=\"https:\/\/www.facebook.com\/press7.tv\" \/>\n<meta property=\"article:published_time\" content=\"2026-01-26T16:00:42+00:00\" \/>\n<meta property=\"og:image\" content=\"https:\/\/www.press7.tv\/wp-content\/uploads\/2026\/01\/protesta-kunder-Gjykates-Speciale.avif\" \/>\n\t<meta property=\"og:image:width\" content=\"900\" \/>\n\t<meta property=\"og:image:height\" content=\"600\" \/>\n\t<meta property=\"og:image:type\" content=\"image\/jpeg\" \/>\n<meta name=\"author\" content=\"gazetar2\" \/>\n<meta name=\"twitter:card\" content=\"summary_large_image\" \/>\n<meta name=\"twitter:label1\" content=\"Written by\" \/>\n\t<meta name=\"twitter:data1\" content=\"gazetar2\" \/>\n\t<meta name=\"twitter:label2\" content=\"Est. reading time\" \/>\n\t<meta name=\"twitter:data2\" content=\"1 minute\" \/>\n<script type=\"application\/ld+json\" class=\"yoast-schema-graph\">{\"@context\":\"https:\/\/schema.org\",\"@graph\":[{\"@type\":\"Article\",\"@id\":\"https:\/\/www.press7.tv\/?p=24636#article\",\"isPartOf\":{\"@id\":\"https:\/\/www.press7.tv\/?p=24636\"},\"author\":{\"name\":\"gazetar2\",\"@id\":\"https:\/\/www.news33.tv\/#\/schema\/person\/5a04a38a23ccdba82f9bd665cd8f9efa\"},\"headline\":\"Platforma \u201cLiria ka Em\u00ebr\u201d merr leje zyrtare nga Komuna e Prishtin\u00ebs p\u00ebr mbajtjen e marshit m\u00eb 17 shkurt\",\"datePublished\":\"2026-01-26T16:00:42+00:00\",\"mainEntityOfPage\":{\"@id\":\"https:\/\/www.press7.tv\/?p=24636\"},\"wordCount\":236,\"publisher\":{\"@id\":\"https:\/\/www.news33.tv\/#organization\"},\"image\":{\"@id\":\"https:\/\/www.press7.tv\/?p=24636#primaryimage\"},\"thumbnailUrl\":\"https:\/\/www.press7.tv\/wp-content\/uploads\/2026\/01\/protesta-kunder-Gjykates-Speciale.avif\",\"articleSection\":[\"Kosov\u00eb\",\"Lajme\"],\"inLanguage\":\"en-US\"},{\"@type\":\"WebPage\",\"@id\":\"https:\/\/www.press7.tv\/?p=24636\",\"url\":\"https:\/\/www.press7.tv\/?p=24636\",\"name\":\"Platforma \u201cLiria ka Em\u00ebr\u201d merr leje zyrtare nga Komuna e Prishtin\u00ebs p\u00ebr mbajtjen e marshit m\u00eb 17 shkurt - press7.tv\",\"isPartOf\":{\"@id\":\"https:\/\/www.news33.tv\/#website\"},\"primaryImageOfPage\":{\"@id\":\"https:\/\/www.press7.tv\/?p=24636#primaryimage\"},\"image\":{\"@id\":\"https:\/\/www.press7.tv\/?p=24636#primaryimage\"},\"thumbnailUrl\":\"https:\/\/www.press7.tv\/wp-content\/uploads\/2026\/01\/protesta-kunder-Gjykates-Speciale.avif\",\"datePublished\":\"2026-01-26T16:00:42+00:00\",\"breadcrumb\":{\"@id\":\"https:\/\/www.press7.tv\/?p=24636#breadcrumb\"},\"inLanguage\":\"en-US\",\"potentialAction\":[{\"@type\":\"ReadAction\",\"target\":[\"https:\/\/www.press7.tv\/?p=24636\"]}]},{\"@type\":\"ImageObject\",\"inLanguage\":\"en-US\",\"@id\":\"https:\/\/www.press7.tv\/?p=24636#primaryimage\",\"url\":\"https:\/\/www.press7.tv\/wp-content\/uploads\/2026\/01\/protesta-kunder-Gjykates-Speciale.avif\",\"contentUrl\":\"https:\/\/www.press7.tv\/wp-content\/uploads\/2026\/01\/protesta-kunder-Gjykates-Speciale.avif\",\"width\":900,\"height\":600},{\"@type\":\"BreadcrumbList\",\"@id\":\"https:\/\/www.press7.tv\/?p=24636#breadcrumb\",\"itemListElement\":[{\"@type\":\"ListItem\",\"position\":1,\"name\":\"Home\",\"item\":\"https:\/\/www.press7.tv\/\"},{\"@type\":\"ListItem\",\"position\":2,\"name\":\"Platforma \u201cLiria ka Em\u00ebr\u201d merr leje zyrtare nga Komuna e Prishtin\u00ebs p\u00ebr mbajtjen e marshit m\u00eb 17 shkurt\"}]},{\"@type\":\"WebSite\",\"@id\":\"https:\/\/www.news33.tv\/#website\",\"url\":\"https:\/\/www.news33.tv\/\",\"name\":\"News33.tv Media\",\"description\":\"Media\",\"publisher\":{\"@id\":\"https:\/\/www.news33.tv\/#organization\"},\"potentialAction\":[{\"@type\":\"SearchAction\",\"target\":{\"@type\":\"EntryPoint\",\"urlTemplate\":\"https:\/\/www.news33.tv\/?s={search_term_string}\"},\"query-input\":{\"@type\":\"PropertyValueSpecification\",\"valueRequired\":true,\"valueName\":\"search_term_string\"}}],\"inLanguage\":\"en-US\"},{\"@type\":\"Organization\",\"@id\":\"https:\/\/www.news33.tv\/#organization\",\"name\":\"News33.tv Media\",\"url\":\"https:\/\/www.news33.tv\/\",\"logo\":{\"@type\":\"ImageObject\",\"inLanguage\":\"en-US\",\"@id\":\"https:\/\/www.news33.tv\/#\/schema\/logo\/image\/\",\"url\":\"https:\/\/www.press7.tv\/wp-content\/uploads\/2024\/02\/logo-news33-black.png\",\"contentUrl\":\"https:\/\/www.press7.tv\/wp-content\/uploads\/2024\/02\/logo-news33-black.png\",\"width\":180,\"height\":37,\"caption\":\"News33.tv Media\"},\"image\":{\"@id\":\"https:\/\/www.news33.tv\/#\/schema\/logo\/image\/\"},\"sameAs\":[\"https:\/\/www.facebook.com\/press7.tv\"]},{\"@type\":\"Person\",\"@id\":\"https:\/\/www.news33.tv\/#\/schema\/person\/5a04a38a23ccdba82f9bd665cd8f9efa\",\"name\":\"gazetar2\",\"image\":{\"@type\":\"ImageObject\",\"inLanguage\":\"en-US\",\"@id\":\"https:\/\/www.news33.tv\/#\/schema\/person\/image\/\",\"url\":\"https:\/\/www.press7.tv\/wp-content\/litespeed\/avatar\/41975e402c3049d9ddb03adca8f7a883.jpg?ver=1777169572\",\"contentUrl\":\"https:\/\/www.press7.tv\/wp-content\/litespeed\/avatar\/41975e402c3049d9ddb03adca8f7a883.jpg?ver=1777169572\",\"caption\":\"gazetar2\"},\"url\":\"https:\/\/www.press7.tv\/?author=8\"}]}<\/script>\n<!-- \/ Yoast SEO plugin. -->","yoast_head_json":{"title":"Platforma \u201cLiria ka Em\u00ebr\u201d merr leje zyrtare nga Komuna e Prishtin\u00ebs p\u00ebr mbajtjen e marshit m\u00eb 17 shkurt - press7.tv","robots":{"index":"index","follow":"follow","max-snippet":"max-snippet:-1","max-image-preview":"max-image-preview:large","max-video-preview":"max-video-preview:-1"},"canonical":"https:\/\/www.press7.tv\/?p=24636","og_locale":"en_US","og_type":"article","og_title":"Platforma \u201cLiria ka Em\u00ebr\u201d merr leje zyrtare nga Komuna e Prishtin\u00ebs p\u00ebr mbajtjen e marshit m\u00eb 17 shkurt - press7.tv","og_description":"Platforma qytetare Liria ka Em\u00ebr njofton opinionin publik se ka siguruar lejen zyrtare nga Komuna e Prishtin\u00ebs p\u00ebr shfryt\u00ebzimin e hap\u00ebsir\u00ebs publike, me q\u00ebllim t\u00eb organizimit t\u00eb marshit qytetar me moton \u201cDrejt\u00ebsi, jo politik\u00eb!\u201d. Marshi do t\u00eb mbahet m\u00eb 17 shkurt, duke filluar nga ora 14:00, n\u00eb hap\u00ebsir\u00ebn publike t\u00eb miratuar nga autoritetet komunale, n\u00eb [&hellip;]","og_url":"https:\/\/www.press7.tv\/?p=24636","og_site_name":"press7.tv","article_publisher":"https:\/\/www.facebook.com\/press7.tv","article_published_time":"2026-01-26T16:00:42+00:00","og_image":[{"width":900,"height":600,"url":"https:\/\/www.press7.tv\/wp-content\/uploads\/2026\/01\/protesta-kunder-Gjykates-Speciale.avif","type":"image\/jpeg"}],"author":"gazetar2","twitter_card":"summary_large_image","twitter_misc":{"Written by":"gazetar2","Est. reading time":"1 minute"},"schema":{"@context":"https:\/\/schema.org","@graph":[{"@type":"Article","@id":"https:\/\/www.press7.tv\/?p=24636#article","isPartOf":{"@id":"https:\/\/www.press7.tv\/?p=24636"},"author":{"name":"gazetar2","@id":"https:\/\/www.news33.tv\/#\/schema\/person\/5a04a38a23ccdba82f9bd665cd8f9efa"},"headline":"Platforma \u201cLiria ka Em\u00ebr\u201d merr leje zyrtare nga Komuna e Prishtin\u00ebs p\u00ebr mbajtjen e marshit m\u00eb 17 shkurt","datePublished":"2026-01-26T16:00:42+00:00","mainEntityOfPage":{"@id":"https:\/\/www.press7.tv\/?p=24636"},"wordCount":236,"publisher":{"@id":"https:\/\/www.news33.tv\/#organization"},"image":{"@id":"https:\/\/www.press7.tv\/?p=24636#primaryimage"},"thumbnailUrl":"https:\/\/www.press7.tv\/wp-content\/uploads\/2026\/01\/protesta-kunder-Gjykates-Speciale.avif","articleSection":["Kosov\u00eb","Lajme"],"inLanguage":"en-US"},{"@type":"WebPage","@id":"https:\/\/www.press7.tv\/?p=24636","url":"https:\/\/www.press7.tv\/?p=24636","name":"Platforma \u201cLiria ka Em\u00ebr\u201d merr leje zyrtare nga Komuna e Prishtin\u00ebs p\u00ebr mbajtjen e marshit m\u00eb 17 shkurt - press7.tv","isPartOf":{"@id":"https:\/\/www.news33.tv\/#website"},"primaryImageOfPage":{"@id":"https:\/\/www.press7.tv\/?p=24636#primaryimage"},"image":{"@id":"https:\/\/www.press7.tv\/?p=24636#primaryimage"},"thumbnailUrl":"https:\/\/www.press7.tv\/wp-content\/uploads\/2026\/01\/protesta-kunder-Gjykates-Speciale.avif","datePublished":"2026-01-26T16:00:42+00:00","breadcrumb":{"@id":"https:\/\/www.press7.tv\/?p=24636#breadcrumb"},"inLanguage":"en-US","potentialAction":[{"@type":"ReadAction","target":["https:\/\/www.press7.tv\/?p=24636"]}]},{"@type":"ImageObject","inLanguage":"en-US","@id":"https:\/\/www.press7.tv\/?p=24636#primaryimage","url":"https:\/\/www.press7.tv\/wp-content\/uploads\/2026\/01\/protesta-kunder-Gjykates-Speciale.avif","contentUrl":"https:\/\/www.press7.tv\/wp-content\/uploads\/2026\/01\/protesta-kunder-Gjykates-Speciale.avif","width":900,"height":600},{"@type":"BreadcrumbList","@id":"https:\/\/www.press7.tv\/?p=24636#breadcrumb","itemListElement":[{"@type":"ListItem","position":1,"name":"Home","item":"https:\/\/www.press7.tv\/"},{"@type":"ListItem","position":2,"name":"Platforma \u201cLiria ka Em\u00ebr\u201d merr leje zyrtare nga Komuna e Prishtin\u00ebs p\u00ebr mbajtjen e marshit m\u00eb 17 shkurt"}]},{"@type":"WebSite","@id":"https:\/\/www.news33.tv\/#website","url":"https:\/\/www.news33.tv\/","name":"News33.tv Media","description":"Media","publisher":{"@id":"https:\/\/www.news33.tv\/#organization"},"potentialAction":[{"@type":"SearchAction","target":{"@type":"EntryPoint","urlTemplate":"https:\/\/www.news33.tv\/?s={search_term_string}"},"query-input":{"@type":"PropertyValueSpecification","valueRequired":true,"valueName":"search_term_string"}}],"inLanguage":"en-US"},{"@type":"Organization","@id":"https:\/\/www.news33.tv\/#organization","name":"News33.tv Media","url":"https:\/\/www.news33.tv\/","logo":{"@type":"ImageObject","inLanguage":"en-US","@id":"https:\/\/www.news33.tv\/#\/schema\/logo\/image\/","url":"https:\/\/www.press7.tv\/wp-content\/uploads\/2024\/02\/logo-news33-black.png","contentUrl":"https:\/\/www.press7.tv\/wp-content\/uploads\/2024\/02\/logo-news33-black.png","width":180,"height":37,"caption":"News33.tv Media"},"image":{"@id":"https:\/\/www.news33.tv\/#\/schema\/logo\/image\/"},"sameAs":["https:\/\/www.facebook.com\/press7.tv"]},{"@type":"Person","@id":"https:\/\/www.news33.tv\/#\/schema\/person\/5a04a38a23ccdba82f9bd665cd8f9efa","name":"gazetar2","image":{"@type":"ImageObject","inLanguage":"en-US","@id":"https:\/\/www.news33.tv\/#\/schema\/person\/image\/","url":"https:\/\/www.press7.tv\/wp-content\/litespeed\/avatar\/41975e402c3049d9ddb03adca8f7a883.jpg?ver=1777169572","contentUrl":"https:\/\/www.press7.tv\/wp-content\/litespeed\/avatar\/41975e402c3049d9ddb03adca8f7a883.jpg?ver=1777169572","caption":"gazetar2"},"url":"https:\/\/www.press7.tv\/?author=8"}]}},"amp_enabled":true,"_links":{"self":[{"href":"https:\/\/www.press7.tv\/index.php?rest_route=\/wp\/v2\/posts\/24636","targetHints":{"allow":["GET"]}}],"collection":[{"href":"https:\/\/www.press7.tv\/index.php?rest_route=\/wp\/v2\/posts"}],"about":[{"href":"https:\/\/www.press7.tv\/index.php?rest_route=\/wp\/v2\/types\/post"}],"author":[{"embeddable":true,"href":"https:\/\/www.press7.tv\/index.php?rest_route=\/wp\/v2\/users\/8"}],"replies":[{"embeddable":true,"href":"https:\/\/www.press7.tv\/index.php?rest_route=%2Fwp%2Fv2%2Fcomments&post=24636"}],"version-history":[{"count":1,"href":"https:\/\/www.press7.tv\/index.php?rest_route=\/wp\/v2\/posts\/24636\/revisions"}],"predecessor-version":[{"id":24638,"href":"https:\/\/www.press7.tv\/index.php?rest_route=\/wp\/v2\/posts\/24636\/revisions\/24638"}],"wp:featuredmedia":[{"embeddable":true,"href":"https:\/\/www.press7.tv\/index.php?rest_route=\/wp\/v2\/media\/24637"}],"wp:attachment":[{"href":"https:\/\/www.press7.tv\/index.php?rest_route=%2Fwp%2Fv2%2Fmedia&parent=24636"}],"wp:term":[{"taxonomy":"category","embeddable":true,"href":"https:\/\/www.press7.tv\/index.php?rest_route=%2Fwp%2Fv2%2Fcategories&post=24636"},{"taxonomy":"post_tag","embeddable":true,"href":"https:\/\/www.press7.tv\/index.php?rest_route=%2Fwp%2Fv2%2Ftags&post=24636"}],"curies":[{"name":"wp","href":"https:\/\/api.w.org\/{rel}","templated":true}]}}