{"id":24628,"date":"2026-01-26T15:04:48","date_gmt":"2026-01-26T15:04:48","guid":{"rendered":"https:\/\/www.press7.tv\/?p=24628"},"modified":"2026-01-26T15:04:48","modified_gmt":"2026-01-26T15:04:48","slug":"ari-arrin-rekordin-historik-shqetesimet-globale-rrisin-kerkesen","status":"publish","type":"post","link":"https:\/\/www.press7.tv\/?p=24628","title":{"rendered":"Ari arrin rekordin historik, shqet\u00ebsimet globale rrisin k\u00ebrkes\u00ebn"},"content":{"rendered":"\n    <div class=\"xs_social_share_widget xs_share_url before_content \t\tmain_content  wslu-style-2 wslu-share-box-shaped wslu-fill-colored wslu-share-m-5 wslu-none wslu-share-vertical wslu-theme-font-no wslu-main_content\">\n\n\t\t\n        <ul>\n\t\t\t        <\/ul>\n    <\/div> \n<p>\u00c7mimi i arit ka arritur nj\u00eb nivel historik duke kaluar 5,000 dollar\u00eb p\u00ebr ons (nj\u00eb ons i ka 28 gram\u00eb), p\u00ebr her\u00eb t\u00eb par\u00eb t\u00eb diel\u00ebn von\u00eb. Arit i \u00ebsht\u00eb rritur \u00e7mimi mbi 17 p\u00ebr qind vet\u00ebm k\u00ebt\u00eb vit, nd\u00ebrsa rritja vjetore vazhdon trendin e fort\u00eb nga viti 2025, kur ky metal i \u00e7muar u rrit rreth 64 p\u00ebr qind \u2013 shifra m\u00eb e madhe vjetore q\u00eb nga viti 1979.<\/p>\n<p>Ekspert\u00ebt ekonomik\u00eb theksojn\u00eb se rritja historike \u00ebsht\u00eb nxitur nga kombinimi i faktor\u00ebve gjeopolitik\u00eb, politika t\u00eb paq\u00ebndrueshme dhe pasiguri e tregjeve financiare, raportoi CNN-i.<\/p>\n<p>Vendimet e fundit t\u00eb Shteteve t\u00eb Bashkuara, p\u00ebrfshir\u00eb tensionet tregtare me aleat\u00ebt kryesor\u00eb, k\u00ebrc\u00ebnimet me tarifa ndaj Kanadas\u00eb dhe rastet politike q\u00eb kan\u00eb trazuar tregjet globale, jan\u00eb nd\u00ebr faktor\u00ebt kryesor\u00eb q\u00eb kan\u00eb \u00e7uar investitor\u00ebt drejt arit si streh\u00eb t\u00eb sigurt. <\/p>\n<p>Nj\u00eb nga faktor\u00ebt kryesor\u00eb t\u00eb k\u00ebsaj rritjeje \u00ebsht\u00eb edhe dob\u00ebsimi i dollarit amerikan, gj\u00eb q\u00eb ul koston e arit p\u00ebr bler\u00ebsit nd\u00ebrkomb\u00ebtar\u00eb dhe e b\u00ebn at\u00eb alternativ\u00eb m\u00eb t\u00ebrheq\u00ebse ndaj aseteve t\u00eb tjera. <\/p>\n<p>P\u00ebrve\u00e7 arit, edhe argjendi ka regjistruar rritje t\u00eb r\u00ebnd\u00ebsishme, duke kaluar p\u00ebr her\u00eb t\u00eb par\u00eb shifr\u00ebn 100 dollar\u00eb p\u00ebr ons. <\/p>\n","protected":false},"excerpt":{"rendered":"<p>\u00c7mimi i arit ka arritur nj\u00eb nivel historik duke kaluar 5,000 dollar\u00eb p\u00ebr ons (nj\u00eb ons i ka 28 gram\u00eb), p\u00ebr her\u00eb t\u00eb par\u00eb t\u00eb diel\u00ebn von\u00eb. Arit i \u00ebsht\u00eb rritur \u00e7mimi mbi 17 p\u00ebr qind vet\u00ebm k\u00ebt\u00eb vit, nd\u00ebrsa rritja vjetore vazhdon trendin e fort\u00eb nga viti 2025, kur ky metal i \u00e7muar u [&hellip;]<\/p>\n","protected":false},"author":8,"featured_media":24629,"comment_status":"closed","ping_status":"closed","sticky":false,"template":"","format":"standard","meta":{"footnotes":""},"categories":[3033],"tags":[],"class_list":["post-24628","post","type-post","status-publish","format-standard","has-post-thumbnail","hentry","category-kuriozitet"],"yoast_head":"<!-- This site is optimized with the Yoast SEO plugin v25.1 - https:\/\/yoast.com\/wordpress\/plugins\/seo\/ -->\n<title>Ari arrin rekordin historik, shqet\u00ebsimet globale rrisin k\u00ebrkes\u00ebn - press7.tv<\/title>\n<meta name=\"robots\" content=\"index, follow, max-snippet:-1, max-image-preview:large, max-video-preview:-1\" \/>\n<link rel=\"canonical\" href=\"https:\/\/www.press7.tv\/?p=24628\" \/>\n<meta property=\"og:locale\" content=\"en_US\" \/>\n<meta property=\"og:type\" content=\"article\" \/>\n<meta property=\"og:title\" content=\"Ari arrin rekordin historik, shqet\u00ebsimet globale rrisin k\u00ebrkes\u00ebn - press7.tv\" \/>\n<meta property=\"og:description\" content=\"\u00c7mimi i arit ka arritur nj\u00eb nivel historik duke kaluar 5,000 dollar\u00eb p\u00ebr ons (nj\u00eb ons i ka 28 gram\u00eb), p\u00ebr her\u00eb t\u00eb par\u00eb t\u00eb diel\u00ebn von\u00eb. Arit i \u00ebsht\u00eb rritur \u00e7mimi mbi 17 p\u00ebr qind vet\u00ebm k\u00ebt\u00eb vit, nd\u00ebrsa rritja vjetore vazhdon trendin e fort\u00eb nga viti 2025, kur ky metal i \u00e7muar u [&hellip;]\" \/>\n<meta property=\"og:url\" content=\"https:\/\/www.press7.tv\/?p=24628\" \/>\n<meta property=\"og:site_name\" content=\"press7.tv\" \/>\n<meta property=\"article:publisher\" content=\"https:\/\/www.facebook.com\/press7.tv\" \/>\n<meta property=\"article:published_time\" content=\"2026-01-26T15:04:48+00:00\" \/>\n<meta property=\"og:image\" content=\"https:\/\/www.press7.tv\/wp-content\/uploads\/2026\/01\/5bfa35d2-bbe5-4fac-a42f-9577f6232bc9-1-1.avif\" \/>\n\t<meta property=\"og:image:width\" content=\"680\" \/>\n\t<meta property=\"og:image:height\" content=\"382\" \/>\n\t<meta property=\"og:image:type\" content=\"image\/webp\" \/>\n<meta name=\"author\" content=\"gazetar2\" \/>\n<meta name=\"twitter:card\" content=\"summary_large_image\" \/>\n<meta name=\"twitter:label1\" content=\"Written by\" \/>\n\t<meta name=\"twitter:data1\" content=\"gazetar2\" \/>\n\t<meta name=\"twitter:label2\" content=\"Est. reading time\" \/>\n\t<meta name=\"twitter:data2\" content=\"1 minute\" \/>\n<script type=\"application\/ld+json\" class=\"yoast-schema-graph\">{\"@context\":\"https:\/\/schema.org\",\"@graph\":[{\"@type\":\"Article\",\"@id\":\"https:\/\/www.press7.tv\/?p=24628#article\",\"isPartOf\":{\"@id\":\"https:\/\/www.press7.tv\/?p=24628\"},\"author\":{\"name\":\"gazetar2\",\"@id\":\"https:\/\/www.news33.tv\/#\/schema\/person\/5a04a38a23ccdba82f9bd665cd8f9efa\"},\"headline\":\"Ari arrin rekordin historik, shqet\u00ebsimet globale rrisin k\u00ebrkes\u00ebn\",\"datePublished\":\"2026-01-26T15:04:48+00:00\",\"mainEntityOfPage\":{\"@id\":\"https:\/\/www.press7.tv\/?p=24628\"},\"wordCount\":223,\"publisher\":{\"@id\":\"https:\/\/www.news33.tv\/#organization\"},\"image\":{\"@id\":\"https:\/\/www.press7.tv\/?p=24628#primaryimage\"},\"thumbnailUrl\":\"https:\/\/www.press7.tv\/wp-content\/uploads\/2026\/01\/5bfa35d2-bbe5-4fac-a42f-9577f6232bc9-1-1.avif\",\"articleSection\":[\"Kuriozitet\"],\"inLanguage\":\"en-US\"},{\"@type\":\"WebPage\",\"@id\":\"https:\/\/www.press7.tv\/?p=24628\",\"url\":\"https:\/\/www.press7.tv\/?p=24628\",\"name\":\"Ari arrin rekordin historik, shqet\u00ebsimet globale rrisin k\u00ebrkes\u00ebn - press7.tv\",\"isPartOf\":{\"@id\":\"https:\/\/www.news33.tv\/#website\"},\"primaryImageOfPage\":{\"@id\":\"https:\/\/www.press7.tv\/?p=24628#primaryimage\"},\"image\":{\"@id\":\"https:\/\/www.press7.tv\/?p=24628#primaryimage\"},\"thumbnailUrl\":\"https:\/\/www.press7.tv\/wp-content\/uploads\/2026\/01\/5bfa35d2-bbe5-4fac-a42f-9577f6232bc9-1-1.avif\",\"datePublished\":\"2026-01-26T15:04:48+00:00\",\"breadcrumb\":{\"@id\":\"https:\/\/www.press7.tv\/?p=24628#breadcrumb\"},\"inLanguage\":\"en-US\",\"potentialAction\":[{\"@type\":\"ReadAction\",\"target\":[\"https:\/\/www.press7.tv\/?p=24628\"]}]},{\"@type\":\"ImageObject\",\"inLanguage\":\"en-US\",\"@id\":\"https:\/\/www.press7.tv\/?p=24628#primaryimage\",\"url\":\"https:\/\/www.press7.tv\/wp-content\/uploads\/2026\/01\/5bfa35d2-bbe5-4fac-a42f-9577f6232bc9-1-1.avif\",\"contentUrl\":\"https:\/\/www.press7.tv\/wp-content\/uploads\/2026\/01\/5bfa35d2-bbe5-4fac-a42f-9577f6232bc9-1-1.avif\",\"width\":680,\"height\":382},{\"@type\":\"BreadcrumbList\",\"@id\":\"https:\/\/www.press7.tv\/?p=24628#breadcrumb\",\"itemListElement\":[{\"@type\":\"ListItem\",\"position\":1,\"name\":\"Home\",\"item\":\"https:\/\/www.press7.tv\/\"},{\"@type\":\"ListItem\",\"position\":2,\"name\":\"Ari arrin rekordin historik, shqet\u00ebsimet globale rrisin k\u00ebrkes\u00ebn\"}]},{\"@type\":\"WebSite\",\"@id\":\"https:\/\/www.news33.tv\/#website\",\"url\":\"https:\/\/www.news33.tv\/\",\"name\":\"News33.tv Media\",\"description\":\"Media\",\"publisher\":{\"@id\":\"https:\/\/www.news33.tv\/#organization\"},\"potentialAction\":[{\"@type\":\"SearchAction\",\"target\":{\"@type\":\"EntryPoint\",\"urlTemplate\":\"https:\/\/www.news33.tv\/?s={search_term_string}\"},\"query-input\":{\"@type\":\"PropertyValueSpecification\",\"valueRequired\":true,\"valueName\":\"search_term_string\"}}],\"inLanguage\":\"en-US\"},{\"@type\":\"Organization\",\"@id\":\"https:\/\/www.news33.tv\/#organization\",\"name\":\"News33.tv Media\",\"url\":\"https:\/\/www.news33.tv\/\",\"logo\":{\"@type\":\"ImageObject\",\"inLanguage\":\"en-US\",\"@id\":\"https:\/\/www.news33.tv\/#\/schema\/logo\/image\/\",\"url\":\"https:\/\/www.press7.tv\/wp-content\/uploads\/2024\/02\/logo-news33-black.png\",\"contentUrl\":\"https:\/\/www.press7.tv\/wp-content\/uploads\/2024\/02\/logo-news33-black.png\",\"width\":180,\"height\":37,\"caption\":\"News33.tv Media\"},\"image\":{\"@id\":\"https:\/\/www.news33.tv\/#\/schema\/logo\/image\/\"},\"sameAs\":[\"https:\/\/www.facebook.com\/press7.tv\"]},{\"@type\":\"Person\",\"@id\":\"https:\/\/www.news33.tv\/#\/schema\/person\/5a04a38a23ccdba82f9bd665cd8f9efa\",\"name\":\"gazetar2\",\"image\":{\"@type\":\"ImageObject\",\"inLanguage\":\"en-US\",\"@id\":\"https:\/\/www.news33.tv\/#\/schema\/person\/image\/\",\"url\":\"https:\/\/www.press7.tv\/wp-content\/litespeed\/avatar\/41975e402c3049d9ddb03adca8f7a883.jpg?ver=1777169572\",\"contentUrl\":\"https:\/\/www.press7.tv\/wp-content\/litespeed\/avatar\/41975e402c3049d9ddb03adca8f7a883.jpg?ver=1777169572\",\"caption\":\"gazetar2\"},\"url\":\"https:\/\/www.press7.tv\/?author=8\"}]}<\/script>\n<!-- \/ Yoast SEO plugin. -->","yoast_head_json":{"title":"Ari arrin rekordin historik, shqet\u00ebsimet globale rrisin k\u00ebrkes\u00ebn - press7.tv","robots":{"index":"index","follow":"follow","max-snippet":"max-snippet:-1","max-image-preview":"max-image-preview:large","max-video-preview":"max-video-preview:-1"},"canonical":"https:\/\/www.press7.tv\/?p=24628","og_locale":"en_US","og_type":"article","og_title":"Ari arrin rekordin historik, shqet\u00ebsimet globale rrisin k\u00ebrkes\u00ebn - press7.tv","og_description":"\u00c7mimi i arit ka arritur nj\u00eb nivel historik duke kaluar 5,000 dollar\u00eb p\u00ebr ons (nj\u00eb ons i ka 28 gram\u00eb), p\u00ebr her\u00eb t\u00eb par\u00eb t\u00eb diel\u00ebn von\u00eb. Arit i \u00ebsht\u00eb rritur \u00e7mimi mbi 17 p\u00ebr qind vet\u00ebm k\u00ebt\u00eb vit, nd\u00ebrsa rritja vjetore vazhdon trendin e fort\u00eb nga viti 2025, kur ky metal i \u00e7muar u [&hellip;]","og_url":"https:\/\/www.press7.tv\/?p=24628","og_site_name":"press7.tv","article_publisher":"https:\/\/www.facebook.com\/press7.tv","article_published_time":"2026-01-26T15:04:48+00:00","og_image":[{"width":680,"height":382,"url":"https:\/\/www.press7.tv\/wp-content\/uploads\/2026\/01\/5bfa35d2-bbe5-4fac-a42f-9577f6232bc9-1-1.avif","type":"image\/webp"}],"author":"gazetar2","twitter_card":"summary_large_image","twitter_misc":{"Written by":"gazetar2","Est. reading time":"1 minute"},"schema":{"@context":"https:\/\/schema.org","@graph":[{"@type":"Article","@id":"https:\/\/www.press7.tv\/?p=24628#article","isPartOf":{"@id":"https:\/\/www.press7.tv\/?p=24628"},"author":{"name":"gazetar2","@id":"https:\/\/www.news33.tv\/#\/schema\/person\/5a04a38a23ccdba82f9bd665cd8f9efa"},"headline":"Ari arrin rekordin historik, shqet\u00ebsimet globale rrisin k\u00ebrkes\u00ebn","datePublished":"2026-01-26T15:04:48+00:00","mainEntityOfPage":{"@id":"https:\/\/www.press7.tv\/?p=24628"},"wordCount":223,"publisher":{"@id":"https:\/\/www.news33.tv\/#organization"},"image":{"@id":"https:\/\/www.press7.tv\/?p=24628#primaryimage"},"thumbnailUrl":"https:\/\/www.press7.tv\/wp-content\/uploads\/2026\/01\/5bfa35d2-bbe5-4fac-a42f-9577f6232bc9-1-1.avif","articleSection":["Kuriozitet"],"inLanguage":"en-US"},{"@type":"WebPage","@id":"https:\/\/www.press7.tv\/?p=24628","url":"https:\/\/www.press7.tv\/?p=24628","name":"Ari arrin rekordin historik, shqet\u00ebsimet globale rrisin k\u00ebrkes\u00ebn - press7.tv","isPartOf":{"@id":"https:\/\/www.news33.tv\/#website"},"primaryImageOfPage":{"@id":"https:\/\/www.press7.tv\/?p=24628#primaryimage"},"image":{"@id":"https:\/\/www.press7.tv\/?p=24628#primaryimage"},"thumbnailUrl":"https:\/\/www.press7.tv\/wp-content\/uploads\/2026\/01\/5bfa35d2-bbe5-4fac-a42f-9577f6232bc9-1-1.avif","datePublished":"2026-01-26T15:04:48+00:00","breadcrumb":{"@id":"https:\/\/www.press7.tv\/?p=24628#breadcrumb"},"inLanguage":"en-US","potentialAction":[{"@type":"ReadAction","target":["https:\/\/www.press7.tv\/?p=24628"]}]},{"@type":"ImageObject","inLanguage":"en-US","@id":"https:\/\/www.press7.tv\/?p=24628#primaryimage","url":"https:\/\/www.press7.tv\/wp-content\/uploads\/2026\/01\/5bfa35d2-bbe5-4fac-a42f-9577f6232bc9-1-1.avif","contentUrl":"https:\/\/www.press7.tv\/wp-content\/uploads\/2026\/01\/5bfa35d2-bbe5-4fac-a42f-9577f6232bc9-1-1.avif","width":680,"height":382},{"@type":"BreadcrumbList","@id":"https:\/\/www.press7.tv\/?p=24628#breadcrumb","itemListElement":[{"@type":"ListItem","position":1,"name":"Home","item":"https:\/\/www.press7.tv\/"},{"@type":"ListItem","position":2,"name":"Ari arrin rekordin historik, shqet\u00ebsimet globale rrisin k\u00ebrkes\u00ebn"}]},{"@type":"WebSite","@id":"https:\/\/www.news33.tv\/#website","url":"https:\/\/www.news33.tv\/","name":"News33.tv Media","description":"Media","publisher":{"@id":"https:\/\/www.news33.tv\/#organization"},"potentialAction":[{"@type":"SearchAction","target":{"@type":"EntryPoint","urlTemplate":"https:\/\/www.news33.tv\/?s={search_term_string}"},"query-input":{"@type":"PropertyValueSpecification","valueRequired":true,"valueName":"search_term_string"}}],"inLanguage":"en-US"},{"@type":"Organization","@id":"https:\/\/www.news33.tv\/#organization","name":"News33.tv Media","url":"https:\/\/www.news33.tv\/","logo":{"@type":"ImageObject","inLanguage":"en-US","@id":"https:\/\/www.news33.tv\/#\/schema\/logo\/image\/","url":"https:\/\/www.press7.tv\/wp-content\/uploads\/2024\/02\/logo-news33-black.png","contentUrl":"https:\/\/www.press7.tv\/wp-content\/uploads\/2024\/02\/logo-news33-black.png","width":180,"height":37,"caption":"News33.tv Media"},"image":{"@id":"https:\/\/www.news33.tv\/#\/schema\/logo\/image\/"},"sameAs":["https:\/\/www.facebook.com\/press7.tv"]},{"@type":"Person","@id":"https:\/\/www.news33.tv\/#\/schema\/person\/5a04a38a23ccdba82f9bd665cd8f9efa","name":"gazetar2","image":{"@type":"ImageObject","inLanguage":"en-US","@id":"https:\/\/www.news33.tv\/#\/schema\/person\/image\/","url":"https:\/\/www.press7.tv\/wp-content\/litespeed\/avatar\/41975e402c3049d9ddb03adca8f7a883.jpg?ver=1777169572","contentUrl":"https:\/\/www.press7.tv\/wp-content\/litespeed\/avatar\/41975e402c3049d9ddb03adca8f7a883.jpg?ver=1777169572","caption":"gazetar2"},"url":"https:\/\/www.press7.tv\/?author=8"}]}},"amp_enabled":true,"_links":{"self":[{"href":"https:\/\/www.press7.tv\/index.php?rest_route=\/wp\/v2\/posts\/24628","targetHints":{"allow":["GET"]}}],"collection":[{"href":"https:\/\/www.press7.tv\/index.php?rest_route=\/wp\/v2\/posts"}],"about":[{"href":"https:\/\/www.press7.tv\/index.php?rest_route=\/wp\/v2\/types\/post"}],"author":[{"embeddable":true,"href":"https:\/\/www.press7.tv\/index.php?rest_route=\/wp\/v2\/users\/8"}],"replies":[{"embeddable":true,"href":"https:\/\/www.press7.tv\/index.php?rest_route=%2Fwp%2Fv2%2Fcomments&post=24628"}],"version-history":[{"count":1,"href":"https:\/\/www.press7.tv\/index.php?rest_route=\/wp\/v2\/posts\/24628\/revisions"}],"predecessor-version":[{"id":24630,"href":"https:\/\/www.press7.tv\/index.php?rest_route=\/wp\/v2\/posts\/24628\/revisions\/24630"}],"wp:featuredmedia":[{"embeddable":true,"href":"https:\/\/www.press7.tv\/index.php?rest_route=\/wp\/v2\/media\/24629"}],"wp:attachment":[{"href":"https:\/\/www.press7.tv\/index.php?rest_route=%2Fwp%2Fv2%2Fmedia&parent=24628"}],"wp:term":[{"taxonomy":"category","embeddable":true,"href":"https:\/\/www.press7.tv\/index.php?rest_route=%2Fwp%2Fv2%2Fcategories&post=24628"},{"taxonomy":"post_tag","embeddable":true,"href":"https:\/\/www.press7.tv\/index.php?rest_route=%2Fwp%2Fv2%2Ftags&post=24628"}],"curies":[{"name":"wp","href":"https:\/\/api.w.org\/{rel}","templated":true}]}}