{"id":24614,"date":"2026-01-24T18:39:17","date_gmt":"2026-01-24T18:39:17","guid":{"rendered":"https:\/\/www.press7.tv\/?p=24614"},"modified":"2026-01-24T18:39:17","modified_gmt":"2026-01-24T18:39:17","slug":"tensione-ne-protesten-e-partise-demokratike-ne-shqiperi","status":"publish","type":"post","link":"https:\/\/www.press7.tv\/?p=24614","title":{"rendered":"Tensione n\u00eb protest\u00ebn e Partis\u00eb Demokratike n\u00eb Shqip\u00ebri"},"content":{"rendered":"\n    <div class=\"xs_social_share_widget xs_share_url before_content \t\tmain_content  wslu-style-2 wslu-share-box-shaped wslu-fill-colored wslu-share-m-5 wslu-none wslu-share-vertical wslu-theme-font-no wslu-main_content\">\n\n\t\t\n        <ul>\n\t\t\t        <\/ul>\n    <\/div> \n<p>Artikull i p\u00ebrdit\u00ebsuar n\u00eb or\u00ebn 19:29 &#8211; Protesta e Partis\u00eb Demokratike para Kuvendit t\u00eb Shqip\u00ebris\u00eb \u00ebsht\u00eb p\u00ebrcjell\u00eb me tensione. Protestuesit jan\u00eb p\u00ebrplasur me policin\u00eb q\u00eb ka p\u00ebrdorur gaz lotsjell\u00ebs p\u00ebr ta shp\u00ebrndar\u00eb turm\u00ebn. Nd\u00ebrkaq protestuesit raportohet se po hedhin gur\u00eb drejt policis\u00eb q\u00eb \u00ebsht\u00eb e vendosur para objektit t\u00eb Parlamentit.<\/p>\n<p>Pas molotov\u00ebve drejt Kryeministris\u00eb, PD-ja zhvendos protest\u00ebn te Kuvendi<\/p>\n<p>Artikull i p\u00ebrdit\u00ebsuar n\u00eb or\u00ebn 19:02 &#8211; Partia Demokratike e ka zhvendosur protest\u00ebn te Kuvendi i Shqip\u00ebris\u00eb, pasi protestuesit hodh\u00ebn molotov\u00eb e fishekzjarr\u00eb n\u00eb drejtim t\u00eb objektit t\u00eb Kryeministris\u00eb. Kjo ndodhi pas fjalimit t\u00eb Sali Berish\u00ebs. Policia ka p\u00ebrdorur gaz lotsjell\u00ebs.<\/p>\n<p>PD-ja proteston para Qeveris\u00eb, k\u00ebrkon rr\u00ebzimin e Ram\u00ebs<\/p>\n<p>Partia Demokratike n\u00eb Shqip\u00ebri ka nisur para objektit t\u00eb Kryeministris\u00eb nj\u00eb protest\u00eb p\u00ebrmes s\u00eb cil\u00ebs ka k\u00ebrkuar largimin e Qeveris\u00eb dhe vendosjen e nj\u00eb qeverie teknike dhe organizimin e zgjedhjeve t\u00eb reja.<\/p>\n<p>PD-ja proteston para Qeveris\u00eb, k\u00ebrkon rr\u00ebzimin e Ram\u00ebs<\/p>\n<p>Partia Demokratike n\u00eb Shqip\u00ebri ka nisur para objektit t\u00eb Kryeministris\u00eb nj\u00eb protest\u00eb p\u00ebrmes s\u00eb cil\u00ebs ka k\u00ebrkuar largimin e Qeveris\u00eb dhe vendosjen e nj\u00eb qeverie teknike dhe organizimin e zgjedhjeve t\u00eb reja.<\/p>\n","protected":false},"excerpt":{"rendered":"<p>Artikull i p\u00ebrdit\u00ebsuar n\u00eb or\u00ebn 19:29 &#8211; Protesta e Partis\u00eb Demokratike para Kuvendit t\u00eb Shqip\u00ebris\u00eb \u00ebsht\u00eb p\u00ebrcjell\u00eb me tensione. Protestuesit jan\u00eb p\u00ebrplasur me policin\u00eb q\u00eb ka p\u00ebrdorur gaz lotsjell\u00ebs p\u00ebr ta shp\u00ebrndar\u00eb turm\u00ebn. Nd\u00ebrkaq protestuesit raportohet se po hedhin gur\u00eb drejt policis\u00eb q\u00eb \u00ebsht\u00eb e vendosur para objektit t\u00eb Parlamentit. Pas molotov\u00ebve drejt Kryeministris\u00eb, PD-ja [&hellip;]<\/p>\n","protected":false},"author":8,"featured_media":24615,"comment_status":"closed","ping_status":"closed","sticky":false,"template":"","format":"standard","meta":{"footnotes":""},"categories":[216],"tags":[],"class_list":["post-24614","post","type-post","status-publish","format-standard","has-post-thumbnail","hentry","category-shqiperi"],"yoast_head":"<!-- This site is optimized with the Yoast SEO plugin v25.1 - https:\/\/yoast.com\/wordpress\/plugins\/seo\/ -->\n<title>Tensione n\u00eb protest\u00ebn e Partis\u00eb Demokratike n\u00eb Shqip\u00ebri - press7.tv<\/title>\n<meta name=\"robots\" content=\"index, follow, max-snippet:-1, max-image-preview:large, max-video-preview:-1\" \/>\n<link rel=\"canonical\" href=\"https:\/\/www.press7.tv\/?p=24614\" \/>\n<meta property=\"og:locale\" content=\"en_US\" \/>\n<meta property=\"og:type\" content=\"article\" \/>\n<meta property=\"og:title\" content=\"Tensione n\u00eb protest\u00ebn e Partis\u00eb Demokratike n\u00eb Shqip\u00ebri - press7.tv\" \/>\n<meta property=\"og:description\" content=\"Artikull i p\u00ebrdit\u00ebsuar n\u00eb or\u00ebn 19:29 &#8211; Protesta e Partis\u00eb Demokratike para Kuvendit t\u00eb Shqip\u00ebris\u00eb \u00ebsht\u00eb p\u00ebrcjell\u00eb me tensione. Protestuesit jan\u00eb p\u00ebrplasur me policin\u00eb q\u00eb ka p\u00ebrdorur gaz lotsjell\u00ebs p\u00ebr ta shp\u00ebrndar\u00eb turm\u00ebn. Nd\u00ebrkaq protestuesit raportohet se po hedhin gur\u00eb drejt policis\u00eb q\u00eb \u00ebsht\u00eb e vendosur para objektit t\u00eb Parlamentit. Pas molotov\u00ebve drejt Kryeministris\u00eb, PD-ja [&hellip;]\" \/>\n<meta property=\"og:url\" content=\"https:\/\/www.press7.tv\/?p=24614\" \/>\n<meta property=\"og:site_name\" content=\"press7.tv\" \/>\n<meta property=\"article:publisher\" content=\"https:\/\/www.facebook.com\/press7.tv\" \/>\n<meta property=\"article:published_time\" content=\"2026-01-24T18:39:17+00:00\" \/>\n<meta property=\"og:image\" content=\"https:\/\/www.press7.tv\/wp-content\/uploads\/2026\/01\/32a8a5d6-e47b-419e-af6f-9b2fc0036dcb.avif\" \/>\n\t<meta property=\"og:image:width\" content=\"680\" \/>\n\t<meta property=\"og:image:height\" content=\"434\" \/>\n\t<meta property=\"og:image:type\" content=\"image\/webp\" \/>\n<meta name=\"author\" content=\"gazetar2\" \/>\n<meta name=\"twitter:card\" content=\"summary_large_image\" \/>\n<meta name=\"twitter:label1\" content=\"Written by\" \/>\n\t<meta name=\"twitter:data1\" content=\"gazetar2\" \/>\n<script type=\"application\/ld+json\" class=\"yoast-schema-graph\">{\"@context\":\"https:\/\/schema.org\",\"@graph\":[{\"@type\":\"Article\",\"@id\":\"https:\/\/www.press7.tv\/?p=24614#article\",\"isPartOf\":{\"@id\":\"https:\/\/www.press7.tv\/?p=24614\"},\"author\":{\"name\":\"gazetar2\",\"@id\":\"https:\/\/www.news33.tv\/#\/schema\/person\/5a04a38a23ccdba82f9bd665cd8f9efa\"},\"headline\":\"Tensione n\u00eb protest\u00ebn e Partis\u00eb Demokratike n\u00eb Shqip\u00ebri\",\"datePublished\":\"2026-01-24T18:39:17+00:00\",\"mainEntityOfPage\":{\"@id\":\"https:\/\/www.press7.tv\/?p=24614\"},\"wordCount\":225,\"publisher\":{\"@id\":\"https:\/\/www.news33.tv\/#organization\"},\"image\":{\"@id\":\"https:\/\/www.press7.tv\/?p=24614#primaryimage\"},\"thumbnailUrl\":\"https:\/\/www.press7.tv\/wp-content\/uploads\/2026\/01\/32a8a5d6-e47b-419e-af6f-9b2fc0036dcb.avif\",\"articleSection\":[\"Shqip\u00ebri\"],\"inLanguage\":\"en-US\"},{\"@type\":\"WebPage\",\"@id\":\"https:\/\/www.press7.tv\/?p=24614\",\"url\":\"https:\/\/www.press7.tv\/?p=24614\",\"name\":\"Tensione n\u00eb protest\u00ebn e Partis\u00eb Demokratike n\u00eb Shqip\u00ebri - press7.tv\",\"isPartOf\":{\"@id\":\"https:\/\/www.news33.tv\/#website\"},\"primaryImageOfPage\":{\"@id\":\"https:\/\/www.press7.tv\/?p=24614#primaryimage\"},\"image\":{\"@id\":\"https:\/\/www.press7.tv\/?p=24614#primaryimage\"},\"thumbnailUrl\":\"https:\/\/www.press7.tv\/wp-content\/uploads\/2026\/01\/32a8a5d6-e47b-419e-af6f-9b2fc0036dcb.avif\",\"datePublished\":\"2026-01-24T18:39:17+00:00\",\"breadcrumb\":{\"@id\":\"https:\/\/www.press7.tv\/?p=24614#breadcrumb\"},\"inLanguage\":\"en-US\",\"potentialAction\":[{\"@type\":\"ReadAction\",\"target\":[\"https:\/\/www.press7.tv\/?p=24614\"]}]},{\"@type\":\"ImageObject\",\"inLanguage\":\"en-US\",\"@id\":\"https:\/\/www.press7.tv\/?p=24614#primaryimage\",\"url\":\"https:\/\/www.press7.tv\/wp-content\/uploads\/2026\/01\/32a8a5d6-e47b-419e-af6f-9b2fc0036dcb.avif\",\"contentUrl\":\"https:\/\/www.press7.tv\/wp-content\/uploads\/2026\/01\/32a8a5d6-e47b-419e-af6f-9b2fc0036dcb.avif\",\"width\":680,\"height\":434},{\"@type\":\"BreadcrumbList\",\"@id\":\"https:\/\/www.press7.tv\/?p=24614#breadcrumb\",\"itemListElement\":[{\"@type\":\"ListItem\",\"position\":1,\"name\":\"Home\",\"item\":\"https:\/\/www.press7.tv\/\"},{\"@type\":\"ListItem\",\"position\":2,\"name\":\"Tensione n\u00eb protest\u00ebn e Partis\u00eb Demokratike n\u00eb Shqip\u00ebri\"}]},{\"@type\":\"WebSite\",\"@id\":\"https:\/\/www.news33.tv\/#website\",\"url\":\"https:\/\/www.news33.tv\/\",\"name\":\"News33.tv Media\",\"description\":\"Media\",\"publisher\":{\"@id\":\"https:\/\/www.news33.tv\/#organization\"},\"potentialAction\":[{\"@type\":\"SearchAction\",\"target\":{\"@type\":\"EntryPoint\",\"urlTemplate\":\"https:\/\/www.news33.tv\/?s={search_term_string}\"},\"query-input\":{\"@type\":\"PropertyValueSpecification\",\"valueRequired\":true,\"valueName\":\"search_term_string\"}}],\"inLanguage\":\"en-US\"},{\"@type\":\"Organization\",\"@id\":\"https:\/\/www.news33.tv\/#organization\",\"name\":\"News33.tv Media\",\"url\":\"https:\/\/www.news33.tv\/\",\"logo\":{\"@type\":\"ImageObject\",\"inLanguage\":\"en-US\",\"@id\":\"https:\/\/www.news33.tv\/#\/schema\/logo\/image\/\",\"url\":\"https:\/\/www.press7.tv\/wp-content\/uploads\/2024\/02\/logo-news33-black.png\",\"contentUrl\":\"https:\/\/www.press7.tv\/wp-content\/uploads\/2024\/02\/logo-news33-black.png\",\"width\":180,\"height\":37,\"caption\":\"News33.tv Media\"},\"image\":{\"@id\":\"https:\/\/www.news33.tv\/#\/schema\/logo\/image\/\"},\"sameAs\":[\"https:\/\/www.facebook.com\/press7.tv\"]},{\"@type\":\"Person\",\"@id\":\"https:\/\/www.news33.tv\/#\/schema\/person\/5a04a38a23ccdba82f9bd665cd8f9efa\",\"name\":\"gazetar2\",\"image\":{\"@type\":\"ImageObject\",\"inLanguage\":\"en-US\",\"@id\":\"https:\/\/www.news33.tv\/#\/schema\/person\/image\/\",\"url\":\"https:\/\/www.press7.tv\/wp-content\/litespeed\/avatar\/41975e402c3049d9ddb03adca8f7a883.jpg?ver=1776564768\",\"contentUrl\":\"https:\/\/www.press7.tv\/wp-content\/litespeed\/avatar\/41975e402c3049d9ddb03adca8f7a883.jpg?ver=1776564768\",\"caption\":\"gazetar2\"},\"url\":\"https:\/\/www.press7.tv\/?author=8\"}]}<\/script>\n<!-- \/ Yoast SEO plugin. -->","yoast_head_json":{"title":"Tensione n\u00eb protest\u00ebn e Partis\u00eb Demokratike n\u00eb Shqip\u00ebri - press7.tv","robots":{"index":"index","follow":"follow","max-snippet":"max-snippet:-1","max-image-preview":"max-image-preview:large","max-video-preview":"max-video-preview:-1"},"canonical":"https:\/\/www.press7.tv\/?p=24614","og_locale":"en_US","og_type":"article","og_title":"Tensione n\u00eb protest\u00ebn e Partis\u00eb Demokratike n\u00eb Shqip\u00ebri - press7.tv","og_description":"Artikull i p\u00ebrdit\u00ebsuar n\u00eb or\u00ebn 19:29 &#8211; Protesta e Partis\u00eb Demokratike para Kuvendit t\u00eb Shqip\u00ebris\u00eb \u00ebsht\u00eb p\u00ebrcjell\u00eb me tensione. Protestuesit jan\u00eb p\u00ebrplasur me policin\u00eb q\u00eb ka p\u00ebrdorur gaz lotsjell\u00ebs p\u00ebr ta shp\u00ebrndar\u00eb turm\u00ebn. Nd\u00ebrkaq protestuesit raportohet se po hedhin gur\u00eb drejt policis\u00eb q\u00eb \u00ebsht\u00eb e vendosur para objektit t\u00eb Parlamentit. Pas molotov\u00ebve drejt Kryeministris\u00eb, PD-ja [&hellip;]","og_url":"https:\/\/www.press7.tv\/?p=24614","og_site_name":"press7.tv","article_publisher":"https:\/\/www.facebook.com\/press7.tv","article_published_time":"2026-01-24T18:39:17+00:00","og_image":[{"width":680,"height":434,"url":"https:\/\/www.press7.tv\/wp-content\/uploads\/2026\/01\/32a8a5d6-e47b-419e-af6f-9b2fc0036dcb.avif","type":"image\/webp"}],"author":"gazetar2","twitter_card":"summary_large_image","twitter_misc":{"Written by":"gazetar2"},"schema":{"@context":"https:\/\/schema.org","@graph":[{"@type":"Article","@id":"https:\/\/www.press7.tv\/?p=24614#article","isPartOf":{"@id":"https:\/\/www.press7.tv\/?p=24614"},"author":{"name":"gazetar2","@id":"https:\/\/www.news33.tv\/#\/schema\/person\/5a04a38a23ccdba82f9bd665cd8f9efa"},"headline":"Tensione n\u00eb protest\u00ebn e Partis\u00eb Demokratike n\u00eb Shqip\u00ebri","datePublished":"2026-01-24T18:39:17+00:00","mainEntityOfPage":{"@id":"https:\/\/www.press7.tv\/?p=24614"},"wordCount":225,"publisher":{"@id":"https:\/\/www.news33.tv\/#organization"},"image":{"@id":"https:\/\/www.press7.tv\/?p=24614#primaryimage"},"thumbnailUrl":"https:\/\/www.press7.tv\/wp-content\/uploads\/2026\/01\/32a8a5d6-e47b-419e-af6f-9b2fc0036dcb.avif","articleSection":["Shqip\u00ebri"],"inLanguage":"en-US"},{"@type":"WebPage","@id":"https:\/\/www.press7.tv\/?p=24614","url":"https:\/\/www.press7.tv\/?p=24614","name":"Tensione n\u00eb protest\u00ebn e Partis\u00eb Demokratike n\u00eb Shqip\u00ebri - press7.tv","isPartOf":{"@id":"https:\/\/www.news33.tv\/#website"},"primaryImageOfPage":{"@id":"https:\/\/www.press7.tv\/?p=24614#primaryimage"},"image":{"@id":"https:\/\/www.press7.tv\/?p=24614#primaryimage"},"thumbnailUrl":"https:\/\/www.press7.tv\/wp-content\/uploads\/2026\/01\/32a8a5d6-e47b-419e-af6f-9b2fc0036dcb.avif","datePublished":"2026-01-24T18:39:17+00:00","breadcrumb":{"@id":"https:\/\/www.press7.tv\/?p=24614#breadcrumb"},"inLanguage":"en-US","potentialAction":[{"@type":"ReadAction","target":["https:\/\/www.press7.tv\/?p=24614"]}]},{"@type":"ImageObject","inLanguage":"en-US","@id":"https:\/\/www.press7.tv\/?p=24614#primaryimage","url":"https:\/\/www.press7.tv\/wp-content\/uploads\/2026\/01\/32a8a5d6-e47b-419e-af6f-9b2fc0036dcb.avif","contentUrl":"https:\/\/www.press7.tv\/wp-content\/uploads\/2026\/01\/32a8a5d6-e47b-419e-af6f-9b2fc0036dcb.avif","width":680,"height":434},{"@type":"BreadcrumbList","@id":"https:\/\/www.press7.tv\/?p=24614#breadcrumb","itemListElement":[{"@type":"ListItem","position":1,"name":"Home","item":"https:\/\/www.press7.tv\/"},{"@type":"ListItem","position":2,"name":"Tensione n\u00eb protest\u00ebn e Partis\u00eb Demokratike n\u00eb Shqip\u00ebri"}]},{"@type":"WebSite","@id":"https:\/\/www.news33.tv\/#website","url":"https:\/\/www.news33.tv\/","name":"News33.tv Media","description":"Media","publisher":{"@id":"https:\/\/www.news33.tv\/#organization"},"potentialAction":[{"@type":"SearchAction","target":{"@type":"EntryPoint","urlTemplate":"https:\/\/www.news33.tv\/?s={search_term_string}"},"query-input":{"@type":"PropertyValueSpecification","valueRequired":true,"valueName":"search_term_string"}}],"inLanguage":"en-US"},{"@type":"Organization","@id":"https:\/\/www.news33.tv\/#organization","name":"News33.tv Media","url":"https:\/\/www.news33.tv\/","logo":{"@type":"ImageObject","inLanguage":"en-US","@id":"https:\/\/www.news33.tv\/#\/schema\/logo\/image\/","url":"https:\/\/www.press7.tv\/wp-content\/uploads\/2024\/02\/logo-news33-black.png","contentUrl":"https:\/\/www.press7.tv\/wp-content\/uploads\/2024\/02\/logo-news33-black.png","width":180,"height":37,"caption":"News33.tv Media"},"image":{"@id":"https:\/\/www.news33.tv\/#\/schema\/logo\/image\/"},"sameAs":["https:\/\/www.facebook.com\/press7.tv"]},{"@type":"Person","@id":"https:\/\/www.news33.tv\/#\/schema\/person\/5a04a38a23ccdba82f9bd665cd8f9efa","name":"gazetar2","image":{"@type":"ImageObject","inLanguage":"en-US","@id":"https:\/\/www.news33.tv\/#\/schema\/person\/image\/","url":"https:\/\/www.press7.tv\/wp-content\/litespeed\/avatar\/41975e402c3049d9ddb03adca8f7a883.jpg?ver=1776564768","contentUrl":"https:\/\/www.press7.tv\/wp-content\/litespeed\/avatar\/41975e402c3049d9ddb03adca8f7a883.jpg?ver=1776564768","caption":"gazetar2"},"url":"https:\/\/www.press7.tv\/?author=8"}]}},"amp_enabled":true,"_links":{"self":[{"href":"https:\/\/www.press7.tv\/index.php?rest_route=\/wp\/v2\/posts\/24614","targetHints":{"allow":["GET"]}}],"collection":[{"href":"https:\/\/www.press7.tv\/index.php?rest_route=\/wp\/v2\/posts"}],"about":[{"href":"https:\/\/www.press7.tv\/index.php?rest_route=\/wp\/v2\/types\/post"}],"author":[{"embeddable":true,"href":"https:\/\/www.press7.tv\/index.php?rest_route=\/wp\/v2\/users\/8"}],"replies":[{"embeddable":true,"href":"https:\/\/www.press7.tv\/index.php?rest_route=%2Fwp%2Fv2%2Fcomments&post=24614"}],"version-history":[{"count":1,"href":"https:\/\/www.press7.tv\/index.php?rest_route=\/wp\/v2\/posts\/24614\/revisions"}],"predecessor-version":[{"id":24616,"href":"https:\/\/www.press7.tv\/index.php?rest_route=\/wp\/v2\/posts\/24614\/revisions\/24616"}],"wp:featuredmedia":[{"embeddable":true,"href":"https:\/\/www.press7.tv\/index.php?rest_route=\/wp\/v2\/media\/24615"}],"wp:attachment":[{"href":"https:\/\/www.press7.tv\/index.php?rest_route=%2Fwp%2Fv2%2Fmedia&parent=24614"}],"wp:term":[{"taxonomy":"category","embeddable":true,"href":"https:\/\/www.press7.tv\/index.php?rest_route=%2Fwp%2Fv2%2Fcategories&post=24614"},{"taxonomy":"post_tag","embeddable":true,"href":"https:\/\/www.press7.tv\/index.php?rest_route=%2Fwp%2Fv2%2Ftags&post=24614"}],"curies":[{"name":"wp","href":"https:\/\/api.w.org\/{rel}","templated":true}]}}