{"id":24611,"date":"2026-01-24T16:13:06","date_gmt":"2026-01-24T16:13:06","guid":{"rendered":"https:\/\/www.press7.tv\/?p=24611"},"modified":"2026-01-24T16:13:06","modified_gmt":"2026-01-24T16:13:06","slug":"trumpi-ka-krijuar-rend-te-ri-boteror","status":"publish","type":"post","link":"https:\/\/www.press7.tv\/?p=24611","title":{"rendered":"Trumpi ka krijuar rend t\u00eb ri bot\u00ebror"},"content":{"rendered":"\n    <div class=\"xs_social_share_widget xs_share_url before_content \t\tmain_content  wslu-style-2 wslu-share-box-shaped wslu-fill-colored wslu-share-m-5 wslu-none wslu-share-vertical wslu-theme-font-no wslu-main_content\">\n\n\t\t\n        <ul>\n\t\t\t        <\/ul>\n    <\/div> \n<p>Presidenti amerikan Donald Trump jep. Dhe merr. I mjaftuan vet\u00ebm gjasht\u00eb dit\u00eb p\u00ebr t\u00eb nd\u00ebrtuar nj\u00eb bot\u00eb t\u00eb re. Dit\u00ebn e shtat\u00eb, aleat\u00ebt e deridjesh\u00ebm n\u00eb Evrop\u00eb mund t\u00eb shpresonin me t\u00eb drejt\u00eb p\u00ebr pak qet\u00ebsi. Q\u00eb nga k\u00ebrc\u00ebnimet p\u00ebr tarifa dhe deri te synimi p\u00ebr t\u00eb marr\u00eb Grenland\u00ebn, sjellja e Trumpit ka thyer tabu dhe e ka b\u00ebr\u00eb t\u00eb qart\u00eb se normat e rendit t\u00eb vjet\u00ebr bot\u00ebror jan\u00eb zhdukur, ka shkruar Associated Press n\u00eb nj\u00eb analiz\u00eb t\u00eb shtun\u00ebn.<\/p>\n<p>\u00cbsht\u00eb \u201c\u00e7arje, jo tranzicion\u201d, si\u00e7 e p\u00ebrshkroi prerazi kryeministri kanadez Mark Carney. Gjat\u00eb dekadave n\u00eb jet\u00ebn publike, Trumpi nuk ka qen\u00eb kurr\u00eb i njohur p\u00ebr delikates\u00eb, por trazirat e jav\u00ebs s\u00eb fundit kan\u00eb qen\u00eb t\u00eb jasht\u00ebzakonshme edhe sipas standardeve t\u00eb tij.<\/p>\n<p>Ato kan\u00eb kristalizuar vendosm\u00ebrin\u00eb e tij p\u00ebr t\u00eb fshir\u00eb rendin e bazuar n\u00eb rregulla q\u00eb ka udh\u00ebhequr politik\u00ebn e jashtme amerikane \u2013 dhe p\u00ebr rrjedhoj\u00eb edhe at\u00eb per\u00ebndimore \u2013 q\u00eb nga Lufta e Dyt\u00eb Bot\u00ebrore. N\u00eb vend t\u00eb tij po lind nj\u00eb aren\u00eb pa rregulla, ku fitojn\u00eb m\u00eb t\u00eb zhurmshmit dhe m\u00eb t\u00eb fort\u00ebt, nd\u00ebrsa themeli i vjet\u00ebr \u2013 besimi transatlantik, dikur i pathyesh\u00ebm \u2013 nuk ekziston m\u00eb.<\/p>\n<p>Trumpi e kishte shprehur d\u00ebshir\u00ebn p\u00ebr territorin danez t\u00eb Grenland\u00ebs q\u00eb n\u00eb vitin 2019. Por vet\u00ebm shp\u00ebrthimi i jav\u00ebs s\u00eb kaluar, me k\u00ebrc\u00ebnime t\u00eb hapura ndaj nj\u00eb aleati t\u00eb NATO-s, e tronditi v\u00ebrtet Evrop\u00ebn. \u201cN\u00eb nj\u00eb m\u00ebnyr\u00eb apo n\u00eb nj\u00eb tjet\u00ebr, ne do ta kemi Grenland\u00ebn\u201d, premtoi Trump, edhe n\u00ebse \u201cduhet ta b\u00ebjm\u00eb n\u00eb m\u00ebnyr\u00ebn e v\u00ebshtir\u00eb\u201d.<\/p>\n<p>Para se t\u00eb shtynte tarifat ndaj disa vendeve evropiane, ai i b\u00ebri presion Danimark\u00ebs q\u00eb t\u00eb \u201cthoshte po\u201d ndaj k\u00ebrkes\u00ebs amerikane p\u00ebr kontrollin e Grenland\u00ebs.<\/p>\n<p>\u201cDhe ne do t\u00eb jemi shum\u00eb mir\u00ebnjoh\u00ebs. Ose mund t\u00eb thoni jo, dhe ne do ta mbajm\u00eb mend\u201d, ka shtuar ai, duke v\u00ebn\u00eb n\u00eb pik\u00ebpyetje edhe vet\u00eb aleanc\u00ebn e NATO-s.<\/p>\n<p>N\u00eb Forumin Ekonomik Bot\u00ebror n\u00eb Davos, Trumpi foli p\u00ebr vendosjen e tarifave ndaj Zvicr\u00ebs pasi lideri zviceran \u201cia kishte prishur nervat\u201d gjat\u00eb nj\u00eb telefonate. Por m\u00eb pas i zbuti fjal\u00ebt.<\/p>\n<p>I fyer nga q\u00ebndrimi gjithnj\u00eb e m\u00eb i ashp\u00ebr i kryeministrit kanadez Mark Carney, Trump t\u00ebrhoqi ftes\u00ebn p\u00ebr Kanadan\u00eb p\u00ebr t\u2019u bashkuar me Bordin e Paqes \u2013 nj\u00eb organizat\u00eb q\u00eb e kryeson dhe q\u00eb shum\u00eb aleat\u00eb per\u00ebndimor\u00eb dyshojn\u00eb se mund t\u00eb shnd\u00ebrrohet n\u00eb nj\u00eb rival t\u00eb OKB-s\u00eb. Pjes\u00eb e k\u00ebsaj organizate u b\u00eb edhe Kosova.<\/p>\n<p>\u201c\u00cbsht\u00eb krijuar nj\u00eb realitet i ri. Nj\u00eb realitet q\u00eb shpesh \u00ebsht\u00eb shum\u00eb i paq\u00ebndruesh\u00ebm\u201d, u shpreh nj\u00eb diplomat i lart\u00eb i BE-s\u00eb, duke p\u00ebrmendur \u201cretorik\u00ebn e papercedent\u00eb t\u00eb administrat\u00ebs amerikane\u201d. Mesazhi m\u00eb n\u00eb fund duket se ka mb\u00ebrritur: SHBA-ja nuk \u00ebsht\u00eb m\u00eb miku dhe aleati i besuesh\u00ebm q\u00eb ishte dikur.<\/p>\n<p>P\u00ebr disa, ky \u00ebsht\u00eb zgjim i vonuar.<\/p>\n<p>\u201cMarr\u00ebdh\u00ebniet transatlantike kan\u00eb p\u00ebsuar goditje t\u00eb madhe jav\u00ebn e kaluar\u201d, ka th\u00ebn\u00eb shefja e diplomacis\u00eb s\u00eb BE-s\u00eb, Kaja Kallas. Nd\u00ebrsa ish-presidenti i K\u00ebshillit Evropian, Charles Michel, ishte edhe m\u00eb i drejtp\u00ebrdrejt\u00eb: marr\u00ebdh\u00ebnia transatlantike \u201csi\u00e7 e kemi njohur p\u00ebr dekada, ka vdekur\u201d.<\/p>\n<p>P\u00ebrball\u00eb ambicieve t\u00eb Trumpit, Evropa ka p\u00ebrpara nj\u00eb zgjedhje t\u00eb qart\u00eb: sfid\u00eb apo n\u00ebnshtrim. \u201cQet\u00ebsimi nuk sjell rezultate, vet\u00ebm posht\u00ebrim\u201d, ka th\u00ebn\u00eb kryeministri polak Donald Tusk, nd\u00ebrsa kryeministri belg Bart De Wever deklaroi n\u00eb Davos se do t\u00eb preferonte t\u00eb ishte nj\u00eb \u201cvasal i lumtur\u201d sesa nj\u00eb \u201cskllav i mjer\u00eb\u201d i SHBA-s\u00eb.<\/p>\n<p>Lider\u00eb t\u00eb tjer\u00eb, q\u00eb gjat\u00eb administrat\u00ebs Trump kishin k\u00ebrkuar m\u00ebnyra p\u00ebr t\u00eb bashk\u00ebpunuar me t\u00eb, po b\u00ebhen gjithnj\u00eb e m\u00eb t\u00eb z\u00ebsh\u00ebm. Kryeministri kanadez Carney po shfaqet shpejt si lider i nj\u00eb l\u00ebvizjeje q\u00eb synon t\u00eb bashkoj\u00eb dhe balancoj\u00eb fuqin\u00eb amerikane.<\/p>\n<p>\u201cN\u00ebse nuk je n\u00eb tavolin\u00eb, je n\u00eb menu\u201d, ishte fjalia e famshme e tij n\u00eb Davos.<\/p>\n<p>Trump reagoi ashp\u00ebr, me k\u00ebrc\u00ebnime dhe duke t\u00ebrhequr ftes\u00ebn p\u00ebr Bordin e Paqes.<\/p>\n<p>\u201cKanadaja jeton fal\u00eb Shteteve t\u00eb Bashkuara. Mbaje mend k\u00ebt\u00eb, Mark, her\u00ebn tjet\u00ebr kur b\u00ebn deklarata\u201d, ka th\u00ebn\u00eb ai.<\/p>\n<p>Carney nuk u t\u00ebrhoq. N\u00eb Britani, kryeministri Keir Starmer e d\u00ebnoi Trumpin p\u00ebr komente \u201cfyese dhe trondit\u00ebse\u201d, ku presidenti amerikan dyshonte se NATO-ja do ta mb\u00ebshteste SHBA-n\u00eb n\u00eb rast sulmi dhe madje akuzoi trupat e NATO-s se nuk q\u00ebndruan n\u00eb vij\u00ebn e frontit n\u00eb Afganistan. Trumpi duket se ka harruar se Neni 5 i NATO-s, i cili obligon mbrojtjen kolektive, \u00ebsht\u00eb aktivizuar vet\u00ebm nj\u00eb her\u00eb \u2013 pas sulmeve t\u00eb 11 shtatorit ndaj SHBA-s\u00eb.<\/p>\n<p>Starmer p\u00ebrmendi sakrific\u00ebn e 457 ushtar\u00ebve britanik\u00eb t\u00eb vrar\u00eb n\u00eb Afganistan, duke th\u00ebn\u00eb se nuk do ta harronte kurr\u00eb \u201cguximin dhe flijimin e tyre\u201d. Edhe Danimarka, e p\u00ebrbuzur nga Trumpi, pati numrin m\u00eb t\u00eb lart\u00eb t\u00eb viktimave p\u00ebr frym\u00eb n\u00eb Afganistan. <\/p>\n<p>Bisedat me diplomat\u00ebt e BE-s\u00eb tregojn\u00eb se Evropa m\u00eb n\u00eb fund \u00ebsht\u00eb bashkuar rreth nevoj\u00ebs p\u00ebr pavar\u00ebsi nga kapri\u00e7ot e Sht\u00ebpis\u00eb s\u00eb Bardh\u00eb, ve\u00e7an\u00ebrisht n\u00eb fush\u00ebn e mbrojtjes. <\/p>\n<p>\u201cKrejt\u00ebsisht e papranueshme. Ne preferojm\u00eb respekt, jo bulliz\u00ebm\u201d, pati deklaruar presidenti francez Emmanuel Macron pas paralajm\u00ebrimit t\u00eb Trumpit p\u00ebr tarifa t\u00eb reja shkaku i Grenland\u00ebs.<\/p>\n<p>Megjith\u00eb retorik\u00ebn e Trumpit, Evropa p\u00ebrballet me t\u00eb nj\u00ebjtat k\u00ebrc\u00ebnime si m\u00eb par\u00eb. Rusia vazhdon sulmet ndaj Ukrain\u00ebs, nd\u00ebrsa inteligjenca ushtarake finlandeze paralajm\u00ebron p\u00ebr rreziqe ndaj infrastruktur\u00ebs n\u00ebnujore n\u00eb Baltik. Edhe pse askush nuk pajtohet me dor\u00ebzimin e territoreve sovrane, rezistenca nuk \u00ebsht\u00eb kudo e hapur.<\/p>\n<p>Fuqia ushtarake dhe ekonomike amerikane mbetet thelb\u00ebsore, dhe kontinenti ende nuk \u00ebsht\u00eb gati t\u00eb mbrohet i vet\u00ebm kund\u00ebr Rusis\u00eb. Edhe pasi Trumpi u t\u00ebrhoq nga p\u00ebrplasja p\u00ebr Grenland\u00ebn, kancelari gjerman Friedrich Merz foli p\u00ebr \u201cmir\u00ebnjohje\u201d ndaj ndryshimit t\u00eb q\u00ebndrimit t\u00eb tij.<\/p>\n<p>Vendet baltike, zakonisht shum\u00eb t\u00eb z\u00ebshme, ishin duksh\u00ebm m\u00eb t\u00eb rezervuara.<\/p>\n<p>\u201cN\u00eb vend q\u00eb t\u00eb fokusohemi te emocionet, duhet t\u00eb p\u00ebrqendrohemi te aspekti ushtarak dhe teknik\u201d, ka th\u00ebn\u00eb ish-ministrja lituaneze e Mbrojtjes, Dovile Sakaliene, duke shtuar se Evrop\u00ebs do t\u2019i duheshin 5 deri n\u00eb 10 vjet p\u00ebr t\u00eb barazuar fuqin\u00eb ushtarake amerikane n\u00eb kontinent.<\/p>\n<p>\u201cBashk\u00ebpunimi duhet t\u00eb jet\u00eb fjala ky\u00e7e, jo konfrontimi. SHBA-ja mbetet miku yn\u00eb m\u00eb i af\u00ebrt\u201d, u shpreh presidenti lituanez Gitanas Nauseda.<\/p>\n<p>N\u00eb Washington, megjithat\u00eb, administrata nuk po tregon shenja t\u00eb t\u00ebrheqjes. Steve Bannon, ish-k\u00ebshilltar i Trumpit, ka th\u00ebn\u00eb se presidenti po ndjek nj\u00eb \u201cstrategji maksimaliste\u201d dhe duhet t\u00eb vazhdoj\u00eb \u201cderisa t\u00eb p\u00ebrballet me rezistenc\u00eb\u201d.<\/p>\n<p>\u201cDhe ende nuk kemi hasur rezistenc\u00eb\u201d, p\u00ebrfundoi ai.<\/p>\n<p>Senatori demokrat Chris Coons vuri n\u00eb dukje se Trumpi t\u00ebrhiqet vet\u00ebm kur vendet si Kina \u201ctregojn\u00eb forc\u00eb dhe q\u00ebndrueshm\u00ebri\u201d.<\/p>\n<p>\u201cAta q\u00eb jan\u00eb treguar t\u00eb but\u00eb dhe kan\u00eb negociuar me mir\u00ebbesim, si BE-ja, nuk duket se kan\u00eb fituar respektin e tij. Secili mund t\u00eb nxjerr\u00eb p\u00ebrfundimet e veta, por p\u00ebr mua, p\u00ebrpjekja p\u00ebr t\u00eb qet\u00ebsuar dik\u00eb me k\u00ebrkesa t\u00eb paekuilibruara tregon qart\u00eb se cili duhet t\u00eb jet\u00eb kursi i veprimit\u201d, ka th\u00ebn\u00eb Coons.<\/p>\n","protected":false},"excerpt":{"rendered":"<p>Presidenti amerikan Donald Trump jep. Dhe merr. I mjaftuan vet\u00ebm gjasht\u00eb dit\u00eb p\u00ebr t\u00eb nd\u00ebrtuar nj\u00eb bot\u00eb t\u00eb re. Dit\u00ebn e shtat\u00eb, aleat\u00ebt e deridjesh\u00ebm n\u00eb Evrop\u00eb mund t\u00eb shpresonin me t\u00eb drejt\u00eb p\u00ebr pak qet\u00ebsi. Q\u00eb nga k\u00ebrc\u00ebnimet p\u00ebr tarifa dhe deri te synimi p\u00ebr t\u00eb marr\u00eb Grenland\u00ebn, sjellja e Trumpit ka thyer tabu [&hellip;]<\/p>\n","protected":false},"author":8,"featured_media":24612,"comment_status":"closed","ping_status":"closed","sticky":false,"template":"","format":"standard","meta":{"footnotes":""},"categories":[217,213],"tags":[],"class_list":["post-24611","post","type-post","status-publish","format-standard","has-post-thumbnail","hentry","category-bote","category-lajme"],"yoast_head":"<!-- This site is optimized with the Yoast SEO plugin v25.1 - https:\/\/yoast.com\/wordpress\/plugins\/seo\/ -->\n<title>Trumpi ka krijuar rend t\u00eb ri bot\u00ebror - press7.tv<\/title>\n<meta name=\"robots\" content=\"index, follow, max-snippet:-1, max-image-preview:large, max-video-preview:-1\" \/>\n<link rel=\"canonical\" href=\"https:\/\/www.press7.tv\/?p=24611\" \/>\n<meta property=\"og:locale\" content=\"en_US\" \/>\n<meta property=\"og:type\" content=\"article\" \/>\n<meta property=\"og:title\" content=\"Trumpi ka krijuar rend t\u00eb ri bot\u00ebror - press7.tv\" \/>\n<meta property=\"og:description\" content=\"Presidenti amerikan Donald Trump jep. Dhe merr. I mjaftuan vet\u00ebm gjasht\u00eb dit\u00eb p\u00ebr t\u00eb nd\u00ebrtuar nj\u00eb bot\u00eb t\u00eb re. Dit\u00ebn e shtat\u00eb, aleat\u00ebt e deridjesh\u00ebm n\u00eb Evrop\u00eb mund t\u00eb shpresonin me t\u00eb drejt\u00eb p\u00ebr pak qet\u00ebsi. Q\u00eb nga k\u00ebrc\u00ebnimet p\u00ebr tarifa dhe deri te synimi p\u00ebr t\u00eb marr\u00eb Grenland\u00ebn, sjellja e Trumpit ka thyer tabu [&hellip;]\" \/>\n<meta property=\"og:url\" content=\"https:\/\/www.press7.tv\/?p=24611\" \/>\n<meta property=\"og:site_name\" content=\"press7.tv\" \/>\n<meta property=\"article:publisher\" content=\"https:\/\/www.facebook.com\/press7.tv\" \/>\n<meta property=\"article:published_time\" content=\"2026-01-24T16:13:06+00:00\" \/>\n<meta property=\"og:image\" content=\"https:\/\/www.press7.tv\/wp-content\/uploads\/2026\/01\/bfd2f33e-cfff-4fe2-8f91-3f28389aef9f.avif\" \/>\n\t<meta property=\"og:image:width\" content=\"680\" \/>\n\t<meta property=\"og:image:height\" content=\"434\" \/>\n\t<meta property=\"og:image:type\" content=\"image\/webp\" \/>\n<meta name=\"author\" content=\"gazetar2\" \/>\n<meta name=\"twitter:card\" content=\"summary_large_image\" \/>\n<meta name=\"twitter:label1\" content=\"Written by\" \/>\n\t<meta name=\"twitter:data1\" content=\"gazetar2\" \/>\n\t<meta name=\"twitter:label2\" content=\"Est. reading time\" \/>\n\t<meta name=\"twitter:data2\" content=\"1 minute\" \/>\n<script type=\"application\/ld+json\" class=\"yoast-schema-graph\">{\"@context\":\"https:\/\/schema.org\",\"@graph\":[{\"@type\":\"Article\",\"@id\":\"https:\/\/www.press7.tv\/?p=24611#article\",\"isPartOf\":{\"@id\":\"https:\/\/www.press7.tv\/?p=24611\"},\"author\":{\"name\":\"gazetar2\",\"@id\":\"https:\/\/www.news33.tv\/#\/schema\/person\/5a04a38a23ccdba82f9bd665cd8f9efa\"},\"headline\":\"Trumpi ka krijuar rend t\u00eb ri bot\u00ebror\",\"datePublished\":\"2026-01-24T16:13:06+00:00\",\"mainEntityOfPage\":{\"@id\":\"https:\/\/www.press7.tv\/?p=24611\"},\"wordCount\":1263,\"publisher\":{\"@id\":\"https:\/\/www.news33.tv\/#organization\"},\"image\":{\"@id\":\"https:\/\/www.press7.tv\/?p=24611#primaryimage\"},\"thumbnailUrl\":\"https:\/\/www.press7.tv\/wp-content\/uploads\/2026\/01\/bfd2f33e-cfff-4fe2-8f91-3f28389aef9f.avif\",\"articleSection\":[\"Bot\u00eb\",\"Lajme\"],\"inLanguage\":\"en-US\"},{\"@type\":\"WebPage\",\"@id\":\"https:\/\/www.press7.tv\/?p=24611\",\"url\":\"https:\/\/www.press7.tv\/?p=24611\",\"name\":\"Trumpi ka krijuar rend t\u00eb ri bot\u00ebror - press7.tv\",\"isPartOf\":{\"@id\":\"https:\/\/www.news33.tv\/#website\"},\"primaryImageOfPage\":{\"@id\":\"https:\/\/www.press7.tv\/?p=24611#primaryimage\"},\"image\":{\"@id\":\"https:\/\/www.press7.tv\/?p=24611#primaryimage\"},\"thumbnailUrl\":\"https:\/\/www.press7.tv\/wp-content\/uploads\/2026\/01\/bfd2f33e-cfff-4fe2-8f91-3f28389aef9f.avif\",\"datePublished\":\"2026-01-24T16:13:06+00:00\",\"breadcrumb\":{\"@id\":\"https:\/\/www.press7.tv\/?p=24611#breadcrumb\"},\"inLanguage\":\"en-US\",\"potentialAction\":[{\"@type\":\"ReadAction\",\"target\":[\"https:\/\/www.press7.tv\/?p=24611\"]}]},{\"@type\":\"ImageObject\",\"inLanguage\":\"en-US\",\"@id\":\"https:\/\/www.press7.tv\/?p=24611#primaryimage\",\"url\":\"https:\/\/www.press7.tv\/wp-content\/uploads\/2026\/01\/bfd2f33e-cfff-4fe2-8f91-3f28389aef9f.avif\",\"contentUrl\":\"https:\/\/www.press7.tv\/wp-content\/uploads\/2026\/01\/bfd2f33e-cfff-4fe2-8f91-3f28389aef9f.avif\",\"width\":680,\"height\":434},{\"@type\":\"BreadcrumbList\",\"@id\":\"https:\/\/www.press7.tv\/?p=24611#breadcrumb\",\"itemListElement\":[{\"@type\":\"ListItem\",\"position\":1,\"name\":\"Home\",\"item\":\"https:\/\/www.press7.tv\/\"},{\"@type\":\"ListItem\",\"position\":2,\"name\":\"Trumpi ka krijuar rend t\u00eb ri bot\u00ebror\"}]},{\"@type\":\"WebSite\",\"@id\":\"https:\/\/www.news33.tv\/#website\",\"url\":\"https:\/\/www.news33.tv\/\",\"name\":\"News33.tv Media\",\"description\":\"Media\",\"publisher\":{\"@id\":\"https:\/\/www.news33.tv\/#organization\"},\"potentialAction\":[{\"@type\":\"SearchAction\",\"target\":{\"@type\":\"EntryPoint\",\"urlTemplate\":\"https:\/\/www.news33.tv\/?s={search_term_string}\"},\"query-input\":{\"@type\":\"PropertyValueSpecification\",\"valueRequired\":true,\"valueName\":\"search_term_string\"}}],\"inLanguage\":\"en-US\"},{\"@type\":\"Organization\",\"@id\":\"https:\/\/www.news33.tv\/#organization\",\"name\":\"News33.tv Media\",\"url\":\"https:\/\/www.news33.tv\/\",\"logo\":{\"@type\":\"ImageObject\",\"inLanguage\":\"en-US\",\"@id\":\"https:\/\/www.news33.tv\/#\/schema\/logo\/image\/\",\"url\":\"https:\/\/www.press7.tv\/wp-content\/uploads\/2024\/02\/logo-news33-black.png\",\"contentUrl\":\"https:\/\/www.press7.tv\/wp-content\/uploads\/2024\/02\/logo-news33-black.png\",\"width\":180,\"height\":37,\"caption\":\"News33.tv Media\"},\"image\":{\"@id\":\"https:\/\/www.news33.tv\/#\/schema\/logo\/image\/\"},\"sameAs\":[\"https:\/\/www.facebook.com\/press7.tv\"]},{\"@type\":\"Person\",\"@id\":\"https:\/\/www.news33.tv\/#\/schema\/person\/5a04a38a23ccdba82f9bd665cd8f9efa\",\"name\":\"gazetar2\",\"image\":{\"@type\":\"ImageObject\",\"inLanguage\":\"en-US\",\"@id\":\"https:\/\/www.news33.tv\/#\/schema\/person\/image\/\",\"url\":\"https:\/\/www.press7.tv\/wp-content\/litespeed\/avatar\/41975e402c3049d9ddb03adca8f7a883.jpg?ver=1776564768\",\"contentUrl\":\"https:\/\/www.press7.tv\/wp-content\/litespeed\/avatar\/41975e402c3049d9ddb03adca8f7a883.jpg?ver=1776564768\",\"caption\":\"gazetar2\"},\"url\":\"https:\/\/www.press7.tv\/?author=8\"}]}<\/script>\n<!-- \/ Yoast SEO plugin. -->","yoast_head_json":{"title":"Trumpi ka krijuar rend t\u00eb ri bot\u00ebror - press7.tv","robots":{"index":"index","follow":"follow","max-snippet":"max-snippet:-1","max-image-preview":"max-image-preview:large","max-video-preview":"max-video-preview:-1"},"canonical":"https:\/\/www.press7.tv\/?p=24611","og_locale":"en_US","og_type":"article","og_title":"Trumpi ka krijuar rend t\u00eb ri bot\u00ebror - press7.tv","og_description":"Presidenti amerikan Donald Trump jep. Dhe merr. I mjaftuan vet\u00ebm gjasht\u00eb dit\u00eb p\u00ebr t\u00eb nd\u00ebrtuar nj\u00eb bot\u00eb t\u00eb re. Dit\u00ebn e shtat\u00eb, aleat\u00ebt e deridjesh\u00ebm n\u00eb Evrop\u00eb mund t\u00eb shpresonin me t\u00eb drejt\u00eb p\u00ebr pak qet\u00ebsi. Q\u00eb nga k\u00ebrc\u00ebnimet p\u00ebr tarifa dhe deri te synimi p\u00ebr t\u00eb marr\u00eb Grenland\u00ebn, sjellja e Trumpit ka thyer tabu [&hellip;]","og_url":"https:\/\/www.press7.tv\/?p=24611","og_site_name":"press7.tv","article_publisher":"https:\/\/www.facebook.com\/press7.tv","article_published_time":"2026-01-24T16:13:06+00:00","og_image":[{"width":680,"height":434,"url":"https:\/\/www.press7.tv\/wp-content\/uploads\/2026\/01\/bfd2f33e-cfff-4fe2-8f91-3f28389aef9f.avif","type":"image\/webp"}],"author":"gazetar2","twitter_card":"summary_large_image","twitter_misc":{"Written by":"gazetar2","Est. reading time":"1 minute"},"schema":{"@context":"https:\/\/schema.org","@graph":[{"@type":"Article","@id":"https:\/\/www.press7.tv\/?p=24611#article","isPartOf":{"@id":"https:\/\/www.press7.tv\/?p=24611"},"author":{"name":"gazetar2","@id":"https:\/\/www.news33.tv\/#\/schema\/person\/5a04a38a23ccdba82f9bd665cd8f9efa"},"headline":"Trumpi ka krijuar rend t\u00eb ri bot\u00ebror","datePublished":"2026-01-24T16:13:06+00:00","mainEntityOfPage":{"@id":"https:\/\/www.press7.tv\/?p=24611"},"wordCount":1263,"publisher":{"@id":"https:\/\/www.news33.tv\/#organization"},"image":{"@id":"https:\/\/www.press7.tv\/?p=24611#primaryimage"},"thumbnailUrl":"https:\/\/www.press7.tv\/wp-content\/uploads\/2026\/01\/bfd2f33e-cfff-4fe2-8f91-3f28389aef9f.avif","articleSection":["Bot\u00eb","Lajme"],"inLanguage":"en-US"},{"@type":"WebPage","@id":"https:\/\/www.press7.tv\/?p=24611","url":"https:\/\/www.press7.tv\/?p=24611","name":"Trumpi ka krijuar rend t\u00eb ri bot\u00ebror - press7.tv","isPartOf":{"@id":"https:\/\/www.news33.tv\/#website"},"primaryImageOfPage":{"@id":"https:\/\/www.press7.tv\/?p=24611#primaryimage"},"image":{"@id":"https:\/\/www.press7.tv\/?p=24611#primaryimage"},"thumbnailUrl":"https:\/\/www.press7.tv\/wp-content\/uploads\/2026\/01\/bfd2f33e-cfff-4fe2-8f91-3f28389aef9f.avif","datePublished":"2026-01-24T16:13:06+00:00","breadcrumb":{"@id":"https:\/\/www.press7.tv\/?p=24611#breadcrumb"},"inLanguage":"en-US","potentialAction":[{"@type":"ReadAction","target":["https:\/\/www.press7.tv\/?p=24611"]}]},{"@type":"ImageObject","inLanguage":"en-US","@id":"https:\/\/www.press7.tv\/?p=24611#primaryimage","url":"https:\/\/www.press7.tv\/wp-content\/uploads\/2026\/01\/bfd2f33e-cfff-4fe2-8f91-3f28389aef9f.avif","contentUrl":"https:\/\/www.press7.tv\/wp-content\/uploads\/2026\/01\/bfd2f33e-cfff-4fe2-8f91-3f28389aef9f.avif","width":680,"height":434},{"@type":"BreadcrumbList","@id":"https:\/\/www.press7.tv\/?p=24611#breadcrumb","itemListElement":[{"@type":"ListItem","position":1,"name":"Home","item":"https:\/\/www.press7.tv\/"},{"@type":"ListItem","position":2,"name":"Trumpi ka krijuar rend t\u00eb ri bot\u00ebror"}]},{"@type":"WebSite","@id":"https:\/\/www.news33.tv\/#website","url":"https:\/\/www.news33.tv\/","name":"News33.tv Media","description":"Media","publisher":{"@id":"https:\/\/www.news33.tv\/#organization"},"potentialAction":[{"@type":"SearchAction","target":{"@type":"EntryPoint","urlTemplate":"https:\/\/www.news33.tv\/?s={search_term_string}"},"query-input":{"@type":"PropertyValueSpecification","valueRequired":true,"valueName":"search_term_string"}}],"inLanguage":"en-US"},{"@type":"Organization","@id":"https:\/\/www.news33.tv\/#organization","name":"News33.tv Media","url":"https:\/\/www.news33.tv\/","logo":{"@type":"ImageObject","inLanguage":"en-US","@id":"https:\/\/www.news33.tv\/#\/schema\/logo\/image\/","url":"https:\/\/www.press7.tv\/wp-content\/uploads\/2024\/02\/logo-news33-black.png","contentUrl":"https:\/\/www.press7.tv\/wp-content\/uploads\/2024\/02\/logo-news33-black.png","width":180,"height":37,"caption":"News33.tv Media"},"image":{"@id":"https:\/\/www.news33.tv\/#\/schema\/logo\/image\/"},"sameAs":["https:\/\/www.facebook.com\/press7.tv"]},{"@type":"Person","@id":"https:\/\/www.news33.tv\/#\/schema\/person\/5a04a38a23ccdba82f9bd665cd8f9efa","name":"gazetar2","image":{"@type":"ImageObject","inLanguage":"en-US","@id":"https:\/\/www.news33.tv\/#\/schema\/person\/image\/","url":"https:\/\/www.press7.tv\/wp-content\/litespeed\/avatar\/41975e402c3049d9ddb03adca8f7a883.jpg?ver=1776564768","contentUrl":"https:\/\/www.press7.tv\/wp-content\/litespeed\/avatar\/41975e402c3049d9ddb03adca8f7a883.jpg?ver=1776564768","caption":"gazetar2"},"url":"https:\/\/www.press7.tv\/?author=8"}]}},"amp_enabled":true,"_links":{"self":[{"href":"https:\/\/www.press7.tv\/index.php?rest_route=\/wp\/v2\/posts\/24611","targetHints":{"allow":["GET"]}}],"collection":[{"href":"https:\/\/www.press7.tv\/index.php?rest_route=\/wp\/v2\/posts"}],"about":[{"href":"https:\/\/www.press7.tv\/index.php?rest_route=\/wp\/v2\/types\/post"}],"author":[{"embeddable":true,"href":"https:\/\/www.press7.tv\/index.php?rest_route=\/wp\/v2\/users\/8"}],"replies":[{"embeddable":true,"href":"https:\/\/www.press7.tv\/index.php?rest_route=%2Fwp%2Fv2%2Fcomments&post=24611"}],"version-history":[{"count":1,"href":"https:\/\/www.press7.tv\/index.php?rest_route=\/wp\/v2\/posts\/24611\/revisions"}],"predecessor-version":[{"id":24613,"href":"https:\/\/www.press7.tv\/index.php?rest_route=\/wp\/v2\/posts\/24611\/revisions\/24613"}],"wp:featuredmedia":[{"embeddable":true,"href":"https:\/\/www.press7.tv\/index.php?rest_route=\/wp\/v2\/media\/24612"}],"wp:attachment":[{"href":"https:\/\/www.press7.tv\/index.php?rest_route=%2Fwp%2Fv2%2Fmedia&parent=24611"}],"wp:term":[{"taxonomy":"category","embeddable":true,"href":"https:\/\/www.press7.tv\/index.php?rest_route=%2Fwp%2Fv2%2Fcategories&post=24611"},{"taxonomy":"post_tag","embeddable":true,"href":"https:\/\/www.press7.tv\/index.php?rest_route=%2Fwp%2Fv2%2Ftags&post=24611"}],"curies":[{"name":"wp","href":"https:\/\/api.w.org\/{rel}","templated":true}]}}