{"id":24027,"date":"2025-12-18T14:51:49","date_gmt":"2025-12-18T14:51:49","guid":{"rendered":"https:\/\/www.press7.tv\/?p=24027"},"modified":"2025-12-18T14:51:49","modified_gmt":"2025-12-18T14:51:49","slug":"bebe-rexha-u-kerkon-fansave-tia-gjejne-nje-baba-potencial-per-femijen-e-saj","status":"publish","type":"post","link":"https:\/\/www.press7.tv\/?p=24027","title":{"rendered":"Bebe Rexha u k\u00ebrkon fansave t&#8217;ia gjejn\u00eb nj\u00eb baba potencial p\u00ebr f\u00ebmij\u00ebn e saj"},"content":{"rendered":"\n    <div class=\"xs_social_share_widget xs_share_url before_content \t\tmain_content  wslu-style-2 wslu-share-box-shaped wslu-fill-colored wslu-share-m-5 wslu-none wslu-share-vertical wslu-theme-font-no wslu-main_content\">\n\n\t\t\n        <ul>\n\t\t\t        <\/ul>\n    <\/div> \n<p>Shqiptarja me fam\u00eb bot\u00ebrore, Bebe Rexha, ka habitur fansat duke zbuluar n\u00eb rrjetet sociale se \u00ebsht\u00eb n\u00eb k\u00ebrkim t\u00eb nj\u00eb \u201cbabai p\u00ebr f\u00ebmij\u00ebn\u201d.<\/p>\n<p>K\u00ebng\u00ebtarja 36-vje\u00e7are ka vendosur t\u2019u drejtohet ndjek\u00ebsve t\u00eb saj p\u00ebr ta ndihmuar t\u00eb gjej\u00eb partnerin e duhur, ka shkruar E News.<\/p>\n<p>N\u00eb nj\u00eb postim n\u00eb platform\u00ebn X, artistja e hitit \u201cI Got You\u201d, e cila m\u00eb par\u00eb ka qen\u00eb n\u00eb lidhje me kinematografin Keyan Safyari, u ka dh\u00ebn\u00eb fansave t\u00eb saj nj\u00eb mision.<\/p>\n<p>\u201cRexhars. Keni nj\u00eb mision. M\u00eb gjeni nj\u00eb baba potencial p\u00ebr f\u00ebmij\u00ebn tim\u201d, ka shkruar ajo.<\/p>\n<p>M\u00eb pas, Rexha ka ndar\u00eb edhe kriteret q\u00eb k\u00ebrkon te partneri i saj i ardhsh\u00ebm.<\/p>\n<p>\u201cJa \u00e7far\u00eb po k\u00ebrkoj:<\/p>\n<p>Pamja: jam n\u00eb rregull me nj\u00eb 6 ose 7 (personaliteti \u00ebsht\u00eb shum\u00eb i r\u00ebnd\u00ebsish\u00ebm p\u00ebr mua)<br \/>\nGjat\u00ebsia: nuk kam nevoj\u00eb p\u00ebr dik\u00eb shum\u00eb t\u00eb gjat\u00eb, vet\u00ebm t\u00eb jet\u00eb m\u00eb i gjat\u00eb se un\u00eb. 1.73 m e gjat\u00eb<br \/>\nPuna: duhet t\u00eb jet\u00eb i suksessh\u00ebm dhe jo parazit. Duhet t\u00eb jet\u00eb m\u00eb i pasur se un\u00eb ose t\u00eb pakt\u00ebn i barabart\u00eb. (Nuk paguaj p\u00ebr burrat dhe nuk b\u00ebj 50\/50)<br \/>\nDikush me personalitet t\u00eb mir\u00eb, me vlera, inteligjent dhe ambicioz<br \/>\nM\u00eb d\u00ebrgoni opsione\u201d, ka shkruar tutje k\u00ebng\u00ebtarja.<\/p>\n<p><img data-dominant-color=\"f5f4f4\" data-has-transparency=\"false\" style=\"--dominant-color: #f5f4f4;\" fetchpriority=\"high\" decoding=\"async\" src=\"https:\/\/www.press7.tv\/wp-content\/uploads\/2025\/12\/IMG_2453-300x244.avif\" alt=\"\" width=\"300\" height=\"244\" class=\"alignnone size-medium wp-image-24029 not-transparent\" srcset=\"https:\/\/www.press7.tv\/wp-content\/uploads\/2025\/12\/IMG_2453-300x244.avif 300w, https:\/\/www.press7.tv\/wp-content\/uploads\/2025\/12\/IMG_2453.avif 588w\" sizes=\"(max-width: 300px) 100vw, 300px\" \/><\/p>\n<p>Pas postimit, fansat e saj e bombarduan me sugjerime. Nj\u00eb ndjek\u00ebs i shkroi me shaka:<br \/>\n\u201cTa lidh me baban\u00eb tim?\u201d<\/p>\n<p>Nd\u00ebrsa Bebe iu p\u00ebrgjigj shkurt:<\/p>\n<p>\u201cPo.\u201d<\/p>\n<p>Nd\u00ebrkoh\u00eb, m\u00eb her\u00ebt k\u00ebt\u00eb vit, k\u00ebng\u00ebtarja kishte zbuluar se kishte p\u00ebrjetuar humbje t\u00eb shtatz\u00ebnis\u00eb. Ajo e ndau k\u00ebt\u00eb rr\u00ebfim pasi reperja Azealia Banks kritikoi pamjen e saj n\u00eb ngjarjen e famshme t\u00eb mod\u00ebs Met Gala.<\/p>\n<p>M\u00eb duket sikur ka implante hormonale apo di\u00e7ka t\u00eb till\u00eb\u2026, q\u00eb duhet hequr\u201d, pati shkruar Banks.<\/p>\n<p>N\u00eb p\u00ebrgjigje, Rexha ka reaguar ashp\u00ebr.<\/p>\n<p>\u201cTi ndoshta duhet t\u00eb provosh terapi. Lexapro funksionoi shum\u00eb mir\u00eb p\u00ebr mua. Di\u00e7ka q\u00eb ndihmon me trishtimin dhe kaosin e thell\u00eb q\u00eb vazhdimisht e projekton. Sh\u00ebrimi u shkon mir\u00eb t\u00eb gjith\u00ebve. Provoje\u201d, ka shkruar shqiptarja.<\/p>\n<p>Rexha ka folur gjithashtu hapur kund\u00ebr komenteve p\u00ebr pesh\u00ebn e saj, duke th\u00ebn\u00eb se ishte \u201ce lodhur\u201d nga gjykimet online.<\/p>\n<p>Ajo ka shpjeguar se ndryshimet n\u00eb pesh\u00eb lidhen me probleme t\u00eb fertilitetit dhe sindrom\u00ebn e vezoreve policistike (PCOS).<\/p>\n<p>\u201cJam shum\u00eb e lodhur nga komentet p\u00ebr pesh\u00ebn time. Kam PCOS dhe luftoj me infertilitetin. Mbeta shtatz\u00ebn\u00eb dhe nuk p\u00ebrfundoi mir\u00eb, dhe e kam mbajtur k\u00ebt\u00eb dhimbje n\u00eb heshtje. Nuk e kam obligim t\u2019i tregoj askujt k\u00ebt\u00eb gj\u00eb personale, por ndoshta tani do t\u00eb mendoni dy her\u00eb para se t\u00eb komentoni trupin e dikujt tjet\u00ebr\u201d, pati shkruar ajo n\u00eb nj\u00eb postim q\u00eb m\u00eb pas e ka fshir\u00eb.<\/p>\n","protected":false},"excerpt":{"rendered":"<p>Shqiptarja me fam\u00eb bot\u00ebrore, Bebe Rexha, ka habitur fansat duke zbuluar n\u00eb rrjetet sociale se \u00ebsht\u00eb n\u00eb k\u00ebrkim t\u00eb nj\u00eb \u201cbabai p\u00ebr f\u00ebmij\u00ebn\u201d. K\u00ebng\u00ebtarja 36-vje\u00e7are ka vendosur t\u2019u drejtohet ndjek\u00ebsve t\u00eb saj p\u00ebr ta ndihmuar t\u00eb gjej\u00eb partnerin e duhur, ka shkruar E News. N\u00eb nj\u00eb postim n\u00eb platform\u00ebn X, artistja e hitit \u201cI Got [&hellip;]<\/p>\n","protected":false},"author":8,"featured_media":24028,"comment_status":"closed","ping_status":"closed","sticky":false,"template":"","format":"standard","meta":{"footnotes":""},"categories":[238],"tags":[],"class_list":["post-24027","post","type-post","status-publish","format-standard","has-post-thumbnail","hentry","category-showbiz"],"yoast_head":"<!-- This site is optimized with the Yoast SEO plugin v25.1 - https:\/\/yoast.com\/wordpress\/plugins\/seo\/ -->\n<title>Bebe Rexha u k\u00ebrkon fansave t&#039;ia gjejn\u00eb nj\u00eb baba potencial p\u00ebr f\u00ebmij\u00ebn e saj - press7.tv<\/title>\n<meta name=\"robots\" content=\"index, follow, max-snippet:-1, max-image-preview:large, max-video-preview:-1\" \/>\n<link rel=\"canonical\" href=\"https:\/\/www.press7.tv\/?p=24027\" \/>\n<meta property=\"og:locale\" content=\"en_US\" \/>\n<meta property=\"og:type\" content=\"article\" \/>\n<meta property=\"og:title\" content=\"Bebe Rexha u k\u00ebrkon fansave t&#039;ia gjejn\u00eb nj\u00eb baba potencial p\u00ebr f\u00ebmij\u00ebn e saj - press7.tv\" \/>\n<meta property=\"og:description\" content=\"Shqiptarja me fam\u00eb bot\u00ebrore, Bebe Rexha, ka habitur fansat duke zbuluar n\u00eb rrjetet sociale se \u00ebsht\u00eb n\u00eb k\u00ebrkim t\u00eb nj\u00eb \u201cbabai p\u00ebr f\u00ebmij\u00ebn\u201d. K\u00ebng\u00ebtarja 36-vje\u00e7are ka vendosur t\u2019u drejtohet ndjek\u00ebsve t\u00eb saj p\u00ebr ta ndihmuar t\u00eb gjej\u00eb partnerin e duhur, ka shkruar E News. N\u00eb nj\u00eb postim n\u00eb platform\u00ebn X, artistja e hitit \u201cI Got [&hellip;]\" \/>\n<meta property=\"og:url\" content=\"https:\/\/www.press7.tv\/?p=24027\" \/>\n<meta property=\"og:site_name\" content=\"press7.tv\" \/>\n<meta property=\"article:publisher\" content=\"https:\/\/www.facebook.com\/press7.tv\" \/>\n<meta property=\"article:published_time\" content=\"2025-12-18T14:51:49+00:00\" \/>\n<meta property=\"og:image\" content=\"https:\/\/www.press7.tv\/wp-content\/uploads\/2025\/12\/IMG_2452.avif\" \/>\n\t<meta property=\"og:image:width\" content=\"1360\" \/>\n\t<meta property=\"og:image:height\" content=\"870\" \/>\n\t<meta property=\"og:image:type\" content=\"image\/webp\" \/>\n<meta name=\"author\" content=\"gazetar2\" \/>\n<meta name=\"twitter:card\" content=\"summary_large_image\" \/>\n<meta name=\"twitter:label1\" content=\"Written by\" \/>\n\t<meta name=\"twitter:data1\" content=\"gazetar2\" \/>\n\t<meta name=\"twitter:label2\" content=\"Est. reading time\" \/>\n\t<meta name=\"twitter:data2\" content=\"1 minute\" \/>\n<script type=\"application\/ld+json\" class=\"yoast-schema-graph\">{\"@context\":\"https:\/\/schema.org\",\"@graph\":[{\"@type\":\"Article\",\"@id\":\"https:\/\/www.press7.tv\/?p=24027#article\",\"isPartOf\":{\"@id\":\"https:\/\/www.press7.tv\/?p=24027\"},\"author\":{\"name\":\"gazetar2\",\"@id\":\"https:\/\/www.news33.tv\/#\/schema\/person\/5a04a38a23ccdba82f9bd665cd8f9efa\"},\"headline\":\"Bebe Rexha u k\u00ebrkon fansave t&#8217;ia gjejn\u00eb nj\u00eb baba potencial p\u00ebr f\u00ebmij\u00ebn e saj\",\"datePublished\":\"2025-12-18T14:51:49+00:00\",\"mainEntityOfPage\":{\"@id\":\"https:\/\/www.press7.tv\/?p=24027\"},\"wordCount\":498,\"publisher\":{\"@id\":\"https:\/\/www.news33.tv\/#organization\"},\"image\":{\"@id\":\"https:\/\/www.press7.tv\/?p=24027#primaryimage\"},\"thumbnailUrl\":\"https:\/\/www.press7.tv\/wp-content\/uploads\/2025\/12\/IMG_2452.avif\",\"articleSection\":[\"ShowBiz\"],\"inLanguage\":\"en-US\"},{\"@type\":\"WebPage\",\"@id\":\"https:\/\/www.press7.tv\/?p=24027\",\"url\":\"https:\/\/www.press7.tv\/?p=24027\",\"name\":\"Bebe Rexha u k\u00ebrkon fansave t'ia gjejn\u00eb nj\u00eb baba potencial p\u00ebr f\u00ebmij\u00ebn e saj - press7.tv\",\"isPartOf\":{\"@id\":\"https:\/\/www.news33.tv\/#website\"},\"primaryImageOfPage\":{\"@id\":\"https:\/\/www.press7.tv\/?p=24027#primaryimage\"},\"image\":{\"@id\":\"https:\/\/www.press7.tv\/?p=24027#primaryimage\"},\"thumbnailUrl\":\"https:\/\/www.press7.tv\/wp-content\/uploads\/2025\/12\/IMG_2452.avif\",\"datePublished\":\"2025-12-18T14:51:49+00:00\",\"breadcrumb\":{\"@id\":\"https:\/\/www.press7.tv\/?p=24027#breadcrumb\"},\"inLanguage\":\"en-US\",\"potentialAction\":[{\"@type\":\"ReadAction\",\"target\":[\"https:\/\/www.press7.tv\/?p=24027\"]}]},{\"@type\":\"ImageObject\",\"inLanguage\":\"en-US\",\"@id\":\"https:\/\/www.press7.tv\/?p=24027#primaryimage\",\"url\":\"https:\/\/www.press7.tv\/wp-content\/uploads\/2025\/12\/IMG_2452.avif\",\"contentUrl\":\"https:\/\/www.press7.tv\/wp-content\/uploads\/2025\/12\/IMG_2452.avif\",\"width\":1360,\"height\":870},{\"@type\":\"BreadcrumbList\",\"@id\":\"https:\/\/www.press7.tv\/?p=24027#breadcrumb\",\"itemListElement\":[{\"@type\":\"ListItem\",\"position\":1,\"name\":\"Home\",\"item\":\"https:\/\/www.press7.tv\/\"},{\"@type\":\"ListItem\",\"position\":2,\"name\":\"Bebe Rexha u k\u00ebrkon fansave t&#8217;ia gjejn\u00eb nj\u00eb baba potencial p\u00ebr f\u00ebmij\u00ebn e saj\"}]},{\"@type\":\"WebSite\",\"@id\":\"https:\/\/www.news33.tv\/#website\",\"url\":\"https:\/\/www.news33.tv\/\",\"name\":\"News33.tv Media\",\"description\":\"Media\",\"publisher\":{\"@id\":\"https:\/\/www.news33.tv\/#organization\"},\"potentialAction\":[{\"@type\":\"SearchAction\",\"target\":{\"@type\":\"EntryPoint\",\"urlTemplate\":\"https:\/\/www.news33.tv\/?s={search_term_string}\"},\"query-input\":{\"@type\":\"PropertyValueSpecification\",\"valueRequired\":true,\"valueName\":\"search_term_string\"}}],\"inLanguage\":\"en-US\"},{\"@type\":\"Organization\",\"@id\":\"https:\/\/www.news33.tv\/#organization\",\"name\":\"News33.tv Media\",\"url\":\"https:\/\/www.news33.tv\/\",\"logo\":{\"@type\":\"ImageObject\",\"inLanguage\":\"en-US\",\"@id\":\"https:\/\/www.news33.tv\/#\/schema\/logo\/image\/\",\"url\":\"https:\/\/www.press7.tv\/wp-content\/uploads\/2024\/02\/logo-news33-black.png\",\"contentUrl\":\"https:\/\/www.press7.tv\/wp-content\/uploads\/2024\/02\/logo-news33-black.png\",\"width\":180,\"height\":37,\"caption\":\"News33.tv Media\"},\"image\":{\"@id\":\"https:\/\/www.news33.tv\/#\/schema\/logo\/image\/\"},\"sameAs\":[\"https:\/\/www.facebook.com\/press7.tv\"]},{\"@type\":\"Person\",\"@id\":\"https:\/\/www.news33.tv\/#\/schema\/person\/5a04a38a23ccdba82f9bd665cd8f9efa\",\"name\":\"gazetar2\",\"image\":{\"@type\":\"ImageObject\",\"inLanguage\":\"en-US\",\"@id\":\"https:\/\/www.news33.tv\/#\/schema\/person\/image\/\",\"url\":\"https:\/\/www.press7.tv\/wp-content\/litespeed\/avatar\/41975e402c3049d9ddb03adca8f7a883.jpg?ver=1777774395\",\"contentUrl\":\"https:\/\/www.press7.tv\/wp-content\/litespeed\/avatar\/41975e402c3049d9ddb03adca8f7a883.jpg?ver=1777774395\",\"caption\":\"gazetar2\"},\"url\":\"https:\/\/www.press7.tv\/?author=8\"}]}<\/script>\n<!-- \/ Yoast SEO plugin. -->","yoast_head_json":{"title":"Bebe Rexha u k\u00ebrkon fansave t'ia gjejn\u00eb nj\u00eb baba potencial p\u00ebr f\u00ebmij\u00ebn e saj - press7.tv","robots":{"index":"index","follow":"follow","max-snippet":"max-snippet:-1","max-image-preview":"max-image-preview:large","max-video-preview":"max-video-preview:-1"},"canonical":"https:\/\/www.press7.tv\/?p=24027","og_locale":"en_US","og_type":"article","og_title":"Bebe Rexha u k\u00ebrkon fansave t'ia gjejn\u00eb nj\u00eb baba potencial p\u00ebr f\u00ebmij\u00ebn e saj - press7.tv","og_description":"Shqiptarja me fam\u00eb bot\u00ebrore, Bebe Rexha, ka habitur fansat duke zbuluar n\u00eb rrjetet sociale se \u00ebsht\u00eb n\u00eb k\u00ebrkim t\u00eb nj\u00eb \u201cbabai p\u00ebr f\u00ebmij\u00ebn\u201d. K\u00ebng\u00ebtarja 36-vje\u00e7are ka vendosur t\u2019u drejtohet ndjek\u00ebsve t\u00eb saj p\u00ebr ta ndihmuar t\u00eb gjej\u00eb partnerin e duhur, ka shkruar E News. N\u00eb nj\u00eb postim n\u00eb platform\u00ebn X, artistja e hitit \u201cI Got [&hellip;]","og_url":"https:\/\/www.press7.tv\/?p=24027","og_site_name":"press7.tv","article_publisher":"https:\/\/www.facebook.com\/press7.tv","article_published_time":"2025-12-18T14:51:49+00:00","og_image":[{"width":1360,"height":870,"url":"https:\/\/www.press7.tv\/wp-content\/uploads\/2025\/12\/IMG_2452.avif","type":"image\/webp"}],"author":"gazetar2","twitter_card":"summary_large_image","twitter_misc":{"Written by":"gazetar2","Est. reading time":"1 minute"},"schema":{"@context":"https:\/\/schema.org","@graph":[{"@type":"Article","@id":"https:\/\/www.press7.tv\/?p=24027#article","isPartOf":{"@id":"https:\/\/www.press7.tv\/?p=24027"},"author":{"name":"gazetar2","@id":"https:\/\/www.news33.tv\/#\/schema\/person\/5a04a38a23ccdba82f9bd665cd8f9efa"},"headline":"Bebe Rexha u k\u00ebrkon fansave t&#8217;ia gjejn\u00eb nj\u00eb baba potencial p\u00ebr f\u00ebmij\u00ebn e saj","datePublished":"2025-12-18T14:51:49+00:00","mainEntityOfPage":{"@id":"https:\/\/www.press7.tv\/?p=24027"},"wordCount":498,"publisher":{"@id":"https:\/\/www.news33.tv\/#organization"},"image":{"@id":"https:\/\/www.press7.tv\/?p=24027#primaryimage"},"thumbnailUrl":"https:\/\/www.press7.tv\/wp-content\/uploads\/2025\/12\/IMG_2452.avif","articleSection":["ShowBiz"],"inLanguage":"en-US"},{"@type":"WebPage","@id":"https:\/\/www.press7.tv\/?p=24027","url":"https:\/\/www.press7.tv\/?p=24027","name":"Bebe Rexha u k\u00ebrkon fansave t'ia gjejn\u00eb nj\u00eb baba potencial p\u00ebr f\u00ebmij\u00ebn e saj - press7.tv","isPartOf":{"@id":"https:\/\/www.news33.tv\/#website"},"primaryImageOfPage":{"@id":"https:\/\/www.press7.tv\/?p=24027#primaryimage"},"image":{"@id":"https:\/\/www.press7.tv\/?p=24027#primaryimage"},"thumbnailUrl":"https:\/\/www.press7.tv\/wp-content\/uploads\/2025\/12\/IMG_2452.avif","datePublished":"2025-12-18T14:51:49+00:00","breadcrumb":{"@id":"https:\/\/www.press7.tv\/?p=24027#breadcrumb"},"inLanguage":"en-US","potentialAction":[{"@type":"ReadAction","target":["https:\/\/www.press7.tv\/?p=24027"]}]},{"@type":"ImageObject","inLanguage":"en-US","@id":"https:\/\/www.press7.tv\/?p=24027#primaryimage","url":"https:\/\/www.press7.tv\/wp-content\/uploads\/2025\/12\/IMG_2452.avif","contentUrl":"https:\/\/www.press7.tv\/wp-content\/uploads\/2025\/12\/IMG_2452.avif","width":1360,"height":870},{"@type":"BreadcrumbList","@id":"https:\/\/www.press7.tv\/?p=24027#breadcrumb","itemListElement":[{"@type":"ListItem","position":1,"name":"Home","item":"https:\/\/www.press7.tv\/"},{"@type":"ListItem","position":2,"name":"Bebe Rexha u k\u00ebrkon fansave t&#8217;ia gjejn\u00eb nj\u00eb baba potencial p\u00ebr f\u00ebmij\u00ebn e saj"}]},{"@type":"WebSite","@id":"https:\/\/www.news33.tv\/#website","url":"https:\/\/www.news33.tv\/","name":"News33.tv Media","description":"Media","publisher":{"@id":"https:\/\/www.news33.tv\/#organization"},"potentialAction":[{"@type":"SearchAction","target":{"@type":"EntryPoint","urlTemplate":"https:\/\/www.news33.tv\/?s={search_term_string}"},"query-input":{"@type":"PropertyValueSpecification","valueRequired":true,"valueName":"search_term_string"}}],"inLanguage":"en-US"},{"@type":"Organization","@id":"https:\/\/www.news33.tv\/#organization","name":"News33.tv Media","url":"https:\/\/www.news33.tv\/","logo":{"@type":"ImageObject","inLanguage":"en-US","@id":"https:\/\/www.news33.tv\/#\/schema\/logo\/image\/","url":"https:\/\/www.press7.tv\/wp-content\/uploads\/2024\/02\/logo-news33-black.png","contentUrl":"https:\/\/www.press7.tv\/wp-content\/uploads\/2024\/02\/logo-news33-black.png","width":180,"height":37,"caption":"News33.tv Media"},"image":{"@id":"https:\/\/www.news33.tv\/#\/schema\/logo\/image\/"},"sameAs":["https:\/\/www.facebook.com\/press7.tv"]},{"@type":"Person","@id":"https:\/\/www.news33.tv\/#\/schema\/person\/5a04a38a23ccdba82f9bd665cd8f9efa","name":"gazetar2","image":{"@type":"ImageObject","inLanguage":"en-US","@id":"https:\/\/www.news33.tv\/#\/schema\/person\/image\/","url":"https:\/\/www.press7.tv\/wp-content\/litespeed\/avatar\/41975e402c3049d9ddb03adca8f7a883.jpg?ver=1777774395","contentUrl":"https:\/\/www.press7.tv\/wp-content\/litespeed\/avatar\/41975e402c3049d9ddb03adca8f7a883.jpg?ver=1777774395","caption":"gazetar2"},"url":"https:\/\/www.press7.tv\/?author=8"}]}},"amp_enabled":true,"_links":{"self":[{"href":"https:\/\/www.press7.tv\/index.php?rest_route=\/wp\/v2\/posts\/24027","targetHints":{"allow":["GET"]}}],"collection":[{"href":"https:\/\/www.press7.tv\/index.php?rest_route=\/wp\/v2\/posts"}],"about":[{"href":"https:\/\/www.press7.tv\/index.php?rest_route=\/wp\/v2\/types\/post"}],"author":[{"embeddable":true,"href":"https:\/\/www.press7.tv\/index.php?rest_route=\/wp\/v2\/users\/8"}],"replies":[{"embeddable":true,"href":"https:\/\/www.press7.tv\/index.php?rest_route=%2Fwp%2Fv2%2Fcomments&post=24027"}],"version-history":[{"count":1,"href":"https:\/\/www.press7.tv\/index.php?rest_route=\/wp\/v2\/posts\/24027\/revisions"}],"predecessor-version":[{"id":24030,"href":"https:\/\/www.press7.tv\/index.php?rest_route=\/wp\/v2\/posts\/24027\/revisions\/24030"}],"wp:featuredmedia":[{"embeddable":true,"href":"https:\/\/www.press7.tv\/index.php?rest_route=\/wp\/v2\/media\/24028"}],"wp:attachment":[{"href":"https:\/\/www.press7.tv\/index.php?rest_route=%2Fwp%2Fv2%2Fmedia&parent=24027"}],"wp:term":[{"taxonomy":"category","embeddable":true,"href":"https:\/\/www.press7.tv\/index.php?rest_route=%2Fwp%2Fv2%2Fcategories&post=24027"},{"taxonomy":"post_tag","embeddable":true,"href":"https:\/\/www.press7.tv\/index.php?rest_route=%2Fwp%2Fv2%2Ftags&post=24027"}],"curies":[{"name":"wp","href":"https:\/\/api.w.org\/{rel}","templated":true}]}}