{"id":24015,"date":"2025-12-17T16:22:29","date_gmt":"2025-12-17T16:22:29","guid":{"rendered":"https:\/\/www.press7.tv\/?p=24015"},"modified":"2025-12-17T16:22:29","modified_gmt":"2025-12-17T16:22:29","slug":"osmani-formula-e-trumpit-paqe-permes-forces-eshte-ajo-qe-funksionon-ne-ballkan-perendimor","status":"publish","type":"post","link":"https:\/\/www.press7.tv\/?p=24015","title":{"rendered":"Osmani: Formula e Trumpit, \u201cpaqe p\u00ebrmes forc\u00ebs\u201d, \u00ebsht\u00eb ajo q\u00eb funksionon n\u00eb Ballkan Per\u00ebndimor"},"content":{"rendered":"\n    <div class=\"xs_social_share_widget xs_share_url before_content \t\tmain_content  wslu-style-2 wslu-share-box-shaped wslu-fill-colored wslu-share-m-5 wslu-none wslu-share-vertical wslu-theme-font-no wslu-main_content\">\n\n\t\t\n        <ul>\n\t\t\t        <\/ul>\n    <\/div> \n<p>Presidentja e Kosov\u00ebs, Vjosa Osmani, ka th\u00ebn\u00eb se formula e presidentit t\u00eb SHBA-s\u00eb, Donald Trump, \u201cpaqe n\u00ebp\u00ebrmjet forc\u00ebs\u201d \u00ebsht\u00eb ajo q\u00eb funksionon n\u00eb Ballkanin Per\u00ebndimor. <\/p>\n<p>Osmani n\u00eb nj\u00eb intervist\u00eb p\u00ebr \u201cBloomberg\u201d ka th\u00ebn\u00eb se Trump dhe an\u00ebtar\u00eb t\u00eb administrat\u00ebs s\u00eb tij kan\u00eb ndaluar nj\u00eb p\u00ebrshkall\u00ebzim s\u00eb fundi n\u00eb Kosov\u00eb. <\/p>\n<p>\u201cQ\u00eb nga fillimi i mandatit t\u00eb presidentit Trump, administrata e tij ka qen\u00eb shum\u00eb e v\u00ebmendshme ndaj Ballkanit Per\u00ebndimor. Ai ka qen\u00eb personalisht i p\u00ebrfshir\u00eb, si\u00e7 ka th\u00ebn\u00eb shum\u00eb her\u00eb, duke e p\u00ebrkrahur paqen jo vet\u00ebm mes Kosov\u00ebs dhe Serbis\u00eb, por n\u00eb rajon n\u00eb p\u00ebrgjith\u00ebsi. Personalisht ishte p\u00ebrfshir\u00eb, p\u00ebrfshir\u00eb an\u00ebtar\u00eb t\u00eb administrat\u00ebs s\u00eb tij, q\u00eb t\u00eb ndalojn\u00eb nj\u00eb p\u00ebrshkal\u00ebzim q\u00eb ka ndodhur s\u00eb fundi. Kemi v\u00ebmendjen e plot\u00eb t\u00eb administrat\u00ebs s\u00eb tij\u201d, ka th\u00ebn\u00eb Osmani. \u201c&#8230;Kosova ka qen\u00eb kontribuuese e plot\u00eb e paqes dhe stabilitetit n\u00eb rajon, por kemi nj\u00eb fqinj t\u00eb \u00e7mendur q\u00eb duhet t\u00eb ndalet. Roli i presidentit Trump, formula \u2018paqe p\u00ebrmes forc\u00ebs\u2019 \u00ebsht\u00eb ajo q\u00eb funksionon n\u00eb Ballkanin Per\u00ebndimor\u201d. <\/p>\n<p>Osmani ka th\u00ebn\u00eb se Kosova \u00ebsht\u00eb storie suksesi e SHBA-s\u00eb dhe se \u00ebsht\u00eb e bekuar q\u00eb ka p\u00ebrkrahje bipartizane n\u00eb SHBA. Osmani ka th\u00ebn\u00eb se ndikimi i SHBA-s\u00eb n\u00eb Ballkan Per\u00ebndimor \u00ebsht\u00eb masiv. <\/p>\n<p>\u201cJan\u00eb rreth 600 trupa amerikane, por ndikimi \u00ebsht\u00eb masiv\u201d, tha Osmani, duke shtuar se p\u00ebr her\u00eb t\u00eb par\u00eb n\u00eb histori ka paqe n\u00eb rajon. <\/p>\n<p>Ajo ka th\u00ebn\u00eb se shpreson t\u00eb mos ket\u00eb ndryshim n\u00eb qasje t\u00eb administrat\u00ebs s\u00eb SHBA-s\u00eb. <\/p>\n<p>Sa i p\u00ebrket normalizimit t\u00eb marr\u00ebdh\u00ebnieve Kosov\u00eb \u2013 Serbi, Osmani ka th\u00ebn\u00eb se presidenti i Serbis\u00eb, Aleksandar Vu\u00e7iq, \u00ebsht\u00eb ai q\u00eb po pengon dhe po tenton ta kthej\u00eb rajonin prapa n\u00eb koh\u00ebt e err\u00ebta.<br \/>\nE presidentja e Kosov\u00ebs ka th\u00ebn\u00eb se Bashkimi Evropian duhet t\u00eb jet\u00eb m\u00eb i vendosur dhe i ashp\u00ebr.<br \/>\nOsmani n\u00eb intervist\u00eb ka th\u00ebn\u00eb se e p\u00ebrkrah an\u00ebtar\u00ebsimin e Ukrain\u00ebs n\u00eb Bashkim Evropian. <\/p>\n<p>Ajo ka folur edhe p\u00ebr situat\u00ebn politike n\u00eb vend. Tha se nga gjuha q\u00eb po p\u00ebrdoret po sheh nj\u00eb rol m\u00eb konstruktiv nga lider\u00ebt e partive politike. <\/p>\n<p>\u201cNga gjuha q\u00eb po p\u00ebrdoret, shoh se lider\u00ebt e partive politike kan\u00eb nj\u00eb qasje m\u00eb konstruktive, pa vija t\u00eb kuqe. Shpresoj t\u00eb kemi shum\u00eb shpejt qeveri e t\u00eb formohen institucionet. Na duhen institucione t\u00eb ecim para drejt projekteve t\u00eb m\u00ebdha me BE-n\u00eb dhe SHBA-n\u00eb\u201d, tha Osmani. <\/p>\n<p>Ajo \u00ebsht\u00eb pyetur edhe n\u00ebse do t\u00eb rikandidoj\u00eb p\u00ebr postin e presidentes s\u00eb vendit. Ka th\u00ebn\u00eb se p\u00ebr k\u00ebt\u00eb mund t\u00eb p\u00ebrgjigjet m\u00eb qart\u00eb pasi t\u00eb ket\u00eb p\u00ebrb\u00ebrjen e Parlamentit. <\/p>\n<p>\u201cKosov\u00ebs i duhet kontinuitet, ve\u00e7an\u00ebrisht n\u00eb politik\u00ebn e jashtme, q\u00eb \u00ebsht\u00eb pjes\u00eb e r\u00ebnd\u00ebsishme p\u00ebr t\u00eb ecur para\u201d, tha Osmani.<\/p>\n<p><a href=\"https:\/\/www.facebook.com\/watch\/?ref=embed_video&#038;v=757308944083208\">https:\/\/www.facebook.com\/watch\/?ref=embed_video&#038;v=757308944083208<\/a><\/p>\n","protected":false},"excerpt":{"rendered":"<p>Presidentja e Kosov\u00ebs, Vjosa Osmani, ka th\u00ebn\u00eb se formula e presidentit t\u00eb SHBA-s\u00eb, Donald Trump, \u201cpaqe n\u00ebp\u00ebrmjet forc\u00ebs\u201d \u00ebsht\u00eb ajo q\u00eb funksionon n\u00eb Ballkanin Per\u00ebndimor. Osmani n\u00eb nj\u00eb intervist\u00eb p\u00ebr \u201cBloomberg\u201d ka th\u00ebn\u00eb se Trump dhe an\u00ebtar\u00eb t\u00eb administrat\u00ebs s\u00eb tij kan\u00eb ndaluar nj\u00eb p\u00ebrshkall\u00ebzim s\u00eb fundi n\u00eb Kosov\u00eb. \u201cQ\u00eb nga fillimi i mandatit t\u00eb [&hellip;]<\/p>\n","protected":false},"author":8,"featured_media":24016,"comment_status":"closed","ping_status":"closed","sticky":false,"template":"","format":"standard","meta":{"footnotes":""},"categories":[215,213],"tags":[],"class_list":["post-24015","post","type-post","status-publish","format-standard","has-post-thumbnail","hentry","category-kosove","category-lajme"],"yoast_head":"<!-- This site is optimized with the Yoast SEO plugin v25.1 - https:\/\/yoast.com\/wordpress\/plugins\/seo\/ -->\n<title>Osmani: Formula e Trumpit, \u201cpaqe p\u00ebrmes forc\u00ebs\u201d, \u00ebsht\u00eb ajo q\u00eb funksionon n\u00eb Ballkan Per\u00ebndimor - press7.tv<\/title>\n<meta name=\"robots\" content=\"index, follow, max-snippet:-1, max-image-preview:large, max-video-preview:-1\" \/>\n<link rel=\"canonical\" href=\"https:\/\/www.press7.tv\/?p=24015\" \/>\n<meta property=\"og:locale\" content=\"en_US\" \/>\n<meta property=\"og:type\" content=\"article\" \/>\n<meta property=\"og:title\" content=\"Osmani: Formula e Trumpit, \u201cpaqe p\u00ebrmes forc\u00ebs\u201d, \u00ebsht\u00eb ajo q\u00eb funksionon n\u00eb Ballkan Per\u00ebndimor - press7.tv\" \/>\n<meta property=\"og:description\" content=\"Presidentja e Kosov\u00ebs, Vjosa Osmani, ka th\u00ebn\u00eb se formula e presidentit t\u00eb SHBA-s\u00eb, Donald Trump, \u201cpaqe n\u00ebp\u00ebrmjet forc\u00ebs\u201d \u00ebsht\u00eb ajo q\u00eb funksionon n\u00eb Ballkanin Per\u00ebndimor. Osmani n\u00eb nj\u00eb intervist\u00eb p\u00ebr \u201cBloomberg\u201d ka th\u00ebn\u00eb se Trump dhe an\u00ebtar\u00eb t\u00eb administrat\u00ebs s\u00eb tij kan\u00eb ndaluar nj\u00eb p\u00ebrshkall\u00ebzim s\u00eb fundi n\u00eb Kosov\u00eb. \u201cQ\u00eb nga fillimi i mandatit t\u00eb [&hellip;]\" \/>\n<meta property=\"og:url\" content=\"https:\/\/www.press7.tv\/?p=24015\" \/>\n<meta property=\"og:site_name\" content=\"press7.tv\" \/>\n<meta property=\"article:publisher\" content=\"https:\/\/www.facebook.com\/press7.tv\" \/>\n<meta property=\"article:published_time\" content=\"2025-12-17T16:22:29+00:00\" \/>\n<meta property=\"og:image\" content=\"https:\/\/www.press7.tv\/wp-content\/uploads\/2025\/12\/IMG_2429.avif\" \/>\n\t<meta property=\"og:image:width\" content=\"1036\" \/>\n\t<meta property=\"og:image:height\" content=\"625\" \/>\n\t<meta property=\"og:image:type\" content=\"image\/webp\" \/>\n<meta name=\"author\" content=\"gazetar2\" \/>\n<meta name=\"twitter:card\" content=\"summary_large_image\" \/>\n<meta name=\"twitter:label1\" content=\"Written by\" \/>\n\t<meta name=\"twitter:data1\" content=\"gazetar2\" \/>\n\t<meta name=\"twitter:label2\" content=\"Est. reading time\" \/>\n\t<meta name=\"twitter:data2\" content=\"1 minute\" \/>\n<script type=\"application\/ld+json\" class=\"yoast-schema-graph\">{\"@context\":\"https:\/\/schema.org\",\"@graph\":[{\"@type\":\"Article\",\"@id\":\"https:\/\/www.press7.tv\/?p=24015#article\",\"isPartOf\":{\"@id\":\"https:\/\/www.press7.tv\/?p=24015\"},\"author\":{\"name\":\"gazetar2\",\"@id\":\"https:\/\/www.news33.tv\/#\/schema\/person\/5a04a38a23ccdba82f9bd665cd8f9efa\"},\"headline\":\"Osmani: Formula e Trumpit, \u201cpaqe p\u00ebrmes forc\u00ebs\u201d, \u00ebsht\u00eb ajo q\u00eb funksionon n\u00eb Ballkan Per\u00ebndimor\",\"datePublished\":\"2025-12-17T16:22:29+00:00\",\"mainEntityOfPage\":{\"@id\":\"https:\/\/www.press7.tv\/?p=24015\"},\"wordCount\":523,\"publisher\":{\"@id\":\"https:\/\/www.news33.tv\/#organization\"},\"image\":{\"@id\":\"https:\/\/www.press7.tv\/?p=24015#primaryimage\"},\"thumbnailUrl\":\"https:\/\/www.press7.tv\/wp-content\/uploads\/2025\/12\/IMG_2429.avif\",\"articleSection\":[\"Kosov\u00eb\",\"Lajme\"],\"inLanguage\":\"en-US\"},{\"@type\":\"WebPage\",\"@id\":\"https:\/\/www.press7.tv\/?p=24015\",\"url\":\"https:\/\/www.press7.tv\/?p=24015\",\"name\":\"Osmani: Formula e Trumpit, \u201cpaqe p\u00ebrmes forc\u00ebs\u201d, \u00ebsht\u00eb ajo q\u00eb funksionon n\u00eb Ballkan Per\u00ebndimor - press7.tv\",\"isPartOf\":{\"@id\":\"https:\/\/www.news33.tv\/#website\"},\"primaryImageOfPage\":{\"@id\":\"https:\/\/www.press7.tv\/?p=24015#primaryimage\"},\"image\":{\"@id\":\"https:\/\/www.press7.tv\/?p=24015#primaryimage\"},\"thumbnailUrl\":\"https:\/\/www.press7.tv\/wp-content\/uploads\/2025\/12\/IMG_2429.avif\",\"datePublished\":\"2025-12-17T16:22:29+00:00\",\"breadcrumb\":{\"@id\":\"https:\/\/www.press7.tv\/?p=24015#breadcrumb\"},\"inLanguage\":\"en-US\",\"potentialAction\":[{\"@type\":\"ReadAction\",\"target\":[\"https:\/\/www.press7.tv\/?p=24015\"]}]},{\"@type\":\"ImageObject\",\"inLanguage\":\"en-US\",\"@id\":\"https:\/\/www.press7.tv\/?p=24015#primaryimage\",\"url\":\"https:\/\/www.press7.tv\/wp-content\/uploads\/2025\/12\/IMG_2429.avif\",\"contentUrl\":\"https:\/\/www.press7.tv\/wp-content\/uploads\/2025\/12\/IMG_2429.avif\",\"width\":1036,\"height\":625},{\"@type\":\"BreadcrumbList\",\"@id\":\"https:\/\/www.press7.tv\/?p=24015#breadcrumb\",\"itemListElement\":[{\"@type\":\"ListItem\",\"position\":1,\"name\":\"Home\",\"item\":\"https:\/\/www.press7.tv\/\"},{\"@type\":\"ListItem\",\"position\":2,\"name\":\"Osmani: Formula e Trumpit, \u201cpaqe p\u00ebrmes forc\u00ebs\u201d, \u00ebsht\u00eb ajo q\u00eb funksionon n\u00eb Ballkan Per\u00ebndimor\"}]},{\"@type\":\"WebSite\",\"@id\":\"https:\/\/www.news33.tv\/#website\",\"url\":\"https:\/\/www.news33.tv\/\",\"name\":\"News33.tv Media\",\"description\":\"Media\",\"publisher\":{\"@id\":\"https:\/\/www.news33.tv\/#organization\"},\"potentialAction\":[{\"@type\":\"SearchAction\",\"target\":{\"@type\":\"EntryPoint\",\"urlTemplate\":\"https:\/\/www.news33.tv\/?s={search_term_string}\"},\"query-input\":{\"@type\":\"PropertyValueSpecification\",\"valueRequired\":true,\"valueName\":\"search_term_string\"}}],\"inLanguage\":\"en-US\"},{\"@type\":\"Organization\",\"@id\":\"https:\/\/www.news33.tv\/#organization\",\"name\":\"News33.tv Media\",\"url\":\"https:\/\/www.news33.tv\/\",\"logo\":{\"@type\":\"ImageObject\",\"inLanguage\":\"en-US\",\"@id\":\"https:\/\/www.news33.tv\/#\/schema\/logo\/image\/\",\"url\":\"https:\/\/www.press7.tv\/wp-content\/uploads\/2024\/02\/logo-news33-black.png\",\"contentUrl\":\"https:\/\/www.press7.tv\/wp-content\/uploads\/2024\/02\/logo-news33-black.png\",\"width\":180,\"height\":37,\"caption\":\"News33.tv Media\"},\"image\":{\"@id\":\"https:\/\/www.news33.tv\/#\/schema\/logo\/image\/\"},\"sameAs\":[\"https:\/\/www.facebook.com\/press7.tv\"]},{\"@type\":\"Person\",\"@id\":\"https:\/\/www.news33.tv\/#\/schema\/person\/5a04a38a23ccdba82f9bd665cd8f9efa\",\"name\":\"gazetar2\",\"image\":{\"@type\":\"ImageObject\",\"inLanguage\":\"en-US\",\"@id\":\"https:\/\/www.news33.tv\/#\/schema\/person\/image\/\",\"url\":\"https:\/\/www.press7.tv\/wp-content\/litespeed\/avatar\/41975e402c3049d9ddb03adca8f7a883.jpg?ver=1777774395\",\"contentUrl\":\"https:\/\/www.press7.tv\/wp-content\/litespeed\/avatar\/41975e402c3049d9ddb03adca8f7a883.jpg?ver=1777774395\",\"caption\":\"gazetar2\"},\"url\":\"https:\/\/www.press7.tv\/?author=8\"}]}<\/script>\n<!-- \/ Yoast SEO plugin. -->","yoast_head_json":{"title":"Osmani: Formula e Trumpit, \u201cpaqe p\u00ebrmes forc\u00ebs\u201d, \u00ebsht\u00eb ajo q\u00eb funksionon n\u00eb Ballkan Per\u00ebndimor - press7.tv","robots":{"index":"index","follow":"follow","max-snippet":"max-snippet:-1","max-image-preview":"max-image-preview:large","max-video-preview":"max-video-preview:-1"},"canonical":"https:\/\/www.press7.tv\/?p=24015","og_locale":"en_US","og_type":"article","og_title":"Osmani: Formula e Trumpit, \u201cpaqe p\u00ebrmes forc\u00ebs\u201d, \u00ebsht\u00eb ajo q\u00eb funksionon n\u00eb Ballkan Per\u00ebndimor - press7.tv","og_description":"Presidentja e Kosov\u00ebs, Vjosa Osmani, ka th\u00ebn\u00eb se formula e presidentit t\u00eb SHBA-s\u00eb, Donald Trump, \u201cpaqe n\u00ebp\u00ebrmjet forc\u00ebs\u201d \u00ebsht\u00eb ajo q\u00eb funksionon n\u00eb Ballkanin Per\u00ebndimor. Osmani n\u00eb nj\u00eb intervist\u00eb p\u00ebr \u201cBloomberg\u201d ka th\u00ebn\u00eb se Trump dhe an\u00ebtar\u00eb t\u00eb administrat\u00ebs s\u00eb tij kan\u00eb ndaluar nj\u00eb p\u00ebrshkall\u00ebzim s\u00eb fundi n\u00eb Kosov\u00eb. \u201cQ\u00eb nga fillimi i mandatit t\u00eb [&hellip;]","og_url":"https:\/\/www.press7.tv\/?p=24015","og_site_name":"press7.tv","article_publisher":"https:\/\/www.facebook.com\/press7.tv","article_published_time":"2025-12-17T16:22:29+00:00","og_image":[{"width":1036,"height":625,"url":"https:\/\/www.press7.tv\/wp-content\/uploads\/2025\/12\/IMG_2429.avif","type":"image\/webp"}],"author":"gazetar2","twitter_card":"summary_large_image","twitter_misc":{"Written by":"gazetar2","Est. reading time":"1 minute"},"schema":{"@context":"https:\/\/schema.org","@graph":[{"@type":"Article","@id":"https:\/\/www.press7.tv\/?p=24015#article","isPartOf":{"@id":"https:\/\/www.press7.tv\/?p=24015"},"author":{"name":"gazetar2","@id":"https:\/\/www.news33.tv\/#\/schema\/person\/5a04a38a23ccdba82f9bd665cd8f9efa"},"headline":"Osmani: Formula e Trumpit, \u201cpaqe p\u00ebrmes forc\u00ebs\u201d, \u00ebsht\u00eb ajo q\u00eb funksionon n\u00eb Ballkan Per\u00ebndimor","datePublished":"2025-12-17T16:22:29+00:00","mainEntityOfPage":{"@id":"https:\/\/www.press7.tv\/?p=24015"},"wordCount":523,"publisher":{"@id":"https:\/\/www.news33.tv\/#organization"},"image":{"@id":"https:\/\/www.press7.tv\/?p=24015#primaryimage"},"thumbnailUrl":"https:\/\/www.press7.tv\/wp-content\/uploads\/2025\/12\/IMG_2429.avif","articleSection":["Kosov\u00eb","Lajme"],"inLanguage":"en-US"},{"@type":"WebPage","@id":"https:\/\/www.press7.tv\/?p=24015","url":"https:\/\/www.press7.tv\/?p=24015","name":"Osmani: Formula e Trumpit, \u201cpaqe p\u00ebrmes forc\u00ebs\u201d, \u00ebsht\u00eb ajo q\u00eb funksionon n\u00eb Ballkan Per\u00ebndimor - press7.tv","isPartOf":{"@id":"https:\/\/www.news33.tv\/#website"},"primaryImageOfPage":{"@id":"https:\/\/www.press7.tv\/?p=24015#primaryimage"},"image":{"@id":"https:\/\/www.press7.tv\/?p=24015#primaryimage"},"thumbnailUrl":"https:\/\/www.press7.tv\/wp-content\/uploads\/2025\/12\/IMG_2429.avif","datePublished":"2025-12-17T16:22:29+00:00","breadcrumb":{"@id":"https:\/\/www.press7.tv\/?p=24015#breadcrumb"},"inLanguage":"en-US","potentialAction":[{"@type":"ReadAction","target":["https:\/\/www.press7.tv\/?p=24015"]}]},{"@type":"ImageObject","inLanguage":"en-US","@id":"https:\/\/www.press7.tv\/?p=24015#primaryimage","url":"https:\/\/www.press7.tv\/wp-content\/uploads\/2025\/12\/IMG_2429.avif","contentUrl":"https:\/\/www.press7.tv\/wp-content\/uploads\/2025\/12\/IMG_2429.avif","width":1036,"height":625},{"@type":"BreadcrumbList","@id":"https:\/\/www.press7.tv\/?p=24015#breadcrumb","itemListElement":[{"@type":"ListItem","position":1,"name":"Home","item":"https:\/\/www.press7.tv\/"},{"@type":"ListItem","position":2,"name":"Osmani: Formula e Trumpit, \u201cpaqe p\u00ebrmes forc\u00ebs\u201d, \u00ebsht\u00eb ajo q\u00eb funksionon n\u00eb Ballkan Per\u00ebndimor"}]},{"@type":"WebSite","@id":"https:\/\/www.news33.tv\/#website","url":"https:\/\/www.news33.tv\/","name":"News33.tv Media","description":"Media","publisher":{"@id":"https:\/\/www.news33.tv\/#organization"},"potentialAction":[{"@type":"SearchAction","target":{"@type":"EntryPoint","urlTemplate":"https:\/\/www.news33.tv\/?s={search_term_string}"},"query-input":{"@type":"PropertyValueSpecification","valueRequired":true,"valueName":"search_term_string"}}],"inLanguage":"en-US"},{"@type":"Organization","@id":"https:\/\/www.news33.tv\/#organization","name":"News33.tv Media","url":"https:\/\/www.news33.tv\/","logo":{"@type":"ImageObject","inLanguage":"en-US","@id":"https:\/\/www.news33.tv\/#\/schema\/logo\/image\/","url":"https:\/\/www.press7.tv\/wp-content\/uploads\/2024\/02\/logo-news33-black.png","contentUrl":"https:\/\/www.press7.tv\/wp-content\/uploads\/2024\/02\/logo-news33-black.png","width":180,"height":37,"caption":"News33.tv Media"},"image":{"@id":"https:\/\/www.news33.tv\/#\/schema\/logo\/image\/"},"sameAs":["https:\/\/www.facebook.com\/press7.tv"]},{"@type":"Person","@id":"https:\/\/www.news33.tv\/#\/schema\/person\/5a04a38a23ccdba82f9bd665cd8f9efa","name":"gazetar2","image":{"@type":"ImageObject","inLanguage":"en-US","@id":"https:\/\/www.news33.tv\/#\/schema\/person\/image\/","url":"https:\/\/www.press7.tv\/wp-content\/litespeed\/avatar\/41975e402c3049d9ddb03adca8f7a883.jpg?ver=1777774395","contentUrl":"https:\/\/www.press7.tv\/wp-content\/litespeed\/avatar\/41975e402c3049d9ddb03adca8f7a883.jpg?ver=1777774395","caption":"gazetar2"},"url":"https:\/\/www.press7.tv\/?author=8"}]}},"amp_enabled":true,"_links":{"self":[{"href":"https:\/\/www.press7.tv\/index.php?rest_route=\/wp\/v2\/posts\/24015","targetHints":{"allow":["GET"]}}],"collection":[{"href":"https:\/\/www.press7.tv\/index.php?rest_route=\/wp\/v2\/posts"}],"about":[{"href":"https:\/\/www.press7.tv\/index.php?rest_route=\/wp\/v2\/types\/post"}],"author":[{"embeddable":true,"href":"https:\/\/www.press7.tv\/index.php?rest_route=\/wp\/v2\/users\/8"}],"replies":[{"embeddable":true,"href":"https:\/\/www.press7.tv\/index.php?rest_route=%2Fwp%2Fv2%2Fcomments&post=24015"}],"version-history":[{"count":1,"href":"https:\/\/www.press7.tv\/index.php?rest_route=\/wp\/v2\/posts\/24015\/revisions"}],"predecessor-version":[{"id":24017,"href":"https:\/\/www.press7.tv\/index.php?rest_route=\/wp\/v2\/posts\/24015\/revisions\/24017"}],"wp:featuredmedia":[{"embeddable":true,"href":"https:\/\/www.press7.tv\/index.php?rest_route=\/wp\/v2\/media\/24016"}],"wp:attachment":[{"href":"https:\/\/www.press7.tv\/index.php?rest_route=%2Fwp%2Fv2%2Fmedia&parent=24015"}],"wp:term":[{"taxonomy":"category","embeddable":true,"href":"https:\/\/www.press7.tv\/index.php?rest_route=%2Fwp%2Fv2%2Fcategories&post=24015"},{"taxonomy":"post_tag","embeddable":true,"href":"https:\/\/www.press7.tv\/index.php?rest_route=%2Fwp%2Fv2%2Ftags&post=24015"}],"curies":[{"name":"wp","href":"https:\/\/api.w.org\/{rel}","templated":true}]}}