{"id":24009,"date":"2025-12-16T16:11:36","date_gmt":"2025-12-16T16:11:36","guid":{"rendered":"https:\/\/www.press7.tv\/?p=24009"},"modified":"2025-12-16T16:11:36","modified_gmt":"2025-12-16T16:11:36","slug":"terheqja-e-kushnerit-nga-investimi-ne-beograd-vuciq-ankohet-per-humbje-te-qindra-milionave-dhe-permend-shqiperine","status":"publish","type":"post","link":"https:\/\/www.press7.tv\/?p=24009","title":{"rendered":"T\u00ebrheqja e Kushnerit nga investimi n\u00eb Beograd, Vu\u00e7iq ankohet p\u00ebr humbje t\u00eb qindra milionave dhe p\u00ebrmend Shqip\u00ebrin\u00eb"},"content":{"rendered":"\n    <div class=\"xs_social_share_widget xs_share_url before_content \t\tmain_content  wslu-style-2 wslu-share-box-shaped wslu-fill-colored wslu-share-m-5 wslu-none wslu-share-vertical wslu-theme-font-no wslu-main_content\">\n\n\t\t\n        <ul>\n\t\t\t        <\/ul>\n    <\/div> \n<p>Presidenti serb Aleksandar Vu\u00e7iq, ka th\u00ebn\u00eb se Serbia do t\u00eb humb\u00eb t\u00eb pakt\u00ebn 750 milion\u00eb euro pasi q\u00eb dh\u00ebndri i presidentit t\u00eb SHBA-s\u00eb, Donald Trump, Jared Kushner, \u00ebsht\u00eb t\u00ebrhequr nga nd\u00ebrtimi i nj\u00eb hoteli n\u00eb Beograd, n\u00eb vendin e ish-godin\u00ebs s\u00eb Shtabit t\u00eb P\u00ebrgjithsh\u00ebm t\u00eb Ushtris\u00eb s\u00eb Jugosllavis\u00eb. Ajo godin\u00eb ishte shkat\u00ebrruar gjat\u00eb bombardimeve t\u00eb NATO-s n\u00eb vitin 1999. <\/p>\n<p>Kompania e Kushnerit \u201cAffinity Partners\u201d kishte planifikuar t\u00eb nd\u00ebrtonte aty nj\u00eb hotel luksoz.<br \/>\nPor, hoqi dor\u00eb n\u00eb dit\u00ebn Prokuroria Publike p\u00ebr Krim t\u00eb Organizuar n\u00eb Serbi ngriti aktakuz\u00eb ndaj ministrit aktual t\u00eb Kultur\u00ebs, Nikolla Selakoviq, p\u00ebr shkelje gjat\u00eb heqjes s\u00eb statusit t\u00eb pron\u00ebsis\u00eb s\u00eb objekteve t\u00eb mbrojtura t\u00eb trash\u00ebgimis\u00eb kulturore ndaj ish-nd\u00ebrtes\u00ebs s\u00eb Shtabit t\u00eb P\u00ebrgjithsh\u00ebm, n\u00eb qend\u00ebr t\u00eb Beogradit.<\/p>\n<p>Selakoviq akuzohet p\u00ebr keqp\u00ebrdorim t\u00eb detyr\u00ebs zyrtare dhe falsifikim t\u00eb dokumenteve zyrtare.<br \/>\nE presidenti i Serbis\u00eb, Vu\u00e7iq ka th\u00ebn\u00eb se jan\u00eb humbur t\u00eb pakt\u00ebn 750 milion\u00eb euro p\u00ebr shkak t\u00eb fushat\u00ebs \u201cShtabi i P\u00ebrgjithsh\u00ebm\u201d. Ai tha se u humb nj\u00eb mund\u00ebsi e shk\u00eblqyer dhe se do t\u00eb ngrit\u00ebt padi ndaj t\u00eb gjith\u00eb personave, q\u00eb mor\u00ebn \u201cpjes\u00eb n\u00eb ndjekje p\u00ebr ta shkat\u00ebrruar k\u00ebt\u00eb investim\u201d.<\/p>\n<p>\u201cFushata kund\u00ebr Shtabit t\u00eb P\u00ebrgjithsh\u00ebm po fillon si nj\u00eb fushat\u00eb n\u00eb mb\u00ebshtetje t\u00eb bllokad\u00ebs kund\u00ebr njer\u00ebzve q\u00eb po e b\u00ebnin pun\u00ebn e tyre me p\u00ebrgjegj\u00ebsi dhe seriozitet. Sepse gjith\u00e7ka duhet t\u00eb shpifet, gjith\u00e7ka duhet t\u00eb shkat\u00ebrrohet, t\u00eb b\u00ebhet sa m\u00eb keq, n\u00eb m\u00ebnyr\u00eb q\u00eb t\u00eb jen\u00eb t\u00eb mir\u00eb, t\u00eb shkat\u00ebrrohet Serbia, t\u00eb lihet pa investues, t\u00eb lihet pa energji elektrike, t\u00eb lihet pa paga, t\u00eb zhvillohen greva t\u00eb p\u00ebrgjithshme dhe gjith\u00e7ka tjet\u00ebr. Q\u00eb Serbia t\u00eb zhduket nga harta e vendeve t\u00eb suksesshme\u201d, tha<\/p>\n<p>Vu\u00e7iq, duke iu p\u00ebrgjigjur pyetjeve t\u00eb gazetar\u00ebve, transmeton \u201cRTS\u201d. <\/p>\n<p>Ai tha se \u00e7\u00ebshtja e Shtabit t\u00eb P\u00ebrgjithsh\u00ebm vet\u00ebm tash po b\u00ebhet \u00e7\u00ebshtje. <\/p>\n<p>\u201cDhe, p\u00ebr fat t\u00eb keq, p\u00ebr shtetin dhe popullin, ne jemi humb\u00ebs t\u00eb m\u00ebdhenj. Humb\u00ebm nj\u00eb investim t\u00eb jasht\u00ebzakonsh\u00ebm prej 750 milion\u00eb eurosh minimalisht. D\u00ebmi total q\u00eb na shkaktuan bllokuesit dhe prokuroria \u00ebsht\u00eb jo m\u00eb pak se 1.5 miliard\u00eb n\u00eb m\u00ebnyr\u00eb t\u00eb ndryshme\u201d, tha Vu\u00e7iq. <\/p>\n<p>Vu\u00e7iq tha se \u00ebsht\u00eb humbur nj\u00eb mund\u00ebsi e shk\u00eblqyer. Ai p\u00ebrmendi se Shqip\u00ebria do t\u00eb fitoj\u00eb shum\u00eb publicitet me investimet n\u00eb ishullin e Sazanit nga Kushneri. <\/p>\n<p>\u201cSot po flitet keq p\u00ebr Serbin\u00eb, sepse dikush po thot\u00eb se ishte nj\u00eb projekt i keq. Nj\u00eb projekt m\u00eb i vog\u00ebl dhe nuk e di sa i keq, i cili u p\u00ebrfundua me nxitim, mori shum\u00eb v\u00ebmendje n\u00eb Shqip\u00ebri dhe do t\u00eb marr\u00eb publicitet t\u00eb madh, sepse e gjith\u00eb familja Trump do ta lavd\u00ebroj\u00eb at\u00eb projekt\u201d, tha Vu\u00e7iq. <\/p>\n","protected":false},"excerpt":{"rendered":"<p>Presidenti serb Aleksandar Vu\u00e7iq, ka th\u00ebn\u00eb se Serbia do t\u00eb humb\u00eb t\u00eb pakt\u00ebn 750 milion\u00eb euro pasi q\u00eb dh\u00ebndri i presidentit t\u00eb SHBA-s\u00eb, Donald Trump, Jared Kushner, \u00ebsht\u00eb t\u00ebrhequr nga nd\u00ebrtimi i nj\u00eb hoteli n\u00eb Beograd, n\u00eb vendin e ish-godin\u00ebs s\u00eb Shtabit t\u00eb P\u00ebrgjithsh\u00ebm t\u00eb Ushtris\u00eb s\u00eb Jugosllavis\u00eb. Ajo godin\u00eb ishte shkat\u00ebrruar gjat\u00eb bombardimeve t\u00eb [&hellip;]<\/p>\n","protected":false},"author":8,"featured_media":24010,"comment_status":"closed","ping_status":"closed","sticky":false,"template":"","format":"standard","meta":{"footnotes":""},"categories":[213,219],"tags":[],"class_list":["post-24009","post","type-post","status-publish","format-standard","has-post-thumbnail","hentry","category-lajme","category-rajon"],"yoast_head":"<!-- This site is optimized with the Yoast SEO plugin v25.1 - https:\/\/yoast.com\/wordpress\/plugins\/seo\/ -->\n<title>T\u00ebrheqja e Kushnerit nga investimi n\u00eb Beograd, Vu\u00e7iq ankohet p\u00ebr humbje t\u00eb qindra milionave dhe p\u00ebrmend Shqip\u00ebrin\u00eb - press7.tv<\/title>\n<meta name=\"robots\" content=\"index, follow, max-snippet:-1, max-image-preview:large, max-video-preview:-1\" \/>\n<link rel=\"canonical\" href=\"https:\/\/www.press7.tv\/?p=24009\" \/>\n<meta property=\"og:locale\" content=\"en_US\" \/>\n<meta property=\"og:type\" content=\"article\" \/>\n<meta property=\"og:title\" content=\"T\u00ebrheqja e Kushnerit nga investimi n\u00eb Beograd, Vu\u00e7iq ankohet p\u00ebr humbje t\u00eb qindra milionave dhe p\u00ebrmend Shqip\u00ebrin\u00eb - press7.tv\" \/>\n<meta property=\"og:description\" content=\"Presidenti serb Aleksandar Vu\u00e7iq, ka th\u00ebn\u00eb se Serbia do t\u00eb humb\u00eb t\u00eb pakt\u00ebn 750 milion\u00eb euro pasi q\u00eb dh\u00ebndri i presidentit t\u00eb SHBA-s\u00eb, Donald Trump, Jared Kushner, \u00ebsht\u00eb t\u00ebrhequr nga nd\u00ebrtimi i nj\u00eb hoteli n\u00eb Beograd, n\u00eb vendin e ish-godin\u00ebs s\u00eb Shtabit t\u00eb P\u00ebrgjithsh\u00ebm t\u00eb Ushtris\u00eb s\u00eb Jugosllavis\u00eb. Ajo godin\u00eb ishte shkat\u00ebrruar gjat\u00eb bombardimeve t\u00eb [&hellip;]\" \/>\n<meta property=\"og:url\" content=\"https:\/\/www.press7.tv\/?p=24009\" \/>\n<meta property=\"og:site_name\" content=\"press7.tv\" \/>\n<meta property=\"article:publisher\" content=\"https:\/\/www.facebook.com\/press7.tv\" \/>\n<meta property=\"article:published_time\" content=\"2025-12-16T16:11:36+00:00\" \/>\n<meta property=\"og:image\" content=\"https:\/\/www.press7.tv\/wp-content\/uploads\/2025\/12\/IMG_2202.avif\" \/>\n\t<meta property=\"og:image:width\" content=\"1360\" \/>\n\t<meta property=\"og:image:height\" content=\"870\" \/>\n\t<meta property=\"og:image:type\" content=\"image\/webp\" \/>\n<meta name=\"author\" content=\"gazetar2\" \/>\n<meta name=\"twitter:card\" content=\"summary_large_image\" \/>\n<meta name=\"twitter:label1\" content=\"Written by\" \/>\n\t<meta name=\"twitter:data1\" content=\"gazetar2\" \/>\n\t<meta name=\"twitter:label2\" content=\"Est. reading time\" \/>\n\t<meta name=\"twitter:data2\" content=\"1 minute\" \/>\n<script type=\"application\/ld+json\" class=\"yoast-schema-graph\">{\"@context\":\"https:\/\/schema.org\",\"@graph\":[{\"@type\":\"Article\",\"@id\":\"https:\/\/www.press7.tv\/?p=24009#article\",\"isPartOf\":{\"@id\":\"https:\/\/www.press7.tv\/?p=24009\"},\"author\":{\"name\":\"gazetar2\",\"@id\":\"https:\/\/www.news33.tv\/#\/schema\/person\/5a04a38a23ccdba82f9bd665cd8f9efa\"},\"headline\":\"T\u00ebrheqja e Kushnerit nga investimi n\u00eb Beograd, Vu\u00e7iq ankohet p\u00ebr humbje t\u00eb qindra milionave dhe p\u00ebrmend Shqip\u00ebrin\u00eb\",\"datePublished\":\"2025-12-16T16:11:36+00:00\",\"mainEntityOfPage\":{\"@id\":\"https:\/\/www.press7.tv\/?p=24009\"},\"wordCount\":521,\"publisher\":{\"@id\":\"https:\/\/www.news33.tv\/#organization\"},\"image\":{\"@id\":\"https:\/\/www.press7.tv\/?p=24009#primaryimage\"},\"thumbnailUrl\":\"https:\/\/www.press7.tv\/wp-content\/uploads\/2025\/12\/IMG_2202.avif\",\"articleSection\":[\"Lajme\",\"Rajon\"],\"inLanguage\":\"en-US\"},{\"@type\":\"WebPage\",\"@id\":\"https:\/\/www.press7.tv\/?p=24009\",\"url\":\"https:\/\/www.press7.tv\/?p=24009\",\"name\":\"T\u00ebrheqja e Kushnerit nga investimi n\u00eb Beograd, Vu\u00e7iq ankohet p\u00ebr humbje t\u00eb qindra milionave dhe p\u00ebrmend Shqip\u00ebrin\u00eb - press7.tv\",\"isPartOf\":{\"@id\":\"https:\/\/www.news33.tv\/#website\"},\"primaryImageOfPage\":{\"@id\":\"https:\/\/www.press7.tv\/?p=24009#primaryimage\"},\"image\":{\"@id\":\"https:\/\/www.press7.tv\/?p=24009#primaryimage\"},\"thumbnailUrl\":\"https:\/\/www.press7.tv\/wp-content\/uploads\/2025\/12\/IMG_2202.avif\",\"datePublished\":\"2025-12-16T16:11:36+00:00\",\"breadcrumb\":{\"@id\":\"https:\/\/www.press7.tv\/?p=24009#breadcrumb\"},\"inLanguage\":\"en-US\",\"potentialAction\":[{\"@type\":\"ReadAction\",\"target\":[\"https:\/\/www.press7.tv\/?p=24009\"]}]},{\"@type\":\"ImageObject\",\"inLanguage\":\"en-US\",\"@id\":\"https:\/\/www.press7.tv\/?p=24009#primaryimage\",\"url\":\"https:\/\/www.press7.tv\/wp-content\/uploads\/2025\/12\/IMG_2202.avif\",\"contentUrl\":\"https:\/\/www.press7.tv\/wp-content\/uploads\/2025\/12\/IMG_2202.avif\",\"width\":1360,\"height\":870},{\"@type\":\"BreadcrumbList\",\"@id\":\"https:\/\/www.press7.tv\/?p=24009#breadcrumb\",\"itemListElement\":[{\"@type\":\"ListItem\",\"position\":1,\"name\":\"Home\",\"item\":\"https:\/\/www.press7.tv\/\"},{\"@type\":\"ListItem\",\"position\":2,\"name\":\"T\u00ebrheqja e Kushnerit nga investimi n\u00eb Beograd, Vu\u00e7iq ankohet p\u00ebr humbje t\u00eb qindra milionave dhe p\u00ebrmend Shqip\u00ebrin\u00eb\"}]},{\"@type\":\"WebSite\",\"@id\":\"https:\/\/www.news33.tv\/#website\",\"url\":\"https:\/\/www.news33.tv\/\",\"name\":\"News33.tv Media\",\"description\":\"Media\",\"publisher\":{\"@id\":\"https:\/\/www.news33.tv\/#organization\"},\"potentialAction\":[{\"@type\":\"SearchAction\",\"target\":{\"@type\":\"EntryPoint\",\"urlTemplate\":\"https:\/\/www.news33.tv\/?s={search_term_string}\"},\"query-input\":{\"@type\":\"PropertyValueSpecification\",\"valueRequired\":true,\"valueName\":\"search_term_string\"}}],\"inLanguage\":\"en-US\"},{\"@type\":\"Organization\",\"@id\":\"https:\/\/www.news33.tv\/#organization\",\"name\":\"News33.tv Media\",\"url\":\"https:\/\/www.news33.tv\/\",\"logo\":{\"@type\":\"ImageObject\",\"inLanguage\":\"en-US\",\"@id\":\"https:\/\/www.news33.tv\/#\/schema\/logo\/image\/\",\"url\":\"https:\/\/www.press7.tv\/wp-content\/uploads\/2024\/02\/logo-news33-black.png\",\"contentUrl\":\"https:\/\/www.press7.tv\/wp-content\/uploads\/2024\/02\/logo-news33-black.png\",\"width\":180,\"height\":37,\"caption\":\"News33.tv Media\"},\"image\":{\"@id\":\"https:\/\/www.news33.tv\/#\/schema\/logo\/image\/\"},\"sameAs\":[\"https:\/\/www.facebook.com\/press7.tv\"]},{\"@type\":\"Person\",\"@id\":\"https:\/\/www.news33.tv\/#\/schema\/person\/5a04a38a23ccdba82f9bd665cd8f9efa\",\"name\":\"gazetar2\",\"image\":{\"@type\":\"ImageObject\",\"inLanguage\":\"en-US\",\"@id\":\"https:\/\/www.news33.tv\/#\/schema\/person\/image\/\",\"url\":\"https:\/\/www.press7.tv\/wp-content\/litespeed\/avatar\/41975e402c3049d9ddb03adca8f7a883.jpg?ver=1777169572\",\"contentUrl\":\"https:\/\/www.press7.tv\/wp-content\/litespeed\/avatar\/41975e402c3049d9ddb03adca8f7a883.jpg?ver=1777169572\",\"caption\":\"gazetar2\"},\"url\":\"https:\/\/www.press7.tv\/?author=8\"}]}<\/script>\n<!-- \/ Yoast SEO plugin. -->","yoast_head_json":{"title":"T\u00ebrheqja e Kushnerit nga investimi n\u00eb Beograd, Vu\u00e7iq ankohet p\u00ebr humbje t\u00eb qindra milionave dhe p\u00ebrmend Shqip\u00ebrin\u00eb - press7.tv","robots":{"index":"index","follow":"follow","max-snippet":"max-snippet:-1","max-image-preview":"max-image-preview:large","max-video-preview":"max-video-preview:-1"},"canonical":"https:\/\/www.press7.tv\/?p=24009","og_locale":"en_US","og_type":"article","og_title":"T\u00ebrheqja e Kushnerit nga investimi n\u00eb Beograd, Vu\u00e7iq ankohet p\u00ebr humbje t\u00eb qindra milionave dhe p\u00ebrmend Shqip\u00ebrin\u00eb - press7.tv","og_description":"Presidenti serb Aleksandar Vu\u00e7iq, ka th\u00ebn\u00eb se Serbia do t\u00eb humb\u00eb t\u00eb pakt\u00ebn 750 milion\u00eb euro pasi q\u00eb dh\u00ebndri i presidentit t\u00eb SHBA-s\u00eb, Donald Trump, Jared Kushner, \u00ebsht\u00eb t\u00ebrhequr nga nd\u00ebrtimi i nj\u00eb hoteli n\u00eb Beograd, n\u00eb vendin e ish-godin\u00ebs s\u00eb Shtabit t\u00eb P\u00ebrgjithsh\u00ebm t\u00eb Ushtris\u00eb s\u00eb Jugosllavis\u00eb. Ajo godin\u00eb ishte shkat\u00ebrruar gjat\u00eb bombardimeve t\u00eb [&hellip;]","og_url":"https:\/\/www.press7.tv\/?p=24009","og_site_name":"press7.tv","article_publisher":"https:\/\/www.facebook.com\/press7.tv","article_published_time":"2025-12-16T16:11:36+00:00","og_image":[{"width":1360,"height":870,"url":"https:\/\/www.press7.tv\/wp-content\/uploads\/2025\/12\/IMG_2202.avif","type":"image\/webp"}],"author":"gazetar2","twitter_card":"summary_large_image","twitter_misc":{"Written by":"gazetar2","Est. reading time":"1 minute"},"schema":{"@context":"https:\/\/schema.org","@graph":[{"@type":"Article","@id":"https:\/\/www.press7.tv\/?p=24009#article","isPartOf":{"@id":"https:\/\/www.press7.tv\/?p=24009"},"author":{"name":"gazetar2","@id":"https:\/\/www.news33.tv\/#\/schema\/person\/5a04a38a23ccdba82f9bd665cd8f9efa"},"headline":"T\u00ebrheqja e Kushnerit nga investimi n\u00eb Beograd, Vu\u00e7iq ankohet p\u00ebr humbje t\u00eb qindra milionave dhe p\u00ebrmend Shqip\u00ebrin\u00eb","datePublished":"2025-12-16T16:11:36+00:00","mainEntityOfPage":{"@id":"https:\/\/www.press7.tv\/?p=24009"},"wordCount":521,"publisher":{"@id":"https:\/\/www.news33.tv\/#organization"},"image":{"@id":"https:\/\/www.press7.tv\/?p=24009#primaryimage"},"thumbnailUrl":"https:\/\/www.press7.tv\/wp-content\/uploads\/2025\/12\/IMG_2202.avif","articleSection":["Lajme","Rajon"],"inLanguage":"en-US"},{"@type":"WebPage","@id":"https:\/\/www.press7.tv\/?p=24009","url":"https:\/\/www.press7.tv\/?p=24009","name":"T\u00ebrheqja e Kushnerit nga investimi n\u00eb Beograd, Vu\u00e7iq ankohet p\u00ebr humbje t\u00eb qindra milionave dhe p\u00ebrmend Shqip\u00ebrin\u00eb - press7.tv","isPartOf":{"@id":"https:\/\/www.news33.tv\/#website"},"primaryImageOfPage":{"@id":"https:\/\/www.press7.tv\/?p=24009#primaryimage"},"image":{"@id":"https:\/\/www.press7.tv\/?p=24009#primaryimage"},"thumbnailUrl":"https:\/\/www.press7.tv\/wp-content\/uploads\/2025\/12\/IMG_2202.avif","datePublished":"2025-12-16T16:11:36+00:00","breadcrumb":{"@id":"https:\/\/www.press7.tv\/?p=24009#breadcrumb"},"inLanguage":"en-US","potentialAction":[{"@type":"ReadAction","target":["https:\/\/www.press7.tv\/?p=24009"]}]},{"@type":"ImageObject","inLanguage":"en-US","@id":"https:\/\/www.press7.tv\/?p=24009#primaryimage","url":"https:\/\/www.press7.tv\/wp-content\/uploads\/2025\/12\/IMG_2202.avif","contentUrl":"https:\/\/www.press7.tv\/wp-content\/uploads\/2025\/12\/IMG_2202.avif","width":1360,"height":870},{"@type":"BreadcrumbList","@id":"https:\/\/www.press7.tv\/?p=24009#breadcrumb","itemListElement":[{"@type":"ListItem","position":1,"name":"Home","item":"https:\/\/www.press7.tv\/"},{"@type":"ListItem","position":2,"name":"T\u00ebrheqja e Kushnerit nga investimi n\u00eb Beograd, Vu\u00e7iq ankohet p\u00ebr humbje t\u00eb qindra milionave dhe p\u00ebrmend Shqip\u00ebrin\u00eb"}]},{"@type":"WebSite","@id":"https:\/\/www.news33.tv\/#website","url":"https:\/\/www.news33.tv\/","name":"News33.tv Media","description":"Media","publisher":{"@id":"https:\/\/www.news33.tv\/#organization"},"potentialAction":[{"@type":"SearchAction","target":{"@type":"EntryPoint","urlTemplate":"https:\/\/www.news33.tv\/?s={search_term_string}"},"query-input":{"@type":"PropertyValueSpecification","valueRequired":true,"valueName":"search_term_string"}}],"inLanguage":"en-US"},{"@type":"Organization","@id":"https:\/\/www.news33.tv\/#organization","name":"News33.tv Media","url":"https:\/\/www.news33.tv\/","logo":{"@type":"ImageObject","inLanguage":"en-US","@id":"https:\/\/www.news33.tv\/#\/schema\/logo\/image\/","url":"https:\/\/www.press7.tv\/wp-content\/uploads\/2024\/02\/logo-news33-black.png","contentUrl":"https:\/\/www.press7.tv\/wp-content\/uploads\/2024\/02\/logo-news33-black.png","width":180,"height":37,"caption":"News33.tv Media"},"image":{"@id":"https:\/\/www.news33.tv\/#\/schema\/logo\/image\/"},"sameAs":["https:\/\/www.facebook.com\/press7.tv"]},{"@type":"Person","@id":"https:\/\/www.news33.tv\/#\/schema\/person\/5a04a38a23ccdba82f9bd665cd8f9efa","name":"gazetar2","image":{"@type":"ImageObject","inLanguage":"en-US","@id":"https:\/\/www.news33.tv\/#\/schema\/person\/image\/","url":"https:\/\/www.press7.tv\/wp-content\/litespeed\/avatar\/41975e402c3049d9ddb03adca8f7a883.jpg?ver=1777169572","contentUrl":"https:\/\/www.press7.tv\/wp-content\/litespeed\/avatar\/41975e402c3049d9ddb03adca8f7a883.jpg?ver=1777169572","caption":"gazetar2"},"url":"https:\/\/www.press7.tv\/?author=8"}]}},"amp_enabled":true,"_links":{"self":[{"href":"https:\/\/www.press7.tv\/index.php?rest_route=\/wp\/v2\/posts\/24009","targetHints":{"allow":["GET"]}}],"collection":[{"href":"https:\/\/www.press7.tv\/index.php?rest_route=\/wp\/v2\/posts"}],"about":[{"href":"https:\/\/www.press7.tv\/index.php?rest_route=\/wp\/v2\/types\/post"}],"author":[{"embeddable":true,"href":"https:\/\/www.press7.tv\/index.php?rest_route=\/wp\/v2\/users\/8"}],"replies":[{"embeddable":true,"href":"https:\/\/www.press7.tv\/index.php?rest_route=%2Fwp%2Fv2%2Fcomments&post=24009"}],"version-history":[{"count":1,"href":"https:\/\/www.press7.tv\/index.php?rest_route=\/wp\/v2\/posts\/24009\/revisions"}],"predecessor-version":[{"id":24011,"href":"https:\/\/www.press7.tv\/index.php?rest_route=\/wp\/v2\/posts\/24009\/revisions\/24011"}],"wp:featuredmedia":[{"embeddable":true,"href":"https:\/\/www.press7.tv\/index.php?rest_route=\/wp\/v2\/media\/24010"}],"wp:attachment":[{"href":"https:\/\/www.press7.tv\/index.php?rest_route=%2Fwp%2Fv2%2Fmedia&parent=24009"}],"wp:term":[{"taxonomy":"category","embeddable":true,"href":"https:\/\/www.press7.tv\/index.php?rest_route=%2Fwp%2Fv2%2Fcategories&post=24009"},{"taxonomy":"post_tag","embeddable":true,"href":"https:\/\/www.press7.tv\/index.php?rest_route=%2Fwp%2Fv2%2Ftags&post=24009"}],"curies":[{"name":"wp","href":"https:\/\/api.w.org\/{rel}","templated":true}]}}