{"id":24006,"date":"2025-12-16T15:56:45","date_gmt":"2025-12-16T15:56:45","guid":{"rendered":"https:\/\/www.press7.tv\/?p=24006"},"modified":"2025-12-16T15:56:45","modified_gmt":"2025-12-16T15:56:45","slug":"vlen-perfaqesimi-i-drejte-merr-vulen-evropiane-dhe-se-shpejti-hyn-ne-parlament","status":"publish","type":"post","link":"https:\/\/www.press7.tv\/?p=24006","title":{"rendered":"VLEN: P\u00ebrfaq\u00ebsimi i drejt\u00eb merr vul\u00ebn evropiane dhe s\u00eb shpejti hyn n\u00eb Parlament"},"content":{"rendered":"\n    <div class=\"xs_social_share_widget xs_share_url before_content \t\tmain_content  wslu-style-2 wslu-share-box-shaped wslu-fill-colored wslu-share-m-5 wslu-none wslu-share-vertical wslu-theme-font-no wslu-main_content\">\n\n\t\t\n        <ul>\n\t\t\t        <\/ul>\n    <\/div> \n<p>VLEN po e mbyll nj\u00ebher\u00eb e p\u00ebrgjithmon\u00eb nj\u00eb nga kapitujt m\u00eb t\u00eb m\u00ebdhenj t\u00eb mashtrimit politik ndaj shqiptar\u00ebve: \u00e7\u00ebshtjen e p\u00ebrfaq\u00ebsimit t\u00eb drejt\u00eb dhe adekuat. Ligji i ri p\u00ebr p\u00ebrfaq\u00ebsim t\u00eb drejt\u00eb dhe adekuat \u00ebsht\u00eb d\u00ebshmia m\u00eb e qart\u00eb se ajo q\u00eb p\u00ebr dy dekada u p\u00ebrdor si sllogan, alibi dhe veg\u00ebl shantazhi politik, sot po shnd\u00ebrrohet n\u00eb standard ligjor, t\u00eb matsh\u00ebm dhe t\u00eb zbatuesh\u00ebm.<\/p>\n<p>P\u00ebr her\u00eb t\u00eb par\u00eb, p\u00ebrfaq\u00ebsimi i drejt\u00eb nuk mbetet peng i vullnetit politik t\u00eb qeverive, i pazareve partiake apo i manipulimeve zgjedhore, por rregullohet me ligj t\u00eb qart\u00eb, t\u00eb detyruesh\u00ebm dhe t\u00eb mbik\u00ebqyrsh\u00ebm. Me k\u00ebt\u00eb ligj, VLEN e mbyll hallk\u00ebn ky\u00e7e t\u00eb MO-s\u00eb.<\/p>\n<p>Faktet jan\u00eb t\u00eb pamohueshme: p\u00ebr t\u00eb nj\u00ebjtin ligj, mendim pozitiv ka dh\u00ebn\u00eb edhe Komisioni i Venecias, autoriteti m\u00eb i lart\u00eb evropian p\u00ebr \u00e7\u00ebshtje kushtetuese dhe juridike. Kjo e rr\u00ebzon p\u00ebrfundimisht propagand\u00ebn e BDI-s\u00eb, e cila p\u00ebr vite fliste p\u00ebr p\u00ebrfaq\u00ebsim, por kurr\u00eb nuk pati guximin, vullnetin dhe ndershm\u00ebrin\u00eb politike ta rregulloj\u00eb at\u00eb me ligj.<\/p>\n<p>VLEN e ka b\u00ebr\u00eb at\u00eb q\u00eb t\u00eb tjer\u00ebt vet\u00ebm e premtuan. Sot, p\u00ebrfaq\u00ebsimi i drejt\u00eb dhe adekuat po shnd\u00ebrrohet n\u00eb mekaniz\u00ebm ligjor q\u00eb garanton barazi reale, transparenc\u00eb dhe drejt\u00ebsi p\u00ebr t\u00eb gjith\u00eb qytetar\u00ebt, pa dallim p\u00ebrkat\u00ebsie dhe pa nd\u00ebrmjet\u00ebs partiak.<br \/>\nLigji pritet s\u00eb shpejti t\u00eb hyj\u00eb n\u00eb procedur\u00eb parlamentare dhe VLEN u b\u00ebn thirrje t\u00eb gjith\u00eb deputet\u00ebve, pa p\u00ebrjashtim, q\u00eb t\u2019i kthehen arsyes, p\u00ebrgjegj\u00ebsis\u00eb dhe interesit publik. Ky nuk \u00ebsht\u00eb ligj partie, por ligj i barazis\u00eb, ligj i drejt\u00ebsis\u00eb dhe ligj i s\u00eb ardhmes evropiane t\u00eb vendit.<\/p>\n","protected":false},"excerpt":{"rendered":"<p>VLEN po e mbyll nj\u00ebher\u00eb e p\u00ebrgjithmon\u00eb nj\u00eb nga kapitujt m\u00eb t\u00eb m\u00ebdhenj t\u00eb mashtrimit politik ndaj shqiptar\u00ebve: \u00e7\u00ebshtjen e p\u00ebrfaq\u00ebsimit t\u00eb drejt\u00eb dhe adekuat. Ligji i ri p\u00ebr p\u00ebrfaq\u00ebsim t\u00eb drejt\u00eb dhe adekuat \u00ebsht\u00eb d\u00ebshmia m\u00eb e qart\u00eb se ajo q\u00eb p\u00ebr dy dekada u p\u00ebrdor si sllogan, alibi dhe veg\u00ebl shantazhi politik, sot [&hellip;]<\/p>\n","protected":false},"author":8,"featured_media":24007,"comment_status":"closed","ping_status":"closed","sticky":false,"template":"","format":"standard","meta":{"footnotes":""},"categories":[213,214],"tags":[],"class_list":["post-24006","post","type-post","status-publish","format-standard","has-post-thumbnail","hentry","category-lajme","category-maqedoni"],"yoast_head":"<!-- This site is optimized with the Yoast SEO plugin v25.1 - https:\/\/yoast.com\/wordpress\/plugins\/seo\/ -->\n<title>VLEN: P\u00ebrfaq\u00ebsimi i drejt\u00eb merr vul\u00ebn evropiane dhe s\u00eb shpejti hyn n\u00eb Parlament - press7.tv<\/title>\n<meta name=\"robots\" content=\"index, follow, max-snippet:-1, max-image-preview:large, max-video-preview:-1\" \/>\n<link rel=\"canonical\" href=\"https:\/\/www.press7.tv\/?p=24006\" \/>\n<meta property=\"og:locale\" content=\"en_US\" \/>\n<meta property=\"og:type\" content=\"article\" \/>\n<meta property=\"og:title\" content=\"VLEN: P\u00ebrfaq\u00ebsimi i drejt\u00eb merr vul\u00ebn evropiane dhe s\u00eb shpejti hyn n\u00eb Parlament - press7.tv\" \/>\n<meta property=\"og:description\" content=\"VLEN po e mbyll nj\u00ebher\u00eb e p\u00ebrgjithmon\u00eb nj\u00eb nga kapitujt m\u00eb t\u00eb m\u00ebdhenj t\u00eb mashtrimit politik ndaj shqiptar\u00ebve: \u00e7\u00ebshtjen e p\u00ebrfaq\u00ebsimit t\u00eb drejt\u00eb dhe adekuat. Ligji i ri p\u00ebr p\u00ebrfaq\u00ebsim t\u00eb drejt\u00eb dhe adekuat \u00ebsht\u00eb d\u00ebshmia m\u00eb e qart\u00eb se ajo q\u00eb p\u00ebr dy dekada u p\u00ebrdor si sllogan, alibi dhe veg\u00ebl shantazhi politik, sot [&hellip;]\" \/>\n<meta property=\"og:url\" content=\"https:\/\/www.press7.tv\/?p=24006\" \/>\n<meta property=\"og:site_name\" content=\"press7.tv\" \/>\n<meta property=\"article:publisher\" content=\"https:\/\/www.facebook.com\/press7.tv\" \/>\n<meta property=\"article:published_time\" content=\"2025-12-16T15:56:45+00:00\" \/>\n<meta property=\"og:image\" content=\"https:\/\/www.press7.tv\/wp-content\/uploads\/2025\/12\/IMG_2200.avif\" \/>\n\t<meta property=\"og:image:width\" content=\"750\" \/>\n\t<meta property=\"og:image:height\" content=\"563\" \/>\n\t<meta property=\"og:image:type\" content=\"image\/jpeg\" \/>\n<meta name=\"author\" content=\"gazetar2\" \/>\n<meta name=\"twitter:card\" content=\"summary_large_image\" \/>\n<meta name=\"twitter:label1\" content=\"Written by\" \/>\n\t<meta name=\"twitter:data1\" content=\"gazetar2\" \/>\n\t<meta name=\"twitter:label2\" content=\"Est. reading time\" \/>\n\t<meta name=\"twitter:data2\" content=\"1 minute\" \/>\n<script type=\"application\/ld+json\" class=\"yoast-schema-graph\">{\"@context\":\"https:\/\/schema.org\",\"@graph\":[{\"@type\":\"Article\",\"@id\":\"https:\/\/www.press7.tv\/?p=24006#article\",\"isPartOf\":{\"@id\":\"https:\/\/www.press7.tv\/?p=24006\"},\"author\":{\"name\":\"gazetar2\",\"@id\":\"https:\/\/www.news33.tv\/#\/schema\/person\/5a04a38a23ccdba82f9bd665cd8f9efa\"},\"headline\":\"VLEN: P\u00ebrfaq\u00ebsimi i drejt\u00eb merr vul\u00ebn evropiane dhe s\u00eb shpejti hyn n\u00eb Parlament\",\"datePublished\":\"2025-12-16T15:56:45+00:00\",\"mainEntityOfPage\":{\"@id\":\"https:\/\/www.press7.tv\/?p=24006\"},\"wordCount\":323,\"publisher\":{\"@id\":\"https:\/\/www.news33.tv\/#organization\"},\"image\":{\"@id\":\"https:\/\/www.press7.tv\/?p=24006#primaryimage\"},\"thumbnailUrl\":\"https:\/\/www.press7.tv\/wp-content\/uploads\/2025\/12\/IMG_2200.avif\",\"articleSection\":[\"Lajme\",\"Maqedoni\"],\"inLanguage\":\"en-US\"},{\"@type\":\"WebPage\",\"@id\":\"https:\/\/www.press7.tv\/?p=24006\",\"url\":\"https:\/\/www.press7.tv\/?p=24006\",\"name\":\"VLEN: P\u00ebrfaq\u00ebsimi i drejt\u00eb merr vul\u00ebn evropiane dhe s\u00eb shpejti hyn n\u00eb Parlament - press7.tv\",\"isPartOf\":{\"@id\":\"https:\/\/www.news33.tv\/#website\"},\"primaryImageOfPage\":{\"@id\":\"https:\/\/www.press7.tv\/?p=24006#primaryimage\"},\"image\":{\"@id\":\"https:\/\/www.press7.tv\/?p=24006#primaryimage\"},\"thumbnailUrl\":\"https:\/\/www.press7.tv\/wp-content\/uploads\/2025\/12\/IMG_2200.avif\",\"datePublished\":\"2025-12-16T15:56:45+00:00\",\"breadcrumb\":{\"@id\":\"https:\/\/www.press7.tv\/?p=24006#breadcrumb\"},\"inLanguage\":\"en-US\",\"potentialAction\":[{\"@type\":\"ReadAction\",\"target\":[\"https:\/\/www.press7.tv\/?p=24006\"]}]},{\"@type\":\"ImageObject\",\"inLanguage\":\"en-US\",\"@id\":\"https:\/\/www.press7.tv\/?p=24006#primaryimage\",\"url\":\"https:\/\/www.press7.tv\/wp-content\/uploads\/2025\/12\/IMG_2200.avif\",\"contentUrl\":\"https:\/\/www.press7.tv\/wp-content\/uploads\/2025\/12\/IMG_2200.avif\",\"width\":750,\"height\":563},{\"@type\":\"BreadcrumbList\",\"@id\":\"https:\/\/www.press7.tv\/?p=24006#breadcrumb\",\"itemListElement\":[{\"@type\":\"ListItem\",\"position\":1,\"name\":\"Home\",\"item\":\"https:\/\/www.press7.tv\/\"},{\"@type\":\"ListItem\",\"position\":2,\"name\":\"VLEN: P\u00ebrfaq\u00ebsimi i drejt\u00eb merr vul\u00ebn evropiane dhe s\u00eb shpejti hyn n\u00eb Parlament\"}]},{\"@type\":\"WebSite\",\"@id\":\"https:\/\/www.news33.tv\/#website\",\"url\":\"https:\/\/www.news33.tv\/\",\"name\":\"News33.tv Media\",\"description\":\"Media\",\"publisher\":{\"@id\":\"https:\/\/www.news33.tv\/#organization\"},\"potentialAction\":[{\"@type\":\"SearchAction\",\"target\":{\"@type\":\"EntryPoint\",\"urlTemplate\":\"https:\/\/www.news33.tv\/?s={search_term_string}\"},\"query-input\":{\"@type\":\"PropertyValueSpecification\",\"valueRequired\":true,\"valueName\":\"search_term_string\"}}],\"inLanguage\":\"en-US\"},{\"@type\":\"Organization\",\"@id\":\"https:\/\/www.news33.tv\/#organization\",\"name\":\"News33.tv Media\",\"url\":\"https:\/\/www.news33.tv\/\",\"logo\":{\"@type\":\"ImageObject\",\"inLanguage\":\"en-US\",\"@id\":\"https:\/\/www.news33.tv\/#\/schema\/logo\/image\/\",\"url\":\"https:\/\/www.press7.tv\/wp-content\/uploads\/2024\/02\/logo-news33-black.png\",\"contentUrl\":\"https:\/\/www.press7.tv\/wp-content\/uploads\/2024\/02\/logo-news33-black.png\",\"width\":180,\"height\":37,\"caption\":\"News33.tv Media\"},\"image\":{\"@id\":\"https:\/\/www.news33.tv\/#\/schema\/logo\/image\/\"},\"sameAs\":[\"https:\/\/www.facebook.com\/press7.tv\"]},{\"@type\":\"Person\",\"@id\":\"https:\/\/www.news33.tv\/#\/schema\/person\/5a04a38a23ccdba82f9bd665cd8f9efa\",\"name\":\"gazetar2\",\"image\":{\"@type\":\"ImageObject\",\"inLanguage\":\"en-US\",\"@id\":\"https:\/\/www.news33.tv\/#\/schema\/person\/image\/\",\"url\":\"https:\/\/www.press7.tv\/wp-content\/litespeed\/avatar\/41975e402c3049d9ddb03adca8f7a883.jpg?ver=1777169572\",\"contentUrl\":\"https:\/\/www.press7.tv\/wp-content\/litespeed\/avatar\/41975e402c3049d9ddb03adca8f7a883.jpg?ver=1777169572\",\"caption\":\"gazetar2\"},\"url\":\"https:\/\/www.press7.tv\/?author=8\"}]}<\/script>\n<!-- \/ Yoast SEO plugin. -->","yoast_head_json":{"title":"VLEN: P\u00ebrfaq\u00ebsimi i drejt\u00eb merr vul\u00ebn evropiane dhe s\u00eb shpejti hyn n\u00eb Parlament - press7.tv","robots":{"index":"index","follow":"follow","max-snippet":"max-snippet:-1","max-image-preview":"max-image-preview:large","max-video-preview":"max-video-preview:-1"},"canonical":"https:\/\/www.press7.tv\/?p=24006","og_locale":"en_US","og_type":"article","og_title":"VLEN: P\u00ebrfaq\u00ebsimi i drejt\u00eb merr vul\u00ebn evropiane dhe s\u00eb shpejti hyn n\u00eb Parlament - press7.tv","og_description":"VLEN po e mbyll nj\u00ebher\u00eb e p\u00ebrgjithmon\u00eb nj\u00eb nga kapitujt m\u00eb t\u00eb m\u00ebdhenj t\u00eb mashtrimit politik ndaj shqiptar\u00ebve: \u00e7\u00ebshtjen e p\u00ebrfaq\u00ebsimit t\u00eb drejt\u00eb dhe adekuat. Ligji i ri p\u00ebr p\u00ebrfaq\u00ebsim t\u00eb drejt\u00eb dhe adekuat \u00ebsht\u00eb d\u00ebshmia m\u00eb e qart\u00eb se ajo q\u00eb p\u00ebr dy dekada u p\u00ebrdor si sllogan, alibi dhe veg\u00ebl shantazhi politik, sot [&hellip;]","og_url":"https:\/\/www.press7.tv\/?p=24006","og_site_name":"press7.tv","article_publisher":"https:\/\/www.facebook.com\/press7.tv","article_published_time":"2025-12-16T15:56:45+00:00","og_image":[{"width":750,"height":563,"url":"https:\/\/www.press7.tv\/wp-content\/uploads\/2025\/12\/IMG_2200.avif","type":"image\/jpeg"}],"author":"gazetar2","twitter_card":"summary_large_image","twitter_misc":{"Written by":"gazetar2","Est. reading time":"1 minute"},"schema":{"@context":"https:\/\/schema.org","@graph":[{"@type":"Article","@id":"https:\/\/www.press7.tv\/?p=24006#article","isPartOf":{"@id":"https:\/\/www.press7.tv\/?p=24006"},"author":{"name":"gazetar2","@id":"https:\/\/www.news33.tv\/#\/schema\/person\/5a04a38a23ccdba82f9bd665cd8f9efa"},"headline":"VLEN: P\u00ebrfaq\u00ebsimi i drejt\u00eb merr vul\u00ebn evropiane dhe s\u00eb shpejti hyn n\u00eb Parlament","datePublished":"2025-12-16T15:56:45+00:00","mainEntityOfPage":{"@id":"https:\/\/www.press7.tv\/?p=24006"},"wordCount":323,"publisher":{"@id":"https:\/\/www.news33.tv\/#organization"},"image":{"@id":"https:\/\/www.press7.tv\/?p=24006#primaryimage"},"thumbnailUrl":"https:\/\/www.press7.tv\/wp-content\/uploads\/2025\/12\/IMG_2200.avif","articleSection":["Lajme","Maqedoni"],"inLanguage":"en-US"},{"@type":"WebPage","@id":"https:\/\/www.press7.tv\/?p=24006","url":"https:\/\/www.press7.tv\/?p=24006","name":"VLEN: P\u00ebrfaq\u00ebsimi i drejt\u00eb merr vul\u00ebn evropiane dhe s\u00eb shpejti hyn n\u00eb Parlament - press7.tv","isPartOf":{"@id":"https:\/\/www.news33.tv\/#website"},"primaryImageOfPage":{"@id":"https:\/\/www.press7.tv\/?p=24006#primaryimage"},"image":{"@id":"https:\/\/www.press7.tv\/?p=24006#primaryimage"},"thumbnailUrl":"https:\/\/www.press7.tv\/wp-content\/uploads\/2025\/12\/IMG_2200.avif","datePublished":"2025-12-16T15:56:45+00:00","breadcrumb":{"@id":"https:\/\/www.press7.tv\/?p=24006#breadcrumb"},"inLanguage":"en-US","potentialAction":[{"@type":"ReadAction","target":["https:\/\/www.press7.tv\/?p=24006"]}]},{"@type":"ImageObject","inLanguage":"en-US","@id":"https:\/\/www.press7.tv\/?p=24006#primaryimage","url":"https:\/\/www.press7.tv\/wp-content\/uploads\/2025\/12\/IMG_2200.avif","contentUrl":"https:\/\/www.press7.tv\/wp-content\/uploads\/2025\/12\/IMG_2200.avif","width":750,"height":563},{"@type":"BreadcrumbList","@id":"https:\/\/www.press7.tv\/?p=24006#breadcrumb","itemListElement":[{"@type":"ListItem","position":1,"name":"Home","item":"https:\/\/www.press7.tv\/"},{"@type":"ListItem","position":2,"name":"VLEN: P\u00ebrfaq\u00ebsimi i drejt\u00eb merr vul\u00ebn evropiane dhe s\u00eb shpejti hyn n\u00eb Parlament"}]},{"@type":"WebSite","@id":"https:\/\/www.news33.tv\/#website","url":"https:\/\/www.news33.tv\/","name":"News33.tv Media","description":"Media","publisher":{"@id":"https:\/\/www.news33.tv\/#organization"},"potentialAction":[{"@type":"SearchAction","target":{"@type":"EntryPoint","urlTemplate":"https:\/\/www.news33.tv\/?s={search_term_string}"},"query-input":{"@type":"PropertyValueSpecification","valueRequired":true,"valueName":"search_term_string"}}],"inLanguage":"en-US"},{"@type":"Organization","@id":"https:\/\/www.news33.tv\/#organization","name":"News33.tv Media","url":"https:\/\/www.news33.tv\/","logo":{"@type":"ImageObject","inLanguage":"en-US","@id":"https:\/\/www.news33.tv\/#\/schema\/logo\/image\/","url":"https:\/\/www.press7.tv\/wp-content\/uploads\/2024\/02\/logo-news33-black.png","contentUrl":"https:\/\/www.press7.tv\/wp-content\/uploads\/2024\/02\/logo-news33-black.png","width":180,"height":37,"caption":"News33.tv Media"},"image":{"@id":"https:\/\/www.news33.tv\/#\/schema\/logo\/image\/"},"sameAs":["https:\/\/www.facebook.com\/press7.tv"]},{"@type":"Person","@id":"https:\/\/www.news33.tv\/#\/schema\/person\/5a04a38a23ccdba82f9bd665cd8f9efa","name":"gazetar2","image":{"@type":"ImageObject","inLanguage":"en-US","@id":"https:\/\/www.news33.tv\/#\/schema\/person\/image\/","url":"https:\/\/www.press7.tv\/wp-content\/litespeed\/avatar\/41975e402c3049d9ddb03adca8f7a883.jpg?ver=1777169572","contentUrl":"https:\/\/www.press7.tv\/wp-content\/litespeed\/avatar\/41975e402c3049d9ddb03adca8f7a883.jpg?ver=1777169572","caption":"gazetar2"},"url":"https:\/\/www.press7.tv\/?author=8"}]}},"amp_enabled":true,"_links":{"self":[{"href":"https:\/\/www.press7.tv\/index.php?rest_route=\/wp\/v2\/posts\/24006","targetHints":{"allow":["GET"]}}],"collection":[{"href":"https:\/\/www.press7.tv\/index.php?rest_route=\/wp\/v2\/posts"}],"about":[{"href":"https:\/\/www.press7.tv\/index.php?rest_route=\/wp\/v2\/types\/post"}],"author":[{"embeddable":true,"href":"https:\/\/www.press7.tv\/index.php?rest_route=\/wp\/v2\/users\/8"}],"replies":[{"embeddable":true,"href":"https:\/\/www.press7.tv\/index.php?rest_route=%2Fwp%2Fv2%2Fcomments&post=24006"}],"version-history":[{"count":1,"href":"https:\/\/www.press7.tv\/index.php?rest_route=\/wp\/v2\/posts\/24006\/revisions"}],"predecessor-version":[{"id":24008,"href":"https:\/\/www.press7.tv\/index.php?rest_route=\/wp\/v2\/posts\/24006\/revisions\/24008"}],"wp:featuredmedia":[{"embeddable":true,"href":"https:\/\/www.press7.tv\/index.php?rest_route=\/wp\/v2\/media\/24007"}],"wp:attachment":[{"href":"https:\/\/www.press7.tv\/index.php?rest_route=%2Fwp%2Fv2%2Fmedia&parent=24006"}],"wp:term":[{"taxonomy":"category","embeddable":true,"href":"https:\/\/www.press7.tv\/index.php?rest_route=%2Fwp%2Fv2%2Fcategories&post=24006"},{"taxonomy":"post_tag","embeddable":true,"href":"https:\/\/www.press7.tv\/index.php?rest_route=%2Fwp%2Fv2%2Ftags&post=24006"}],"curies":[{"name":"wp","href":"https:\/\/api.w.org\/{rel}","templated":true}]}}