{"id":23988,"date":"2025-12-15T13:09:45","date_gmt":"2025-12-15T13:09:45","guid":{"rendered":"https:\/\/www.press7.tv\/?p=23988"},"modified":"2025-12-15T13:09:45","modified_gmt":"2025-12-15T13:09:45","slug":"perleshje-masive-ne-zvicer-tre-mergimtare-nga-maqedonia-e-veriut-perfunduan-ne-spital","status":"publish","type":"post","link":"https:\/\/www.press7.tv\/?p=23988","title":{"rendered":"P\u00ebrleshje masive n\u00eb Zvic\u00ebr: Tre m\u00ebrgimtar\u00eb nga Maqedonia e Veriut p\u00ebrfunduan n\u00eb spital"},"content":{"rendered":"\n    <div class=\"xs_social_share_widget xs_share_url before_content \t\tmain_content  wslu-style-2 wslu-share-box-shaped wslu-fill-colored wslu-share-m-5 wslu-none wslu-share-vertical wslu-theme-font-no wslu-main_content\">\n\n\t\t\n        <ul>\n\t\t\t        <\/ul>\n    <\/div> \n<p>Nj\u00eb incident i dhunsh\u00ebm tronditi komun\u00ebn zvicerane Romanshorn (Kantoni Thurgau) her\u00ebt n\u00eb m\u00ebngjesin e sot\u00ebm, t\u00eb shtun\u00ebn. N\u00eb nj\u00eb p\u00ebrleshje masive fizike mes dy grupeve u plagos\u00ebn gjithsej shtat\u00eb persona, nd\u00ebr t\u00eb cil\u00ebt m\u00eb r\u00ebnd\u00eb p\u00ebsuan tre shtetas t\u00eb Maqedonis\u00eb s\u00eb Veriut.<\/p>\n<p>Sipas informacioneve zyrtare nga Policia Kantonale e Thurgaut, incidenti ndodhi rreth or\u00ebs 04:00 t\u00eb m\u00ebngjesit n\u00eb nj\u00eb lokal gastronomik t\u00eb vendosur n\u00eb rrug\u00ebn \u201cBahnhofstrasse\u201d. Nj\u00eb p\u00ebrplasje verbale mes dy grupeve u p\u00ebrshkall\u00ebzua shpejt n\u00eb dhun\u00eb fizike, gj\u00eb q\u00eb k\u00ebrkoi nd\u00ebrhyrjen e menj\u00ebhershme t\u00eb disa patrullave policore p\u00ebr t\u00eb qet\u00ebsuar situat\u00ebn.<\/p>\n<p>Bilanci i t\u00eb plagosurve tregon se n\u00eb p\u00ebrleshje kan\u00eb marr\u00eb pjes\u00eb shtetas nga disa vende, por shtetasit maqedonas ishin ata q\u00eb u desh t\u00eb hospitalizoheshin.<\/p>\n<p>Tre shtetas t\u00eb Maqedonis\u00eb \u2013 dy t\u00eb mosh\u00ebs 41 vje\u00e7 dhe nj\u00eb 43-vje\u00e7ar \u2013 p\u00ebsuan l\u00ebndime t\u00eb lehta deri n\u00eb mesatare. Ata u transportuan me autoambulanca n\u00eb spitalin m\u00eb t\u00eb af\u00ebrt.<br \/>\nP\u00ebrve\u00e7 t\u00eb hospitalizuarve, n\u00eb vendngjarje ndihm\u00eb mjek\u00ebsore iu dha edhe kat\u00ebr personave t\u00eb tjer\u00eb q\u00eb p\u00ebsuan l\u00ebndime m\u00eb t\u00eb lehta: nj\u00eb shtetas i Kosov\u00ebs, 54 vje\u00e7; nj\u00eb shtetase e Shqip\u00ebris\u00eb, 35 vje\u00e7e; dy shtetas zviceran\u00eb, t\u00eb mosh\u00ebs 40 dhe 27 vje\u00e7.<\/p>\n<p>N\u00eb incident mor\u00ebn pjes\u00eb edhe dy persona t\u00eb tjer\u00eb q\u00eb, p\u00ebr fat t\u00eb mir\u00eb, mbet\u00ebn t\u00eb papl\u00ebnduar \u2013 nj\u00eb zviceran 52-vje\u00e7ar dhe nj\u00eb 48-vje\u00e7ar me origjin\u00eb nga Maqedonia e Veriut. Policia Kantonale e Thurgaut vazhdon hetimet dhe po punon p\u00ebr t\u00eb sqaruar motivet dhe rrjedh\u00ebn e sakt\u00eb t\u00eb ngjarjeve q\u00eb \u00e7uan n\u00eb incident.<\/p>\n","protected":false},"excerpt":{"rendered":"<p>Nj\u00eb incident i dhunsh\u00ebm tronditi komun\u00ebn zvicerane Romanshorn (Kantoni Thurgau) her\u00ebt n\u00eb m\u00ebngjesin e sot\u00ebm, t\u00eb shtun\u00ebn. N\u00eb nj\u00eb p\u00ebrleshje masive fizike mes dy grupeve u plagos\u00ebn gjithsej shtat\u00eb persona, nd\u00ebr t\u00eb cil\u00ebt m\u00eb r\u00ebnd\u00eb p\u00ebsuan tre shtetas t\u00eb Maqedonis\u00eb s\u00eb Veriut. Sipas informacioneve zyrtare nga Policia Kantonale e Thurgaut, incidenti ndodhi rreth or\u00ebs 04:00 [&hellip;]<\/p>\n","protected":false},"author":8,"featured_media":23989,"comment_status":"closed","ping_status":"closed","sticky":false,"template":"","format":"standard","meta":{"footnotes":""},"categories":[217,213,214],"tags":[],"class_list":["post-23988","post","type-post","status-publish","format-standard","has-post-thumbnail","hentry","category-bote","category-lajme","category-maqedoni"],"yoast_head":"<!-- This site is optimized with the Yoast SEO plugin v25.1 - https:\/\/yoast.com\/wordpress\/plugins\/seo\/ -->\n<title>P\u00ebrleshje masive n\u00eb Zvic\u00ebr: Tre m\u00ebrgimtar\u00eb nga Maqedonia e Veriut p\u00ebrfunduan n\u00eb spital - press7.tv<\/title>\n<meta name=\"robots\" content=\"index, follow, max-snippet:-1, max-image-preview:large, max-video-preview:-1\" \/>\n<link rel=\"canonical\" href=\"https:\/\/www.press7.tv\/?p=23988\" \/>\n<meta property=\"og:locale\" content=\"en_US\" \/>\n<meta property=\"og:type\" content=\"article\" \/>\n<meta property=\"og:title\" content=\"P\u00ebrleshje masive n\u00eb Zvic\u00ebr: Tre m\u00ebrgimtar\u00eb nga Maqedonia e Veriut p\u00ebrfunduan n\u00eb spital - press7.tv\" \/>\n<meta property=\"og:description\" content=\"Nj\u00eb incident i dhunsh\u00ebm tronditi komun\u00ebn zvicerane Romanshorn (Kantoni Thurgau) her\u00ebt n\u00eb m\u00ebngjesin e sot\u00ebm, t\u00eb shtun\u00ebn. N\u00eb nj\u00eb p\u00ebrleshje masive fizike mes dy grupeve u plagos\u00ebn gjithsej shtat\u00eb persona, nd\u00ebr t\u00eb cil\u00ebt m\u00eb r\u00ebnd\u00eb p\u00ebsuan tre shtetas t\u00eb Maqedonis\u00eb s\u00eb Veriut. Sipas informacioneve zyrtare nga Policia Kantonale e Thurgaut, incidenti ndodhi rreth or\u00ebs 04:00 [&hellip;]\" \/>\n<meta property=\"og:url\" content=\"https:\/\/www.press7.tv\/?p=23988\" \/>\n<meta property=\"og:site_name\" content=\"press7.tv\" \/>\n<meta property=\"article:publisher\" content=\"https:\/\/www.facebook.com\/press7.tv\" \/>\n<meta property=\"article:published_time\" content=\"2025-12-15T13:09:45+00:00\" \/>\n<meta property=\"og:image\" content=\"https:\/\/www.press7.tv\/wp-content\/uploads\/2025\/12\/IMG_2027.avif\" \/>\n\t<meta property=\"og:image:width\" content=\"800\" \/>\n\t<meta property=\"og:image:height\" content=\"534\" \/>\n\t<meta property=\"og:image:type\" content=\"image\/jpeg\" \/>\n<meta name=\"author\" content=\"gazetar2\" \/>\n<meta name=\"twitter:card\" content=\"summary_large_image\" \/>\n<meta name=\"twitter:label1\" content=\"Written by\" \/>\n\t<meta name=\"twitter:data1\" content=\"gazetar2\" \/>\n\t<meta name=\"twitter:label2\" content=\"Est. reading time\" \/>\n\t<meta name=\"twitter:data2\" content=\"1 minute\" \/>\n<script type=\"application\/ld+json\" class=\"yoast-schema-graph\">{\"@context\":\"https:\/\/schema.org\",\"@graph\":[{\"@type\":\"Article\",\"@id\":\"https:\/\/www.press7.tv\/?p=23988#article\",\"isPartOf\":{\"@id\":\"https:\/\/www.press7.tv\/?p=23988\"},\"author\":{\"name\":\"gazetar2\",\"@id\":\"https:\/\/www.news33.tv\/#\/schema\/person\/5a04a38a23ccdba82f9bd665cd8f9efa\"},\"headline\":\"P\u00ebrleshje masive n\u00eb Zvic\u00ebr: Tre m\u00ebrgimtar\u00eb nga Maqedonia e Veriut p\u00ebrfunduan n\u00eb spital\",\"datePublished\":\"2025-12-15T13:09:45+00:00\",\"mainEntityOfPage\":{\"@id\":\"https:\/\/www.press7.tv\/?p=23988\"},\"wordCount\":297,\"publisher\":{\"@id\":\"https:\/\/www.news33.tv\/#organization\"},\"image\":{\"@id\":\"https:\/\/www.press7.tv\/?p=23988#primaryimage\"},\"thumbnailUrl\":\"https:\/\/www.press7.tv\/wp-content\/uploads\/2025\/12\/IMG_2027.avif\",\"articleSection\":[\"Bot\u00eb\",\"Lajme\",\"Maqedoni\"],\"inLanguage\":\"en-US\"},{\"@type\":\"WebPage\",\"@id\":\"https:\/\/www.press7.tv\/?p=23988\",\"url\":\"https:\/\/www.press7.tv\/?p=23988\",\"name\":\"P\u00ebrleshje masive n\u00eb Zvic\u00ebr: Tre m\u00ebrgimtar\u00eb nga Maqedonia e Veriut p\u00ebrfunduan n\u00eb spital - press7.tv\",\"isPartOf\":{\"@id\":\"https:\/\/www.news33.tv\/#website\"},\"primaryImageOfPage\":{\"@id\":\"https:\/\/www.press7.tv\/?p=23988#primaryimage\"},\"image\":{\"@id\":\"https:\/\/www.press7.tv\/?p=23988#primaryimage\"},\"thumbnailUrl\":\"https:\/\/www.press7.tv\/wp-content\/uploads\/2025\/12\/IMG_2027.avif\",\"datePublished\":\"2025-12-15T13:09:45+00:00\",\"breadcrumb\":{\"@id\":\"https:\/\/www.press7.tv\/?p=23988#breadcrumb\"},\"inLanguage\":\"en-US\",\"potentialAction\":[{\"@type\":\"ReadAction\",\"target\":[\"https:\/\/www.press7.tv\/?p=23988\"]}]},{\"@type\":\"ImageObject\",\"inLanguage\":\"en-US\",\"@id\":\"https:\/\/www.press7.tv\/?p=23988#primaryimage\",\"url\":\"https:\/\/www.press7.tv\/wp-content\/uploads\/2025\/12\/IMG_2027.avif\",\"contentUrl\":\"https:\/\/www.press7.tv\/wp-content\/uploads\/2025\/12\/IMG_2027.avif\",\"width\":800,\"height\":534,\"caption\":\"Screenshot\"},{\"@type\":\"BreadcrumbList\",\"@id\":\"https:\/\/www.press7.tv\/?p=23988#breadcrumb\",\"itemListElement\":[{\"@type\":\"ListItem\",\"position\":1,\"name\":\"Home\",\"item\":\"https:\/\/www.press7.tv\/\"},{\"@type\":\"ListItem\",\"position\":2,\"name\":\"P\u00ebrleshje masive n\u00eb Zvic\u00ebr: Tre m\u00ebrgimtar\u00eb nga Maqedonia e Veriut p\u00ebrfunduan n\u00eb spital\"}]},{\"@type\":\"WebSite\",\"@id\":\"https:\/\/www.news33.tv\/#website\",\"url\":\"https:\/\/www.news33.tv\/\",\"name\":\"News33.tv Media\",\"description\":\"Media\",\"publisher\":{\"@id\":\"https:\/\/www.news33.tv\/#organization\"},\"potentialAction\":[{\"@type\":\"SearchAction\",\"target\":{\"@type\":\"EntryPoint\",\"urlTemplate\":\"https:\/\/www.news33.tv\/?s={search_term_string}\"},\"query-input\":{\"@type\":\"PropertyValueSpecification\",\"valueRequired\":true,\"valueName\":\"search_term_string\"}}],\"inLanguage\":\"en-US\"},{\"@type\":\"Organization\",\"@id\":\"https:\/\/www.news33.tv\/#organization\",\"name\":\"News33.tv Media\",\"url\":\"https:\/\/www.news33.tv\/\",\"logo\":{\"@type\":\"ImageObject\",\"inLanguage\":\"en-US\",\"@id\":\"https:\/\/www.news33.tv\/#\/schema\/logo\/image\/\",\"url\":\"https:\/\/www.press7.tv\/wp-content\/uploads\/2024\/02\/logo-news33-black.png\",\"contentUrl\":\"https:\/\/www.press7.tv\/wp-content\/uploads\/2024\/02\/logo-news33-black.png\",\"width\":180,\"height\":37,\"caption\":\"News33.tv Media\"},\"image\":{\"@id\":\"https:\/\/www.news33.tv\/#\/schema\/logo\/image\/\"},\"sameAs\":[\"https:\/\/www.facebook.com\/press7.tv\"]},{\"@type\":\"Person\",\"@id\":\"https:\/\/www.news33.tv\/#\/schema\/person\/5a04a38a23ccdba82f9bd665cd8f9efa\",\"name\":\"gazetar2\",\"image\":{\"@type\":\"ImageObject\",\"inLanguage\":\"en-US\",\"@id\":\"https:\/\/www.news33.tv\/#\/schema\/person\/image\/\",\"url\":\"https:\/\/www.press7.tv\/wp-content\/litespeed\/avatar\/41975e402c3049d9ddb03adca8f7a883.jpg?ver=1777169572\",\"contentUrl\":\"https:\/\/www.press7.tv\/wp-content\/litespeed\/avatar\/41975e402c3049d9ddb03adca8f7a883.jpg?ver=1777169572\",\"caption\":\"gazetar2\"},\"url\":\"https:\/\/www.press7.tv\/?author=8\"}]}<\/script>\n<!-- \/ Yoast SEO plugin. -->","yoast_head_json":{"title":"P\u00ebrleshje masive n\u00eb Zvic\u00ebr: Tre m\u00ebrgimtar\u00eb nga Maqedonia e Veriut p\u00ebrfunduan n\u00eb spital - press7.tv","robots":{"index":"index","follow":"follow","max-snippet":"max-snippet:-1","max-image-preview":"max-image-preview:large","max-video-preview":"max-video-preview:-1"},"canonical":"https:\/\/www.press7.tv\/?p=23988","og_locale":"en_US","og_type":"article","og_title":"P\u00ebrleshje masive n\u00eb Zvic\u00ebr: Tre m\u00ebrgimtar\u00eb nga Maqedonia e Veriut p\u00ebrfunduan n\u00eb spital - press7.tv","og_description":"Nj\u00eb incident i dhunsh\u00ebm tronditi komun\u00ebn zvicerane Romanshorn (Kantoni Thurgau) her\u00ebt n\u00eb m\u00ebngjesin e sot\u00ebm, t\u00eb shtun\u00ebn. N\u00eb nj\u00eb p\u00ebrleshje masive fizike mes dy grupeve u plagos\u00ebn gjithsej shtat\u00eb persona, nd\u00ebr t\u00eb cil\u00ebt m\u00eb r\u00ebnd\u00eb p\u00ebsuan tre shtetas t\u00eb Maqedonis\u00eb s\u00eb Veriut. Sipas informacioneve zyrtare nga Policia Kantonale e Thurgaut, incidenti ndodhi rreth or\u00ebs 04:00 [&hellip;]","og_url":"https:\/\/www.press7.tv\/?p=23988","og_site_name":"press7.tv","article_publisher":"https:\/\/www.facebook.com\/press7.tv","article_published_time":"2025-12-15T13:09:45+00:00","og_image":[{"width":800,"height":534,"url":"https:\/\/www.press7.tv\/wp-content\/uploads\/2025\/12\/IMG_2027.avif","type":"image\/jpeg"}],"author":"gazetar2","twitter_card":"summary_large_image","twitter_misc":{"Written by":"gazetar2","Est. reading time":"1 minute"},"schema":{"@context":"https:\/\/schema.org","@graph":[{"@type":"Article","@id":"https:\/\/www.press7.tv\/?p=23988#article","isPartOf":{"@id":"https:\/\/www.press7.tv\/?p=23988"},"author":{"name":"gazetar2","@id":"https:\/\/www.news33.tv\/#\/schema\/person\/5a04a38a23ccdba82f9bd665cd8f9efa"},"headline":"P\u00ebrleshje masive n\u00eb Zvic\u00ebr: Tre m\u00ebrgimtar\u00eb nga Maqedonia e Veriut p\u00ebrfunduan n\u00eb spital","datePublished":"2025-12-15T13:09:45+00:00","mainEntityOfPage":{"@id":"https:\/\/www.press7.tv\/?p=23988"},"wordCount":297,"publisher":{"@id":"https:\/\/www.news33.tv\/#organization"},"image":{"@id":"https:\/\/www.press7.tv\/?p=23988#primaryimage"},"thumbnailUrl":"https:\/\/www.press7.tv\/wp-content\/uploads\/2025\/12\/IMG_2027.avif","articleSection":["Bot\u00eb","Lajme","Maqedoni"],"inLanguage":"en-US"},{"@type":"WebPage","@id":"https:\/\/www.press7.tv\/?p=23988","url":"https:\/\/www.press7.tv\/?p=23988","name":"P\u00ebrleshje masive n\u00eb Zvic\u00ebr: Tre m\u00ebrgimtar\u00eb nga Maqedonia e Veriut p\u00ebrfunduan n\u00eb spital - press7.tv","isPartOf":{"@id":"https:\/\/www.news33.tv\/#website"},"primaryImageOfPage":{"@id":"https:\/\/www.press7.tv\/?p=23988#primaryimage"},"image":{"@id":"https:\/\/www.press7.tv\/?p=23988#primaryimage"},"thumbnailUrl":"https:\/\/www.press7.tv\/wp-content\/uploads\/2025\/12\/IMG_2027.avif","datePublished":"2025-12-15T13:09:45+00:00","breadcrumb":{"@id":"https:\/\/www.press7.tv\/?p=23988#breadcrumb"},"inLanguage":"en-US","potentialAction":[{"@type":"ReadAction","target":["https:\/\/www.press7.tv\/?p=23988"]}]},{"@type":"ImageObject","inLanguage":"en-US","@id":"https:\/\/www.press7.tv\/?p=23988#primaryimage","url":"https:\/\/www.press7.tv\/wp-content\/uploads\/2025\/12\/IMG_2027.avif","contentUrl":"https:\/\/www.press7.tv\/wp-content\/uploads\/2025\/12\/IMG_2027.avif","width":800,"height":534,"caption":"Screenshot"},{"@type":"BreadcrumbList","@id":"https:\/\/www.press7.tv\/?p=23988#breadcrumb","itemListElement":[{"@type":"ListItem","position":1,"name":"Home","item":"https:\/\/www.press7.tv\/"},{"@type":"ListItem","position":2,"name":"P\u00ebrleshje masive n\u00eb Zvic\u00ebr: Tre m\u00ebrgimtar\u00eb nga Maqedonia e Veriut p\u00ebrfunduan n\u00eb spital"}]},{"@type":"WebSite","@id":"https:\/\/www.news33.tv\/#website","url":"https:\/\/www.news33.tv\/","name":"News33.tv Media","description":"Media","publisher":{"@id":"https:\/\/www.news33.tv\/#organization"},"potentialAction":[{"@type":"SearchAction","target":{"@type":"EntryPoint","urlTemplate":"https:\/\/www.news33.tv\/?s={search_term_string}"},"query-input":{"@type":"PropertyValueSpecification","valueRequired":true,"valueName":"search_term_string"}}],"inLanguage":"en-US"},{"@type":"Organization","@id":"https:\/\/www.news33.tv\/#organization","name":"News33.tv Media","url":"https:\/\/www.news33.tv\/","logo":{"@type":"ImageObject","inLanguage":"en-US","@id":"https:\/\/www.news33.tv\/#\/schema\/logo\/image\/","url":"https:\/\/www.press7.tv\/wp-content\/uploads\/2024\/02\/logo-news33-black.png","contentUrl":"https:\/\/www.press7.tv\/wp-content\/uploads\/2024\/02\/logo-news33-black.png","width":180,"height":37,"caption":"News33.tv Media"},"image":{"@id":"https:\/\/www.news33.tv\/#\/schema\/logo\/image\/"},"sameAs":["https:\/\/www.facebook.com\/press7.tv"]},{"@type":"Person","@id":"https:\/\/www.news33.tv\/#\/schema\/person\/5a04a38a23ccdba82f9bd665cd8f9efa","name":"gazetar2","image":{"@type":"ImageObject","inLanguage":"en-US","@id":"https:\/\/www.news33.tv\/#\/schema\/person\/image\/","url":"https:\/\/www.press7.tv\/wp-content\/litespeed\/avatar\/41975e402c3049d9ddb03adca8f7a883.jpg?ver=1777169572","contentUrl":"https:\/\/www.press7.tv\/wp-content\/litespeed\/avatar\/41975e402c3049d9ddb03adca8f7a883.jpg?ver=1777169572","caption":"gazetar2"},"url":"https:\/\/www.press7.tv\/?author=8"}]}},"amp_enabled":true,"_links":{"self":[{"href":"https:\/\/www.press7.tv\/index.php?rest_route=\/wp\/v2\/posts\/23988","targetHints":{"allow":["GET"]}}],"collection":[{"href":"https:\/\/www.press7.tv\/index.php?rest_route=\/wp\/v2\/posts"}],"about":[{"href":"https:\/\/www.press7.tv\/index.php?rest_route=\/wp\/v2\/types\/post"}],"author":[{"embeddable":true,"href":"https:\/\/www.press7.tv\/index.php?rest_route=\/wp\/v2\/users\/8"}],"replies":[{"embeddable":true,"href":"https:\/\/www.press7.tv\/index.php?rest_route=%2Fwp%2Fv2%2Fcomments&post=23988"}],"version-history":[{"count":1,"href":"https:\/\/www.press7.tv\/index.php?rest_route=\/wp\/v2\/posts\/23988\/revisions"}],"predecessor-version":[{"id":23990,"href":"https:\/\/www.press7.tv\/index.php?rest_route=\/wp\/v2\/posts\/23988\/revisions\/23990"}],"wp:featuredmedia":[{"embeddable":true,"href":"https:\/\/www.press7.tv\/index.php?rest_route=\/wp\/v2\/media\/23989"}],"wp:attachment":[{"href":"https:\/\/www.press7.tv\/index.php?rest_route=%2Fwp%2Fv2%2Fmedia&parent=23988"}],"wp:term":[{"taxonomy":"category","embeddable":true,"href":"https:\/\/www.press7.tv\/index.php?rest_route=%2Fwp%2Fv2%2Fcategories&post=23988"},{"taxonomy":"post_tag","embeddable":true,"href":"https:\/\/www.press7.tv\/index.php?rest_route=%2Fwp%2Fv2%2Ftags&post=23988"}],"curies":[{"name":"wp","href":"https:\/\/api.w.org\/{rel}","templated":true}]}}