{"id":23897,"date":"2025-12-01T13:49:36","date_gmt":"2025-12-01T13:49:36","guid":{"rendered":"https:\/\/www.press7.tv\/?p=23897"},"modified":"2025-12-01T13:49:36","modified_gmt":"2025-12-01T13:49:36","slug":"ndarja-nga-jeta-e-kengetarit-shpat-kasapi-komuna-e-cairit-dhe-e-tetoves-shpallen-dite-zie","status":"publish","type":"post","link":"https:\/\/www.press7.tv\/?p=23897","title":{"rendered":"Ndarja nga jeta e k\u00ebng\u00ebtarit Shpat Kasapi, Komuna e \u00c7airit dhe e Tetov\u00ebs shpall\u00ebn dit\u00eb zie"},"content":{"rendered":"\n    <div class=\"xs_social_share_widget xs_share_url before_content \t\tmain_content  wslu-style-2 wslu-share-box-shaped wslu-fill-colored wslu-share-m-5 wslu-none wslu-share-vertical wslu-theme-font-no wslu-main_content\">\n\n\t\t\n        <ul>\n\t\t\t        <\/ul>\n    <\/div> \n<p>Sipas kryetarit t\u00eb Komun\u00ebs s\u00eb \u00c7airit, Izet Mexhiti, ky vendim pasqyron pik\u00ebllimin dhe respektin e thell\u00eb t\u00eb komunitetit ton\u00eb p\u00ebr humbjen e papritur t\u00eb k\u00ebng\u00ebtarit Shpat Kasapi, nj\u00eb artist i dashur q\u00eb la gjurm\u00eb t\u00eb ve\u00e7anta n\u00eb sken\u00ebn muzikore shqiptare. Po ashtu, libri i ngush\u00ebllimeve do t\u00eb jet\u00eb i hapur nga e marta deri t\u00eb premten, n\u00eb teat\u00ebr, p\u00ebr t\u2019u mund\u00ebsuar t\u00eb gjith\u00ebve t\u00eb l\u00ebn\u00eb mesazhin e tyre t\u00eb ngush\u00ebllimit.<\/p>\n<p>Edhe Komuna e Tetov\u00ebs ka shpallur dit\u00eb zie n\u00eb t\u00eb gjith\u00eb territorin e saj. Shpat Kasapi dha nj\u00eb kontribut t\u00eb r\u00ebnd\u00ebsish\u00ebm p\u00ebr zhvillimin e kultur\u00ebs dhe muzik\u00ebs n\u00eb Komun\u00ebn e Tetov\u00ebs, Republik\u00ebn e Maqedonis\u00eb s\u00eb Veriut dhe n\u00eb sken\u00ebn muzikore shqiptare. Kasapi u varros t\u00eb diel\u00ebn n\u00eb varrezat e qytetit t\u00eb Tetov\u00ebs, ku t\u00eb pranish\u00ebm ishin mij\u00ebra shqiptar\u00eb.<\/p>\n","protected":false},"excerpt":{"rendered":"<p>Sipas kryetarit t\u00eb Komun\u00ebs s\u00eb \u00c7airit, Izet Mexhiti, ky vendim pasqyron pik\u00ebllimin dhe respektin e thell\u00eb t\u00eb komunitetit ton\u00eb p\u00ebr humbjen e papritur t\u00eb k\u00ebng\u00ebtarit Shpat Kasapi, nj\u00eb artist i dashur q\u00eb la gjurm\u00eb t\u00eb ve\u00e7anta n\u00eb sken\u00ebn muzikore shqiptare. Po ashtu, libri i ngush\u00ebllimeve do t\u00eb jet\u00eb i hapur nga e marta deri t\u00eb [&hellip;]<\/p>\n","protected":false},"author":8,"featured_media":23898,"comment_status":"closed","ping_status":"closed","sticky":false,"template":"","format":"standard","meta":{"footnotes":""},"categories":[213,214],"tags":[],"class_list":["post-23897","post","type-post","status-publish","format-standard","has-post-thumbnail","hentry","category-lajme","category-maqedoni"],"yoast_head":"<!-- This site is optimized with the Yoast SEO plugin v25.1 - https:\/\/yoast.com\/wordpress\/plugins\/seo\/ -->\n<title>Ndarja nga jeta e k\u00ebng\u00ebtarit Shpat Kasapi, Komuna e \u00c7airit dhe e Tetov\u00ebs shpall\u00ebn dit\u00eb zie - press7.tv<\/title>\n<meta name=\"robots\" content=\"index, follow, max-snippet:-1, max-image-preview:large, max-video-preview:-1\" \/>\n<link rel=\"canonical\" href=\"https:\/\/www.press7.tv\/?p=23897\" \/>\n<meta property=\"og:locale\" content=\"en_US\" \/>\n<meta property=\"og:type\" content=\"article\" \/>\n<meta property=\"og:title\" content=\"Ndarja nga jeta e k\u00ebng\u00ebtarit Shpat Kasapi, Komuna e \u00c7airit dhe e Tetov\u00ebs shpall\u00ebn dit\u00eb zie - press7.tv\" \/>\n<meta property=\"og:description\" content=\"Sipas kryetarit t\u00eb Komun\u00ebs s\u00eb \u00c7airit, Izet Mexhiti, ky vendim pasqyron pik\u00ebllimin dhe respektin e thell\u00eb t\u00eb komunitetit ton\u00eb p\u00ebr humbjen e papritur t\u00eb k\u00ebng\u00ebtarit Shpat Kasapi, nj\u00eb artist i dashur q\u00eb la gjurm\u00eb t\u00eb ve\u00e7anta n\u00eb sken\u00ebn muzikore shqiptare. Po ashtu, libri i ngush\u00ebllimeve do t\u00eb jet\u00eb i hapur nga e marta deri t\u00eb [&hellip;]\" \/>\n<meta property=\"og:url\" content=\"https:\/\/www.press7.tv\/?p=23897\" \/>\n<meta property=\"og:site_name\" content=\"press7.tv\" \/>\n<meta property=\"article:publisher\" content=\"https:\/\/www.facebook.com\/press7.tv\" \/>\n<meta property=\"article:published_time\" content=\"2025-12-01T13:49:36+00:00\" \/>\n<meta property=\"og:image\" content=\"https:\/\/www.press7.tv\/wp-content\/uploads\/2025\/12\/IMG_1559.avif\" \/>\n\t<meta property=\"og:image:width\" content=\"600\" \/>\n\t<meta property=\"og:image:height\" content=\"360\" \/>\n\t<meta property=\"og:image:type\" content=\"image\/jpeg\" \/>\n<meta name=\"author\" content=\"gazetar2\" \/>\n<meta name=\"twitter:card\" content=\"summary_large_image\" \/>\n<meta name=\"twitter:label1\" content=\"Written by\" \/>\n\t<meta name=\"twitter:data1\" content=\"gazetar2\" \/>\n\t<meta name=\"twitter:label2\" content=\"Est. reading time\" \/>\n\t<meta name=\"twitter:data2\" content=\"1 minute\" \/>\n<script type=\"application\/ld+json\" class=\"yoast-schema-graph\">{\"@context\":\"https:\/\/schema.org\",\"@graph\":[{\"@type\":\"Article\",\"@id\":\"https:\/\/www.press7.tv\/?p=23897#article\",\"isPartOf\":{\"@id\":\"https:\/\/www.press7.tv\/?p=23897\"},\"author\":{\"name\":\"gazetar2\",\"@id\":\"https:\/\/www.news33.tv\/#\/schema\/person\/5a04a38a23ccdba82f9bd665cd8f9efa\"},\"headline\":\"Ndarja nga jeta e k\u00ebng\u00ebtarit Shpat Kasapi, Komuna e \u00c7airit dhe e Tetov\u00ebs shpall\u00ebn dit\u00eb zie\",\"datePublished\":\"2025-12-01T13:49:36+00:00\",\"mainEntityOfPage\":{\"@id\":\"https:\/\/www.press7.tv\/?p=23897\"},\"wordCount\":178,\"publisher\":{\"@id\":\"https:\/\/www.news33.tv\/#organization\"},\"image\":{\"@id\":\"https:\/\/www.press7.tv\/?p=23897#primaryimage\"},\"thumbnailUrl\":\"https:\/\/www.press7.tv\/wp-content\/uploads\/2025\/12\/IMG_1559.avif\",\"articleSection\":[\"Lajme\",\"Maqedoni\"],\"inLanguage\":\"en-US\"},{\"@type\":\"WebPage\",\"@id\":\"https:\/\/www.press7.tv\/?p=23897\",\"url\":\"https:\/\/www.press7.tv\/?p=23897\",\"name\":\"Ndarja nga jeta e k\u00ebng\u00ebtarit Shpat Kasapi, Komuna e \u00c7airit dhe e Tetov\u00ebs shpall\u00ebn dit\u00eb zie - press7.tv\",\"isPartOf\":{\"@id\":\"https:\/\/www.news33.tv\/#website\"},\"primaryImageOfPage\":{\"@id\":\"https:\/\/www.press7.tv\/?p=23897#primaryimage\"},\"image\":{\"@id\":\"https:\/\/www.press7.tv\/?p=23897#primaryimage\"},\"thumbnailUrl\":\"https:\/\/www.press7.tv\/wp-content\/uploads\/2025\/12\/IMG_1559.avif\",\"datePublished\":\"2025-12-01T13:49:36+00:00\",\"breadcrumb\":{\"@id\":\"https:\/\/www.press7.tv\/?p=23897#breadcrumb\"},\"inLanguage\":\"en-US\",\"potentialAction\":[{\"@type\":\"ReadAction\",\"target\":[\"https:\/\/www.press7.tv\/?p=23897\"]}]},{\"@type\":\"ImageObject\",\"inLanguage\":\"en-US\",\"@id\":\"https:\/\/www.press7.tv\/?p=23897#primaryimage\",\"url\":\"https:\/\/www.press7.tv\/wp-content\/uploads\/2025\/12\/IMG_1559.avif\",\"contentUrl\":\"https:\/\/www.press7.tv\/wp-content\/uploads\/2025\/12\/IMG_1559.avif\",\"width\":600,\"height\":360},{\"@type\":\"BreadcrumbList\",\"@id\":\"https:\/\/www.press7.tv\/?p=23897#breadcrumb\",\"itemListElement\":[{\"@type\":\"ListItem\",\"position\":1,\"name\":\"Home\",\"item\":\"https:\/\/www.press7.tv\/\"},{\"@type\":\"ListItem\",\"position\":2,\"name\":\"Ndarja nga jeta e k\u00ebng\u00ebtarit Shpat Kasapi, Komuna e \u00c7airit dhe e Tetov\u00ebs shpall\u00ebn dit\u00eb zie\"}]},{\"@type\":\"WebSite\",\"@id\":\"https:\/\/www.news33.tv\/#website\",\"url\":\"https:\/\/www.news33.tv\/\",\"name\":\"News33.tv Media\",\"description\":\"Media\",\"publisher\":{\"@id\":\"https:\/\/www.news33.tv\/#organization\"},\"potentialAction\":[{\"@type\":\"SearchAction\",\"target\":{\"@type\":\"EntryPoint\",\"urlTemplate\":\"https:\/\/www.news33.tv\/?s={search_term_string}\"},\"query-input\":{\"@type\":\"PropertyValueSpecification\",\"valueRequired\":true,\"valueName\":\"search_term_string\"}}],\"inLanguage\":\"en-US\"},{\"@type\":\"Organization\",\"@id\":\"https:\/\/www.news33.tv\/#organization\",\"name\":\"News33.tv Media\",\"url\":\"https:\/\/www.news33.tv\/\",\"logo\":{\"@type\":\"ImageObject\",\"inLanguage\":\"en-US\",\"@id\":\"https:\/\/www.news33.tv\/#\/schema\/logo\/image\/\",\"url\":\"https:\/\/www.press7.tv\/wp-content\/uploads\/2024\/02\/logo-news33-black.png\",\"contentUrl\":\"https:\/\/www.press7.tv\/wp-content\/uploads\/2024\/02\/logo-news33-black.png\",\"width\":180,\"height\":37,\"caption\":\"News33.tv Media\"},\"image\":{\"@id\":\"https:\/\/www.news33.tv\/#\/schema\/logo\/image\/\"},\"sameAs\":[\"https:\/\/www.facebook.com\/press7.tv\"]},{\"@type\":\"Person\",\"@id\":\"https:\/\/www.news33.tv\/#\/schema\/person\/5a04a38a23ccdba82f9bd665cd8f9efa\",\"name\":\"gazetar2\",\"image\":{\"@type\":\"ImageObject\",\"inLanguage\":\"en-US\",\"@id\":\"https:\/\/www.news33.tv\/#\/schema\/person\/image\/\",\"url\":\"https:\/\/www.press7.tv\/wp-content\/litespeed\/avatar\/41975e402c3049d9ddb03adca8f7a883.jpg?ver=1777169572\",\"contentUrl\":\"https:\/\/www.press7.tv\/wp-content\/litespeed\/avatar\/41975e402c3049d9ddb03adca8f7a883.jpg?ver=1777169572\",\"caption\":\"gazetar2\"},\"url\":\"https:\/\/www.press7.tv\/?author=8\"}]}<\/script>\n<!-- \/ Yoast SEO plugin. -->","yoast_head_json":{"title":"Ndarja nga jeta e k\u00ebng\u00ebtarit Shpat Kasapi, Komuna e \u00c7airit dhe e Tetov\u00ebs shpall\u00ebn dit\u00eb zie - press7.tv","robots":{"index":"index","follow":"follow","max-snippet":"max-snippet:-1","max-image-preview":"max-image-preview:large","max-video-preview":"max-video-preview:-1"},"canonical":"https:\/\/www.press7.tv\/?p=23897","og_locale":"en_US","og_type":"article","og_title":"Ndarja nga jeta e k\u00ebng\u00ebtarit Shpat Kasapi, Komuna e \u00c7airit dhe e Tetov\u00ebs shpall\u00ebn dit\u00eb zie - press7.tv","og_description":"Sipas kryetarit t\u00eb Komun\u00ebs s\u00eb \u00c7airit, Izet Mexhiti, ky vendim pasqyron pik\u00ebllimin dhe respektin e thell\u00eb t\u00eb komunitetit ton\u00eb p\u00ebr humbjen e papritur t\u00eb k\u00ebng\u00ebtarit Shpat Kasapi, nj\u00eb artist i dashur q\u00eb la gjurm\u00eb t\u00eb ve\u00e7anta n\u00eb sken\u00ebn muzikore shqiptare. Po ashtu, libri i ngush\u00ebllimeve do t\u00eb jet\u00eb i hapur nga e marta deri t\u00eb [&hellip;]","og_url":"https:\/\/www.press7.tv\/?p=23897","og_site_name":"press7.tv","article_publisher":"https:\/\/www.facebook.com\/press7.tv","article_published_time":"2025-12-01T13:49:36+00:00","og_image":[{"width":600,"height":360,"url":"https:\/\/www.press7.tv\/wp-content\/uploads\/2025\/12\/IMG_1559.avif","type":"image\/jpeg"}],"author":"gazetar2","twitter_card":"summary_large_image","twitter_misc":{"Written by":"gazetar2","Est. reading time":"1 minute"},"schema":{"@context":"https:\/\/schema.org","@graph":[{"@type":"Article","@id":"https:\/\/www.press7.tv\/?p=23897#article","isPartOf":{"@id":"https:\/\/www.press7.tv\/?p=23897"},"author":{"name":"gazetar2","@id":"https:\/\/www.news33.tv\/#\/schema\/person\/5a04a38a23ccdba82f9bd665cd8f9efa"},"headline":"Ndarja nga jeta e k\u00ebng\u00ebtarit Shpat Kasapi, Komuna e \u00c7airit dhe e Tetov\u00ebs shpall\u00ebn dit\u00eb zie","datePublished":"2025-12-01T13:49:36+00:00","mainEntityOfPage":{"@id":"https:\/\/www.press7.tv\/?p=23897"},"wordCount":178,"publisher":{"@id":"https:\/\/www.news33.tv\/#organization"},"image":{"@id":"https:\/\/www.press7.tv\/?p=23897#primaryimage"},"thumbnailUrl":"https:\/\/www.press7.tv\/wp-content\/uploads\/2025\/12\/IMG_1559.avif","articleSection":["Lajme","Maqedoni"],"inLanguage":"en-US"},{"@type":"WebPage","@id":"https:\/\/www.press7.tv\/?p=23897","url":"https:\/\/www.press7.tv\/?p=23897","name":"Ndarja nga jeta e k\u00ebng\u00ebtarit Shpat Kasapi, Komuna e \u00c7airit dhe e Tetov\u00ebs shpall\u00ebn dit\u00eb zie - press7.tv","isPartOf":{"@id":"https:\/\/www.news33.tv\/#website"},"primaryImageOfPage":{"@id":"https:\/\/www.press7.tv\/?p=23897#primaryimage"},"image":{"@id":"https:\/\/www.press7.tv\/?p=23897#primaryimage"},"thumbnailUrl":"https:\/\/www.press7.tv\/wp-content\/uploads\/2025\/12\/IMG_1559.avif","datePublished":"2025-12-01T13:49:36+00:00","breadcrumb":{"@id":"https:\/\/www.press7.tv\/?p=23897#breadcrumb"},"inLanguage":"en-US","potentialAction":[{"@type":"ReadAction","target":["https:\/\/www.press7.tv\/?p=23897"]}]},{"@type":"ImageObject","inLanguage":"en-US","@id":"https:\/\/www.press7.tv\/?p=23897#primaryimage","url":"https:\/\/www.press7.tv\/wp-content\/uploads\/2025\/12\/IMG_1559.avif","contentUrl":"https:\/\/www.press7.tv\/wp-content\/uploads\/2025\/12\/IMG_1559.avif","width":600,"height":360},{"@type":"BreadcrumbList","@id":"https:\/\/www.press7.tv\/?p=23897#breadcrumb","itemListElement":[{"@type":"ListItem","position":1,"name":"Home","item":"https:\/\/www.press7.tv\/"},{"@type":"ListItem","position":2,"name":"Ndarja nga jeta e k\u00ebng\u00ebtarit Shpat Kasapi, Komuna e \u00c7airit dhe e Tetov\u00ebs shpall\u00ebn dit\u00eb zie"}]},{"@type":"WebSite","@id":"https:\/\/www.news33.tv\/#website","url":"https:\/\/www.news33.tv\/","name":"News33.tv Media","description":"Media","publisher":{"@id":"https:\/\/www.news33.tv\/#organization"},"potentialAction":[{"@type":"SearchAction","target":{"@type":"EntryPoint","urlTemplate":"https:\/\/www.news33.tv\/?s={search_term_string}"},"query-input":{"@type":"PropertyValueSpecification","valueRequired":true,"valueName":"search_term_string"}}],"inLanguage":"en-US"},{"@type":"Organization","@id":"https:\/\/www.news33.tv\/#organization","name":"News33.tv Media","url":"https:\/\/www.news33.tv\/","logo":{"@type":"ImageObject","inLanguage":"en-US","@id":"https:\/\/www.news33.tv\/#\/schema\/logo\/image\/","url":"https:\/\/www.press7.tv\/wp-content\/uploads\/2024\/02\/logo-news33-black.png","contentUrl":"https:\/\/www.press7.tv\/wp-content\/uploads\/2024\/02\/logo-news33-black.png","width":180,"height":37,"caption":"News33.tv Media"},"image":{"@id":"https:\/\/www.news33.tv\/#\/schema\/logo\/image\/"},"sameAs":["https:\/\/www.facebook.com\/press7.tv"]},{"@type":"Person","@id":"https:\/\/www.news33.tv\/#\/schema\/person\/5a04a38a23ccdba82f9bd665cd8f9efa","name":"gazetar2","image":{"@type":"ImageObject","inLanguage":"en-US","@id":"https:\/\/www.news33.tv\/#\/schema\/person\/image\/","url":"https:\/\/www.press7.tv\/wp-content\/litespeed\/avatar\/41975e402c3049d9ddb03adca8f7a883.jpg?ver=1777169572","contentUrl":"https:\/\/www.press7.tv\/wp-content\/litespeed\/avatar\/41975e402c3049d9ddb03adca8f7a883.jpg?ver=1777169572","caption":"gazetar2"},"url":"https:\/\/www.press7.tv\/?author=8"}]}},"amp_enabled":true,"_links":{"self":[{"href":"https:\/\/www.press7.tv\/index.php?rest_route=\/wp\/v2\/posts\/23897","targetHints":{"allow":["GET"]}}],"collection":[{"href":"https:\/\/www.press7.tv\/index.php?rest_route=\/wp\/v2\/posts"}],"about":[{"href":"https:\/\/www.press7.tv\/index.php?rest_route=\/wp\/v2\/types\/post"}],"author":[{"embeddable":true,"href":"https:\/\/www.press7.tv\/index.php?rest_route=\/wp\/v2\/users\/8"}],"replies":[{"embeddable":true,"href":"https:\/\/www.press7.tv\/index.php?rest_route=%2Fwp%2Fv2%2Fcomments&post=23897"}],"version-history":[{"count":1,"href":"https:\/\/www.press7.tv\/index.php?rest_route=\/wp\/v2\/posts\/23897\/revisions"}],"predecessor-version":[{"id":23899,"href":"https:\/\/www.press7.tv\/index.php?rest_route=\/wp\/v2\/posts\/23897\/revisions\/23899"}],"wp:featuredmedia":[{"embeddable":true,"href":"https:\/\/www.press7.tv\/index.php?rest_route=\/wp\/v2\/media\/23898"}],"wp:attachment":[{"href":"https:\/\/www.press7.tv\/index.php?rest_route=%2Fwp%2Fv2%2Fmedia&parent=23897"}],"wp:term":[{"taxonomy":"category","embeddable":true,"href":"https:\/\/www.press7.tv\/index.php?rest_route=%2Fwp%2Fv2%2Fcategories&post=23897"},{"taxonomy":"post_tag","embeddable":true,"href":"https:\/\/www.press7.tv\/index.php?rest_route=%2Fwp%2Fv2%2Ftags&post=23897"}],"curies":[{"name":"wp","href":"https:\/\/api.w.org\/{rel}","templated":true}]}}