{"id":23894,"date":"2025-12-01T12:56:31","date_gmt":"2025-12-01T12:56:31","guid":{"rendered":"https:\/\/www.press7.tv\/?p=23894"},"modified":"2025-12-01T12:56:31","modified_gmt":"2025-12-01T12:56:31","slug":"aksident-i-rende-ne-zvicer-39-vjecari-nga-maqedonia-me-makine-500-kuaj-fuqi-perplaset-ne-fasaden-e-shtepise-pasagjeri-humb-jeten","status":"publish","type":"post","link":"https:\/\/www.press7.tv\/?p=23894","title":{"rendered":"Aksident i r\u00ebnd\u00eb n\u00eb Zvic\u00ebr: 39-vje\u00e7ari nga Maqedonia me makin\u00eb 500 kuaj fuqi p\u00ebrplaset n\u00eb fasad\u00ebn e sht\u00ebpis\u00eb \u2013 pasagjeri humb jet\u00ebn"},"content":{"rendered":"\n    <div class=\"xs_social_share_widget xs_share_url before_content \t\tmain_content  wslu-style-2 wslu-share-box-shaped wslu-fill-colored wslu-share-m-5 wslu-none wslu-share-vertical wslu-theme-font-no wslu-main_content\">\n\n\t\t\n        <ul>\n\t\t\t        <\/ul>\n    <\/div> \n<p>Nj\u00eb aksident i r\u00ebnd\u00eb ndodhi nat\u00ebn e s\u00eb diel\u00ebs n\u00eb Schlieren, kantoni Cyrih, ku nj\u00eb makin\u00eb me mbi 500 kuaj fuqi u p\u00ebrplas n\u00eb fasad\u00ebn e nj\u00eb sht\u00ebpie. Pas aksidentit, nj\u00eb pasagjer 39-vje\u00e7ar nga Maqedonia e Veriut u plagos r\u00ebnd\u00eb dhe u d\u00ebrgua n\u00eb spital, ku m\u00eb von\u00eb nuk arriti t\u2019i mbijetoj\u00eb plag\u00ebve.<\/p>\n<p>Shoferi dhe nj\u00eb pasagjere ik\u00ebn nga vendi i ngjarjes<br \/>\nSipas policis\u00eb, pas nj\u00eb kthese n\u00eb t\u00eb djatht\u00eb, shoferi humbi kontrollin e automjetit, doli nga rruga, goditi nj\u00eb shtyll\u00eb ndri\u00e7imi dhe m\u00eb pas u p\u00ebrplas n\u00eb nj\u00eb sht\u00ebpi. Shoferi, nj\u00eb 39-vje\u00e7ar nga Maqedonia e Veriut, s\u00eb bashku me nj\u00eb pasagjere ende t\u00eb paidentifikuar, u larguan nga vendi i ngjarjes duke e l\u00ebn\u00eb pas pasagjerin e plagosur r\u00ebnd\u00eb.<\/p>\n<p>Policia kantonale e Cyrihut, n\u00eb bashk\u00ebpunim me Prokurorin\u00eb e Cyrihut-Sihl, nisi menj\u00ebher\u00eb hetimet p\u00ebr shkaqet e aksidentit dhe k\u00ebrkimin e dy personave t\u00eb arratisur. Sipas t\u00eb dh\u00ebnave nga vendngjarja, dyshohet se makina ka l\u00ebvizur me shpejt\u00ebsi shum\u00eb m\u00eb t\u00eb lart\u00eb se e lejuara n\u00eb zon\u00ebn 30 km\/h.<\/p>\n<p>K\u00ebrkimi<br \/>\nRreth or\u00ebs 12:00 t\u00eb s\u00eb diel\u00ebs, shoferi i k\u00ebrkuar u paraqit vet\u00eb n\u00eb Policin\u00eb kantonale t\u00eb Cyrihut. Nd\u00ebrkoh\u00eb, k\u00ebrkimet p\u00ebr pasagjeren e panjohur vazhdojn\u00eb.<\/p>\n<p>N\u00eb vendngjarje nd\u00ebrhyn\u00eb edhe zjarrfik\u00ebsit e Schlierenit, nj\u00eb kompani private t\u00ebrheqjeje dhe nj\u00eb punonj\u00ebs i EKZ p\u00ebr shkak t\u00eb d\u00ebmtimit t\u00eb ndri\u00e7imit publik.<\/p>\n","protected":false},"excerpt":{"rendered":"<p>Nj\u00eb aksident i r\u00ebnd\u00eb ndodhi nat\u00ebn e s\u00eb diel\u00ebs n\u00eb Schlieren, kantoni Cyrih, ku nj\u00eb makin\u00eb me mbi 500 kuaj fuqi u p\u00ebrplas n\u00eb fasad\u00ebn e nj\u00eb sht\u00ebpie. Pas aksidentit, nj\u00eb pasagjer 39-vje\u00e7ar nga Maqedonia e Veriut u plagos r\u00ebnd\u00eb dhe u d\u00ebrgua n\u00eb spital, ku m\u00eb von\u00eb nuk arriti t\u2019i mbijetoj\u00eb plag\u00ebve. Shoferi dhe [&hellip;]<\/p>\n","protected":false},"author":8,"featured_media":23895,"comment_status":"closed","ping_status":"closed","sticky":false,"template":"","format":"standard","meta":{"footnotes":""},"categories":[217,213],"tags":[],"class_list":["post-23894","post","type-post","status-publish","format-standard","has-post-thumbnail","hentry","category-bote","category-lajme"],"yoast_head":"<!-- This site is optimized with the Yoast SEO plugin v25.1 - https:\/\/yoast.com\/wordpress\/plugins\/seo\/ -->\n<title>Aksident i r\u00ebnd\u00eb n\u00eb Zvic\u00ebr: 39-vje\u00e7ari nga Maqedonia me makin\u00eb 500 kuaj fuqi p\u00ebrplaset n\u00eb fasad\u00ebn e sht\u00ebpis\u00eb \u2013 pasagjeri humb jet\u00ebn - press7.tv<\/title>\n<meta name=\"robots\" content=\"index, follow, max-snippet:-1, max-image-preview:large, max-video-preview:-1\" \/>\n<link rel=\"canonical\" href=\"https:\/\/www.press7.tv\/?p=23894\" \/>\n<meta property=\"og:locale\" content=\"en_US\" \/>\n<meta property=\"og:type\" content=\"article\" \/>\n<meta property=\"og:title\" content=\"Aksident i r\u00ebnd\u00eb n\u00eb Zvic\u00ebr: 39-vje\u00e7ari nga Maqedonia me makin\u00eb 500 kuaj fuqi p\u00ebrplaset n\u00eb fasad\u00ebn e sht\u00ebpis\u00eb \u2013 pasagjeri humb jet\u00ebn - press7.tv\" \/>\n<meta property=\"og:description\" content=\"Nj\u00eb aksident i r\u00ebnd\u00eb ndodhi nat\u00ebn e s\u00eb diel\u00ebs n\u00eb Schlieren, kantoni Cyrih, ku nj\u00eb makin\u00eb me mbi 500 kuaj fuqi u p\u00ebrplas n\u00eb fasad\u00ebn e nj\u00eb sht\u00ebpie. Pas aksidentit, nj\u00eb pasagjer 39-vje\u00e7ar nga Maqedonia e Veriut u plagos r\u00ebnd\u00eb dhe u d\u00ebrgua n\u00eb spital, ku m\u00eb von\u00eb nuk arriti t\u2019i mbijetoj\u00eb plag\u00ebve. Shoferi dhe [&hellip;]\" \/>\n<meta property=\"og:url\" content=\"https:\/\/www.press7.tv\/?p=23894\" \/>\n<meta property=\"og:site_name\" content=\"press7.tv\" \/>\n<meta property=\"article:publisher\" content=\"https:\/\/www.facebook.com\/press7.tv\" \/>\n<meta property=\"article:published_time\" content=\"2025-12-01T12:56:31+00:00\" \/>\n<meta property=\"og:image\" content=\"https:\/\/www.press7.tv\/wp-content\/uploads\/2025\/12\/IMG_1554.avif\" \/>\n\t<meta property=\"og:image:width\" content=\"989\" \/>\n\t<meta property=\"og:image:height\" content=\"736\" \/>\n\t<meta property=\"og:image:type\" content=\"image\/jpeg\" \/>\n<meta name=\"author\" content=\"gazetar2\" \/>\n<meta name=\"twitter:card\" content=\"summary_large_image\" \/>\n<meta name=\"twitter:label1\" content=\"Written by\" \/>\n\t<meta name=\"twitter:data1\" content=\"gazetar2\" \/>\n\t<meta name=\"twitter:label2\" content=\"Est. reading time\" \/>\n\t<meta name=\"twitter:data2\" content=\"1 minute\" \/>\n<script type=\"application\/ld+json\" class=\"yoast-schema-graph\">{\"@context\":\"https:\/\/schema.org\",\"@graph\":[{\"@type\":\"Article\",\"@id\":\"https:\/\/www.press7.tv\/?p=23894#article\",\"isPartOf\":{\"@id\":\"https:\/\/www.press7.tv\/?p=23894\"},\"author\":{\"name\":\"gazetar2\",\"@id\":\"https:\/\/www.news33.tv\/#\/schema\/person\/5a04a38a23ccdba82f9bd665cd8f9efa\"},\"headline\":\"Aksident i r\u00ebnd\u00eb n\u00eb Zvic\u00ebr: 39-vje\u00e7ari nga Maqedonia me makin\u00eb 500 kuaj fuqi p\u00ebrplaset n\u00eb fasad\u00ebn e sht\u00ebpis\u00eb \u2013 pasagjeri humb jet\u00ebn\",\"datePublished\":\"2025-12-01T12:56:31+00:00\",\"mainEntityOfPage\":{\"@id\":\"https:\/\/www.press7.tv\/?p=23894\"},\"wordCount\":279,\"publisher\":{\"@id\":\"https:\/\/www.news33.tv\/#organization\"},\"image\":{\"@id\":\"https:\/\/www.press7.tv\/?p=23894#primaryimage\"},\"thumbnailUrl\":\"https:\/\/www.press7.tv\/wp-content\/uploads\/2025\/12\/IMG_1554.avif\",\"articleSection\":[\"Bot\u00eb\",\"Lajme\"],\"inLanguage\":\"en-US\"},{\"@type\":\"WebPage\",\"@id\":\"https:\/\/www.press7.tv\/?p=23894\",\"url\":\"https:\/\/www.press7.tv\/?p=23894\",\"name\":\"Aksident i r\u00ebnd\u00eb n\u00eb Zvic\u00ebr: 39-vje\u00e7ari nga Maqedonia me makin\u00eb 500 kuaj fuqi p\u00ebrplaset n\u00eb fasad\u00ebn e sht\u00ebpis\u00eb \u2013 pasagjeri humb jet\u00ebn - press7.tv\",\"isPartOf\":{\"@id\":\"https:\/\/www.news33.tv\/#website\"},\"primaryImageOfPage\":{\"@id\":\"https:\/\/www.press7.tv\/?p=23894#primaryimage\"},\"image\":{\"@id\":\"https:\/\/www.press7.tv\/?p=23894#primaryimage\"},\"thumbnailUrl\":\"https:\/\/www.press7.tv\/wp-content\/uploads\/2025\/12\/IMG_1554.avif\",\"datePublished\":\"2025-12-01T12:56:31+00:00\",\"breadcrumb\":{\"@id\":\"https:\/\/www.press7.tv\/?p=23894#breadcrumb\"},\"inLanguage\":\"en-US\",\"potentialAction\":[{\"@type\":\"ReadAction\",\"target\":[\"https:\/\/www.press7.tv\/?p=23894\"]}]},{\"@type\":\"ImageObject\",\"inLanguage\":\"en-US\",\"@id\":\"https:\/\/www.press7.tv\/?p=23894#primaryimage\",\"url\":\"https:\/\/www.press7.tv\/wp-content\/uploads\/2025\/12\/IMG_1554.avif\",\"contentUrl\":\"https:\/\/www.press7.tv\/wp-content\/uploads\/2025\/12\/IMG_1554.avif\",\"width\":989,\"height\":736},{\"@type\":\"BreadcrumbList\",\"@id\":\"https:\/\/www.press7.tv\/?p=23894#breadcrumb\",\"itemListElement\":[{\"@type\":\"ListItem\",\"position\":1,\"name\":\"Home\",\"item\":\"https:\/\/www.press7.tv\/\"},{\"@type\":\"ListItem\",\"position\":2,\"name\":\"Aksident i r\u00ebnd\u00eb n\u00eb Zvic\u00ebr: 39-vje\u00e7ari nga Maqedonia me makin\u00eb 500 kuaj fuqi p\u00ebrplaset n\u00eb fasad\u00ebn e sht\u00ebpis\u00eb \u2013 pasagjeri humb jet\u00ebn\"}]},{\"@type\":\"WebSite\",\"@id\":\"https:\/\/www.news33.tv\/#website\",\"url\":\"https:\/\/www.news33.tv\/\",\"name\":\"News33.tv Media\",\"description\":\"Media\",\"publisher\":{\"@id\":\"https:\/\/www.news33.tv\/#organization\"},\"potentialAction\":[{\"@type\":\"SearchAction\",\"target\":{\"@type\":\"EntryPoint\",\"urlTemplate\":\"https:\/\/www.news33.tv\/?s={search_term_string}\"},\"query-input\":{\"@type\":\"PropertyValueSpecification\",\"valueRequired\":true,\"valueName\":\"search_term_string\"}}],\"inLanguage\":\"en-US\"},{\"@type\":\"Organization\",\"@id\":\"https:\/\/www.news33.tv\/#organization\",\"name\":\"News33.tv Media\",\"url\":\"https:\/\/www.news33.tv\/\",\"logo\":{\"@type\":\"ImageObject\",\"inLanguage\":\"en-US\",\"@id\":\"https:\/\/www.news33.tv\/#\/schema\/logo\/image\/\",\"url\":\"https:\/\/www.press7.tv\/wp-content\/uploads\/2024\/02\/logo-news33-black.png\",\"contentUrl\":\"https:\/\/www.press7.tv\/wp-content\/uploads\/2024\/02\/logo-news33-black.png\",\"width\":180,\"height\":37,\"caption\":\"News33.tv Media\"},\"image\":{\"@id\":\"https:\/\/www.news33.tv\/#\/schema\/logo\/image\/\"},\"sameAs\":[\"https:\/\/www.facebook.com\/press7.tv\"]},{\"@type\":\"Person\",\"@id\":\"https:\/\/www.news33.tv\/#\/schema\/person\/5a04a38a23ccdba82f9bd665cd8f9efa\",\"name\":\"gazetar2\",\"image\":{\"@type\":\"ImageObject\",\"inLanguage\":\"en-US\",\"@id\":\"https:\/\/www.news33.tv\/#\/schema\/person\/image\/\",\"url\":\"https:\/\/www.press7.tv\/wp-content\/litespeed\/avatar\/41975e402c3049d9ddb03adca8f7a883.jpg?ver=1776564768\",\"contentUrl\":\"https:\/\/www.press7.tv\/wp-content\/litespeed\/avatar\/41975e402c3049d9ddb03adca8f7a883.jpg?ver=1776564768\",\"caption\":\"gazetar2\"},\"url\":\"https:\/\/www.press7.tv\/?author=8\"}]}<\/script>\n<!-- \/ Yoast SEO plugin. -->","yoast_head_json":{"title":"Aksident i r\u00ebnd\u00eb n\u00eb Zvic\u00ebr: 39-vje\u00e7ari nga Maqedonia me makin\u00eb 500 kuaj fuqi p\u00ebrplaset n\u00eb fasad\u00ebn e sht\u00ebpis\u00eb \u2013 pasagjeri humb jet\u00ebn - press7.tv","robots":{"index":"index","follow":"follow","max-snippet":"max-snippet:-1","max-image-preview":"max-image-preview:large","max-video-preview":"max-video-preview:-1"},"canonical":"https:\/\/www.press7.tv\/?p=23894","og_locale":"en_US","og_type":"article","og_title":"Aksident i r\u00ebnd\u00eb n\u00eb Zvic\u00ebr: 39-vje\u00e7ari nga Maqedonia me makin\u00eb 500 kuaj fuqi p\u00ebrplaset n\u00eb fasad\u00ebn e sht\u00ebpis\u00eb \u2013 pasagjeri humb jet\u00ebn - press7.tv","og_description":"Nj\u00eb aksident i r\u00ebnd\u00eb ndodhi nat\u00ebn e s\u00eb diel\u00ebs n\u00eb Schlieren, kantoni Cyrih, ku nj\u00eb makin\u00eb me mbi 500 kuaj fuqi u p\u00ebrplas n\u00eb fasad\u00ebn e nj\u00eb sht\u00ebpie. Pas aksidentit, nj\u00eb pasagjer 39-vje\u00e7ar nga Maqedonia e Veriut u plagos r\u00ebnd\u00eb dhe u d\u00ebrgua n\u00eb spital, ku m\u00eb von\u00eb nuk arriti t\u2019i mbijetoj\u00eb plag\u00ebve. Shoferi dhe [&hellip;]","og_url":"https:\/\/www.press7.tv\/?p=23894","og_site_name":"press7.tv","article_publisher":"https:\/\/www.facebook.com\/press7.tv","article_published_time":"2025-12-01T12:56:31+00:00","og_image":[{"width":989,"height":736,"url":"https:\/\/www.press7.tv\/wp-content\/uploads\/2025\/12\/IMG_1554.avif","type":"image\/jpeg"}],"author":"gazetar2","twitter_card":"summary_large_image","twitter_misc":{"Written by":"gazetar2","Est. reading time":"1 minute"},"schema":{"@context":"https:\/\/schema.org","@graph":[{"@type":"Article","@id":"https:\/\/www.press7.tv\/?p=23894#article","isPartOf":{"@id":"https:\/\/www.press7.tv\/?p=23894"},"author":{"name":"gazetar2","@id":"https:\/\/www.news33.tv\/#\/schema\/person\/5a04a38a23ccdba82f9bd665cd8f9efa"},"headline":"Aksident i r\u00ebnd\u00eb n\u00eb Zvic\u00ebr: 39-vje\u00e7ari nga Maqedonia me makin\u00eb 500 kuaj fuqi p\u00ebrplaset n\u00eb fasad\u00ebn e sht\u00ebpis\u00eb \u2013 pasagjeri humb jet\u00ebn","datePublished":"2025-12-01T12:56:31+00:00","mainEntityOfPage":{"@id":"https:\/\/www.press7.tv\/?p=23894"},"wordCount":279,"publisher":{"@id":"https:\/\/www.news33.tv\/#organization"},"image":{"@id":"https:\/\/www.press7.tv\/?p=23894#primaryimage"},"thumbnailUrl":"https:\/\/www.press7.tv\/wp-content\/uploads\/2025\/12\/IMG_1554.avif","articleSection":["Bot\u00eb","Lajme"],"inLanguage":"en-US"},{"@type":"WebPage","@id":"https:\/\/www.press7.tv\/?p=23894","url":"https:\/\/www.press7.tv\/?p=23894","name":"Aksident i r\u00ebnd\u00eb n\u00eb Zvic\u00ebr: 39-vje\u00e7ari nga Maqedonia me makin\u00eb 500 kuaj fuqi p\u00ebrplaset n\u00eb fasad\u00ebn e sht\u00ebpis\u00eb \u2013 pasagjeri humb jet\u00ebn - press7.tv","isPartOf":{"@id":"https:\/\/www.news33.tv\/#website"},"primaryImageOfPage":{"@id":"https:\/\/www.press7.tv\/?p=23894#primaryimage"},"image":{"@id":"https:\/\/www.press7.tv\/?p=23894#primaryimage"},"thumbnailUrl":"https:\/\/www.press7.tv\/wp-content\/uploads\/2025\/12\/IMG_1554.avif","datePublished":"2025-12-01T12:56:31+00:00","breadcrumb":{"@id":"https:\/\/www.press7.tv\/?p=23894#breadcrumb"},"inLanguage":"en-US","potentialAction":[{"@type":"ReadAction","target":["https:\/\/www.press7.tv\/?p=23894"]}]},{"@type":"ImageObject","inLanguage":"en-US","@id":"https:\/\/www.press7.tv\/?p=23894#primaryimage","url":"https:\/\/www.press7.tv\/wp-content\/uploads\/2025\/12\/IMG_1554.avif","contentUrl":"https:\/\/www.press7.tv\/wp-content\/uploads\/2025\/12\/IMG_1554.avif","width":989,"height":736},{"@type":"BreadcrumbList","@id":"https:\/\/www.press7.tv\/?p=23894#breadcrumb","itemListElement":[{"@type":"ListItem","position":1,"name":"Home","item":"https:\/\/www.press7.tv\/"},{"@type":"ListItem","position":2,"name":"Aksident i r\u00ebnd\u00eb n\u00eb Zvic\u00ebr: 39-vje\u00e7ari nga Maqedonia me makin\u00eb 500 kuaj fuqi p\u00ebrplaset n\u00eb fasad\u00ebn e sht\u00ebpis\u00eb \u2013 pasagjeri humb jet\u00ebn"}]},{"@type":"WebSite","@id":"https:\/\/www.news33.tv\/#website","url":"https:\/\/www.news33.tv\/","name":"News33.tv Media","description":"Media","publisher":{"@id":"https:\/\/www.news33.tv\/#organization"},"potentialAction":[{"@type":"SearchAction","target":{"@type":"EntryPoint","urlTemplate":"https:\/\/www.news33.tv\/?s={search_term_string}"},"query-input":{"@type":"PropertyValueSpecification","valueRequired":true,"valueName":"search_term_string"}}],"inLanguage":"en-US"},{"@type":"Organization","@id":"https:\/\/www.news33.tv\/#organization","name":"News33.tv Media","url":"https:\/\/www.news33.tv\/","logo":{"@type":"ImageObject","inLanguage":"en-US","@id":"https:\/\/www.news33.tv\/#\/schema\/logo\/image\/","url":"https:\/\/www.press7.tv\/wp-content\/uploads\/2024\/02\/logo-news33-black.png","contentUrl":"https:\/\/www.press7.tv\/wp-content\/uploads\/2024\/02\/logo-news33-black.png","width":180,"height":37,"caption":"News33.tv Media"},"image":{"@id":"https:\/\/www.news33.tv\/#\/schema\/logo\/image\/"},"sameAs":["https:\/\/www.facebook.com\/press7.tv"]},{"@type":"Person","@id":"https:\/\/www.news33.tv\/#\/schema\/person\/5a04a38a23ccdba82f9bd665cd8f9efa","name":"gazetar2","image":{"@type":"ImageObject","inLanguage":"en-US","@id":"https:\/\/www.news33.tv\/#\/schema\/person\/image\/","url":"https:\/\/www.press7.tv\/wp-content\/litespeed\/avatar\/41975e402c3049d9ddb03adca8f7a883.jpg?ver=1776564768","contentUrl":"https:\/\/www.press7.tv\/wp-content\/litespeed\/avatar\/41975e402c3049d9ddb03adca8f7a883.jpg?ver=1776564768","caption":"gazetar2"},"url":"https:\/\/www.press7.tv\/?author=8"}]}},"amp_enabled":true,"_links":{"self":[{"href":"https:\/\/www.press7.tv\/index.php?rest_route=\/wp\/v2\/posts\/23894","targetHints":{"allow":["GET"]}}],"collection":[{"href":"https:\/\/www.press7.tv\/index.php?rest_route=\/wp\/v2\/posts"}],"about":[{"href":"https:\/\/www.press7.tv\/index.php?rest_route=\/wp\/v2\/types\/post"}],"author":[{"embeddable":true,"href":"https:\/\/www.press7.tv\/index.php?rest_route=\/wp\/v2\/users\/8"}],"replies":[{"embeddable":true,"href":"https:\/\/www.press7.tv\/index.php?rest_route=%2Fwp%2Fv2%2Fcomments&post=23894"}],"version-history":[{"count":1,"href":"https:\/\/www.press7.tv\/index.php?rest_route=\/wp\/v2\/posts\/23894\/revisions"}],"predecessor-version":[{"id":23896,"href":"https:\/\/www.press7.tv\/index.php?rest_route=\/wp\/v2\/posts\/23894\/revisions\/23896"}],"wp:featuredmedia":[{"embeddable":true,"href":"https:\/\/www.press7.tv\/index.php?rest_route=\/wp\/v2\/media\/23895"}],"wp:attachment":[{"href":"https:\/\/www.press7.tv\/index.php?rest_route=%2Fwp%2Fv2%2Fmedia&parent=23894"}],"wp:term":[{"taxonomy":"category","embeddable":true,"href":"https:\/\/www.press7.tv\/index.php?rest_route=%2Fwp%2Fv2%2Fcategories&post=23894"},{"taxonomy":"post_tag","embeddable":true,"href":"https:\/\/www.press7.tv\/index.php?rest_route=%2Fwp%2Fv2%2Ftags&post=23894"}],"curies":[{"name":"wp","href":"https:\/\/api.w.org\/{rel}","templated":true}]}}