{"id":23891,"date":"2025-12-01T01:16:47","date_gmt":"2025-12-01T01:16:47","guid":{"rendered":"https:\/\/www.press7.tv\/?p=23891"},"modified":"2025-12-01T01:19:10","modified_gmt":"2025-12-01T01:19:10","slug":"kosova-maqedonia-dhe-shqiperia-rrezikohen-nga-termeti-harta-e-re-e-evropes-surprizon-opinionin","status":"publish","type":"post","link":"https:\/\/www.press7.tv\/?p=23891","title":{"rendered":"Kosova, Maqedonia dhe Shqip\u00ebria rrezikohen nga t\u00ebrmeti: Harta e re e Evrop\u00ebs surprizon opinionin"},"content":{"rendered":"\n    <div class=\"xs_social_share_widget xs_share_url before_content \t\tmain_content  wslu-style-2 wslu-share-box-shaped wslu-fill-colored wslu-share-m-5 wslu-none wslu-share-vertical wslu-theme-font-no wslu-main_content\">\n\n\t\t\n        <ul>\n\t\t\t        <\/ul>\n    <\/div> \n<p>Nj\u00eb hart\u00eb e re e rrezikut sizmik, e cila po qarkullon me shpejt\u00ebsi n\u00eb rrjetet sociale, ka rikthyer n\u00eb fokus nivelin e k\u00ebrc\u00ebnimit nga t\u00ebrmetet n\u00eb Evrop\u00eb.<br \/>\nSipas hart\u00ebs, Maqedonia renditet nd\u00ebr vendet me rrezikun m\u00eb t\u00eb lart\u00eb n\u00eb kontinent dhe paraqitet n\u00eb zon\u00ebn me \u201ckod t\u00eb kuq\u201d.<\/p>\n<p>N\u00eb k\u00ebt\u00eb ndarje t\u00eb Evrop\u00ebs n\u00eb tre grupe rreziku, ngjyra e kuqe tregon rrezik t\u00eb lart\u00eb, portokalliu rrezik mesatar\u2013t\u00eb ul\u00ebt, nd\u00ebrsa e gjelbra rrezik shum\u00eb t\u00eb ul\u00ebt. Sipas t\u00eb dh\u00ebnave t\u00eb publikuara, p\u00ebrve\u00e7 Maqedonis\u00eb, edhe Kroacia, Bosnja e Hercegovina, Sllovenia, Mali i Zi, Shqip\u00ebria dhe Greqia futen n\u00eb kategorin\u00eb m\u00eb t\u00eb rrezikshme, q\u00eb p\u00ebrfshin pothuajse t\u00eb gjith\u00eb Ballkanin.<br \/>\nThuhet se rajoni ka pothuajse t\u00eb nj\u00ebjtin potencial sizmik si edhe Turqia Per\u00ebndimore.<\/p>\n<p>N\u00eb grupin e rrezikut t\u00eb ul\u00ebt gjenden Irlanda, Mbret\u00ebria e Bashkuar, vendet skandinave, shtetet baltike dhe Polonia.<br \/>\nSpanja, Portugalia, Franca, Austria dhe Hungaria renditen n\u00eb nivel mesatar rreziku, nd\u00ebrsa Italia pothuajse e gjitha shfaqet me ngjyr\u00eb t\u00eb kuqe.<\/p>\n<p>Burimet q\u00eb kan\u00eb p\u00ebrgatitur hart\u00ebn paralajm\u00ebrojn\u00eb se t\u00eb dh\u00ebnat mund t\u00eb mos jen\u00eb plot\u00ebsisht t\u00eb sakta n\u00eb disa zona, pasi disa \u00e7arje t\u00eb vjetra, pasive ose t\u00eb pa-regjistruara nuk p\u00ebrfshihen gjithmon\u00eb n\u00eb hart\u00eb.<\/p>\n<p>Megjithat\u00eb, sipas ekspert\u00ebve, situata thekson edhe nj\u00eb her\u00eb nevoj\u00ebn urgjente p\u00ebr forcimin e siguris\u00eb s\u00eb nd\u00ebrtesave, ashp\u00ebrsimin e standardeve kund\u00ebr t\u00ebrmeteve dhe rritjen e p\u00ebrgatitjes p\u00ebr menaxhim t\u00eb fatkeq\u00ebsive n\u00eb Maqedoni, Kosov\u00eb, Shqip\u00ebri dhe n\u00eb t\u00eb gjith\u00eb Ballkanin.\/press7.tv<\/p>\n","protected":false},"excerpt":{"rendered":"<p>Nj\u00eb hart\u00eb e re e rrezikut sizmik, e cila po qarkullon me shpejt\u00ebsi n\u00eb rrjetet sociale, ka rikthyer n\u00eb fokus nivelin e k\u00ebrc\u00ebnimit nga t\u00ebrmetet n\u00eb Evrop\u00eb. Sipas hart\u00ebs, Maqedonia renditet nd\u00ebr vendet me rrezikun m\u00eb t\u00eb lart\u00eb n\u00eb kontinent dhe paraqitet n\u00eb zon\u00ebn me \u201ckod t\u00eb kuq\u201d. N\u00eb k\u00ebt\u00eb ndarje t\u00eb Evrop\u00ebs n\u00eb tre [&hellip;]<\/p>\n","protected":false},"author":8,"featured_media":23892,"comment_status":"closed","ping_status":"closed","sticky":false,"template":"","format":"standard","meta":{"footnotes":""},"categories":[213,219],"tags":[],"class_list":["post-23891","post","type-post","status-publish","format-standard","has-post-thumbnail","hentry","category-lajme","category-rajon"],"yoast_head":"<!-- This site is optimized with the Yoast SEO plugin v25.1 - https:\/\/yoast.com\/wordpress\/plugins\/seo\/ -->\n<title>Kosova, Maqedonia dhe Shqip\u00ebria rrezikohen nga t\u00ebrmeti: Harta e re e Evrop\u00ebs surprizon opinionin - press7.tv<\/title>\n<meta name=\"robots\" content=\"index, follow, max-snippet:-1, max-image-preview:large, max-video-preview:-1\" \/>\n<link rel=\"canonical\" href=\"https:\/\/www.press7.tv\/?p=23891\" \/>\n<meta property=\"og:locale\" content=\"en_US\" \/>\n<meta property=\"og:type\" content=\"article\" \/>\n<meta property=\"og:title\" content=\"Kosova, Maqedonia dhe Shqip\u00ebria rrezikohen nga t\u00ebrmeti: Harta e re e Evrop\u00ebs surprizon opinionin - press7.tv\" \/>\n<meta property=\"og:description\" content=\"Nj\u00eb hart\u00eb e re e rrezikut sizmik, e cila po qarkullon me shpejt\u00ebsi n\u00eb rrjetet sociale, ka rikthyer n\u00eb fokus nivelin e k\u00ebrc\u00ebnimit nga t\u00ebrmetet n\u00eb Evrop\u00eb. Sipas hart\u00ebs, Maqedonia renditet nd\u00ebr vendet me rrezikun m\u00eb t\u00eb lart\u00eb n\u00eb kontinent dhe paraqitet n\u00eb zon\u00ebn me \u201ckod t\u00eb kuq\u201d. N\u00eb k\u00ebt\u00eb ndarje t\u00eb Evrop\u00ebs n\u00eb tre [&hellip;]\" \/>\n<meta property=\"og:url\" content=\"https:\/\/www.press7.tv\/?p=23891\" \/>\n<meta property=\"og:site_name\" content=\"press7.tv\" \/>\n<meta property=\"article:publisher\" content=\"https:\/\/www.facebook.com\/press7.tv\" \/>\n<meta property=\"article:published_time\" content=\"2025-12-01T01:16:47+00:00\" \/>\n<meta property=\"article:modified_time\" content=\"2025-12-01T01:19:10+00:00\" \/>\n<meta property=\"og:image\" content=\"https:\/\/www.press7.tv\/wp-content\/uploads\/2025\/12\/IMG_1552.avif\" \/>\n\t<meta property=\"og:image:width\" content=\"1040\" \/>\n\t<meta property=\"og:image:height\" content=\"570\" \/>\n\t<meta property=\"og:image:type\" content=\"image\/jpeg\" \/>\n<meta name=\"author\" content=\"gazetar2\" \/>\n<meta name=\"twitter:card\" content=\"summary_large_image\" \/>\n<meta name=\"twitter:label1\" content=\"Written by\" \/>\n\t<meta name=\"twitter:data1\" content=\"gazetar2\" \/>\n\t<meta name=\"twitter:label2\" content=\"Est. reading time\" \/>\n\t<meta name=\"twitter:data2\" content=\"2 minutes\" \/>\n<script type=\"application\/ld+json\" class=\"yoast-schema-graph\">{\"@context\":\"https:\/\/schema.org\",\"@graph\":[{\"@type\":\"Article\",\"@id\":\"https:\/\/www.press7.tv\/?p=23891#article\",\"isPartOf\":{\"@id\":\"https:\/\/www.press7.tv\/?p=23891\"},\"author\":{\"name\":\"gazetar2\",\"@id\":\"https:\/\/www.news33.tv\/#\/schema\/person\/5a04a38a23ccdba82f9bd665cd8f9efa\"},\"headline\":\"Kosova, Maqedonia dhe Shqip\u00ebria rrezikohen nga t\u00ebrmeti: Harta e re e Evrop\u00ebs surprizon opinionin\",\"datePublished\":\"2025-12-01T01:16:47+00:00\",\"dateModified\":\"2025-12-01T01:19:10+00:00\",\"mainEntityOfPage\":{\"@id\":\"https:\/\/www.press7.tv\/?p=23891\"},\"wordCount\":286,\"publisher\":{\"@id\":\"https:\/\/www.news33.tv\/#organization\"},\"image\":{\"@id\":\"https:\/\/www.press7.tv\/?p=23891#primaryimage\"},\"thumbnailUrl\":\"https:\/\/www.press7.tv\/wp-content\/uploads\/2025\/12\/IMG_1552.avif\",\"articleSection\":[\"Lajme\",\"Rajon\"],\"inLanguage\":\"en-US\"},{\"@type\":\"WebPage\",\"@id\":\"https:\/\/www.press7.tv\/?p=23891\",\"url\":\"https:\/\/www.press7.tv\/?p=23891\",\"name\":\"Kosova, Maqedonia dhe Shqip\u00ebria rrezikohen nga t\u00ebrmeti: Harta e re e Evrop\u00ebs surprizon opinionin - press7.tv\",\"isPartOf\":{\"@id\":\"https:\/\/www.news33.tv\/#website\"},\"primaryImageOfPage\":{\"@id\":\"https:\/\/www.press7.tv\/?p=23891#primaryimage\"},\"image\":{\"@id\":\"https:\/\/www.press7.tv\/?p=23891#primaryimage\"},\"thumbnailUrl\":\"https:\/\/www.press7.tv\/wp-content\/uploads\/2025\/12\/IMG_1552.avif\",\"datePublished\":\"2025-12-01T01:16:47+00:00\",\"dateModified\":\"2025-12-01T01:19:10+00:00\",\"breadcrumb\":{\"@id\":\"https:\/\/www.press7.tv\/?p=23891#breadcrumb\"},\"inLanguage\":\"en-US\",\"potentialAction\":[{\"@type\":\"ReadAction\",\"target\":[\"https:\/\/www.press7.tv\/?p=23891\"]}]},{\"@type\":\"ImageObject\",\"inLanguage\":\"en-US\",\"@id\":\"https:\/\/www.press7.tv\/?p=23891#primaryimage\",\"url\":\"https:\/\/www.press7.tv\/wp-content\/uploads\/2025\/12\/IMG_1552.avif\",\"contentUrl\":\"https:\/\/www.press7.tv\/wp-content\/uploads\/2025\/12\/IMG_1552.avif\",\"width\":1040,\"height\":570},{\"@type\":\"BreadcrumbList\",\"@id\":\"https:\/\/www.press7.tv\/?p=23891#breadcrumb\",\"itemListElement\":[{\"@type\":\"ListItem\",\"position\":1,\"name\":\"Home\",\"item\":\"https:\/\/www.press7.tv\/\"},{\"@type\":\"ListItem\",\"position\":2,\"name\":\"Kosova, Maqedonia dhe Shqip\u00ebria rrezikohen nga t\u00ebrmeti: Harta e re e Evrop\u00ebs surprizon opinionin\"}]},{\"@type\":\"WebSite\",\"@id\":\"https:\/\/www.news33.tv\/#website\",\"url\":\"https:\/\/www.news33.tv\/\",\"name\":\"News33.tv Media\",\"description\":\"Media\",\"publisher\":{\"@id\":\"https:\/\/www.news33.tv\/#organization\"},\"potentialAction\":[{\"@type\":\"SearchAction\",\"target\":{\"@type\":\"EntryPoint\",\"urlTemplate\":\"https:\/\/www.news33.tv\/?s={search_term_string}\"},\"query-input\":{\"@type\":\"PropertyValueSpecification\",\"valueRequired\":true,\"valueName\":\"search_term_string\"}}],\"inLanguage\":\"en-US\"},{\"@type\":\"Organization\",\"@id\":\"https:\/\/www.news33.tv\/#organization\",\"name\":\"News33.tv Media\",\"url\":\"https:\/\/www.news33.tv\/\",\"logo\":{\"@type\":\"ImageObject\",\"inLanguage\":\"en-US\",\"@id\":\"https:\/\/www.news33.tv\/#\/schema\/logo\/image\/\",\"url\":\"https:\/\/www.press7.tv\/wp-content\/uploads\/2024\/02\/logo-news33-black.png\",\"contentUrl\":\"https:\/\/www.press7.tv\/wp-content\/uploads\/2024\/02\/logo-news33-black.png\",\"width\":180,\"height\":37,\"caption\":\"News33.tv Media\"},\"image\":{\"@id\":\"https:\/\/www.news33.tv\/#\/schema\/logo\/image\/\"},\"sameAs\":[\"https:\/\/www.facebook.com\/press7.tv\"]},{\"@type\":\"Person\",\"@id\":\"https:\/\/www.news33.tv\/#\/schema\/person\/5a04a38a23ccdba82f9bd665cd8f9efa\",\"name\":\"gazetar2\",\"image\":{\"@type\":\"ImageObject\",\"inLanguage\":\"en-US\",\"@id\":\"https:\/\/www.news33.tv\/#\/schema\/person\/image\/\",\"url\":\"https:\/\/www.press7.tv\/wp-content\/litespeed\/avatar\/41975e402c3049d9ddb03adca8f7a883.jpg?ver=1776564768\",\"contentUrl\":\"https:\/\/www.press7.tv\/wp-content\/litespeed\/avatar\/41975e402c3049d9ddb03adca8f7a883.jpg?ver=1776564768\",\"caption\":\"gazetar2\"},\"url\":\"https:\/\/www.press7.tv\/?author=8\"}]}<\/script>\n<!-- \/ Yoast SEO plugin. -->","yoast_head_json":{"title":"Kosova, Maqedonia dhe Shqip\u00ebria rrezikohen nga t\u00ebrmeti: Harta e re e Evrop\u00ebs surprizon opinionin - press7.tv","robots":{"index":"index","follow":"follow","max-snippet":"max-snippet:-1","max-image-preview":"max-image-preview:large","max-video-preview":"max-video-preview:-1"},"canonical":"https:\/\/www.press7.tv\/?p=23891","og_locale":"en_US","og_type":"article","og_title":"Kosova, Maqedonia dhe Shqip\u00ebria rrezikohen nga t\u00ebrmeti: Harta e re e Evrop\u00ebs surprizon opinionin - press7.tv","og_description":"Nj\u00eb hart\u00eb e re e rrezikut sizmik, e cila po qarkullon me shpejt\u00ebsi n\u00eb rrjetet sociale, ka rikthyer n\u00eb fokus nivelin e k\u00ebrc\u00ebnimit nga t\u00ebrmetet n\u00eb Evrop\u00eb. Sipas hart\u00ebs, Maqedonia renditet nd\u00ebr vendet me rrezikun m\u00eb t\u00eb lart\u00eb n\u00eb kontinent dhe paraqitet n\u00eb zon\u00ebn me \u201ckod t\u00eb kuq\u201d. N\u00eb k\u00ebt\u00eb ndarje t\u00eb Evrop\u00ebs n\u00eb tre [&hellip;]","og_url":"https:\/\/www.press7.tv\/?p=23891","og_site_name":"press7.tv","article_publisher":"https:\/\/www.facebook.com\/press7.tv","article_published_time":"2025-12-01T01:16:47+00:00","article_modified_time":"2025-12-01T01:19:10+00:00","og_image":[{"width":1040,"height":570,"url":"https:\/\/www.press7.tv\/wp-content\/uploads\/2025\/12\/IMG_1552.avif","type":"image\/jpeg"}],"author":"gazetar2","twitter_card":"summary_large_image","twitter_misc":{"Written by":"gazetar2","Est. reading time":"2 minutes"},"schema":{"@context":"https:\/\/schema.org","@graph":[{"@type":"Article","@id":"https:\/\/www.press7.tv\/?p=23891#article","isPartOf":{"@id":"https:\/\/www.press7.tv\/?p=23891"},"author":{"name":"gazetar2","@id":"https:\/\/www.news33.tv\/#\/schema\/person\/5a04a38a23ccdba82f9bd665cd8f9efa"},"headline":"Kosova, Maqedonia dhe Shqip\u00ebria rrezikohen nga t\u00ebrmeti: Harta e re e Evrop\u00ebs surprizon opinionin","datePublished":"2025-12-01T01:16:47+00:00","dateModified":"2025-12-01T01:19:10+00:00","mainEntityOfPage":{"@id":"https:\/\/www.press7.tv\/?p=23891"},"wordCount":286,"publisher":{"@id":"https:\/\/www.news33.tv\/#organization"},"image":{"@id":"https:\/\/www.press7.tv\/?p=23891#primaryimage"},"thumbnailUrl":"https:\/\/www.press7.tv\/wp-content\/uploads\/2025\/12\/IMG_1552.avif","articleSection":["Lajme","Rajon"],"inLanguage":"en-US"},{"@type":"WebPage","@id":"https:\/\/www.press7.tv\/?p=23891","url":"https:\/\/www.press7.tv\/?p=23891","name":"Kosova, Maqedonia dhe Shqip\u00ebria rrezikohen nga t\u00ebrmeti: Harta e re e Evrop\u00ebs surprizon opinionin - press7.tv","isPartOf":{"@id":"https:\/\/www.news33.tv\/#website"},"primaryImageOfPage":{"@id":"https:\/\/www.press7.tv\/?p=23891#primaryimage"},"image":{"@id":"https:\/\/www.press7.tv\/?p=23891#primaryimage"},"thumbnailUrl":"https:\/\/www.press7.tv\/wp-content\/uploads\/2025\/12\/IMG_1552.avif","datePublished":"2025-12-01T01:16:47+00:00","dateModified":"2025-12-01T01:19:10+00:00","breadcrumb":{"@id":"https:\/\/www.press7.tv\/?p=23891#breadcrumb"},"inLanguage":"en-US","potentialAction":[{"@type":"ReadAction","target":["https:\/\/www.press7.tv\/?p=23891"]}]},{"@type":"ImageObject","inLanguage":"en-US","@id":"https:\/\/www.press7.tv\/?p=23891#primaryimage","url":"https:\/\/www.press7.tv\/wp-content\/uploads\/2025\/12\/IMG_1552.avif","contentUrl":"https:\/\/www.press7.tv\/wp-content\/uploads\/2025\/12\/IMG_1552.avif","width":1040,"height":570},{"@type":"BreadcrumbList","@id":"https:\/\/www.press7.tv\/?p=23891#breadcrumb","itemListElement":[{"@type":"ListItem","position":1,"name":"Home","item":"https:\/\/www.press7.tv\/"},{"@type":"ListItem","position":2,"name":"Kosova, Maqedonia dhe Shqip\u00ebria rrezikohen nga t\u00ebrmeti: Harta e re e Evrop\u00ebs surprizon opinionin"}]},{"@type":"WebSite","@id":"https:\/\/www.news33.tv\/#website","url":"https:\/\/www.news33.tv\/","name":"News33.tv Media","description":"Media","publisher":{"@id":"https:\/\/www.news33.tv\/#organization"},"potentialAction":[{"@type":"SearchAction","target":{"@type":"EntryPoint","urlTemplate":"https:\/\/www.news33.tv\/?s={search_term_string}"},"query-input":{"@type":"PropertyValueSpecification","valueRequired":true,"valueName":"search_term_string"}}],"inLanguage":"en-US"},{"@type":"Organization","@id":"https:\/\/www.news33.tv\/#organization","name":"News33.tv Media","url":"https:\/\/www.news33.tv\/","logo":{"@type":"ImageObject","inLanguage":"en-US","@id":"https:\/\/www.news33.tv\/#\/schema\/logo\/image\/","url":"https:\/\/www.press7.tv\/wp-content\/uploads\/2024\/02\/logo-news33-black.png","contentUrl":"https:\/\/www.press7.tv\/wp-content\/uploads\/2024\/02\/logo-news33-black.png","width":180,"height":37,"caption":"News33.tv Media"},"image":{"@id":"https:\/\/www.news33.tv\/#\/schema\/logo\/image\/"},"sameAs":["https:\/\/www.facebook.com\/press7.tv"]},{"@type":"Person","@id":"https:\/\/www.news33.tv\/#\/schema\/person\/5a04a38a23ccdba82f9bd665cd8f9efa","name":"gazetar2","image":{"@type":"ImageObject","inLanguage":"en-US","@id":"https:\/\/www.news33.tv\/#\/schema\/person\/image\/","url":"https:\/\/www.press7.tv\/wp-content\/litespeed\/avatar\/41975e402c3049d9ddb03adca8f7a883.jpg?ver=1776564768","contentUrl":"https:\/\/www.press7.tv\/wp-content\/litespeed\/avatar\/41975e402c3049d9ddb03adca8f7a883.jpg?ver=1776564768","caption":"gazetar2"},"url":"https:\/\/www.press7.tv\/?author=8"}]}},"amp_enabled":true,"_links":{"self":[{"href":"https:\/\/www.press7.tv\/index.php?rest_route=\/wp\/v2\/posts\/23891","targetHints":{"allow":["GET"]}}],"collection":[{"href":"https:\/\/www.press7.tv\/index.php?rest_route=\/wp\/v2\/posts"}],"about":[{"href":"https:\/\/www.press7.tv\/index.php?rest_route=\/wp\/v2\/types\/post"}],"author":[{"embeddable":true,"href":"https:\/\/www.press7.tv\/index.php?rest_route=\/wp\/v2\/users\/8"}],"replies":[{"embeddable":true,"href":"https:\/\/www.press7.tv\/index.php?rest_route=%2Fwp%2Fv2%2Fcomments&post=23891"}],"version-history":[{"count":1,"href":"https:\/\/www.press7.tv\/index.php?rest_route=\/wp\/v2\/posts\/23891\/revisions"}],"predecessor-version":[{"id":23893,"href":"https:\/\/www.press7.tv\/index.php?rest_route=\/wp\/v2\/posts\/23891\/revisions\/23893"}],"wp:featuredmedia":[{"embeddable":true,"href":"https:\/\/www.press7.tv\/index.php?rest_route=\/wp\/v2\/media\/23892"}],"wp:attachment":[{"href":"https:\/\/www.press7.tv\/index.php?rest_route=%2Fwp%2Fv2%2Fmedia&parent=23891"}],"wp:term":[{"taxonomy":"category","embeddable":true,"href":"https:\/\/www.press7.tv\/index.php?rest_route=%2Fwp%2Fv2%2Fcategories&post=23891"},{"taxonomy":"post_tag","embeddable":true,"href":"https:\/\/www.press7.tv\/index.php?rest_route=%2Fwp%2Fv2%2Ftags&post=23891"}],"curies":[{"name":"wp","href":"https:\/\/api.w.org\/{rel}","templated":true}]}}