{"id":23882,"date":"2025-11-30T21:14:38","date_gmt":"2025-11-30T21:14:38","guid":{"rendered":"https:\/\/www.press7.tv\/?p=23882"},"modified":"2025-11-30T21:14:38","modified_gmt":"2025-11-30T21:14:38","slug":"koalicioni-levizja-vetevendosje-vv-ja-zyrtarizon-koalicionin-me-tri-parti","status":"publish","type":"post","link":"https:\/\/www.press7.tv\/?p=23882","title":{"rendered":"\u201cKoalicioni L\u00ebvizja Vet\u00ebvendosje\u201d: VV-ja zyrtarizon koalicionin me tri parti"},"content":{"rendered":"\n    <div class=\"xs_social_share_widget xs_share_url before_content \t\tmain_content  wslu-style-2 wslu-share-box-shaped wslu-fill-colored wslu-share-m-5 wslu-none wslu-share-vertical wslu-theme-font-no wslu-main_content\">\n\n\t\t\n        <ul>\n\t\t\t        <\/ul>\n    <\/div> \n<p>L\u00ebvizja Vet\u00ebvendosje ka zyrtarizuar koalicionin me tri parti t\u00eb tjera: Partin\u00eb Guxo, Alternativ\u00ebn dhe Partin\u00eb Shqiptare Demokristiane, p\u00ebr t\u00eb garuar bashk\u00eb n\u00eb zgjedhjet e 28 dhjetorit. <\/p>\n<p>N\u00eb p\u00ebrdit\u00ebsimin e or\u00ebs 20:30, pak or\u00eb para mbylljes s\u00eb afatit p\u00ebr partit\u00eb q\u00eb t\u00eb aplikojn\u00eb p\u00ebr certifikim t\u00eb pjes\u00ebmarrjes apo t\u2019i deklarojn\u00eb koalicionet, KQZ-ja ka b\u00ebr\u00eb t\u00eb ditur se ky koalicion do t\u00eb ket\u00eb emrin \u201cKoalicioni &#8220;L\u00ebvizja VET\u00cbVENDOSJE!&#8221;.<\/p>\n<p>Ai do t\u00eb p\u00ebrb\u00ebhet nga L\u00ebvizja Vet\u00ebvendosje, Partia Guxo, Alternativa dhe Partia Shqiptare Demokristiane (PSHDK). <\/p>\n<p>Pos k\u00ebtij koalicioni, paraprakisht ishin zyrtarizuar dy koalicione t\u00eb tjera: Koalicioni \u201cPAI \u2013 PDAK \u2013 LPB\u201d, i p\u00ebrb\u00ebr\u00eb nga 3 parti politike: Partia e Ashkalinj\u00ebve p\u00ebr Integrim (PAI), Partia Demokratike e Ashkanlive t\u00eb Kosov\u00ebs (PDAK) dhe L\u00ebvizja p\u00ebr Bashk\u00ebveprim (LPB)\u201d; dhe Koalicioni \u201cKoalicija VAKAT\u201d, i p\u00ebrb\u00ebr\u00eb nga 3 parti politike: Demokratska Stranka Bo\u0161njaka (DSB), Bo\u0161nja\u010dka Stranka Kosova (BSK) dhe Demokratska Stranka Vatan (DSV).\\<\/p>\n<p>Nd\u00ebrkaq, si parti jan\u00eb regjistruar deri tash:<\/p>\n<p>4. LIDHJA DEMOKRATIKE E KOSOV\u00cbS \u2013 LDK;<br \/>\n5. PARTIA DEMOKRATIKE E KOSOV\u00cbS \u2013 PDK:<br \/>\n6. Kosovaki Nevi Romani Partia;<br \/>\n7. JEDINSTVENA GORANSKA PARTIJA;<br \/>\n8. Za Slobodu Pravdu i Opstanak;<br \/>\n9. KOSOVA DEMOKRATIK T\u00dcRK PARTISI;<br \/>\n10. PARTIA LIBERALE EGJIPTIANE;<br \/>\n11. PARTIA ROME E BASHKUAR E KOSOV\u00cbS;<br \/>\n12. SOCIALDEMOKRATSKA UNIJA \u2013 SDU;<br \/>\n13. SRPSKA LISTA;<br \/>\n14. INICIATIVA E RE DEMOKRATIKE E KOSOV\u00cbS;<br \/>\n15. FJALA;<br \/>\n16. NOVA DEMOKRATSKA STRANKA &#8211; NDS;<br \/>\n17. L\u00cbVIZJA P\u00cbRPARIMTARE E ROM\u00cbVE T\u00cb KOSOV\u00cbS (LPRK). <\/p>\n<p>Ende nuk jan\u00eb regjistruar Aleanca p\u00ebr Ardhm\u00ebrin\u00eb e Kosov\u00ebs e as Nisma Socialdemokrate.<\/p>\n<p>P\u00ebr t\u2019i dor\u00ebzuar listat e kandidat\u00ebve, partit\u00eb kan\u00eb afat deri m\u00eb 7 dhjetor.<\/p>\n","protected":false},"excerpt":{"rendered":"<p>L\u00ebvizja Vet\u00ebvendosje ka zyrtarizuar koalicionin me tri parti t\u00eb tjera: Partin\u00eb Guxo, Alternativ\u00ebn dhe Partin\u00eb Shqiptare Demokristiane, p\u00ebr t\u00eb garuar bashk\u00eb n\u00eb zgjedhjet e 28 dhjetorit. N\u00eb p\u00ebrdit\u00ebsimin e or\u00ebs 20:30, pak or\u00eb para mbylljes s\u00eb afatit p\u00ebr partit\u00eb q\u00eb t\u00eb aplikojn\u00eb p\u00ebr certifikim t\u00eb pjes\u00ebmarrjes apo t\u2019i deklarojn\u00eb koalicionet, KQZ-ja ka b\u00ebr\u00eb t\u00eb ditur [&hellip;]<\/p>\n","protected":false},"author":8,"featured_media":23883,"comment_status":"closed","ping_status":"closed","sticky":false,"template":"","format":"standard","meta":{"footnotes":""},"categories":[215,213],"tags":[],"class_list":["post-23882","post","type-post","status-publish","format-standard","has-post-thumbnail","hentry","category-kosove","category-lajme"],"yoast_head":"<!-- This site is optimized with the Yoast SEO plugin v25.1 - https:\/\/yoast.com\/wordpress\/plugins\/seo\/ -->\n<title>\u201cKoalicioni L\u00ebvizja Vet\u00ebvendosje\u201d: VV-ja zyrtarizon koalicionin me tri parti - press7.tv<\/title>\n<meta name=\"robots\" content=\"index, follow, max-snippet:-1, max-image-preview:large, max-video-preview:-1\" \/>\n<link rel=\"canonical\" href=\"https:\/\/www.press7.tv\/?p=23882\" \/>\n<meta property=\"og:locale\" content=\"en_US\" \/>\n<meta property=\"og:type\" content=\"article\" \/>\n<meta property=\"og:title\" content=\"\u201cKoalicioni L\u00ebvizja Vet\u00ebvendosje\u201d: VV-ja zyrtarizon koalicionin me tri parti - press7.tv\" \/>\n<meta property=\"og:description\" content=\"L\u00ebvizja Vet\u00ebvendosje ka zyrtarizuar koalicionin me tri parti t\u00eb tjera: Partin\u00eb Guxo, Alternativ\u00ebn dhe Partin\u00eb Shqiptare Demokristiane, p\u00ebr t\u00eb garuar bashk\u00eb n\u00eb zgjedhjet e 28 dhjetorit. N\u00eb p\u00ebrdit\u00ebsimin e or\u00ebs 20:30, pak or\u00eb para mbylljes s\u00eb afatit p\u00ebr partit\u00eb q\u00eb t\u00eb aplikojn\u00eb p\u00ebr certifikim t\u00eb pjes\u00ebmarrjes apo t\u2019i deklarojn\u00eb koalicionet, KQZ-ja ka b\u00ebr\u00eb t\u00eb ditur [&hellip;]\" \/>\n<meta property=\"og:url\" content=\"https:\/\/www.press7.tv\/?p=23882\" \/>\n<meta property=\"og:site_name\" content=\"press7.tv\" \/>\n<meta property=\"article:publisher\" content=\"https:\/\/www.facebook.com\/press7.tv\" \/>\n<meta property=\"article:published_time\" content=\"2025-11-30T21:14:38+00:00\" \/>\n<meta property=\"og:image\" content=\"https:\/\/www.press7.tv\/wp-content\/uploads\/2025\/11\/IMG_1544.avif\" \/>\n\t<meta property=\"og:image:width\" content=\"548\" \/>\n\t<meta property=\"og:image:height\" content=\"364\" \/>\n\t<meta property=\"og:image:type\" content=\"image\/jpeg\" \/>\n<meta name=\"author\" content=\"gazetar2\" \/>\n<meta name=\"twitter:card\" content=\"summary_large_image\" \/>\n<meta name=\"twitter:label1\" content=\"Written by\" \/>\n\t<meta name=\"twitter:data1\" content=\"gazetar2\" \/>\n\t<meta name=\"twitter:label2\" content=\"Est. reading time\" \/>\n\t<meta name=\"twitter:data2\" content=\"1 minute\" \/>\n<script type=\"application\/ld+json\" class=\"yoast-schema-graph\">{\"@context\":\"https:\/\/schema.org\",\"@graph\":[{\"@type\":\"Article\",\"@id\":\"https:\/\/www.press7.tv\/?p=23882#article\",\"isPartOf\":{\"@id\":\"https:\/\/www.press7.tv\/?p=23882\"},\"author\":{\"name\":\"gazetar2\",\"@id\":\"https:\/\/www.news33.tv\/#\/schema\/person\/5a04a38a23ccdba82f9bd665cd8f9efa\"},\"headline\":\"\u201cKoalicioni L\u00ebvizja Vet\u00ebvendosje\u201d: VV-ja zyrtarizon koalicionin me tri parti\",\"datePublished\":\"2025-11-30T21:14:38+00:00\",\"mainEntityOfPage\":{\"@id\":\"https:\/\/www.press7.tv\/?p=23882\"},\"wordCount\":288,\"publisher\":{\"@id\":\"https:\/\/www.news33.tv\/#organization\"},\"image\":{\"@id\":\"https:\/\/www.press7.tv\/?p=23882#primaryimage\"},\"thumbnailUrl\":\"https:\/\/www.press7.tv\/wp-content\/uploads\/2025\/11\/IMG_1544.avif\",\"articleSection\":[\"Kosov\u00eb\",\"Lajme\"],\"inLanguage\":\"en-US\"},{\"@type\":\"WebPage\",\"@id\":\"https:\/\/www.press7.tv\/?p=23882\",\"url\":\"https:\/\/www.press7.tv\/?p=23882\",\"name\":\"\u201cKoalicioni L\u00ebvizja Vet\u00ebvendosje\u201d: VV-ja zyrtarizon koalicionin me tri parti - press7.tv\",\"isPartOf\":{\"@id\":\"https:\/\/www.news33.tv\/#website\"},\"primaryImageOfPage\":{\"@id\":\"https:\/\/www.press7.tv\/?p=23882#primaryimage\"},\"image\":{\"@id\":\"https:\/\/www.press7.tv\/?p=23882#primaryimage\"},\"thumbnailUrl\":\"https:\/\/www.press7.tv\/wp-content\/uploads\/2025\/11\/IMG_1544.avif\",\"datePublished\":\"2025-11-30T21:14:38+00:00\",\"breadcrumb\":{\"@id\":\"https:\/\/www.press7.tv\/?p=23882#breadcrumb\"},\"inLanguage\":\"en-US\",\"potentialAction\":[{\"@type\":\"ReadAction\",\"target\":[\"https:\/\/www.press7.tv\/?p=23882\"]}]},{\"@type\":\"ImageObject\",\"inLanguage\":\"en-US\",\"@id\":\"https:\/\/www.press7.tv\/?p=23882#primaryimage\",\"url\":\"https:\/\/www.press7.tv\/wp-content\/uploads\/2025\/11\/IMG_1544.avif\",\"contentUrl\":\"https:\/\/www.press7.tv\/wp-content\/uploads\/2025\/11\/IMG_1544.avif\",\"width\":548,\"height\":364},{\"@type\":\"BreadcrumbList\",\"@id\":\"https:\/\/www.press7.tv\/?p=23882#breadcrumb\",\"itemListElement\":[{\"@type\":\"ListItem\",\"position\":1,\"name\":\"Home\",\"item\":\"https:\/\/www.press7.tv\/\"},{\"@type\":\"ListItem\",\"position\":2,\"name\":\"\u201cKoalicioni L\u00ebvizja Vet\u00ebvendosje\u201d: VV-ja zyrtarizon koalicionin me tri parti\"}]},{\"@type\":\"WebSite\",\"@id\":\"https:\/\/www.news33.tv\/#website\",\"url\":\"https:\/\/www.news33.tv\/\",\"name\":\"News33.tv Media\",\"description\":\"Media\",\"publisher\":{\"@id\":\"https:\/\/www.news33.tv\/#organization\"},\"potentialAction\":[{\"@type\":\"SearchAction\",\"target\":{\"@type\":\"EntryPoint\",\"urlTemplate\":\"https:\/\/www.news33.tv\/?s={search_term_string}\"},\"query-input\":{\"@type\":\"PropertyValueSpecification\",\"valueRequired\":true,\"valueName\":\"search_term_string\"}}],\"inLanguage\":\"en-US\"},{\"@type\":\"Organization\",\"@id\":\"https:\/\/www.news33.tv\/#organization\",\"name\":\"News33.tv Media\",\"url\":\"https:\/\/www.news33.tv\/\",\"logo\":{\"@type\":\"ImageObject\",\"inLanguage\":\"en-US\",\"@id\":\"https:\/\/www.news33.tv\/#\/schema\/logo\/image\/\",\"url\":\"https:\/\/www.press7.tv\/wp-content\/uploads\/2024\/02\/logo-news33-black.png\",\"contentUrl\":\"https:\/\/www.press7.tv\/wp-content\/uploads\/2024\/02\/logo-news33-black.png\",\"width\":180,\"height\":37,\"caption\":\"News33.tv Media\"},\"image\":{\"@id\":\"https:\/\/www.news33.tv\/#\/schema\/logo\/image\/\"},\"sameAs\":[\"https:\/\/www.facebook.com\/press7.tv\"]},{\"@type\":\"Person\",\"@id\":\"https:\/\/www.news33.tv\/#\/schema\/person\/5a04a38a23ccdba82f9bd665cd8f9efa\",\"name\":\"gazetar2\",\"image\":{\"@type\":\"ImageObject\",\"inLanguage\":\"en-US\",\"@id\":\"https:\/\/www.news33.tv\/#\/schema\/person\/image\/\",\"url\":\"https:\/\/www.press7.tv\/wp-content\/litespeed\/avatar\/41975e402c3049d9ddb03adca8f7a883.jpg?ver=1777169572\",\"contentUrl\":\"https:\/\/www.press7.tv\/wp-content\/litespeed\/avatar\/41975e402c3049d9ddb03adca8f7a883.jpg?ver=1777169572\",\"caption\":\"gazetar2\"},\"url\":\"https:\/\/www.press7.tv\/?author=8\"}]}<\/script>\n<!-- \/ Yoast SEO plugin. -->","yoast_head_json":{"title":"\u201cKoalicioni L\u00ebvizja Vet\u00ebvendosje\u201d: VV-ja zyrtarizon koalicionin me tri parti - press7.tv","robots":{"index":"index","follow":"follow","max-snippet":"max-snippet:-1","max-image-preview":"max-image-preview:large","max-video-preview":"max-video-preview:-1"},"canonical":"https:\/\/www.press7.tv\/?p=23882","og_locale":"en_US","og_type":"article","og_title":"\u201cKoalicioni L\u00ebvizja Vet\u00ebvendosje\u201d: VV-ja zyrtarizon koalicionin me tri parti - press7.tv","og_description":"L\u00ebvizja Vet\u00ebvendosje ka zyrtarizuar koalicionin me tri parti t\u00eb tjera: Partin\u00eb Guxo, Alternativ\u00ebn dhe Partin\u00eb Shqiptare Demokristiane, p\u00ebr t\u00eb garuar bashk\u00eb n\u00eb zgjedhjet e 28 dhjetorit. N\u00eb p\u00ebrdit\u00ebsimin e or\u00ebs 20:30, pak or\u00eb para mbylljes s\u00eb afatit p\u00ebr partit\u00eb q\u00eb t\u00eb aplikojn\u00eb p\u00ebr certifikim t\u00eb pjes\u00ebmarrjes apo t\u2019i deklarojn\u00eb koalicionet, KQZ-ja ka b\u00ebr\u00eb t\u00eb ditur [&hellip;]","og_url":"https:\/\/www.press7.tv\/?p=23882","og_site_name":"press7.tv","article_publisher":"https:\/\/www.facebook.com\/press7.tv","article_published_time":"2025-11-30T21:14:38+00:00","og_image":[{"width":548,"height":364,"url":"https:\/\/www.press7.tv\/wp-content\/uploads\/2025\/11\/IMG_1544.avif","type":"image\/jpeg"}],"author":"gazetar2","twitter_card":"summary_large_image","twitter_misc":{"Written by":"gazetar2","Est. reading time":"1 minute"},"schema":{"@context":"https:\/\/schema.org","@graph":[{"@type":"Article","@id":"https:\/\/www.press7.tv\/?p=23882#article","isPartOf":{"@id":"https:\/\/www.press7.tv\/?p=23882"},"author":{"name":"gazetar2","@id":"https:\/\/www.news33.tv\/#\/schema\/person\/5a04a38a23ccdba82f9bd665cd8f9efa"},"headline":"\u201cKoalicioni L\u00ebvizja Vet\u00ebvendosje\u201d: VV-ja zyrtarizon koalicionin me tri parti","datePublished":"2025-11-30T21:14:38+00:00","mainEntityOfPage":{"@id":"https:\/\/www.press7.tv\/?p=23882"},"wordCount":288,"publisher":{"@id":"https:\/\/www.news33.tv\/#organization"},"image":{"@id":"https:\/\/www.press7.tv\/?p=23882#primaryimage"},"thumbnailUrl":"https:\/\/www.press7.tv\/wp-content\/uploads\/2025\/11\/IMG_1544.avif","articleSection":["Kosov\u00eb","Lajme"],"inLanguage":"en-US"},{"@type":"WebPage","@id":"https:\/\/www.press7.tv\/?p=23882","url":"https:\/\/www.press7.tv\/?p=23882","name":"\u201cKoalicioni L\u00ebvizja Vet\u00ebvendosje\u201d: VV-ja zyrtarizon koalicionin me tri parti - press7.tv","isPartOf":{"@id":"https:\/\/www.news33.tv\/#website"},"primaryImageOfPage":{"@id":"https:\/\/www.press7.tv\/?p=23882#primaryimage"},"image":{"@id":"https:\/\/www.press7.tv\/?p=23882#primaryimage"},"thumbnailUrl":"https:\/\/www.press7.tv\/wp-content\/uploads\/2025\/11\/IMG_1544.avif","datePublished":"2025-11-30T21:14:38+00:00","breadcrumb":{"@id":"https:\/\/www.press7.tv\/?p=23882#breadcrumb"},"inLanguage":"en-US","potentialAction":[{"@type":"ReadAction","target":["https:\/\/www.press7.tv\/?p=23882"]}]},{"@type":"ImageObject","inLanguage":"en-US","@id":"https:\/\/www.press7.tv\/?p=23882#primaryimage","url":"https:\/\/www.press7.tv\/wp-content\/uploads\/2025\/11\/IMG_1544.avif","contentUrl":"https:\/\/www.press7.tv\/wp-content\/uploads\/2025\/11\/IMG_1544.avif","width":548,"height":364},{"@type":"BreadcrumbList","@id":"https:\/\/www.press7.tv\/?p=23882#breadcrumb","itemListElement":[{"@type":"ListItem","position":1,"name":"Home","item":"https:\/\/www.press7.tv\/"},{"@type":"ListItem","position":2,"name":"\u201cKoalicioni L\u00ebvizja Vet\u00ebvendosje\u201d: VV-ja zyrtarizon koalicionin me tri parti"}]},{"@type":"WebSite","@id":"https:\/\/www.news33.tv\/#website","url":"https:\/\/www.news33.tv\/","name":"News33.tv Media","description":"Media","publisher":{"@id":"https:\/\/www.news33.tv\/#organization"},"potentialAction":[{"@type":"SearchAction","target":{"@type":"EntryPoint","urlTemplate":"https:\/\/www.news33.tv\/?s={search_term_string}"},"query-input":{"@type":"PropertyValueSpecification","valueRequired":true,"valueName":"search_term_string"}}],"inLanguage":"en-US"},{"@type":"Organization","@id":"https:\/\/www.news33.tv\/#organization","name":"News33.tv Media","url":"https:\/\/www.news33.tv\/","logo":{"@type":"ImageObject","inLanguage":"en-US","@id":"https:\/\/www.news33.tv\/#\/schema\/logo\/image\/","url":"https:\/\/www.press7.tv\/wp-content\/uploads\/2024\/02\/logo-news33-black.png","contentUrl":"https:\/\/www.press7.tv\/wp-content\/uploads\/2024\/02\/logo-news33-black.png","width":180,"height":37,"caption":"News33.tv Media"},"image":{"@id":"https:\/\/www.news33.tv\/#\/schema\/logo\/image\/"},"sameAs":["https:\/\/www.facebook.com\/press7.tv"]},{"@type":"Person","@id":"https:\/\/www.news33.tv\/#\/schema\/person\/5a04a38a23ccdba82f9bd665cd8f9efa","name":"gazetar2","image":{"@type":"ImageObject","inLanguage":"en-US","@id":"https:\/\/www.news33.tv\/#\/schema\/person\/image\/","url":"https:\/\/www.press7.tv\/wp-content\/litespeed\/avatar\/41975e402c3049d9ddb03adca8f7a883.jpg?ver=1777169572","contentUrl":"https:\/\/www.press7.tv\/wp-content\/litespeed\/avatar\/41975e402c3049d9ddb03adca8f7a883.jpg?ver=1777169572","caption":"gazetar2"},"url":"https:\/\/www.press7.tv\/?author=8"}]}},"amp_enabled":true,"_links":{"self":[{"href":"https:\/\/www.press7.tv\/index.php?rest_route=\/wp\/v2\/posts\/23882","targetHints":{"allow":["GET"]}}],"collection":[{"href":"https:\/\/www.press7.tv\/index.php?rest_route=\/wp\/v2\/posts"}],"about":[{"href":"https:\/\/www.press7.tv\/index.php?rest_route=\/wp\/v2\/types\/post"}],"author":[{"embeddable":true,"href":"https:\/\/www.press7.tv\/index.php?rest_route=\/wp\/v2\/users\/8"}],"replies":[{"embeddable":true,"href":"https:\/\/www.press7.tv\/index.php?rest_route=%2Fwp%2Fv2%2Fcomments&post=23882"}],"version-history":[{"count":1,"href":"https:\/\/www.press7.tv\/index.php?rest_route=\/wp\/v2\/posts\/23882\/revisions"}],"predecessor-version":[{"id":23884,"href":"https:\/\/www.press7.tv\/index.php?rest_route=\/wp\/v2\/posts\/23882\/revisions\/23884"}],"wp:featuredmedia":[{"embeddable":true,"href":"https:\/\/www.press7.tv\/index.php?rest_route=\/wp\/v2\/media\/23883"}],"wp:attachment":[{"href":"https:\/\/www.press7.tv\/index.php?rest_route=%2Fwp%2Fv2%2Fmedia&parent=23882"}],"wp:term":[{"taxonomy":"category","embeddable":true,"href":"https:\/\/www.press7.tv\/index.php?rest_route=%2Fwp%2Fv2%2Fcategories&post=23882"},{"taxonomy":"post_tag","embeddable":true,"href":"https:\/\/www.press7.tv\/index.php?rest_route=%2Fwp%2Fv2%2Ftags&post=23882"}],"curies":[{"name":"wp","href":"https:\/\/api.w.org\/{rel}","templated":true}]}}