{"id":23879,"date":"2025-11-30T21:08:29","date_gmt":"2025-11-30T21:08:29","guid":{"rendered":"https:\/\/www.press7.tv\/?p=23879"},"modified":"2025-11-30T21:08:29","modified_gmt":"2025-11-30T21:08:29","slug":"arben-fetai-ne-nju-jork-mergata-faktor-i-rendesishem-i-promovimit-te-vlerave-tona-ne-shba","status":"publish","type":"post","link":"https:\/\/www.press7.tv\/?p=23879","title":{"rendered":"Arben Fetai n\u00eb Nju Jork: M\u00ebrgata faktor i r\u00ebnd\u00ebsish\u00ebm i promovimit t\u00eb vlerave tona n\u00eb SHBA"},"content":{"rendered":"\n    <div class=\"xs_social_share_widget xs_share_url before_content \t\tmain_content  wslu-style-2 wslu-share-box-shaped wslu-fill-colored wslu-share-m-5 wslu-none wslu-share-vertical wslu-theme-font-no wslu-main_content\">\n\n\t\t\n        <ul>\n\t\t\t        <\/ul>\n    <\/div> \n<p>N\u00eb Staten Island t\u00eb Nju Jorkut, pata k\u00ebnaq\u00ebsin\u00eb t\u00eb jem pjes\u00eb e nj\u00eb mbr\u00ebmjeje t\u00eb ve\u00e7ant\u00eb kushtuar nism\u00ebs p\u00ebr em\u00ebrtimin e rrug\u00ebs \u201cIsa Boletini Way\u201d, nj\u00eb akt simbolik q\u00eb nderon historin\u00eb, rezistenc\u00ebn dhe identitetin ton\u00eb komb\u00ebtar edhe p\u00ebrtej Atlantikut.<br \/>\nS\u00eb bashku me ministrin e qeveris\u00eb se Kosov\u00ebs dhe kryetarin e sapozgjedhur t\u00eb Mitrovic\u00ebs, Faton Peci, si dhe ministrin e qeveris\u00eb s\u00eb Malit t\u00eb Zi, Fatmir Gjeka, d\u00ebshmuam edhe nj\u00eb her\u00eb se bashkimi rreth vlerave komb\u00ebtare, kultur\u00ebs dhe historis\u00eb son\u00eb \u00ebsht\u00eb forca q\u00eb na mban t\u00eb lidhur kudo q\u00eb ndodhemi.<br \/>\nMbr\u00ebmja u mbajt n\u00eb Albanian Cultural Center Staten Island, me pjes\u00ebmarrje t\u00eb gjer\u00eb t\u00eb shoqatave t\u00eb m\u00ebrgat\u00ebs son\u00eb, e cila vazhdon t\u00eb jet\u00eb faktor i r\u00ebnd\u00ebsish\u00ebm i promovimit t\u00eb vlerave tona dhe i miq\u00ebsis\u00eb ton\u00eb t\u00eb p\u00ebrhershme me SHBA-t\u00eb.\u201d ka shkruar Fetai<\/p>\n<p><a href=\"https:\/\/www.facebook.com\/permalink.php?story_fbid=122207916608347798&#038;id=61560433962953&#038;ref=embed_post\">https:\/\/www.facebook.com\/permalink.php?story_fbid=122207916608347798&#038;id=61560433962953&#038;ref=embed_post<\/a><\/p>\n","protected":false},"excerpt":{"rendered":"<p>N\u00eb Staten Island t\u00eb Nju Jorkut, pata k\u00ebnaq\u00ebsin\u00eb t\u00eb jem pjes\u00eb e nj\u00eb mbr\u00ebmjeje t\u00eb ve\u00e7ant\u00eb kushtuar nism\u00ebs p\u00ebr em\u00ebrtimin e rrug\u00ebs \u201cIsa Boletini Way\u201d, nj\u00eb akt simbolik q\u00eb nderon historin\u00eb, rezistenc\u00ebn dhe identitetin ton\u00eb komb\u00ebtar edhe p\u00ebrtej Atlantikut. S\u00eb bashku me ministrin e qeveris\u00eb se Kosov\u00ebs dhe kryetarin e sapozgjedhur t\u00eb Mitrovic\u00ebs, Faton Peci, [&hellip;]<\/p>\n","protected":false},"author":8,"featured_media":23880,"comment_status":"closed","ping_status":"closed","sticky":false,"template":"","format":"standard","meta":{"footnotes":""},"categories":[213,214],"tags":[],"class_list":["post-23879","post","type-post","status-publish","format-standard","has-post-thumbnail","hentry","category-lajme","category-maqedoni"],"yoast_head":"<!-- This site is optimized with the Yoast SEO plugin v25.1 - https:\/\/yoast.com\/wordpress\/plugins\/seo\/ -->\n<title>Arben Fetai n\u00eb Nju Jork: M\u00ebrgata faktor i r\u00ebnd\u00ebsish\u00ebm i promovimit t\u00eb vlerave tona n\u00eb SHBA - press7.tv<\/title>\n<meta name=\"robots\" content=\"index, follow, max-snippet:-1, max-image-preview:large, max-video-preview:-1\" \/>\n<link rel=\"canonical\" href=\"https:\/\/www.press7.tv\/?p=23879\" \/>\n<meta property=\"og:locale\" content=\"en_US\" \/>\n<meta property=\"og:type\" content=\"article\" \/>\n<meta property=\"og:title\" content=\"Arben Fetai n\u00eb Nju Jork: M\u00ebrgata faktor i r\u00ebnd\u00ebsish\u00ebm i promovimit t\u00eb vlerave tona n\u00eb SHBA - press7.tv\" \/>\n<meta property=\"og:description\" content=\"N\u00eb Staten Island t\u00eb Nju Jorkut, pata k\u00ebnaq\u00ebsin\u00eb t\u00eb jem pjes\u00eb e nj\u00eb mbr\u00ebmjeje t\u00eb ve\u00e7ant\u00eb kushtuar nism\u00ebs p\u00ebr em\u00ebrtimin e rrug\u00ebs \u201cIsa Boletini Way\u201d, nj\u00eb akt simbolik q\u00eb nderon historin\u00eb, rezistenc\u00ebn dhe identitetin ton\u00eb komb\u00ebtar edhe p\u00ebrtej Atlantikut. S\u00eb bashku me ministrin e qeveris\u00eb se Kosov\u00ebs dhe kryetarin e sapozgjedhur t\u00eb Mitrovic\u00ebs, Faton Peci, [&hellip;]\" \/>\n<meta property=\"og:url\" content=\"https:\/\/www.press7.tv\/?p=23879\" \/>\n<meta property=\"og:site_name\" content=\"press7.tv\" \/>\n<meta property=\"article:publisher\" content=\"https:\/\/www.facebook.com\/press7.tv\" \/>\n<meta property=\"article:published_time\" content=\"2025-11-30T21:08:29+00:00\" \/>\n<meta property=\"og:image\" content=\"https:\/\/www.press7.tv\/wp-content\/uploads\/2025\/11\/IMG_1542.avif\" \/>\n\t<meta property=\"og:image:width\" content=\"750\" \/>\n\t<meta property=\"og:image:height\" content=\"430\" \/>\n\t<meta property=\"og:image:type\" content=\"image\/jpeg\" \/>\n<meta name=\"author\" content=\"gazetar2\" \/>\n<meta name=\"twitter:card\" content=\"summary_large_image\" \/>\n<meta name=\"twitter:label1\" content=\"Written by\" \/>\n\t<meta name=\"twitter:data1\" content=\"gazetar2\" \/>\n\t<meta name=\"twitter:label2\" content=\"Est. reading time\" \/>\n\t<meta name=\"twitter:data2\" content=\"1 minute\" \/>\n<script type=\"application\/ld+json\" class=\"yoast-schema-graph\">{\"@context\":\"https:\/\/schema.org\",\"@graph\":[{\"@type\":\"Article\",\"@id\":\"https:\/\/www.press7.tv\/?p=23879#article\",\"isPartOf\":{\"@id\":\"https:\/\/www.press7.tv\/?p=23879\"},\"author\":{\"name\":\"gazetar2\",\"@id\":\"https:\/\/www.news33.tv\/#\/schema\/person\/5a04a38a23ccdba82f9bd665cd8f9efa\"},\"headline\":\"Arben Fetai n\u00eb Nju Jork: M\u00ebrgata faktor i r\u00ebnd\u00ebsish\u00ebm i promovimit t\u00eb vlerave tona n\u00eb SHBA\",\"datePublished\":\"2025-11-30T21:08:29+00:00\",\"mainEntityOfPage\":{\"@id\":\"https:\/\/www.press7.tv\/?p=23879\"},\"wordCount\":188,\"publisher\":{\"@id\":\"https:\/\/www.news33.tv\/#organization\"},\"image\":{\"@id\":\"https:\/\/www.press7.tv\/?p=23879#primaryimage\"},\"thumbnailUrl\":\"https:\/\/www.press7.tv\/wp-content\/uploads\/2025\/11\/IMG_1542.avif\",\"articleSection\":[\"Lajme\",\"Maqedoni\"],\"inLanguage\":\"en-US\"},{\"@type\":\"WebPage\",\"@id\":\"https:\/\/www.press7.tv\/?p=23879\",\"url\":\"https:\/\/www.press7.tv\/?p=23879\",\"name\":\"Arben Fetai n\u00eb Nju Jork: M\u00ebrgata faktor i r\u00ebnd\u00ebsish\u00ebm i promovimit t\u00eb vlerave tona n\u00eb SHBA - press7.tv\",\"isPartOf\":{\"@id\":\"https:\/\/www.news33.tv\/#website\"},\"primaryImageOfPage\":{\"@id\":\"https:\/\/www.press7.tv\/?p=23879#primaryimage\"},\"image\":{\"@id\":\"https:\/\/www.press7.tv\/?p=23879#primaryimage\"},\"thumbnailUrl\":\"https:\/\/www.press7.tv\/wp-content\/uploads\/2025\/11\/IMG_1542.avif\",\"datePublished\":\"2025-11-30T21:08:29+00:00\",\"breadcrumb\":{\"@id\":\"https:\/\/www.press7.tv\/?p=23879#breadcrumb\"},\"inLanguage\":\"en-US\",\"potentialAction\":[{\"@type\":\"ReadAction\",\"target\":[\"https:\/\/www.press7.tv\/?p=23879\"]}]},{\"@type\":\"ImageObject\",\"inLanguage\":\"en-US\",\"@id\":\"https:\/\/www.press7.tv\/?p=23879#primaryimage\",\"url\":\"https:\/\/www.press7.tv\/wp-content\/uploads\/2025\/11\/IMG_1542.avif\",\"contentUrl\":\"https:\/\/www.press7.tv\/wp-content\/uploads\/2025\/11\/IMG_1542.avif\",\"width\":750,\"height\":430},{\"@type\":\"BreadcrumbList\",\"@id\":\"https:\/\/www.press7.tv\/?p=23879#breadcrumb\",\"itemListElement\":[{\"@type\":\"ListItem\",\"position\":1,\"name\":\"Home\",\"item\":\"https:\/\/www.press7.tv\/\"},{\"@type\":\"ListItem\",\"position\":2,\"name\":\"Arben Fetai n\u00eb Nju Jork: M\u00ebrgata faktor i r\u00ebnd\u00ebsish\u00ebm i promovimit t\u00eb vlerave tona n\u00eb SHBA\"}]},{\"@type\":\"WebSite\",\"@id\":\"https:\/\/www.news33.tv\/#website\",\"url\":\"https:\/\/www.news33.tv\/\",\"name\":\"News33.tv Media\",\"description\":\"Media\",\"publisher\":{\"@id\":\"https:\/\/www.news33.tv\/#organization\"},\"potentialAction\":[{\"@type\":\"SearchAction\",\"target\":{\"@type\":\"EntryPoint\",\"urlTemplate\":\"https:\/\/www.news33.tv\/?s={search_term_string}\"},\"query-input\":{\"@type\":\"PropertyValueSpecification\",\"valueRequired\":true,\"valueName\":\"search_term_string\"}}],\"inLanguage\":\"en-US\"},{\"@type\":\"Organization\",\"@id\":\"https:\/\/www.news33.tv\/#organization\",\"name\":\"News33.tv Media\",\"url\":\"https:\/\/www.news33.tv\/\",\"logo\":{\"@type\":\"ImageObject\",\"inLanguage\":\"en-US\",\"@id\":\"https:\/\/www.news33.tv\/#\/schema\/logo\/image\/\",\"url\":\"https:\/\/www.press7.tv\/wp-content\/uploads\/2024\/02\/logo-news33-black.png\",\"contentUrl\":\"https:\/\/www.press7.tv\/wp-content\/uploads\/2024\/02\/logo-news33-black.png\",\"width\":180,\"height\":37,\"caption\":\"News33.tv Media\"},\"image\":{\"@id\":\"https:\/\/www.news33.tv\/#\/schema\/logo\/image\/\"},\"sameAs\":[\"https:\/\/www.facebook.com\/press7.tv\"]},{\"@type\":\"Person\",\"@id\":\"https:\/\/www.news33.tv\/#\/schema\/person\/5a04a38a23ccdba82f9bd665cd8f9efa\",\"name\":\"gazetar2\",\"image\":{\"@type\":\"ImageObject\",\"inLanguage\":\"en-US\",\"@id\":\"https:\/\/www.news33.tv\/#\/schema\/person\/image\/\",\"url\":\"https:\/\/www.press7.tv\/wp-content\/litespeed\/avatar\/41975e402c3049d9ddb03adca8f7a883.jpg?ver=1777169572\",\"contentUrl\":\"https:\/\/www.press7.tv\/wp-content\/litespeed\/avatar\/41975e402c3049d9ddb03adca8f7a883.jpg?ver=1777169572\",\"caption\":\"gazetar2\"},\"url\":\"https:\/\/www.press7.tv\/?author=8\"}]}<\/script>\n<!-- \/ Yoast SEO plugin. -->","yoast_head_json":{"title":"Arben Fetai n\u00eb Nju Jork: M\u00ebrgata faktor i r\u00ebnd\u00ebsish\u00ebm i promovimit t\u00eb vlerave tona n\u00eb SHBA - press7.tv","robots":{"index":"index","follow":"follow","max-snippet":"max-snippet:-1","max-image-preview":"max-image-preview:large","max-video-preview":"max-video-preview:-1"},"canonical":"https:\/\/www.press7.tv\/?p=23879","og_locale":"en_US","og_type":"article","og_title":"Arben Fetai n\u00eb Nju Jork: M\u00ebrgata faktor i r\u00ebnd\u00ebsish\u00ebm i promovimit t\u00eb vlerave tona n\u00eb SHBA - press7.tv","og_description":"N\u00eb Staten Island t\u00eb Nju Jorkut, pata k\u00ebnaq\u00ebsin\u00eb t\u00eb jem pjes\u00eb e nj\u00eb mbr\u00ebmjeje t\u00eb ve\u00e7ant\u00eb kushtuar nism\u00ebs p\u00ebr em\u00ebrtimin e rrug\u00ebs \u201cIsa Boletini Way\u201d, nj\u00eb akt simbolik q\u00eb nderon historin\u00eb, rezistenc\u00ebn dhe identitetin ton\u00eb komb\u00ebtar edhe p\u00ebrtej Atlantikut. S\u00eb bashku me ministrin e qeveris\u00eb se Kosov\u00ebs dhe kryetarin e sapozgjedhur t\u00eb Mitrovic\u00ebs, Faton Peci, [&hellip;]","og_url":"https:\/\/www.press7.tv\/?p=23879","og_site_name":"press7.tv","article_publisher":"https:\/\/www.facebook.com\/press7.tv","article_published_time":"2025-11-30T21:08:29+00:00","og_image":[{"width":750,"height":430,"url":"https:\/\/www.press7.tv\/wp-content\/uploads\/2025\/11\/IMG_1542.avif","type":"image\/jpeg"}],"author":"gazetar2","twitter_card":"summary_large_image","twitter_misc":{"Written by":"gazetar2","Est. reading time":"1 minute"},"schema":{"@context":"https:\/\/schema.org","@graph":[{"@type":"Article","@id":"https:\/\/www.press7.tv\/?p=23879#article","isPartOf":{"@id":"https:\/\/www.press7.tv\/?p=23879"},"author":{"name":"gazetar2","@id":"https:\/\/www.news33.tv\/#\/schema\/person\/5a04a38a23ccdba82f9bd665cd8f9efa"},"headline":"Arben Fetai n\u00eb Nju Jork: M\u00ebrgata faktor i r\u00ebnd\u00ebsish\u00ebm i promovimit t\u00eb vlerave tona n\u00eb SHBA","datePublished":"2025-11-30T21:08:29+00:00","mainEntityOfPage":{"@id":"https:\/\/www.press7.tv\/?p=23879"},"wordCount":188,"publisher":{"@id":"https:\/\/www.news33.tv\/#organization"},"image":{"@id":"https:\/\/www.press7.tv\/?p=23879#primaryimage"},"thumbnailUrl":"https:\/\/www.press7.tv\/wp-content\/uploads\/2025\/11\/IMG_1542.avif","articleSection":["Lajme","Maqedoni"],"inLanguage":"en-US"},{"@type":"WebPage","@id":"https:\/\/www.press7.tv\/?p=23879","url":"https:\/\/www.press7.tv\/?p=23879","name":"Arben Fetai n\u00eb Nju Jork: M\u00ebrgata faktor i r\u00ebnd\u00ebsish\u00ebm i promovimit t\u00eb vlerave tona n\u00eb SHBA - press7.tv","isPartOf":{"@id":"https:\/\/www.news33.tv\/#website"},"primaryImageOfPage":{"@id":"https:\/\/www.press7.tv\/?p=23879#primaryimage"},"image":{"@id":"https:\/\/www.press7.tv\/?p=23879#primaryimage"},"thumbnailUrl":"https:\/\/www.press7.tv\/wp-content\/uploads\/2025\/11\/IMG_1542.avif","datePublished":"2025-11-30T21:08:29+00:00","breadcrumb":{"@id":"https:\/\/www.press7.tv\/?p=23879#breadcrumb"},"inLanguage":"en-US","potentialAction":[{"@type":"ReadAction","target":["https:\/\/www.press7.tv\/?p=23879"]}]},{"@type":"ImageObject","inLanguage":"en-US","@id":"https:\/\/www.press7.tv\/?p=23879#primaryimage","url":"https:\/\/www.press7.tv\/wp-content\/uploads\/2025\/11\/IMG_1542.avif","contentUrl":"https:\/\/www.press7.tv\/wp-content\/uploads\/2025\/11\/IMG_1542.avif","width":750,"height":430},{"@type":"BreadcrumbList","@id":"https:\/\/www.press7.tv\/?p=23879#breadcrumb","itemListElement":[{"@type":"ListItem","position":1,"name":"Home","item":"https:\/\/www.press7.tv\/"},{"@type":"ListItem","position":2,"name":"Arben Fetai n\u00eb Nju Jork: M\u00ebrgata faktor i r\u00ebnd\u00ebsish\u00ebm i promovimit t\u00eb vlerave tona n\u00eb SHBA"}]},{"@type":"WebSite","@id":"https:\/\/www.news33.tv\/#website","url":"https:\/\/www.news33.tv\/","name":"News33.tv Media","description":"Media","publisher":{"@id":"https:\/\/www.news33.tv\/#organization"},"potentialAction":[{"@type":"SearchAction","target":{"@type":"EntryPoint","urlTemplate":"https:\/\/www.news33.tv\/?s={search_term_string}"},"query-input":{"@type":"PropertyValueSpecification","valueRequired":true,"valueName":"search_term_string"}}],"inLanguage":"en-US"},{"@type":"Organization","@id":"https:\/\/www.news33.tv\/#organization","name":"News33.tv Media","url":"https:\/\/www.news33.tv\/","logo":{"@type":"ImageObject","inLanguage":"en-US","@id":"https:\/\/www.news33.tv\/#\/schema\/logo\/image\/","url":"https:\/\/www.press7.tv\/wp-content\/uploads\/2024\/02\/logo-news33-black.png","contentUrl":"https:\/\/www.press7.tv\/wp-content\/uploads\/2024\/02\/logo-news33-black.png","width":180,"height":37,"caption":"News33.tv Media"},"image":{"@id":"https:\/\/www.news33.tv\/#\/schema\/logo\/image\/"},"sameAs":["https:\/\/www.facebook.com\/press7.tv"]},{"@type":"Person","@id":"https:\/\/www.news33.tv\/#\/schema\/person\/5a04a38a23ccdba82f9bd665cd8f9efa","name":"gazetar2","image":{"@type":"ImageObject","inLanguage":"en-US","@id":"https:\/\/www.news33.tv\/#\/schema\/person\/image\/","url":"https:\/\/www.press7.tv\/wp-content\/litespeed\/avatar\/41975e402c3049d9ddb03adca8f7a883.jpg?ver=1777169572","contentUrl":"https:\/\/www.press7.tv\/wp-content\/litespeed\/avatar\/41975e402c3049d9ddb03adca8f7a883.jpg?ver=1777169572","caption":"gazetar2"},"url":"https:\/\/www.press7.tv\/?author=8"}]}},"amp_enabled":true,"_links":{"self":[{"href":"https:\/\/www.press7.tv\/index.php?rest_route=\/wp\/v2\/posts\/23879","targetHints":{"allow":["GET"]}}],"collection":[{"href":"https:\/\/www.press7.tv\/index.php?rest_route=\/wp\/v2\/posts"}],"about":[{"href":"https:\/\/www.press7.tv\/index.php?rest_route=\/wp\/v2\/types\/post"}],"author":[{"embeddable":true,"href":"https:\/\/www.press7.tv\/index.php?rest_route=\/wp\/v2\/users\/8"}],"replies":[{"embeddable":true,"href":"https:\/\/www.press7.tv\/index.php?rest_route=%2Fwp%2Fv2%2Fcomments&post=23879"}],"version-history":[{"count":1,"href":"https:\/\/www.press7.tv\/index.php?rest_route=\/wp\/v2\/posts\/23879\/revisions"}],"predecessor-version":[{"id":23881,"href":"https:\/\/www.press7.tv\/index.php?rest_route=\/wp\/v2\/posts\/23879\/revisions\/23881"}],"wp:featuredmedia":[{"embeddable":true,"href":"https:\/\/www.press7.tv\/index.php?rest_route=\/wp\/v2\/media\/23880"}],"wp:attachment":[{"href":"https:\/\/www.press7.tv\/index.php?rest_route=%2Fwp%2Fv2%2Fmedia&parent=23879"}],"wp:term":[{"taxonomy":"category","embeddable":true,"href":"https:\/\/www.press7.tv\/index.php?rest_route=%2Fwp%2Fv2%2Fcategories&post=23879"},{"taxonomy":"post_tag","embeddable":true,"href":"https:\/\/www.press7.tv\/index.php?rest_route=%2Fwp%2Fv2%2Ftags&post=23879"}],"curies":[{"name":"wp","href":"https:\/\/api.w.org\/{rel}","templated":true}]}}