{"id":23876,"date":"2025-11-30T16:28:14","date_gmt":"2025-11-30T16:28:14","guid":{"rendered":"https:\/\/www.press7.tv\/?p=23876"},"modified":"2025-11-30T16:28:14","modified_gmt":"2025-11-30T16:28:14","slug":"komuna-e-tetoves-neser-shpall-dite-zie-per-vdekjen-e-kengetarit-shpat-kasapi","status":"publish","type":"post","link":"https:\/\/www.press7.tv\/?p=23876","title":{"rendered":"Komuna e Tetov\u00ebs nes\u00ebr shpall dit\u00eb zie p\u00ebr vdekjen e k\u00ebng\u00ebtarit Shpat Kasapi"},"content":{"rendered":"\n    <div class=\"xs_social_share_widget xs_share_url before_content \t\tmain_content  wslu-style-2 wslu-share-box-shaped wslu-fill-colored wslu-share-m-5 wslu-none wslu-share-vertical wslu-theme-font-no wslu-main_content\">\n\n\t\t\n        <ul>\n\t\t\t        <\/ul>\n    <\/div> \n<p>Komuna e Tetov\u00ebs ka njoftuar se nes\u00ebr, t\u00eb h\u00ebn\u00ebn m\u00eb 1 dhjetor 2025, do t\u00eb shpall\u00eb dit\u00eb zie n\u00eb gjith\u00eb territorin e saj, n\u00eb nderim t\u00eb k\u00ebng\u00ebtarit t\u00eb njohur Shpat Kasapi, i cili nd\u00ebrroi jet\u00eb.<\/p>\n<p>N\u00eb njoftimin zyrtar theksohet se Shpat Kasapi ka dh\u00ebn\u00eb nj\u00eb kontribut t\u00eb r\u00ebnd\u00ebsish\u00ebm n\u00eb zhvillimin e kultur\u00ebs dhe muzik\u00ebs n\u00eb Komun\u00ebn e Tetov\u00ebs, n\u00eb Republik\u00ebn e Maqedonis\u00eb s\u00eb Veriut dhe n\u00eb mbar\u00eb sken\u00ebn muzikore shqiptare.<br \/>\nFlamujt n\u00eb institucionet komunale do t\u00eb ulen n\u00eb gjysm\u00eb shtiz\u00eb, nd\u00ebrsa aktivitetet festive do t\u00eb pezullohen.<\/p>\n<p>Komuna e Tetov\u00ebs shpreh ngush\u00ebllime t\u00eb sinqerta p\u00ebr familjen, miqt\u00eb dhe t\u00eb gjith\u00eb artdash\u00ebsit q\u00eb u prek\u00ebn nga humbja e artistit.<\/p>\n","protected":false},"excerpt":{"rendered":"<p>Komuna e Tetov\u00ebs ka njoftuar se nes\u00ebr, t\u00eb h\u00ebn\u00ebn m\u00eb 1 dhjetor 2025, do t\u00eb shpall\u00eb dit\u00eb zie n\u00eb gjith\u00eb territorin e saj, n\u00eb nderim t\u00eb k\u00ebng\u00ebtarit t\u00eb njohur Shpat Kasapi, i cili nd\u00ebrroi jet\u00eb. N\u00eb njoftimin zyrtar theksohet se Shpat Kasapi ka dh\u00ebn\u00eb nj\u00eb kontribut t\u00eb r\u00ebnd\u00ebsish\u00ebm n\u00eb zhvillimin e kultur\u00ebs dhe muzik\u00ebs n\u00eb [&hellip;]<\/p>\n","protected":false},"author":8,"featured_media":23877,"comment_status":"closed","ping_status":"closed","sticky":false,"template":"","format":"standard","meta":{"footnotes":""},"categories":[213,214],"tags":[],"class_list":["post-23876","post","type-post","status-publish","format-standard","has-post-thumbnail","hentry","category-lajme","category-maqedoni"],"yoast_head":"<!-- This site is optimized with the Yoast SEO plugin v25.1 - https:\/\/yoast.com\/wordpress\/plugins\/seo\/ -->\n<title>Komuna e Tetov\u00ebs nes\u00ebr shpall dit\u00eb zie p\u00ebr vdekjen e k\u00ebng\u00ebtarit Shpat Kasapi - press7.tv<\/title>\n<meta name=\"robots\" content=\"index, follow, max-snippet:-1, max-image-preview:large, max-video-preview:-1\" \/>\n<link rel=\"canonical\" href=\"https:\/\/www.press7.tv\/?p=23876\" \/>\n<meta property=\"og:locale\" content=\"en_US\" \/>\n<meta property=\"og:type\" content=\"article\" \/>\n<meta property=\"og:title\" content=\"Komuna e Tetov\u00ebs nes\u00ebr shpall dit\u00eb zie p\u00ebr vdekjen e k\u00ebng\u00ebtarit Shpat Kasapi - press7.tv\" \/>\n<meta property=\"og:description\" content=\"Komuna e Tetov\u00ebs ka njoftuar se nes\u00ebr, t\u00eb h\u00ebn\u00ebn m\u00eb 1 dhjetor 2025, do t\u00eb shpall\u00eb dit\u00eb zie n\u00eb gjith\u00eb territorin e saj, n\u00eb nderim t\u00eb k\u00ebng\u00ebtarit t\u00eb njohur Shpat Kasapi, i cili nd\u00ebrroi jet\u00eb. N\u00eb njoftimin zyrtar theksohet se Shpat Kasapi ka dh\u00ebn\u00eb nj\u00eb kontribut t\u00eb r\u00ebnd\u00ebsish\u00ebm n\u00eb zhvillimin e kultur\u00ebs dhe muzik\u00ebs n\u00eb [&hellip;]\" \/>\n<meta property=\"og:url\" content=\"https:\/\/www.press7.tv\/?p=23876\" \/>\n<meta property=\"og:site_name\" content=\"press7.tv\" \/>\n<meta property=\"article:publisher\" content=\"https:\/\/www.facebook.com\/press7.tv\" \/>\n<meta property=\"article:published_time\" content=\"2025-11-30T16:28:14+00:00\" \/>\n<meta property=\"og:image\" content=\"https:\/\/www.press7.tv\/wp-content\/uploads\/2025\/11\/IMG_1540.avif\" \/>\n\t<meta property=\"og:image:width\" content=\"850\" \/>\n\t<meta property=\"og:image:height\" content=\"487\" \/>\n\t<meta property=\"og:image:type\" content=\"image\/jpeg\" \/>\n<meta name=\"author\" content=\"gazetar2\" \/>\n<meta name=\"twitter:card\" content=\"summary_large_image\" \/>\n<meta name=\"twitter:label1\" content=\"Written by\" \/>\n\t<meta name=\"twitter:data1\" content=\"gazetar2\" \/>\n\t<meta name=\"twitter:label2\" content=\"Est. reading time\" \/>\n\t<meta name=\"twitter:data2\" content=\"1 minute\" \/>\n<script type=\"application\/ld+json\" class=\"yoast-schema-graph\">{\"@context\":\"https:\/\/schema.org\",\"@graph\":[{\"@type\":\"Article\",\"@id\":\"https:\/\/www.press7.tv\/?p=23876#article\",\"isPartOf\":{\"@id\":\"https:\/\/www.press7.tv\/?p=23876\"},\"author\":{\"name\":\"gazetar2\",\"@id\":\"https:\/\/www.news33.tv\/#\/schema\/person\/5a04a38a23ccdba82f9bd665cd8f9efa\"},\"headline\":\"Komuna e Tetov\u00ebs nes\u00ebr shpall dit\u00eb zie p\u00ebr vdekjen e k\u00ebng\u00ebtarit Shpat Kasapi\",\"datePublished\":\"2025-11-30T16:28:14+00:00\",\"mainEntityOfPage\":{\"@id\":\"https:\/\/www.press7.tv\/?p=23876\"},\"wordCount\":146,\"publisher\":{\"@id\":\"https:\/\/www.news33.tv\/#organization\"},\"image\":{\"@id\":\"https:\/\/www.press7.tv\/?p=23876#primaryimage\"},\"thumbnailUrl\":\"https:\/\/www.press7.tv\/wp-content\/uploads\/2025\/11\/IMG_1540.avif\",\"articleSection\":[\"Lajme\",\"Maqedoni\"],\"inLanguage\":\"en-US\"},{\"@type\":\"WebPage\",\"@id\":\"https:\/\/www.press7.tv\/?p=23876\",\"url\":\"https:\/\/www.press7.tv\/?p=23876\",\"name\":\"Komuna e Tetov\u00ebs nes\u00ebr shpall dit\u00eb zie p\u00ebr vdekjen e k\u00ebng\u00ebtarit Shpat Kasapi - press7.tv\",\"isPartOf\":{\"@id\":\"https:\/\/www.news33.tv\/#website\"},\"primaryImageOfPage\":{\"@id\":\"https:\/\/www.press7.tv\/?p=23876#primaryimage\"},\"image\":{\"@id\":\"https:\/\/www.press7.tv\/?p=23876#primaryimage\"},\"thumbnailUrl\":\"https:\/\/www.press7.tv\/wp-content\/uploads\/2025\/11\/IMG_1540.avif\",\"datePublished\":\"2025-11-30T16:28:14+00:00\",\"breadcrumb\":{\"@id\":\"https:\/\/www.press7.tv\/?p=23876#breadcrumb\"},\"inLanguage\":\"en-US\",\"potentialAction\":[{\"@type\":\"ReadAction\",\"target\":[\"https:\/\/www.press7.tv\/?p=23876\"]}]},{\"@type\":\"ImageObject\",\"inLanguage\":\"en-US\",\"@id\":\"https:\/\/www.press7.tv\/?p=23876#primaryimage\",\"url\":\"https:\/\/www.press7.tv\/wp-content\/uploads\/2025\/11\/IMG_1540.avif\",\"contentUrl\":\"https:\/\/www.press7.tv\/wp-content\/uploads\/2025\/11\/IMG_1540.avif\",\"width\":850,\"height\":487},{\"@type\":\"BreadcrumbList\",\"@id\":\"https:\/\/www.press7.tv\/?p=23876#breadcrumb\",\"itemListElement\":[{\"@type\":\"ListItem\",\"position\":1,\"name\":\"Home\",\"item\":\"https:\/\/www.press7.tv\/\"},{\"@type\":\"ListItem\",\"position\":2,\"name\":\"Komuna e Tetov\u00ebs nes\u00ebr shpall dit\u00eb zie p\u00ebr vdekjen e k\u00ebng\u00ebtarit Shpat Kasapi\"}]},{\"@type\":\"WebSite\",\"@id\":\"https:\/\/www.news33.tv\/#website\",\"url\":\"https:\/\/www.news33.tv\/\",\"name\":\"News33.tv Media\",\"description\":\"Media\",\"publisher\":{\"@id\":\"https:\/\/www.news33.tv\/#organization\"},\"potentialAction\":[{\"@type\":\"SearchAction\",\"target\":{\"@type\":\"EntryPoint\",\"urlTemplate\":\"https:\/\/www.news33.tv\/?s={search_term_string}\"},\"query-input\":{\"@type\":\"PropertyValueSpecification\",\"valueRequired\":true,\"valueName\":\"search_term_string\"}}],\"inLanguage\":\"en-US\"},{\"@type\":\"Organization\",\"@id\":\"https:\/\/www.news33.tv\/#organization\",\"name\":\"News33.tv Media\",\"url\":\"https:\/\/www.news33.tv\/\",\"logo\":{\"@type\":\"ImageObject\",\"inLanguage\":\"en-US\",\"@id\":\"https:\/\/www.news33.tv\/#\/schema\/logo\/image\/\",\"url\":\"https:\/\/www.press7.tv\/wp-content\/uploads\/2024\/02\/logo-news33-black.png\",\"contentUrl\":\"https:\/\/www.press7.tv\/wp-content\/uploads\/2024\/02\/logo-news33-black.png\",\"width\":180,\"height\":37,\"caption\":\"News33.tv Media\"},\"image\":{\"@id\":\"https:\/\/www.news33.tv\/#\/schema\/logo\/image\/\"},\"sameAs\":[\"https:\/\/www.facebook.com\/press7.tv\"]},{\"@type\":\"Person\",\"@id\":\"https:\/\/www.news33.tv\/#\/schema\/person\/5a04a38a23ccdba82f9bd665cd8f9efa\",\"name\":\"gazetar2\",\"image\":{\"@type\":\"ImageObject\",\"inLanguage\":\"en-US\",\"@id\":\"https:\/\/www.news33.tv\/#\/schema\/person\/image\/\",\"url\":\"https:\/\/www.press7.tv\/wp-content\/litespeed\/avatar\/41975e402c3049d9ddb03adca8f7a883.jpg?ver=1777169572\",\"contentUrl\":\"https:\/\/www.press7.tv\/wp-content\/litespeed\/avatar\/41975e402c3049d9ddb03adca8f7a883.jpg?ver=1777169572\",\"caption\":\"gazetar2\"},\"url\":\"https:\/\/www.press7.tv\/?author=8\"}]}<\/script>\n<!-- \/ Yoast SEO plugin. -->","yoast_head_json":{"title":"Komuna e Tetov\u00ebs nes\u00ebr shpall dit\u00eb zie p\u00ebr vdekjen e k\u00ebng\u00ebtarit Shpat Kasapi - press7.tv","robots":{"index":"index","follow":"follow","max-snippet":"max-snippet:-1","max-image-preview":"max-image-preview:large","max-video-preview":"max-video-preview:-1"},"canonical":"https:\/\/www.press7.tv\/?p=23876","og_locale":"en_US","og_type":"article","og_title":"Komuna e Tetov\u00ebs nes\u00ebr shpall dit\u00eb zie p\u00ebr vdekjen e k\u00ebng\u00ebtarit Shpat Kasapi - press7.tv","og_description":"Komuna e Tetov\u00ebs ka njoftuar se nes\u00ebr, t\u00eb h\u00ebn\u00ebn m\u00eb 1 dhjetor 2025, do t\u00eb shpall\u00eb dit\u00eb zie n\u00eb gjith\u00eb territorin e saj, n\u00eb nderim t\u00eb k\u00ebng\u00ebtarit t\u00eb njohur Shpat Kasapi, i cili nd\u00ebrroi jet\u00eb. N\u00eb njoftimin zyrtar theksohet se Shpat Kasapi ka dh\u00ebn\u00eb nj\u00eb kontribut t\u00eb r\u00ebnd\u00ebsish\u00ebm n\u00eb zhvillimin e kultur\u00ebs dhe muzik\u00ebs n\u00eb [&hellip;]","og_url":"https:\/\/www.press7.tv\/?p=23876","og_site_name":"press7.tv","article_publisher":"https:\/\/www.facebook.com\/press7.tv","article_published_time":"2025-11-30T16:28:14+00:00","og_image":[{"width":850,"height":487,"url":"https:\/\/www.press7.tv\/wp-content\/uploads\/2025\/11\/IMG_1540.avif","type":"image\/jpeg"}],"author":"gazetar2","twitter_card":"summary_large_image","twitter_misc":{"Written by":"gazetar2","Est. reading time":"1 minute"},"schema":{"@context":"https:\/\/schema.org","@graph":[{"@type":"Article","@id":"https:\/\/www.press7.tv\/?p=23876#article","isPartOf":{"@id":"https:\/\/www.press7.tv\/?p=23876"},"author":{"name":"gazetar2","@id":"https:\/\/www.news33.tv\/#\/schema\/person\/5a04a38a23ccdba82f9bd665cd8f9efa"},"headline":"Komuna e Tetov\u00ebs nes\u00ebr shpall dit\u00eb zie p\u00ebr vdekjen e k\u00ebng\u00ebtarit Shpat Kasapi","datePublished":"2025-11-30T16:28:14+00:00","mainEntityOfPage":{"@id":"https:\/\/www.press7.tv\/?p=23876"},"wordCount":146,"publisher":{"@id":"https:\/\/www.news33.tv\/#organization"},"image":{"@id":"https:\/\/www.press7.tv\/?p=23876#primaryimage"},"thumbnailUrl":"https:\/\/www.press7.tv\/wp-content\/uploads\/2025\/11\/IMG_1540.avif","articleSection":["Lajme","Maqedoni"],"inLanguage":"en-US"},{"@type":"WebPage","@id":"https:\/\/www.press7.tv\/?p=23876","url":"https:\/\/www.press7.tv\/?p=23876","name":"Komuna e Tetov\u00ebs nes\u00ebr shpall dit\u00eb zie p\u00ebr vdekjen e k\u00ebng\u00ebtarit Shpat Kasapi - press7.tv","isPartOf":{"@id":"https:\/\/www.news33.tv\/#website"},"primaryImageOfPage":{"@id":"https:\/\/www.press7.tv\/?p=23876#primaryimage"},"image":{"@id":"https:\/\/www.press7.tv\/?p=23876#primaryimage"},"thumbnailUrl":"https:\/\/www.press7.tv\/wp-content\/uploads\/2025\/11\/IMG_1540.avif","datePublished":"2025-11-30T16:28:14+00:00","breadcrumb":{"@id":"https:\/\/www.press7.tv\/?p=23876#breadcrumb"},"inLanguage":"en-US","potentialAction":[{"@type":"ReadAction","target":["https:\/\/www.press7.tv\/?p=23876"]}]},{"@type":"ImageObject","inLanguage":"en-US","@id":"https:\/\/www.press7.tv\/?p=23876#primaryimage","url":"https:\/\/www.press7.tv\/wp-content\/uploads\/2025\/11\/IMG_1540.avif","contentUrl":"https:\/\/www.press7.tv\/wp-content\/uploads\/2025\/11\/IMG_1540.avif","width":850,"height":487},{"@type":"BreadcrumbList","@id":"https:\/\/www.press7.tv\/?p=23876#breadcrumb","itemListElement":[{"@type":"ListItem","position":1,"name":"Home","item":"https:\/\/www.press7.tv\/"},{"@type":"ListItem","position":2,"name":"Komuna e Tetov\u00ebs nes\u00ebr shpall dit\u00eb zie p\u00ebr vdekjen e k\u00ebng\u00ebtarit Shpat Kasapi"}]},{"@type":"WebSite","@id":"https:\/\/www.news33.tv\/#website","url":"https:\/\/www.news33.tv\/","name":"News33.tv Media","description":"Media","publisher":{"@id":"https:\/\/www.news33.tv\/#organization"},"potentialAction":[{"@type":"SearchAction","target":{"@type":"EntryPoint","urlTemplate":"https:\/\/www.news33.tv\/?s={search_term_string}"},"query-input":{"@type":"PropertyValueSpecification","valueRequired":true,"valueName":"search_term_string"}}],"inLanguage":"en-US"},{"@type":"Organization","@id":"https:\/\/www.news33.tv\/#organization","name":"News33.tv Media","url":"https:\/\/www.news33.tv\/","logo":{"@type":"ImageObject","inLanguage":"en-US","@id":"https:\/\/www.news33.tv\/#\/schema\/logo\/image\/","url":"https:\/\/www.press7.tv\/wp-content\/uploads\/2024\/02\/logo-news33-black.png","contentUrl":"https:\/\/www.press7.tv\/wp-content\/uploads\/2024\/02\/logo-news33-black.png","width":180,"height":37,"caption":"News33.tv Media"},"image":{"@id":"https:\/\/www.news33.tv\/#\/schema\/logo\/image\/"},"sameAs":["https:\/\/www.facebook.com\/press7.tv"]},{"@type":"Person","@id":"https:\/\/www.news33.tv\/#\/schema\/person\/5a04a38a23ccdba82f9bd665cd8f9efa","name":"gazetar2","image":{"@type":"ImageObject","inLanguage":"en-US","@id":"https:\/\/www.news33.tv\/#\/schema\/person\/image\/","url":"https:\/\/www.press7.tv\/wp-content\/litespeed\/avatar\/41975e402c3049d9ddb03adca8f7a883.jpg?ver=1777169572","contentUrl":"https:\/\/www.press7.tv\/wp-content\/litespeed\/avatar\/41975e402c3049d9ddb03adca8f7a883.jpg?ver=1777169572","caption":"gazetar2"},"url":"https:\/\/www.press7.tv\/?author=8"}]}},"amp_enabled":true,"_links":{"self":[{"href":"https:\/\/www.press7.tv\/index.php?rest_route=\/wp\/v2\/posts\/23876","targetHints":{"allow":["GET"]}}],"collection":[{"href":"https:\/\/www.press7.tv\/index.php?rest_route=\/wp\/v2\/posts"}],"about":[{"href":"https:\/\/www.press7.tv\/index.php?rest_route=\/wp\/v2\/types\/post"}],"author":[{"embeddable":true,"href":"https:\/\/www.press7.tv\/index.php?rest_route=\/wp\/v2\/users\/8"}],"replies":[{"embeddable":true,"href":"https:\/\/www.press7.tv\/index.php?rest_route=%2Fwp%2Fv2%2Fcomments&post=23876"}],"version-history":[{"count":1,"href":"https:\/\/www.press7.tv\/index.php?rest_route=\/wp\/v2\/posts\/23876\/revisions"}],"predecessor-version":[{"id":23878,"href":"https:\/\/www.press7.tv\/index.php?rest_route=\/wp\/v2\/posts\/23876\/revisions\/23878"}],"wp:featuredmedia":[{"embeddable":true,"href":"https:\/\/www.press7.tv\/index.php?rest_route=\/wp\/v2\/media\/23877"}],"wp:attachment":[{"href":"https:\/\/www.press7.tv\/index.php?rest_route=%2Fwp%2Fv2%2Fmedia&parent=23876"}],"wp:term":[{"taxonomy":"category","embeddable":true,"href":"https:\/\/www.press7.tv\/index.php?rest_route=%2Fwp%2Fv2%2Fcategories&post=23876"},{"taxonomy":"post_tag","embeddable":true,"href":"https:\/\/www.press7.tv\/index.php?rest_route=%2Fwp%2Fv2%2Ftags&post=23876"}],"curies":[{"name":"wp","href":"https:\/\/api.w.org\/{rel}","templated":true}]}}