{"id":23183,"date":"2025-11-01T15:50:46","date_gmt":"2025-11-01T15:50:46","guid":{"rendered":"https:\/\/www.press7.tv\/?p=23183"},"modified":"2025-11-01T15:50:46","modified_gmt":"2025-11-01T15:50:46","slug":"projekt-rezoluta-amerikane-qe-bllokon-perfundimisht-ndarjen-e-kosoves-profesori-jep-detajet","status":"publish","type":"post","link":"https:\/\/www.press7.tv\/?p=23183","title":{"rendered":"Projekt-rezoluta amerikane q\u00eb bllokon p\u00ebrfundimisht ndarjen e Kosov\u00ebs \u2013 profesori jep detajet"},"content":{"rendered":"\n    <div class=\"xs_social_share_widget xs_share_url before_content \t\tmain_content  wslu-style-2 wslu-share-box-shaped wslu-fill-colored wslu-share-m-5 wslu-none wslu-share-vertical wslu-theme-font-no wslu-main_content\">\n\n\t\t\n        <ul>\n\t\t\t        <\/ul>\n    <\/div> \n<p>Dy senator\u00eb amerikan\u00eb kan\u00eb paralajm\u00ebruar nj\u00eb projekt-rezolut\u00eb t\u00eb r\u00ebnd\u00ebsishme t\u00eb titulluar \u201cAkti i Demokracis\u00eb dhe Progresit n\u00eb Ballkanin Per\u00ebndimor\u201d.<\/p>\n<p>Kjo nism\u00eb ligjore, e cila pritet t\u00eb shqyrtohet n\u00eb Senatin amerikan, synon t\u00eb forcoj\u00eb stabilitetin dhe demokracin\u00eb n\u00eb rajon, duke i dh\u00ebn\u00eb fund \u00e7do ideje p\u00ebr ndryshim kufijsh apo ndarje t\u00eb Kosov\u00ebs.<\/p>\n<p>Lidhur me k\u00ebt\u00eb zhvillim, profesor, doktor Enver Byty\u00e7i ka dh\u00ebn\u00eb nj\u00eb prononcim p\u00ebr \u201cBota sot\u201d, ku analizon r\u00ebnd\u00ebsin\u00eb e saj p\u00ebr paqen dhe sigurin\u00eb n\u00eb Ballkanin Per\u00ebndimor.<\/p>\n<p>Byty\u00e7i thot\u00eb se miratimi i k\u00ebsaj projekt-rezolute do t\u00eb p\u00ebrfaq\u00ebsonte nj\u00eb garanci t\u00eb fort\u00eb amerikane p\u00ebr stabilitet dhe siguri n\u00eb rajon.<\/p>\n<p>\u201cDy senator\u00eb amerikan\u00eb kan\u00eb p\u00ebrgatitur para pak jav\u00ebsh nj\u00eb projekt-rezolut\u00eb, t\u00eb titulluar: \u2018Akti i Demokracis\u00eb dhe Progresit n\u00eb Ballkanin Perendimor\u2019 dhe e kan\u00eb d\u00ebrguar p\u00ebr miratim n\u00eb legjislativ. N\u00ebse kjo projekt-rezolut\u00eb miratohet n\u00eb Senat dhe n\u00ebnshkruhet nga presidenti Donald Trump, at\u00ebher\u00eb sipas saj, rajoni yn\u00eb fiton garanci t\u00eb plota p\u00ebr stabilitet, paqe dhe siguri. Kjo sepse pas saj SHBA-t\u00eb p\u00ebrcaktohen ligj\u00ebrisht p\u00ebr mosndryshimin e kufijve dhe mb\u00ebshtetjen e demokracis\u00eb n\u00eb vendet e Ballkanit Perendimor, si mjete t\u00eb k\u00ebtij stabiliteti\u201d, deklaron Byty\u00e7i.<\/p>\n<p>Byty\u00e7i n\u00ebnvizon se projekt-rezoluta p\u00ebrcakton qart\u00eb se territori i Kosov\u00ebs nuk mund t\u00eb tjet\u00ebrsohet.<\/p>\n<p>\u201cProjekt-rezoluta specifikon edhe vendimin q\u00eb territori i Kosov\u00ebs t\u00eb mos tjet\u00ebrsohet. N\u00eb Beograd e gjetk\u00eb, por edhe nga disa shqip-fol\u00ebs ende pritet q\u00eb politika amerikane e Donald Trump t\u00eb angazhohet p\u00ebr \u2018zgjidhjen\u2019 e konfliktit midis Kosov\u00ebs e Serbis\u00eb p\u00ebrmes ndarjes s\u00eb Kosov\u00ebs\u201d, thekson ai.<\/p>\n<p>\u201cKa prej atyre q\u00eb hapur deklarojn\u00eb n\u00eb ekrane televizive p\u00ebr opsionin e shk\u00ebmbimit t\u00eb territoreve, madje e thon\u00eb k\u00ebt\u00eb me mburrje gjithnj\u00eb n\u00eb em\u00ebr t\u00eb liris\u00eb s\u00eb fjal\u00ebs dhe t\u00eb mendimit\u201d, shton Byty\u00e7i.<\/p>\n<p>Profesori kujton nj\u00eb debat televiziv ku i ishte b\u00ebr\u00eb nj\u00eb pyetje provokuese lidhur me ndarjen e Kosov\u00ebs.<\/p>\n<p>\u201cN\u00eb nj\u00eb intervist\u00eb televizive moderatori m\u00eb the nj\u00ebher\u00eb se \u2018Ti je p\u00ebr respektimin e territorit t\u00eb Kosov\u00ebs. Po sikur Donald Trump t\u00eb doj\u00eb ta ndaj\u00eb, kush do ta ndaloj\u00eb\u2019? Ishte nj\u00eb pyetje sa cinike dhe e pa shpres\u00eb. Natyrsh\u00ebm m\u00eb doli p\u00ebrgjigja: \u2018Ata q\u00eb jan\u00eb t\u00eb fuqish\u00ebm mund ta ndajn\u00eb Kosov\u00ebn, por ka dy gj\u00ebra: un\u00eb nuk do jem kurr\u00eb dakord ta pranoj k\u00ebt\u00eb ndarje dhe nuk duhet t\u00eb ket\u00eb ndonj\u00eb lider shqiptar q\u00eb ta n\u00ebnshkruaj\u00eb k\u00ebt\u00eb\u201d, rr\u00ebfen Byty\u00e7i.<\/p>\n<p>Sipas tij, projekt-rezoluta i jep fund p\u00ebrfundimisht spekulimeve p\u00ebr ndarje, shk\u00ebmbim apo korrigjim kufijsh.<\/p>\n<p>\u201cProjekt-rezoluta i jep fund spekullimeve. Nuk lejon m\u00eb as t\u00eb diskutohet mund\u00ebsia e shk\u00ebmbimit t\u00eb territoreve, ndryshimit apo korrigjimit t\u00eb kufijve dhe ndarja e Kosov\u00ebs. Kjo projekt-rezolut\u00eb vlen edhe p\u00ebr Republik\u00ebn Srpska t\u00eb Bosnj\u00eb-Hercegovin\u00ebs, ku politikan\u00ebt serb\u00eb kan\u00eb k\u00ebrc\u00ebnuar vazhdimisht p\u00ebr ndarjen nga shteti i DAYTON-it\u201d, shprehet Byty\u00e7i.<\/p>\n<p>Ai shton se nisma e re do t\u00eb ndihmoj\u00eb n\u00eb forcimin e unitarizmit shtet\u00ebror n\u00eb Bosnj\u00eb e Hercegovin\u00eb dhe Kosov\u00eb.<\/p>\n<p>\u201cN\u00eb fakt un\u00eb pres forcimin e unitarizmit t\u00eb shtetit t\u00eb BH dhe t\u00eb Kosov\u00ebs. Heqjen e disa pengesave kushtetuese q\u00eb ndikojn\u00eb negativisht n\u00eb funksionimin e shtetit, si n\u00eb politikat e brendshme edhe n\u00eb ato t\u00eb jashtme\u201d, thot\u00eb Byty\u00e7i.<\/p>\n<p>\u201cDepartamenti i Shtetit Amerikan ka hequr sanksionet ndaj ish-presidentit t\u00eb Republik\u00ebs Srpska, Milorad Dodik dhe shum\u00eb personaliteteve t\u00eb tjera. Ky akt lidhet me angazhimin e tyre p\u00ebr t\u00eb respektuar shtet\u00ebsin\u00eb e Bosnj\u00eb-Hercegovin\u00ebs dhe p\u00ebr ta forcuar at\u00eb.\u201d<\/p>\n<p>Profesori shpjegon se k\u00ebto zhvillime lidhen drejtp\u00ebrdrejt me politik\u00ebn amerikane p\u00ebr stabilitet dhe siguri n\u00eb rajon.<\/p>\n<p>\u201cNuk ka asnj\u00eb mund\u00ebsi q\u00eb sanksionet ndaj Dodik t\u00eb hiqeshin pa garanci n\u00eb k\u00ebt\u00eb drejtim, sepse politika e SHBA-ve \u00ebsht\u00eb stabiliteti, paqja dhe siguria n\u00eb Ballkan\u201d, thekson ai.<\/p>\n<p>Byty\u00e7i beson se projekt-rezoluta e re do t\u00eb miratohet dhe do t\u00eb zbatohet me sukses.<\/p>\n<p>\u201cN\u00ebse marrim parasysh k\u00ebt\u00eb zhvillim, at\u00ebher\u00eb b\u00ebhet m\u00eb e leht\u00eb q\u00eb projekt-rezoluta e dy senator\u00ebve amerikan\u00eb p\u00ebr Ballkanin t\u00eb miratohet dhe t\u00eb zbatohet me sukses. \u00cbsht\u00eb pak e \u00e7uditshme se si Dodik mund t\u00eb shk\u00ebputet aq leht\u00eb nga ndikimi rus, por administrata e Trump ka b\u00ebr\u00eb mrekulli m\u00eb t\u00eb m\u00ebdha sesa kjo\u201d, shprehet Byty\u00e7i.<\/p>\n<p>Sipas tij, kjo nism\u00eb do t\u00eb p\u00ebrcaktoj\u00eb p\u00ebrfundimisht zon\u00ebn e ndikimit per\u00ebndimor n\u00eb rajon dhe do ta b\u00ebj\u00eb Kosov\u00ebn qend\u00ebr t\u00eb interesave amerikane dhe evropiane.<\/p>\n<p>\u201cN\u00ebse ndodh n\u00ebnshkrimi i rezolut\u00ebs nga presidenti Trump, at\u00ebher\u00eb vendoset p\u00ebrfundimisht trari i zon\u00ebs s\u00eb influenc\u00ebs p\u00ebrtej Ballkanit n\u00eb drejtim t\u00eb Lindjes. N\u00eb k\u00ebt\u00eb kuptim, shtet\u00ebsia e Kosov\u00ebs merr form\u00eb p\u00ebrfundimtare dhe madje Kosova do t\u00eb b\u00ebhet nyja e p\u00ebrfaq\u00ebsimit t\u00eb interesave amerikane dhe europiane n\u00eb rajonin ton\u00eb\u201d, n\u00ebnvizon Byty\u00e7i.<\/p>\n<p>N\u00eb fund, profesori kujton edhe mesazhin q\u00eb Donald Trump i kishte d\u00ebrguar presidentes s\u00eb Kosov\u00ebs m\u00eb 17 shkurt.<\/p>\n<p>\u201cK\u00ebt\u00eb besim ma p\u00ebrforcon fakti q\u00eb presidenti Trump shprehej qart\u00eb m\u00eb 17 shkurt t\u00eb k\u00ebtij viti n\u00eb letr\u00ebn drejtuar zonj\u00ebs Osmani, duke mos e p\u00ebrmendur asnj\u00ebher\u00eb dialogun me Serbin\u00eb dhe duke theksuar marr\u00ebdh\u00ebniet e reja me SHBA-n\u00eb n\u00eb fush\u00ebn e ekonomis\u00eb e t\u00eb biznesit\u201d, p\u00ebrfundon Prof. Dr. Enver Byty\u00e7i.<\/p>\n","protected":false},"excerpt":{"rendered":"<p>Dy senator\u00eb amerikan\u00eb kan\u00eb paralajm\u00ebruar nj\u00eb projekt-rezolut\u00eb t\u00eb r\u00ebnd\u00ebsishme t\u00eb titulluar \u201cAkti i Demokracis\u00eb dhe Progresit n\u00eb Ballkanin Per\u00ebndimor\u201d. Kjo nism\u00eb ligjore, e cila pritet t\u00eb shqyrtohet n\u00eb Senatin amerikan, synon t\u00eb forcoj\u00eb stabilitetin dhe demokracin\u00eb n\u00eb rajon, duke i dh\u00ebn\u00eb fund \u00e7do ideje p\u00ebr ndryshim kufijsh apo ndarje t\u00eb Kosov\u00ebs. Lidhur me k\u00ebt\u00eb zhvillim, [&hellip;]<\/p>\n","protected":false},"author":8,"featured_media":23184,"comment_status":"closed","ping_status":"closed","sticky":false,"template":"","format":"standard","meta":{"footnotes":""},"categories":[215,213],"tags":[],"class_list":["post-23183","post","type-post","status-publish","format-standard","has-post-thumbnail","hentry","category-kosove","category-lajme"],"yoast_head":"<!-- This site is optimized with the Yoast SEO plugin v25.1 - https:\/\/yoast.com\/wordpress\/plugins\/seo\/ -->\n<title>Projekt-rezoluta amerikane q\u00eb bllokon p\u00ebrfundimisht ndarjen e Kosov\u00ebs \u2013 profesori jep detajet - press7.tv<\/title>\n<meta name=\"robots\" content=\"index, follow, max-snippet:-1, max-image-preview:large, max-video-preview:-1\" \/>\n<link rel=\"canonical\" href=\"https:\/\/www.press7.tv\/?p=23183\" \/>\n<meta property=\"og:locale\" content=\"en_US\" \/>\n<meta property=\"og:type\" content=\"article\" \/>\n<meta property=\"og:title\" content=\"Projekt-rezoluta amerikane q\u00eb bllokon p\u00ebrfundimisht ndarjen e Kosov\u00ebs \u2013 profesori jep detajet - press7.tv\" \/>\n<meta property=\"og:description\" content=\"Dy senator\u00eb amerikan\u00eb kan\u00eb paralajm\u00ebruar nj\u00eb projekt-rezolut\u00eb t\u00eb r\u00ebnd\u00ebsishme t\u00eb titulluar \u201cAkti i Demokracis\u00eb dhe Progresit n\u00eb Ballkanin Per\u00ebndimor\u201d. Kjo nism\u00eb ligjore, e cila pritet t\u00eb shqyrtohet n\u00eb Senatin amerikan, synon t\u00eb forcoj\u00eb stabilitetin dhe demokracin\u00eb n\u00eb rajon, duke i dh\u00ebn\u00eb fund \u00e7do ideje p\u00ebr ndryshim kufijsh apo ndarje t\u00eb Kosov\u00ebs. Lidhur me k\u00ebt\u00eb zhvillim, [&hellip;]\" \/>\n<meta property=\"og:url\" content=\"https:\/\/www.press7.tv\/?p=23183\" \/>\n<meta property=\"og:site_name\" content=\"press7.tv\" \/>\n<meta property=\"article:publisher\" content=\"https:\/\/www.facebook.com\/press7.tv\" \/>\n<meta property=\"article:published_time\" content=\"2025-11-01T15:50:46+00:00\" \/>\n<meta property=\"og:image\" content=\"https:\/\/www.press7.tv\/wp-content\/uploads\/2025\/11\/IMG_0565.avif\" \/>\n\t<meta property=\"og:image:width\" content=\"800\" \/>\n\t<meta property=\"og:image:height\" content=\"445\" \/>\n\t<meta property=\"og:image:type\" content=\"image\/jpeg\" \/>\n<meta name=\"author\" content=\"gazetar2\" \/>\n<meta name=\"twitter:card\" content=\"summary_large_image\" \/>\n<meta name=\"twitter:label1\" content=\"Written by\" \/>\n\t<meta name=\"twitter:data1\" content=\"gazetar2\" \/>\n\t<meta name=\"twitter:label2\" content=\"Est. reading time\" \/>\n\t<meta name=\"twitter:data2\" content=\"1 minute\" \/>\n<script type=\"application\/ld+json\" class=\"yoast-schema-graph\">{\"@context\":\"https:\/\/schema.org\",\"@graph\":[{\"@type\":\"Article\",\"@id\":\"https:\/\/www.press7.tv\/?p=23183#article\",\"isPartOf\":{\"@id\":\"https:\/\/www.press7.tv\/?p=23183\"},\"author\":{\"name\":\"gazetar2\",\"@id\":\"https:\/\/www.news33.tv\/#\/schema\/person\/5a04a38a23ccdba82f9bd665cd8f9efa\"},\"headline\":\"Projekt-rezoluta amerikane q\u00eb bllokon p\u00ebrfundimisht ndarjen e Kosov\u00ebs \u2013 profesori jep detajet\",\"datePublished\":\"2025-11-01T15:50:46+00:00\",\"mainEntityOfPage\":{\"@id\":\"https:\/\/www.press7.tv\/?p=23183\"},\"wordCount\":936,\"publisher\":{\"@id\":\"https:\/\/www.news33.tv\/#organization\"},\"image\":{\"@id\":\"https:\/\/www.press7.tv\/?p=23183#primaryimage\"},\"thumbnailUrl\":\"https:\/\/www.press7.tv\/wp-content\/uploads\/2025\/11\/IMG_0565.avif\",\"articleSection\":[\"Kosov\u00eb\",\"Lajme\"],\"inLanguage\":\"en-US\"},{\"@type\":\"WebPage\",\"@id\":\"https:\/\/www.press7.tv\/?p=23183\",\"url\":\"https:\/\/www.press7.tv\/?p=23183\",\"name\":\"Projekt-rezoluta amerikane q\u00eb bllokon p\u00ebrfundimisht ndarjen e Kosov\u00ebs \u2013 profesori jep detajet - press7.tv\",\"isPartOf\":{\"@id\":\"https:\/\/www.news33.tv\/#website\"},\"primaryImageOfPage\":{\"@id\":\"https:\/\/www.press7.tv\/?p=23183#primaryimage\"},\"image\":{\"@id\":\"https:\/\/www.press7.tv\/?p=23183#primaryimage\"},\"thumbnailUrl\":\"https:\/\/www.press7.tv\/wp-content\/uploads\/2025\/11\/IMG_0565.avif\",\"datePublished\":\"2025-11-01T15:50:46+00:00\",\"breadcrumb\":{\"@id\":\"https:\/\/www.press7.tv\/?p=23183#breadcrumb\"},\"inLanguage\":\"en-US\",\"potentialAction\":[{\"@type\":\"ReadAction\",\"target\":[\"https:\/\/www.press7.tv\/?p=23183\"]}]},{\"@type\":\"ImageObject\",\"inLanguage\":\"en-US\",\"@id\":\"https:\/\/www.press7.tv\/?p=23183#primaryimage\",\"url\":\"https:\/\/www.press7.tv\/wp-content\/uploads\/2025\/11\/IMG_0565.avif\",\"contentUrl\":\"https:\/\/www.press7.tv\/wp-content\/uploads\/2025\/11\/IMG_0565.avif\",\"width\":800,\"height\":445},{\"@type\":\"BreadcrumbList\",\"@id\":\"https:\/\/www.press7.tv\/?p=23183#breadcrumb\",\"itemListElement\":[{\"@type\":\"ListItem\",\"position\":1,\"name\":\"Home\",\"item\":\"https:\/\/www.press7.tv\/\"},{\"@type\":\"ListItem\",\"position\":2,\"name\":\"Projekt-rezoluta amerikane q\u00eb bllokon p\u00ebrfundimisht ndarjen e Kosov\u00ebs \u2013 profesori jep detajet\"}]},{\"@type\":\"WebSite\",\"@id\":\"https:\/\/www.news33.tv\/#website\",\"url\":\"https:\/\/www.news33.tv\/\",\"name\":\"News33.tv Media\",\"description\":\"Media\",\"publisher\":{\"@id\":\"https:\/\/www.news33.tv\/#organization\"},\"potentialAction\":[{\"@type\":\"SearchAction\",\"target\":{\"@type\":\"EntryPoint\",\"urlTemplate\":\"https:\/\/www.news33.tv\/?s={search_term_string}\"},\"query-input\":{\"@type\":\"PropertyValueSpecification\",\"valueRequired\":true,\"valueName\":\"search_term_string\"}}],\"inLanguage\":\"en-US\"},{\"@type\":\"Organization\",\"@id\":\"https:\/\/www.news33.tv\/#organization\",\"name\":\"News33.tv Media\",\"url\":\"https:\/\/www.news33.tv\/\",\"logo\":{\"@type\":\"ImageObject\",\"inLanguage\":\"en-US\",\"@id\":\"https:\/\/www.news33.tv\/#\/schema\/logo\/image\/\",\"url\":\"https:\/\/www.press7.tv\/wp-content\/uploads\/2024\/02\/logo-news33-black.png\",\"contentUrl\":\"https:\/\/www.press7.tv\/wp-content\/uploads\/2024\/02\/logo-news33-black.png\",\"width\":180,\"height\":37,\"caption\":\"News33.tv Media\"},\"image\":{\"@id\":\"https:\/\/www.news33.tv\/#\/schema\/logo\/image\/\"},\"sameAs\":[\"https:\/\/www.facebook.com\/press7.tv\"]},{\"@type\":\"Person\",\"@id\":\"https:\/\/www.news33.tv\/#\/schema\/person\/5a04a38a23ccdba82f9bd665cd8f9efa\",\"name\":\"gazetar2\",\"image\":{\"@type\":\"ImageObject\",\"inLanguage\":\"en-US\",\"@id\":\"https:\/\/www.news33.tv\/#\/schema\/person\/image\/\",\"url\":\"https:\/\/www.press7.tv\/wp-content\/litespeed\/avatar\/41975e402c3049d9ddb03adca8f7a883.jpg?ver=1777169572\",\"contentUrl\":\"https:\/\/www.press7.tv\/wp-content\/litespeed\/avatar\/41975e402c3049d9ddb03adca8f7a883.jpg?ver=1777169572\",\"caption\":\"gazetar2\"},\"url\":\"https:\/\/www.press7.tv\/?author=8\"}]}<\/script>\n<!-- \/ Yoast SEO plugin. -->","yoast_head_json":{"title":"Projekt-rezoluta amerikane q\u00eb bllokon p\u00ebrfundimisht ndarjen e Kosov\u00ebs \u2013 profesori jep detajet - press7.tv","robots":{"index":"index","follow":"follow","max-snippet":"max-snippet:-1","max-image-preview":"max-image-preview:large","max-video-preview":"max-video-preview:-1"},"canonical":"https:\/\/www.press7.tv\/?p=23183","og_locale":"en_US","og_type":"article","og_title":"Projekt-rezoluta amerikane q\u00eb bllokon p\u00ebrfundimisht ndarjen e Kosov\u00ebs \u2013 profesori jep detajet - press7.tv","og_description":"Dy senator\u00eb amerikan\u00eb kan\u00eb paralajm\u00ebruar nj\u00eb projekt-rezolut\u00eb t\u00eb r\u00ebnd\u00ebsishme t\u00eb titulluar \u201cAkti i Demokracis\u00eb dhe Progresit n\u00eb Ballkanin Per\u00ebndimor\u201d. Kjo nism\u00eb ligjore, e cila pritet t\u00eb shqyrtohet n\u00eb Senatin amerikan, synon t\u00eb forcoj\u00eb stabilitetin dhe demokracin\u00eb n\u00eb rajon, duke i dh\u00ebn\u00eb fund \u00e7do ideje p\u00ebr ndryshim kufijsh apo ndarje t\u00eb Kosov\u00ebs. Lidhur me k\u00ebt\u00eb zhvillim, [&hellip;]","og_url":"https:\/\/www.press7.tv\/?p=23183","og_site_name":"press7.tv","article_publisher":"https:\/\/www.facebook.com\/press7.tv","article_published_time":"2025-11-01T15:50:46+00:00","og_image":[{"width":800,"height":445,"url":"https:\/\/www.press7.tv\/wp-content\/uploads\/2025\/11\/IMG_0565.avif","type":"image\/jpeg"}],"author":"gazetar2","twitter_card":"summary_large_image","twitter_misc":{"Written by":"gazetar2","Est. reading time":"1 minute"},"schema":{"@context":"https:\/\/schema.org","@graph":[{"@type":"Article","@id":"https:\/\/www.press7.tv\/?p=23183#article","isPartOf":{"@id":"https:\/\/www.press7.tv\/?p=23183"},"author":{"name":"gazetar2","@id":"https:\/\/www.news33.tv\/#\/schema\/person\/5a04a38a23ccdba82f9bd665cd8f9efa"},"headline":"Projekt-rezoluta amerikane q\u00eb bllokon p\u00ebrfundimisht ndarjen e Kosov\u00ebs \u2013 profesori jep detajet","datePublished":"2025-11-01T15:50:46+00:00","mainEntityOfPage":{"@id":"https:\/\/www.press7.tv\/?p=23183"},"wordCount":936,"publisher":{"@id":"https:\/\/www.news33.tv\/#organization"},"image":{"@id":"https:\/\/www.press7.tv\/?p=23183#primaryimage"},"thumbnailUrl":"https:\/\/www.press7.tv\/wp-content\/uploads\/2025\/11\/IMG_0565.avif","articleSection":["Kosov\u00eb","Lajme"],"inLanguage":"en-US"},{"@type":"WebPage","@id":"https:\/\/www.press7.tv\/?p=23183","url":"https:\/\/www.press7.tv\/?p=23183","name":"Projekt-rezoluta amerikane q\u00eb bllokon p\u00ebrfundimisht ndarjen e Kosov\u00ebs \u2013 profesori jep detajet - press7.tv","isPartOf":{"@id":"https:\/\/www.news33.tv\/#website"},"primaryImageOfPage":{"@id":"https:\/\/www.press7.tv\/?p=23183#primaryimage"},"image":{"@id":"https:\/\/www.press7.tv\/?p=23183#primaryimage"},"thumbnailUrl":"https:\/\/www.press7.tv\/wp-content\/uploads\/2025\/11\/IMG_0565.avif","datePublished":"2025-11-01T15:50:46+00:00","breadcrumb":{"@id":"https:\/\/www.press7.tv\/?p=23183#breadcrumb"},"inLanguage":"en-US","potentialAction":[{"@type":"ReadAction","target":["https:\/\/www.press7.tv\/?p=23183"]}]},{"@type":"ImageObject","inLanguage":"en-US","@id":"https:\/\/www.press7.tv\/?p=23183#primaryimage","url":"https:\/\/www.press7.tv\/wp-content\/uploads\/2025\/11\/IMG_0565.avif","contentUrl":"https:\/\/www.press7.tv\/wp-content\/uploads\/2025\/11\/IMG_0565.avif","width":800,"height":445},{"@type":"BreadcrumbList","@id":"https:\/\/www.press7.tv\/?p=23183#breadcrumb","itemListElement":[{"@type":"ListItem","position":1,"name":"Home","item":"https:\/\/www.press7.tv\/"},{"@type":"ListItem","position":2,"name":"Projekt-rezoluta amerikane q\u00eb bllokon p\u00ebrfundimisht ndarjen e Kosov\u00ebs \u2013 profesori jep detajet"}]},{"@type":"WebSite","@id":"https:\/\/www.news33.tv\/#website","url":"https:\/\/www.news33.tv\/","name":"News33.tv Media","description":"Media","publisher":{"@id":"https:\/\/www.news33.tv\/#organization"},"potentialAction":[{"@type":"SearchAction","target":{"@type":"EntryPoint","urlTemplate":"https:\/\/www.news33.tv\/?s={search_term_string}"},"query-input":{"@type":"PropertyValueSpecification","valueRequired":true,"valueName":"search_term_string"}}],"inLanguage":"en-US"},{"@type":"Organization","@id":"https:\/\/www.news33.tv\/#organization","name":"News33.tv Media","url":"https:\/\/www.news33.tv\/","logo":{"@type":"ImageObject","inLanguage":"en-US","@id":"https:\/\/www.news33.tv\/#\/schema\/logo\/image\/","url":"https:\/\/www.press7.tv\/wp-content\/uploads\/2024\/02\/logo-news33-black.png","contentUrl":"https:\/\/www.press7.tv\/wp-content\/uploads\/2024\/02\/logo-news33-black.png","width":180,"height":37,"caption":"News33.tv Media"},"image":{"@id":"https:\/\/www.news33.tv\/#\/schema\/logo\/image\/"},"sameAs":["https:\/\/www.facebook.com\/press7.tv"]},{"@type":"Person","@id":"https:\/\/www.news33.tv\/#\/schema\/person\/5a04a38a23ccdba82f9bd665cd8f9efa","name":"gazetar2","image":{"@type":"ImageObject","inLanguage":"en-US","@id":"https:\/\/www.news33.tv\/#\/schema\/person\/image\/","url":"https:\/\/www.press7.tv\/wp-content\/litespeed\/avatar\/41975e402c3049d9ddb03adca8f7a883.jpg?ver=1777169572","contentUrl":"https:\/\/www.press7.tv\/wp-content\/litespeed\/avatar\/41975e402c3049d9ddb03adca8f7a883.jpg?ver=1777169572","caption":"gazetar2"},"url":"https:\/\/www.press7.tv\/?author=8"}]}},"amp_enabled":true,"_links":{"self":[{"href":"https:\/\/www.press7.tv\/index.php?rest_route=\/wp\/v2\/posts\/23183","targetHints":{"allow":["GET"]}}],"collection":[{"href":"https:\/\/www.press7.tv\/index.php?rest_route=\/wp\/v2\/posts"}],"about":[{"href":"https:\/\/www.press7.tv\/index.php?rest_route=\/wp\/v2\/types\/post"}],"author":[{"embeddable":true,"href":"https:\/\/www.press7.tv\/index.php?rest_route=\/wp\/v2\/users\/8"}],"replies":[{"embeddable":true,"href":"https:\/\/www.press7.tv\/index.php?rest_route=%2Fwp%2Fv2%2Fcomments&post=23183"}],"version-history":[{"count":1,"href":"https:\/\/www.press7.tv\/index.php?rest_route=\/wp\/v2\/posts\/23183\/revisions"}],"predecessor-version":[{"id":23185,"href":"https:\/\/www.press7.tv\/index.php?rest_route=\/wp\/v2\/posts\/23183\/revisions\/23185"}],"wp:featuredmedia":[{"embeddable":true,"href":"https:\/\/www.press7.tv\/index.php?rest_route=\/wp\/v2\/media\/23184"}],"wp:attachment":[{"href":"https:\/\/www.press7.tv\/index.php?rest_route=%2Fwp%2Fv2%2Fmedia&parent=23183"}],"wp:term":[{"taxonomy":"category","embeddable":true,"href":"https:\/\/www.press7.tv\/index.php?rest_route=%2Fwp%2Fv2%2Fcategories&post=23183"},{"taxonomy":"post_tag","embeddable":true,"href":"https:\/\/www.press7.tv\/index.php?rest_route=%2Fwp%2Fv2%2Ftags&post=23183"}],"curies":[{"name":"wp","href":"https:\/\/api.w.org\/{rel}","templated":true}]}}