{"id":23177,"date":"2025-11-01T11:35:59","date_gmt":"2025-11-01T11:35:59","guid":{"rendered":"https:\/\/www.press7.tv\/?p=23177"},"modified":"2025-11-01T11:35:59","modified_gmt":"2025-11-01T11:35:59","slug":"rrjedhja-e-madhe-e-ujit-ne-mitrovice-reagon-kryeshefi-seshte-nga-dora-e-njeriut-po-rritje-e-papritur-e-nivelit","status":"publish","type":"post","link":"https:\/\/www.press7.tv\/?p=23177","title":{"rendered":"Rrjedhja e madhe e ujit n\u00eb Mitrovic\u00eb, reagon kryeshefi: S\u2019\u00ebsht\u00eb nga dora e njeriut, po rritje e papritur e nivelit"},"content":{"rendered":"\n    <div class=\"xs_social_share_widget xs_share_url before_content \t\tmain_content  wslu-style-2 wslu-share-box-shaped wslu-fill-colored wslu-share-m-5 wslu-none wslu-share-vertical wslu-theme-font-no wslu-main_content\">\n\n\t\t\n        <ul>\n\t\t\t        <\/ul>\n    <\/div> \n<p>Nj\u00eb ngritje e papritur e nivelit t\u00eb ujit n\u00eb lumin Ib\u00ebr mbr\u00ebmjen e kaluar ka shkaktuar d\u00ebme materiale n\u00eb punishten e ur\u00ebs s\u00eb re q\u00eb po nd\u00ebrtohet te \u201ctre rrokaqiejt\u201d n\u00eb Mitrovic\u00eb.<\/p>\n<p>Lajmin e ka konfirmuar kryeshefi ekzekutiv i nd\u00ebrmarrjes publike \u201cIb\u00ebr Lepenc\u201d, Faruk Mujka, i cili ka b\u00ebr\u00eb t\u00eb ditur se ngritja e nivelit t\u00eb ujit ka ardhur si pasoj\u00eb e sasis\u00eb s\u00eb madhe t\u00eb reshjeve dit\u00ebve t\u00eb fundit dhe lirimit t\u00eb ujit nga diga e Pridvoric\u00ebs n\u00eb Zubin Potok, p\u00ebr shkak t\u00eb nevoj\u00ebs p\u00ebr menaxhimin e ujit t\u00eb tep\u00ebrt.<\/p>\n<p>\u201cKemi pasur nj\u00eb rritje t\u00eb papritur t\u00eb nivelit t\u00eb ujit n\u00eb lumin Ib\u00ebr, q\u00eb ka shkaktuar disa d\u00ebme materiale. Shkaku i ngritjes \u00ebsht\u00eb sasia e madhe e ujit n\u00eb dig\u00ebn e Pridvoric\u00ebs dhe reshjet e shumta n\u00eb pjes\u00ebn e ep\u00ebrme t\u00eb lumit,\u201d ka sqaruar Mujka.<\/p>\n<p>Ai theksoi se asnj\u00eb dor\u00eb njeriu nuk ka qen\u00eb shkaktare e d\u00ebmit, p\u00ebrkundrazi, ekipet kan\u00eb punuar p\u00ebr ta minimizuar d\u00ebmin dhe p\u00ebr t\u00eb kontrolluar situat\u00ebn sa m\u00eb shpejt.<\/p>\n<p>\u201cMe r\u00ebnd\u00ebsi \u00ebsht\u00eb se konstruksioni i ur\u00ebs nuk \u00ebsht\u00eb rrezikuar. D\u00ebmi \u00ebsht\u00eb minimizuar dhe situata \u00ebsht\u00eb n\u00ebn kontroll\u201d, ka shtuar ai.<\/p>\n<p>Mujka theksoi se niveli i ujit \u00ebsht\u00eb stabilizuar brenda dit\u00ebs, nd\u00ebrsa punimet p\u00ebr sanimin e kanalit kryesor po vazhdojn\u00eb. Ai u b\u00ebri thirrje qytetar\u00ebve q\u00eb rasti t\u00eb mos keqp\u00ebrdoret p\u00ebr q\u00ebllime politike, duke sqaruar se \u00e7do veprim i nd\u00ebrmarr\u00eb ka qen\u00eb teknik dhe profesional.<\/p>\n<p>\u201cKy rast t\u00eb mos p\u00ebrdoret p\u00ebr q\u00ebllime politike apo elektorale, sepse nuk ka fare t\u00eb b\u00ebj\u00eb me to. Kemi qen\u00eb t\u00eb p\u00ebrkushtuar vet\u00ebm p\u00ebr menaxhimin teknik dhe sigurin\u00eb e infrastruktur\u00ebs,\u201d ka deklaruar kryeshefi i \u201cIb\u00ebr Lepencit\u201d.<\/p>\n<p><a href=\"https:\/\/www.facebook.com\/fmujka\/posts\/10230603455297590?ref=embed_post\">https:\/\/www.facebook.com\/fmujka\/posts\/10230603455297590?ref=embed_post<\/a><\/p>\n","protected":false},"excerpt":{"rendered":"<p>Nj\u00eb ngritje e papritur e nivelit t\u00eb ujit n\u00eb lumin Ib\u00ebr mbr\u00ebmjen e kaluar ka shkaktuar d\u00ebme materiale n\u00eb punishten e ur\u00ebs s\u00eb re q\u00eb po nd\u00ebrtohet te \u201ctre rrokaqiejt\u201d n\u00eb Mitrovic\u00eb. Lajmin e ka konfirmuar kryeshefi ekzekutiv i nd\u00ebrmarrjes publike \u201cIb\u00ebr Lepenc\u201d, Faruk Mujka, i cili ka b\u00ebr\u00eb t\u00eb ditur se ngritja e nivelit [&hellip;]<\/p>\n","protected":false},"author":8,"featured_media":23178,"comment_status":"closed","ping_status":"closed","sticky":false,"template":"","format":"standard","meta":{"footnotes":""},"categories":[215,213],"tags":[],"class_list":["post-23177","post","type-post","status-publish","format-standard","has-post-thumbnail","hentry","category-kosove","category-lajme"],"yoast_head":"<!-- This site is optimized with the Yoast SEO plugin v25.1 - https:\/\/yoast.com\/wordpress\/plugins\/seo\/ -->\n<title>Rrjedhja e madhe e ujit n\u00eb Mitrovic\u00eb, reagon kryeshefi: S\u2019\u00ebsht\u00eb nga dora e njeriut, po rritje e papritur e nivelit - press7.tv<\/title>\n<meta name=\"robots\" content=\"index, follow, max-snippet:-1, max-image-preview:large, max-video-preview:-1\" \/>\n<link rel=\"canonical\" href=\"https:\/\/www.press7.tv\/?p=23177\" \/>\n<meta property=\"og:locale\" content=\"en_US\" \/>\n<meta property=\"og:type\" content=\"article\" \/>\n<meta property=\"og:title\" content=\"Rrjedhja e madhe e ujit n\u00eb Mitrovic\u00eb, reagon kryeshefi: S\u2019\u00ebsht\u00eb nga dora e njeriut, po rritje e papritur e nivelit - press7.tv\" \/>\n<meta property=\"og:description\" content=\"Nj\u00eb ngritje e papritur e nivelit t\u00eb ujit n\u00eb lumin Ib\u00ebr mbr\u00ebmjen e kaluar ka shkaktuar d\u00ebme materiale n\u00eb punishten e ur\u00ebs s\u00eb re q\u00eb po nd\u00ebrtohet te \u201ctre rrokaqiejt\u201d n\u00eb Mitrovic\u00eb. Lajmin e ka konfirmuar kryeshefi ekzekutiv i nd\u00ebrmarrjes publike \u201cIb\u00ebr Lepenc\u201d, Faruk Mujka, i cili ka b\u00ebr\u00eb t\u00eb ditur se ngritja e nivelit [&hellip;]\" \/>\n<meta property=\"og:url\" content=\"https:\/\/www.press7.tv\/?p=23177\" \/>\n<meta property=\"og:site_name\" content=\"press7.tv\" \/>\n<meta property=\"article:publisher\" content=\"https:\/\/www.facebook.com\/press7.tv\" \/>\n<meta property=\"article:published_time\" content=\"2025-11-01T11:35:59+00:00\" \/>\n<meta property=\"og:image\" content=\"https:\/\/www.press7.tv\/wp-content\/uploads\/2025\/11\/IMG_0560.avif\" \/>\n\t<meta property=\"og:image:width\" content=\"1320\" \/>\n\t<meta property=\"og:image:height\" content=\"948\" \/>\n\t<meta property=\"og:image:type\" content=\"image\/jpeg\" \/>\n<meta name=\"author\" content=\"gazetar2\" \/>\n<meta name=\"twitter:card\" content=\"summary_large_image\" \/>\n<meta name=\"twitter:label1\" content=\"Written by\" \/>\n\t<meta name=\"twitter:data1\" content=\"gazetar2\" \/>\n\t<meta name=\"twitter:label2\" content=\"Est. reading time\" \/>\n\t<meta name=\"twitter:data2\" content=\"1 minute\" \/>\n<script type=\"application\/ld+json\" class=\"yoast-schema-graph\">{\"@context\":\"https:\/\/schema.org\",\"@graph\":[{\"@type\":\"Article\",\"@id\":\"https:\/\/www.press7.tv\/?p=23177#article\",\"isPartOf\":{\"@id\":\"https:\/\/www.press7.tv\/?p=23177\"},\"author\":{\"name\":\"gazetar2\",\"@id\":\"https:\/\/www.news33.tv\/#\/schema\/person\/5a04a38a23ccdba82f9bd665cd8f9efa\"},\"headline\":\"Rrjedhja e madhe e ujit n\u00eb Mitrovic\u00eb, reagon kryeshefi: S\u2019\u00ebsht\u00eb nga dora e njeriut, po rritje e papritur e nivelit\",\"datePublished\":\"2025-11-01T11:35:59+00:00\",\"mainEntityOfPage\":{\"@id\":\"https:\/\/www.press7.tv\/?p=23177\"},\"wordCount\":344,\"publisher\":{\"@id\":\"https:\/\/www.news33.tv\/#organization\"},\"image\":{\"@id\":\"https:\/\/www.press7.tv\/?p=23177#primaryimage\"},\"thumbnailUrl\":\"https:\/\/www.press7.tv\/wp-content\/uploads\/2025\/11\/IMG_0560.avif\",\"articleSection\":[\"Kosov\u00eb\",\"Lajme\"],\"inLanguage\":\"en-US\"},{\"@type\":\"WebPage\",\"@id\":\"https:\/\/www.press7.tv\/?p=23177\",\"url\":\"https:\/\/www.press7.tv\/?p=23177\",\"name\":\"Rrjedhja e madhe e ujit n\u00eb Mitrovic\u00eb, reagon kryeshefi: S\u2019\u00ebsht\u00eb nga dora e njeriut, po rritje e papritur e nivelit - press7.tv\",\"isPartOf\":{\"@id\":\"https:\/\/www.news33.tv\/#website\"},\"primaryImageOfPage\":{\"@id\":\"https:\/\/www.press7.tv\/?p=23177#primaryimage\"},\"image\":{\"@id\":\"https:\/\/www.press7.tv\/?p=23177#primaryimage\"},\"thumbnailUrl\":\"https:\/\/www.press7.tv\/wp-content\/uploads\/2025\/11\/IMG_0560.avif\",\"datePublished\":\"2025-11-01T11:35:59+00:00\",\"breadcrumb\":{\"@id\":\"https:\/\/www.press7.tv\/?p=23177#breadcrumb\"},\"inLanguage\":\"en-US\",\"potentialAction\":[{\"@type\":\"ReadAction\",\"target\":[\"https:\/\/www.press7.tv\/?p=23177\"]}]},{\"@type\":\"ImageObject\",\"inLanguage\":\"en-US\",\"@id\":\"https:\/\/www.press7.tv\/?p=23177#primaryimage\",\"url\":\"https:\/\/www.press7.tv\/wp-content\/uploads\/2025\/11\/IMG_0560.avif\",\"contentUrl\":\"https:\/\/www.press7.tv\/wp-content\/uploads\/2025\/11\/IMG_0560.avif\",\"width\":1320,\"height\":948},{\"@type\":\"BreadcrumbList\",\"@id\":\"https:\/\/www.press7.tv\/?p=23177#breadcrumb\",\"itemListElement\":[{\"@type\":\"ListItem\",\"position\":1,\"name\":\"Home\",\"item\":\"https:\/\/www.press7.tv\/\"},{\"@type\":\"ListItem\",\"position\":2,\"name\":\"Rrjedhja e madhe e ujit n\u00eb Mitrovic\u00eb, reagon kryeshefi: S\u2019\u00ebsht\u00eb nga dora e njeriut, po rritje e papritur e nivelit\"}]},{\"@type\":\"WebSite\",\"@id\":\"https:\/\/www.news33.tv\/#website\",\"url\":\"https:\/\/www.news33.tv\/\",\"name\":\"News33.tv Media\",\"description\":\"Media\",\"publisher\":{\"@id\":\"https:\/\/www.news33.tv\/#organization\"},\"potentialAction\":[{\"@type\":\"SearchAction\",\"target\":{\"@type\":\"EntryPoint\",\"urlTemplate\":\"https:\/\/www.news33.tv\/?s={search_term_string}\"},\"query-input\":{\"@type\":\"PropertyValueSpecification\",\"valueRequired\":true,\"valueName\":\"search_term_string\"}}],\"inLanguage\":\"en-US\"},{\"@type\":\"Organization\",\"@id\":\"https:\/\/www.news33.tv\/#organization\",\"name\":\"News33.tv Media\",\"url\":\"https:\/\/www.news33.tv\/\",\"logo\":{\"@type\":\"ImageObject\",\"inLanguage\":\"en-US\",\"@id\":\"https:\/\/www.news33.tv\/#\/schema\/logo\/image\/\",\"url\":\"https:\/\/www.press7.tv\/wp-content\/uploads\/2024\/02\/logo-news33-black.png\",\"contentUrl\":\"https:\/\/www.press7.tv\/wp-content\/uploads\/2024\/02\/logo-news33-black.png\",\"width\":180,\"height\":37,\"caption\":\"News33.tv Media\"},\"image\":{\"@id\":\"https:\/\/www.news33.tv\/#\/schema\/logo\/image\/\"},\"sameAs\":[\"https:\/\/www.facebook.com\/press7.tv\"]},{\"@type\":\"Person\",\"@id\":\"https:\/\/www.news33.tv\/#\/schema\/person\/5a04a38a23ccdba82f9bd665cd8f9efa\",\"name\":\"gazetar2\",\"image\":{\"@type\":\"ImageObject\",\"inLanguage\":\"en-US\",\"@id\":\"https:\/\/www.news33.tv\/#\/schema\/person\/image\/\",\"url\":\"https:\/\/www.press7.tv\/wp-content\/litespeed\/avatar\/41975e402c3049d9ddb03adca8f7a883.jpg?ver=1777169572\",\"contentUrl\":\"https:\/\/www.press7.tv\/wp-content\/litespeed\/avatar\/41975e402c3049d9ddb03adca8f7a883.jpg?ver=1777169572\",\"caption\":\"gazetar2\"},\"url\":\"https:\/\/www.press7.tv\/?author=8\"}]}<\/script>\n<!-- \/ Yoast SEO plugin. -->","yoast_head_json":{"title":"Rrjedhja e madhe e ujit n\u00eb Mitrovic\u00eb, reagon kryeshefi: S\u2019\u00ebsht\u00eb nga dora e njeriut, po rritje e papritur e nivelit - press7.tv","robots":{"index":"index","follow":"follow","max-snippet":"max-snippet:-1","max-image-preview":"max-image-preview:large","max-video-preview":"max-video-preview:-1"},"canonical":"https:\/\/www.press7.tv\/?p=23177","og_locale":"en_US","og_type":"article","og_title":"Rrjedhja e madhe e ujit n\u00eb Mitrovic\u00eb, reagon kryeshefi: S\u2019\u00ebsht\u00eb nga dora e njeriut, po rritje e papritur e nivelit - press7.tv","og_description":"Nj\u00eb ngritje e papritur e nivelit t\u00eb ujit n\u00eb lumin Ib\u00ebr mbr\u00ebmjen e kaluar ka shkaktuar d\u00ebme materiale n\u00eb punishten e ur\u00ebs s\u00eb re q\u00eb po nd\u00ebrtohet te \u201ctre rrokaqiejt\u201d n\u00eb Mitrovic\u00eb. Lajmin e ka konfirmuar kryeshefi ekzekutiv i nd\u00ebrmarrjes publike \u201cIb\u00ebr Lepenc\u201d, Faruk Mujka, i cili ka b\u00ebr\u00eb t\u00eb ditur se ngritja e nivelit [&hellip;]","og_url":"https:\/\/www.press7.tv\/?p=23177","og_site_name":"press7.tv","article_publisher":"https:\/\/www.facebook.com\/press7.tv","article_published_time":"2025-11-01T11:35:59+00:00","og_image":[{"width":1320,"height":948,"url":"https:\/\/www.press7.tv\/wp-content\/uploads\/2025\/11\/IMG_0560.avif","type":"image\/jpeg"}],"author":"gazetar2","twitter_card":"summary_large_image","twitter_misc":{"Written by":"gazetar2","Est. reading time":"1 minute"},"schema":{"@context":"https:\/\/schema.org","@graph":[{"@type":"Article","@id":"https:\/\/www.press7.tv\/?p=23177#article","isPartOf":{"@id":"https:\/\/www.press7.tv\/?p=23177"},"author":{"name":"gazetar2","@id":"https:\/\/www.news33.tv\/#\/schema\/person\/5a04a38a23ccdba82f9bd665cd8f9efa"},"headline":"Rrjedhja e madhe e ujit n\u00eb Mitrovic\u00eb, reagon kryeshefi: S\u2019\u00ebsht\u00eb nga dora e njeriut, po rritje e papritur e nivelit","datePublished":"2025-11-01T11:35:59+00:00","mainEntityOfPage":{"@id":"https:\/\/www.press7.tv\/?p=23177"},"wordCount":344,"publisher":{"@id":"https:\/\/www.news33.tv\/#organization"},"image":{"@id":"https:\/\/www.press7.tv\/?p=23177#primaryimage"},"thumbnailUrl":"https:\/\/www.press7.tv\/wp-content\/uploads\/2025\/11\/IMG_0560.avif","articleSection":["Kosov\u00eb","Lajme"],"inLanguage":"en-US"},{"@type":"WebPage","@id":"https:\/\/www.press7.tv\/?p=23177","url":"https:\/\/www.press7.tv\/?p=23177","name":"Rrjedhja e madhe e ujit n\u00eb Mitrovic\u00eb, reagon kryeshefi: S\u2019\u00ebsht\u00eb nga dora e njeriut, po rritje e papritur e nivelit - press7.tv","isPartOf":{"@id":"https:\/\/www.news33.tv\/#website"},"primaryImageOfPage":{"@id":"https:\/\/www.press7.tv\/?p=23177#primaryimage"},"image":{"@id":"https:\/\/www.press7.tv\/?p=23177#primaryimage"},"thumbnailUrl":"https:\/\/www.press7.tv\/wp-content\/uploads\/2025\/11\/IMG_0560.avif","datePublished":"2025-11-01T11:35:59+00:00","breadcrumb":{"@id":"https:\/\/www.press7.tv\/?p=23177#breadcrumb"},"inLanguage":"en-US","potentialAction":[{"@type":"ReadAction","target":["https:\/\/www.press7.tv\/?p=23177"]}]},{"@type":"ImageObject","inLanguage":"en-US","@id":"https:\/\/www.press7.tv\/?p=23177#primaryimage","url":"https:\/\/www.press7.tv\/wp-content\/uploads\/2025\/11\/IMG_0560.avif","contentUrl":"https:\/\/www.press7.tv\/wp-content\/uploads\/2025\/11\/IMG_0560.avif","width":1320,"height":948},{"@type":"BreadcrumbList","@id":"https:\/\/www.press7.tv\/?p=23177#breadcrumb","itemListElement":[{"@type":"ListItem","position":1,"name":"Home","item":"https:\/\/www.press7.tv\/"},{"@type":"ListItem","position":2,"name":"Rrjedhja e madhe e ujit n\u00eb Mitrovic\u00eb, reagon kryeshefi: S\u2019\u00ebsht\u00eb nga dora e njeriut, po rritje e papritur e nivelit"}]},{"@type":"WebSite","@id":"https:\/\/www.news33.tv\/#website","url":"https:\/\/www.news33.tv\/","name":"News33.tv Media","description":"Media","publisher":{"@id":"https:\/\/www.news33.tv\/#organization"},"potentialAction":[{"@type":"SearchAction","target":{"@type":"EntryPoint","urlTemplate":"https:\/\/www.news33.tv\/?s={search_term_string}"},"query-input":{"@type":"PropertyValueSpecification","valueRequired":true,"valueName":"search_term_string"}}],"inLanguage":"en-US"},{"@type":"Organization","@id":"https:\/\/www.news33.tv\/#organization","name":"News33.tv Media","url":"https:\/\/www.news33.tv\/","logo":{"@type":"ImageObject","inLanguage":"en-US","@id":"https:\/\/www.news33.tv\/#\/schema\/logo\/image\/","url":"https:\/\/www.press7.tv\/wp-content\/uploads\/2024\/02\/logo-news33-black.png","contentUrl":"https:\/\/www.press7.tv\/wp-content\/uploads\/2024\/02\/logo-news33-black.png","width":180,"height":37,"caption":"News33.tv Media"},"image":{"@id":"https:\/\/www.news33.tv\/#\/schema\/logo\/image\/"},"sameAs":["https:\/\/www.facebook.com\/press7.tv"]},{"@type":"Person","@id":"https:\/\/www.news33.tv\/#\/schema\/person\/5a04a38a23ccdba82f9bd665cd8f9efa","name":"gazetar2","image":{"@type":"ImageObject","inLanguage":"en-US","@id":"https:\/\/www.news33.tv\/#\/schema\/person\/image\/","url":"https:\/\/www.press7.tv\/wp-content\/litespeed\/avatar\/41975e402c3049d9ddb03adca8f7a883.jpg?ver=1777169572","contentUrl":"https:\/\/www.press7.tv\/wp-content\/litespeed\/avatar\/41975e402c3049d9ddb03adca8f7a883.jpg?ver=1777169572","caption":"gazetar2"},"url":"https:\/\/www.press7.tv\/?author=8"}]}},"amp_enabled":true,"_links":{"self":[{"href":"https:\/\/www.press7.tv\/index.php?rest_route=\/wp\/v2\/posts\/23177","targetHints":{"allow":["GET"]}}],"collection":[{"href":"https:\/\/www.press7.tv\/index.php?rest_route=\/wp\/v2\/posts"}],"about":[{"href":"https:\/\/www.press7.tv\/index.php?rest_route=\/wp\/v2\/types\/post"}],"author":[{"embeddable":true,"href":"https:\/\/www.press7.tv\/index.php?rest_route=\/wp\/v2\/users\/8"}],"replies":[{"embeddable":true,"href":"https:\/\/www.press7.tv\/index.php?rest_route=%2Fwp%2Fv2%2Fcomments&post=23177"}],"version-history":[{"count":1,"href":"https:\/\/www.press7.tv\/index.php?rest_route=\/wp\/v2\/posts\/23177\/revisions"}],"predecessor-version":[{"id":23179,"href":"https:\/\/www.press7.tv\/index.php?rest_route=\/wp\/v2\/posts\/23177\/revisions\/23179"}],"wp:featuredmedia":[{"embeddable":true,"href":"https:\/\/www.press7.tv\/index.php?rest_route=\/wp\/v2\/media\/23178"}],"wp:attachment":[{"href":"https:\/\/www.press7.tv\/index.php?rest_route=%2Fwp%2Fv2%2Fmedia&parent=23177"}],"wp:term":[{"taxonomy":"category","embeddable":true,"href":"https:\/\/www.press7.tv\/index.php?rest_route=%2Fwp%2Fv2%2Fcategories&post=23177"},{"taxonomy":"post_tag","embeddable":true,"href":"https:\/\/www.press7.tv\/index.php?rest_route=%2Fwp%2Fv2%2Ftags&post=23177"}],"curies":[{"name":"wp","href":"https:\/\/api.w.org\/{rel}","templated":true}]}}