{"id":23174,"date":"2025-10-31T20:18:28","date_gmt":"2025-10-31T20:18:28","guid":{"rendered":"https:\/\/www.press7.tv\/?p=23174"},"modified":"2025-10-31T20:18:28","modified_gmt":"2025-10-31T20:18:28","slug":"mendi-qyra-te-dielen-zgjidhni-punen-zhvillimin-dhe-te-ardhmen","status":"publish","type":"post","link":"https:\/\/www.press7.tv\/?p=23174","title":{"rendered":"Mendi Qyra: T\u00eb diel\u00ebn, zgjidhni pun\u00ebn, zhvillimin dhe t\u00eb ardhmen"},"content":{"rendered":"\n    <div class=\"xs_social_share_widget xs_share_url before_content \t\tmain_content  wslu-style-2 wslu-share-box-shaped wslu-fill-colored wslu-share-m-5 wslu-none wslu-share-vertical wslu-theme-font-no wslu-main_content\">\n\n\t\t\n        <ul>\n\t\t\t        <\/ul>\n    <\/div> \n<p>Kandidati i pavarur p\u00ebr kryetar t\u00eb Strug\u00ebs, Mendi Qyra, ka p\u00ebrcjell\u00eb nj\u00eb mesazh n\u00eb prag t\u00eb mbylljes s\u00eb fushates s\u00eb zgjedhjeve lokale, duke theksuar se ajo q\u00eb ka ndodhur gjat\u00eb k\u00ebsaj periudhe nuk ka qen\u00eb nj\u00eb fushat\u00eb e zakonshme, por nj\u00eb l\u00ebvizje p\u00ebr p\u00ebrgjegj\u00ebsi, bashk\u00ebpunim dhe zhvillim.<\/p>\n<p>\u201cKjo nuk ishte nj\u00eb fushat\u00eb, por nj\u00eb l\u00ebvizje p\u00ebr p\u00ebrgjegj\u00ebsi, bashk\u00ebpunim dhe zhvillim. T\u00eb diel\u00ebn, zgjidhni pun\u00ebn, zhvillimin dhe t\u00eb ardhmen\u201d, ka deklaruar Qyra.<\/p>\n<p>Ai u ka b\u00ebr\u00eb thirrje qytetar\u00ebve q\u00eb m\u00eb 2 n\u00ebntor t\u00eb votojn\u00eb p\u00ebr nj\u00eb Strug\u00eb funksionale, t\u00eb gjelb\u00ebr dhe moderne, duke theksuar se ndryshimi \u00ebsht\u00eb i mundur vet\u00ebm p\u00ebrmes p\u00ebrkushtimit dhe vullnetit qytetar.<\/p>\n<p>\u201cRrethoni numrin 133 p\u00ebr nj\u00eb Strug\u00eb q\u00eb punon, q\u00eb zhvillohet dhe q\u00eb ec\u00ebn p\u00ebrpara\u201d, ka p\u00ebrfunduar kandidati i pavarur Mendi Qyra.(INA)<\/p>\n<p>Video K\u00cbTU<\/p>\n","protected":false},"excerpt":{"rendered":"<p>Kandidati i pavarur p\u00ebr kryetar t\u00eb Strug\u00ebs, Mendi Qyra, ka p\u00ebrcjell\u00eb nj\u00eb mesazh n\u00eb prag t\u00eb mbylljes s\u00eb fushates s\u00eb zgjedhjeve lokale, duke theksuar se ajo q\u00eb ka ndodhur gjat\u00eb k\u00ebsaj periudhe nuk ka qen\u00eb nj\u00eb fushat\u00eb e zakonshme, por nj\u00eb l\u00ebvizje p\u00ebr p\u00ebrgjegj\u00ebsi, bashk\u00ebpunim dhe zhvillim. \u201cKjo nuk ishte nj\u00eb fushat\u00eb, por nj\u00eb l\u00ebvizje [&hellip;]<\/p>\n","protected":false},"author":8,"featured_media":23175,"comment_status":"closed","ping_status":"closed","sticky":false,"template":"","format":"standard","meta":{"footnotes":""},"categories":[213,214],"tags":[],"class_list":["post-23174","post","type-post","status-publish","format-standard","has-post-thumbnail","hentry","category-lajme","category-maqedoni"],"yoast_head":"<!-- This site is optimized with the Yoast SEO plugin v25.1 - https:\/\/yoast.com\/wordpress\/plugins\/seo\/ -->\n<title>Mendi Qyra: T\u00eb diel\u00ebn, zgjidhni pun\u00ebn, zhvillimin dhe t\u00eb ardhmen - press7.tv<\/title>\n<meta name=\"robots\" content=\"index, follow, max-snippet:-1, max-image-preview:large, max-video-preview:-1\" \/>\n<link rel=\"canonical\" href=\"https:\/\/www.press7.tv\/?p=23174\" \/>\n<meta property=\"og:locale\" content=\"en_US\" \/>\n<meta property=\"og:type\" content=\"article\" \/>\n<meta property=\"og:title\" content=\"Mendi Qyra: T\u00eb diel\u00ebn, zgjidhni pun\u00ebn, zhvillimin dhe t\u00eb ardhmen - press7.tv\" \/>\n<meta property=\"og:description\" content=\"Kandidati i pavarur p\u00ebr kryetar t\u00eb Strug\u00ebs, Mendi Qyra, ka p\u00ebrcjell\u00eb nj\u00eb mesazh n\u00eb prag t\u00eb mbylljes s\u00eb fushates s\u00eb zgjedhjeve lokale, duke theksuar se ajo q\u00eb ka ndodhur gjat\u00eb k\u00ebsaj periudhe nuk ka qen\u00eb nj\u00eb fushat\u00eb e zakonshme, por nj\u00eb l\u00ebvizje p\u00ebr p\u00ebrgjegj\u00ebsi, bashk\u00ebpunim dhe zhvillim. \u201cKjo nuk ishte nj\u00eb fushat\u00eb, por nj\u00eb l\u00ebvizje [&hellip;]\" \/>\n<meta property=\"og:url\" content=\"https:\/\/www.press7.tv\/?p=23174\" \/>\n<meta property=\"og:site_name\" content=\"press7.tv\" \/>\n<meta property=\"article:publisher\" content=\"https:\/\/www.facebook.com\/press7.tv\" \/>\n<meta property=\"article:published_time\" content=\"2025-10-31T20:18:28+00:00\" \/>\n<meta property=\"og:image\" content=\"https:\/\/www.press7.tv\/wp-content\/uploads\/2025\/10\/IMG_0557.avif\" \/>\n\t<meta property=\"og:image:width\" content=\"1536\" \/>\n\t<meta property=\"og:image:height\" content=\"878\" \/>\n\t<meta property=\"og:image:type\" content=\"image\/jpeg\" \/>\n<meta name=\"author\" content=\"gazetar2\" \/>\n<meta name=\"twitter:card\" content=\"summary_large_image\" \/>\n<meta name=\"twitter:label1\" content=\"Written by\" \/>\n\t<meta name=\"twitter:data1\" content=\"gazetar2\" \/>\n\t<meta name=\"twitter:label2\" content=\"Est. reading time\" \/>\n\t<meta name=\"twitter:data2\" content=\"1 minute\" \/>\n<script type=\"application\/ld+json\" class=\"yoast-schema-graph\">{\"@context\":\"https:\/\/schema.org\",\"@graph\":[{\"@type\":\"Article\",\"@id\":\"https:\/\/www.press7.tv\/?p=23174#article\",\"isPartOf\":{\"@id\":\"https:\/\/www.press7.tv\/?p=23174\"},\"author\":{\"name\":\"gazetar2\",\"@id\":\"https:\/\/www.news33.tv\/#\/schema\/person\/5a04a38a23ccdba82f9bd665cd8f9efa\"},\"headline\":\"Mendi Qyra: T\u00eb diel\u00ebn, zgjidhni pun\u00ebn, zhvillimin dhe t\u00eb ardhmen\",\"datePublished\":\"2025-10-31T20:18:28+00:00\",\"mainEntityOfPage\":{\"@id\":\"https:\/\/www.press7.tv\/?p=23174\"},\"wordCount\":167,\"publisher\":{\"@id\":\"https:\/\/www.news33.tv\/#organization\"},\"image\":{\"@id\":\"https:\/\/www.press7.tv\/?p=23174#primaryimage\"},\"thumbnailUrl\":\"https:\/\/www.press7.tv\/wp-content\/uploads\/2025\/10\/IMG_0557.avif\",\"articleSection\":[\"Lajme\",\"Maqedoni\"],\"inLanguage\":\"en-US\"},{\"@type\":\"WebPage\",\"@id\":\"https:\/\/www.press7.tv\/?p=23174\",\"url\":\"https:\/\/www.press7.tv\/?p=23174\",\"name\":\"Mendi Qyra: T\u00eb diel\u00ebn, zgjidhni pun\u00ebn, zhvillimin dhe t\u00eb ardhmen - press7.tv\",\"isPartOf\":{\"@id\":\"https:\/\/www.news33.tv\/#website\"},\"primaryImageOfPage\":{\"@id\":\"https:\/\/www.press7.tv\/?p=23174#primaryimage\"},\"image\":{\"@id\":\"https:\/\/www.press7.tv\/?p=23174#primaryimage\"},\"thumbnailUrl\":\"https:\/\/www.press7.tv\/wp-content\/uploads\/2025\/10\/IMG_0557.avif\",\"datePublished\":\"2025-10-31T20:18:28+00:00\",\"breadcrumb\":{\"@id\":\"https:\/\/www.press7.tv\/?p=23174#breadcrumb\"},\"inLanguage\":\"en-US\",\"potentialAction\":[{\"@type\":\"ReadAction\",\"target\":[\"https:\/\/www.press7.tv\/?p=23174\"]}]},{\"@type\":\"ImageObject\",\"inLanguage\":\"en-US\",\"@id\":\"https:\/\/www.press7.tv\/?p=23174#primaryimage\",\"url\":\"https:\/\/www.press7.tv\/wp-content\/uploads\/2025\/10\/IMG_0557.avif\",\"contentUrl\":\"https:\/\/www.press7.tv\/wp-content\/uploads\/2025\/10\/IMG_0557.avif\",\"width\":1536,\"height\":878},{\"@type\":\"BreadcrumbList\",\"@id\":\"https:\/\/www.press7.tv\/?p=23174#breadcrumb\",\"itemListElement\":[{\"@type\":\"ListItem\",\"position\":1,\"name\":\"Home\",\"item\":\"https:\/\/www.press7.tv\/\"},{\"@type\":\"ListItem\",\"position\":2,\"name\":\"Mendi Qyra: T\u00eb diel\u00ebn, zgjidhni pun\u00ebn, zhvillimin dhe t\u00eb ardhmen\"}]},{\"@type\":\"WebSite\",\"@id\":\"https:\/\/www.news33.tv\/#website\",\"url\":\"https:\/\/www.news33.tv\/\",\"name\":\"News33.tv Media\",\"description\":\"Media\",\"publisher\":{\"@id\":\"https:\/\/www.news33.tv\/#organization\"},\"potentialAction\":[{\"@type\":\"SearchAction\",\"target\":{\"@type\":\"EntryPoint\",\"urlTemplate\":\"https:\/\/www.news33.tv\/?s={search_term_string}\"},\"query-input\":{\"@type\":\"PropertyValueSpecification\",\"valueRequired\":true,\"valueName\":\"search_term_string\"}}],\"inLanguage\":\"en-US\"},{\"@type\":\"Organization\",\"@id\":\"https:\/\/www.news33.tv\/#organization\",\"name\":\"News33.tv Media\",\"url\":\"https:\/\/www.news33.tv\/\",\"logo\":{\"@type\":\"ImageObject\",\"inLanguage\":\"en-US\",\"@id\":\"https:\/\/www.news33.tv\/#\/schema\/logo\/image\/\",\"url\":\"https:\/\/www.press7.tv\/wp-content\/uploads\/2024\/02\/logo-news33-black.png\",\"contentUrl\":\"https:\/\/www.press7.tv\/wp-content\/uploads\/2024\/02\/logo-news33-black.png\",\"width\":180,\"height\":37,\"caption\":\"News33.tv Media\"},\"image\":{\"@id\":\"https:\/\/www.news33.tv\/#\/schema\/logo\/image\/\"},\"sameAs\":[\"https:\/\/www.facebook.com\/press7.tv\"]},{\"@type\":\"Person\",\"@id\":\"https:\/\/www.news33.tv\/#\/schema\/person\/5a04a38a23ccdba82f9bd665cd8f9efa\",\"name\":\"gazetar2\",\"image\":{\"@type\":\"ImageObject\",\"inLanguage\":\"en-US\",\"@id\":\"https:\/\/www.news33.tv\/#\/schema\/person\/image\/\",\"url\":\"https:\/\/www.press7.tv\/wp-content\/litespeed\/avatar\/41975e402c3049d9ddb03adca8f7a883.jpg?ver=1777169572\",\"contentUrl\":\"https:\/\/www.press7.tv\/wp-content\/litespeed\/avatar\/41975e402c3049d9ddb03adca8f7a883.jpg?ver=1777169572\",\"caption\":\"gazetar2\"},\"url\":\"https:\/\/www.press7.tv\/?author=8\"}]}<\/script>\n<!-- \/ Yoast SEO plugin. -->","yoast_head_json":{"title":"Mendi Qyra: T\u00eb diel\u00ebn, zgjidhni pun\u00ebn, zhvillimin dhe t\u00eb ardhmen - press7.tv","robots":{"index":"index","follow":"follow","max-snippet":"max-snippet:-1","max-image-preview":"max-image-preview:large","max-video-preview":"max-video-preview:-1"},"canonical":"https:\/\/www.press7.tv\/?p=23174","og_locale":"en_US","og_type":"article","og_title":"Mendi Qyra: T\u00eb diel\u00ebn, zgjidhni pun\u00ebn, zhvillimin dhe t\u00eb ardhmen - press7.tv","og_description":"Kandidati i pavarur p\u00ebr kryetar t\u00eb Strug\u00ebs, Mendi Qyra, ka p\u00ebrcjell\u00eb nj\u00eb mesazh n\u00eb prag t\u00eb mbylljes s\u00eb fushates s\u00eb zgjedhjeve lokale, duke theksuar se ajo q\u00eb ka ndodhur gjat\u00eb k\u00ebsaj periudhe nuk ka qen\u00eb nj\u00eb fushat\u00eb e zakonshme, por nj\u00eb l\u00ebvizje p\u00ebr p\u00ebrgjegj\u00ebsi, bashk\u00ebpunim dhe zhvillim. \u201cKjo nuk ishte nj\u00eb fushat\u00eb, por nj\u00eb l\u00ebvizje [&hellip;]","og_url":"https:\/\/www.press7.tv\/?p=23174","og_site_name":"press7.tv","article_publisher":"https:\/\/www.facebook.com\/press7.tv","article_published_time":"2025-10-31T20:18:28+00:00","og_image":[{"width":1536,"height":878,"url":"https:\/\/www.press7.tv\/wp-content\/uploads\/2025\/10\/IMG_0557.avif","type":"image\/jpeg"}],"author":"gazetar2","twitter_card":"summary_large_image","twitter_misc":{"Written by":"gazetar2","Est. reading time":"1 minute"},"schema":{"@context":"https:\/\/schema.org","@graph":[{"@type":"Article","@id":"https:\/\/www.press7.tv\/?p=23174#article","isPartOf":{"@id":"https:\/\/www.press7.tv\/?p=23174"},"author":{"name":"gazetar2","@id":"https:\/\/www.news33.tv\/#\/schema\/person\/5a04a38a23ccdba82f9bd665cd8f9efa"},"headline":"Mendi Qyra: T\u00eb diel\u00ebn, zgjidhni pun\u00ebn, zhvillimin dhe t\u00eb ardhmen","datePublished":"2025-10-31T20:18:28+00:00","mainEntityOfPage":{"@id":"https:\/\/www.press7.tv\/?p=23174"},"wordCount":167,"publisher":{"@id":"https:\/\/www.news33.tv\/#organization"},"image":{"@id":"https:\/\/www.press7.tv\/?p=23174#primaryimage"},"thumbnailUrl":"https:\/\/www.press7.tv\/wp-content\/uploads\/2025\/10\/IMG_0557.avif","articleSection":["Lajme","Maqedoni"],"inLanguage":"en-US"},{"@type":"WebPage","@id":"https:\/\/www.press7.tv\/?p=23174","url":"https:\/\/www.press7.tv\/?p=23174","name":"Mendi Qyra: T\u00eb diel\u00ebn, zgjidhni pun\u00ebn, zhvillimin dhe t\u00eb ardhmen - press7.tv","isPartOf":{"@id":"https:\/\/www.news33.tv\/#website"},"primaryImageOfPage":{"@id":"https:\/\/www.press7.tv\/?p=23174#primaryimage"},"image":{"@id":"https:\/\/www.press7.tv\/?p=23174#primaryimage"},"thumbnailUrl":"https:\/\/www.press7.tv\/wp-content\/uploads\/2025\/10\/IMG_0557.avif","datePublished":"2025-10-31T20:18:28+00:00","breadcrumb":{"@id":"https:\/\/www.press7.tv\/?p=23174#breadcrumb"},"inLanguage":"en-US","potentialAction":[{"@type":"ReadAction","target":["https:\/\/www.press7.tv\/?p=23174"]}]},{"@type":"ImageObject","inLanguage":"en-US","@id":"https:\/\/www.press7.tv\/?p=23174#primaryimage","url":"https:\/\/www.press7.tv\/wp-content\/uploads\/2025\/10\/IMG_0557.avif","contentUrl":"https:\/\/www.press7.tv\/wp-content\/uploads\/2025\/10\/IMG_0557.avif","width":1536,"height":878},{"@type":"BreadcrumbList","@id":"https:\/\/www.press7.tv\/?p=23174#breadcrumb","itemListElement":[{"@type":"ListItem","position":1,"name":"Home","item":"https:\/\/www.press7.tv\/"},{"@type":"ListItem","position":2,"name":"Mendi Qyra: T\u00eb diel\u00ebn, zgjidhni pun\u00ebn, zhvillimin dhe t\u00eb ardhmen"}]},{"@type":"WebSite","@id":"https:\/\/www.news33.tv\/#website","url":"https:\/\/www.news33.tv\/","name":"News33.tv Media","description":"Media","publisher":{"@id":"https:\/\/www.news33.tv\/#organization"},"potentialAction":[{"@type":"SearchAction","target":{"@type":"EntryPoint","urlTemplate":"https:\/\/www.news33.tv\/?s={search_term_string}"},"query-input":{"@type":"PropertyValueSpecification","valueRequired":true,"valueName":"search_term_string"}}],"inLanguage":"en-US"},{"@type":"Organization","@id":"https:\/\/www.news33.tv\/#organization","name":"News33.tv Media","url":"https:\/\/www.news33.tv\/","logo":{"@type":"ImageObject","inLanguage":"en-US","@id":"https:\/\/www.news33.tv\/#\/schema\/logo\/image\/","url":"https:\/\/www.press7.tv\/wp-content\/uploads\/2024\/02\/logo-news33-black.png","contentUrl":"https:\/\/www.press7.tv\/wp-content\/uploads\/2024\/02\/logo-news33-black.png","width":180,"height":37,"caption":"News33.tv Media"},"image":{"@id":"https:\/\/www.news33.tv\/#\/schema\/logo\/image\/"},"sameAs":["https:\/\/www.facebook.com\/press7.tv"]},{"@type":"Person","@id":"https:\/\/www.news33.tv\/#\/schema\/person\/5a04a38a23ccdba82f9bd665cd8f9efa","name":"gazetar2","image":{"@type":"ImageObject","inLanguage":"en-US","@id":"https:\/\/www.news33.tv\/#\/schema\/person\/image\/","url":"https:\/\/www.press7.tv\/wp-content\/litespeed\/avatar\/41975e402c3049d9ddb03adca8f7a883.jpg?ver=1777169572","contentUrl":"https:\/\/www.press7.tv\/wp-content\/litespeed\/avatar\/41975e402c3049d9ddb03adca8f7a883.jpg?ver=1777169572","caption":"gazetar2"},"url":"https:\/\/www.press7.tv\/?author=8"}]}},"amp_enabled":true,"_links":{"self":[{"href":"https:\/\/www.press7.tv\/index.php?rest_route=\/wp\/v2\/posts\/23174","targetHints":{"allow":["GET"]}}],"collection":[{"href":"https:\/\/www.press7.tv\/index.php?rest_route=\/wp\/v2\/posts"}],"about":[{"href":"https:\/\/www.press7.tv\/index.php?rest_route=\/wp\/v2\/types\/post"}],"author":[{"embeddable":true,"href":"https:\/\/www.press7.tv\/index.php?rest_route=\/wp\/v2\/users\/8"}],"replies":[{"embeddable":true,"href":"https:\/\/www.press7.tv\/index.php?rest_route=%2Fwp%2Fv2%2Fcomments&post=23174"}],"version-history":[{"count":1,"href":"https:\/\/www.press7.tv\/index.php?rest_route=\/wp\/v2\/posts\/23174\/revisions"}],"predecessor-version":[{"id":23176,"href":"https:\/\/www.press7.tv\/index.php?rest_route=\/wp\/v2\/posts\/23174\/revisions\/23176"}],"wp:featuredmedia":[{"embeddable":true,"href":"https:\/\/www.press7.tv\/index.php?rest_route=\/wp\/v2\/media\/23175"}],"wp:attachment":[{"href":"https:\/\/www.press7.tv\/index.php?rest_route=%2Fwp%2Fv2%2Fmedia&parent=23174"}],"wp:term":[{"taxonomy":"category","embeddable":true,"href":"https:\/\/www.press7.tv\/index.php?rest_route=%2Fwp%2Fv2%2Fcategories&post=23174"},{"taxonomy":"post_tag","embeddable":true,"href":"https:\/\/www.press7.tv\/index.php?rest_route=%2Fwp%2Fv2%2Ftags&post=23174"}],"curies":[{"name":"wp","href":"https:\/\/api.w.org\/{rel}","templated":true}]}}